{"id":37838,"date":"2019-09-09T14:34:04","date_gmt":"2019-09-09T14:34:04","guid":{"rendered":"http:\/\/quehacerpolitico.mx\/comienzo-de-semana-y-de-movilizaciones-en-la-cdmx-atento\/"},"modified":"2019-09-09T14:34:04","modified_gmt":"2019-09-09T14:34:04","slug":"comienzo-de-semana-y-de-movilizaciones-en-la-cdmx-atento","status":"publish","type":"post","link":"https:\/\/quehacerpolitico.mx\/?p=37838","title":{"rendered":"Comienzo de semana y de movilizaciones en la CDMX Atento"},"content":{"rendered":"<p>Comienzo de semana y de movilizaciones en la CDMX Atento<\/p>\n<p>Por Redacci\u00f3n QP<\/p>\n<p>Se esperan diferentes colectivos pro derechos humanos en el edificio anexo al Reclusorio Preventivo Varonil Oriente, en Avenida Reforma, colonia Lomas de San Lorenzo, alcald\u00eda Iztapalapa<\/p>\n<p>Al menos ocho movilizaciones sociales se prev\u00e9n para este lunes en calles y avenidas de las alcald\u00edas <strong>Iztapalapa, Cuauht\u00e9moc, Miguel Hidalgo, Coyoac\u00e1n<\/strong> y <strong>Tl\u00e1huac,<\/strong> ante los cual autoridades capitalinas recomiendan a la poblaci\u00f3n tomar en cuenta los cierres a la vialidad y buscar alternativas para su desplazamiento.<\/p>\n<blockquote class=\"twitter-tweet\" data-width=\"550\" data-dnt=\"true\">\n<p lang=\"es\" dir=\"ltr\">09:23 <a href=\"https:\/\/twitter.com\/hashtag\/Precauci%C3%B3nVial?src=hash&amp;ref_src=twsrc%5Etfw\">#Precauci\u00f3nVial<\/a> manifestantes procedentes de  <a href=\"https:\/\/twitter.com\/hashtag\/PlazaDeLaConstituci%C3%B3n?src=hash&amp;ref_src=twsrc%5Etfw\">#PlazaDeLaConstituci\u00f3n<\/a> avanzan sobre <a href=\"https:\/\/twitter.com\/hashtag\/Corregidora?src=hash&amp;ref_src=twsrc%5Etfw\">#Corregidora<\/a> a la altura de Circunvalaci\u00f3n. <a href=\"https:\/\/twitter.com\/hashtag\/AlternativaVial?src=hash&amp;ref_src=twsrc%5Etfw\">#AlternativaVial<\/a> Miguel Negrete<a href=\"https:\/\/twitter.com\/NoticiasImagen?ref_src=twsrc%5Etfw\">@NoticiasImagen<\/a>  <a href=\"https:\/\/twitter.com\/franciscozea?ref_src=twsrc%5Etfw\">@franciscozea<\/a>  <a href=\"https:\/\/twitter.com\/averven?ref_src=twsrc%5Etfw\">@averven<\/a> <a href=\"https:\/\/t.co\/vOGnNk81ZU\">pic.twitter.com\/vOGnNk81ZU<\/a><\/p>\n<p>&mdash; OVIAL_SSCCDMX (@OVIALCDMX) <a href=\"https:\/\/twitter.com\/OVIALCDMX\/status\/1171066719214768128?ref_src=twsrc%5Etfw\">September 9, 2019<\/a><\/p><\/blockquote>\n<p><script async src=\"https:\/\/platform.twitter.com\/widgets.js\" charset=\"utf-8\"><\/script><\/p>\n<p>El Centro de Comando, Control, C\u00f3mputo, Comunicaciones y Contacto Ciudadano de la Ciudad de M\u00e9xico (<strong>C5<\/strong>), inform\u00f3 que a las 09:00 horas se esperan diferentes colectivos pro derechos humanos en el edificio anexo al Reclusorio Preventivo Varonil Oriente, en Avenida Reforma, colonia Lomas de San Lorenzo, alcald\u00eda Iztapalapa, en el marco del inicio del juicio al presunto feminicida de la estudiante Lesvy Berl\u00cdn Osorio.<\/p>\n<blockquote class=\"twitter-tweet\" data-width=\"550\" data-dnt=\"true\">\n<p lang=\"es\" dir=\"ltr\">09:08 <a href=\"https:\/\/twitter.com\/hashtag\/Precauci%C3%B3nVial?src=hash&amp;ref_src=twsrc%5Etfw\">#Precauci\u00f3nVial<\/a> manifestantes de <a href=\"https:\/\/twitter.com\/hashtag\/PlazaDeLaConstituci%C3%B3n?src=hash&amp;ref_src=twsrc%5Etfw\">#PlazaDeLaConstituci\u00f3n<\/a> inician marcha por Corregidora y se dirigen a la C\u00e1mara de Diputados. <a href=\"https:\/\/twitter.com\/hashtag\/AlternativaVial?src=hash&amp;ref_src=twsrc%5Etfw\">#AlternativaVial<\/a> Alarc\u00f3n <a href=\"https:\/\/twitter.com\/LeonardoCurzio?ref_src=twsrc%5Etfw\">@LeonardoCurzio<\/a><br \/>@MariaAMolinaB<a href=\"https:\/\/twitter.com\/isidrocorro?ref_src=twsrc%5Etfw\">@isidrocorro<\/a> <a href=\"https:\/\/t.co\/u3mHCPxu5D\">pic.twitter.com\/u3mHCPxu5D<\/a><\/p>\n<p>&mdash; OVIAL_SSCCDMX (@OVIALCDMX) <a href=\"https:\/\/twitter.com\/OVIALCDMX\/status\/1171063731750490112?ref_src=twsrc%5Etfw\">September 9, 2019<\/a><\/p><\/blockquote>\n<p><script async src=\"https:\/\/platform.twitter.com\/widgets.js\" charset=\"utf-8\"><\/script><\/p>\n<p>En su cuenta @C5_CDMX en Twitter se\u00f1al\u00f3 que a las 10:00 horas la Asamblea de Barrios de la Ciudad de M\u00e9xico se concentrar\u00e1 en la Secretar\u00eda de Desarrollo Urbano y Vivienda, ubicada en Avenida de los Insurgentes Sur, colonia Roma Norte, alcald\u00eda Cuauht\u00e9moc.<\/p>\n<blockquote class=\"twitter-tweet\" data-width=\"550\" data-dnt=\"true\">\n<p lang=\"es\" dir=\"ltr\">\ud83d\udce2\u26a0\ufe0f <a href=\"https:\/\/twitter.com\/hashtag\/TomaPrecauciones?src=hash&amp;ref_src=twsrc%5Etfw\">#TomaPrecauciones<\/a> \ud83d\ude98 Estas movilizaciones se esperan para el d\u00eda de hoy 9 de septiembre en la Ciudad de M\u00e9xico <a href=\"https:\/\/twitter.com\/hashtag\/MovilidadCDMX?src=hash&amp;ref_src=twsrc%5Etfw\">#MovilidadCDMX<\/a> <a href=\"https:\/\/twitter.com\/hashtag\/C5?src=hash&amp;ref_src=twsrc%5Etfw\">#C5<\/a> \ud83c\uddf2\ud83c\uddfd <a href=\"https:\/\/t.co\/XOcIi5jfdJ\">pic.twitter.com\/XOcIi5jfdJ<\/a><\/p>\n<p>&mdash; C5 CDMX (@C5_CDMX) <a href=\"https:\/\/twitter.com\/C5_CDMX\/status\/1171032919617548290?ref_src=twsrc%5Etfw\">September 9, 2019<\/a><\/p><\/blockquote>\n<p><script async src=\"https:\/\/platform.twitter.com\/widgets.js\" charset=\"utf-8\"><\/script><\/p>\n<p>En la misma demarcaci\u00f3n pol\u00edtica, en avenida Paseo de la Reforma 135, colonia Tabacalera, a las 13:00 horas extrabajadores de la extinta Ruta 100 iniciar\u00e1n mesas de trabajo con autoridades del Senado de la Rep\u00fablica para tratar sus demandas econ\u00f3micas, agreg\u00f3 el organismo.<\/p>\n<p>M\u00e1s tarde, a las 14:00 horas se espera arribo de manifestantes a Lope D\u00edaz de Armend\u00e1riz n\u00famero 130, colonia Lomas de Chapultepec, en la alcald\u00eda Miguel Hidalgo, para llevar\u00e1 a cabo una \u201cProtesta Mundial por el Amazonas\u201d.<\/p>\n<p>Adem\u00e1s, a las 16:00 horas estudiantes de las Facultad de Ciencias Pol\u00edticas y Sociales de la Universidad Nacional Aut\u00f3noma de M\u00e9xico (<strong>UNAM<\/strong>) realizar\u00e1n una manifestaci\u00f3n en Avenida de los Insurgentes, alcald\u00eda Coyoac\u00e1n, para protestar en contra de la participaci\u00f3n del ex candidato presidencial, Ricardo Anaya Cort\u00e9s, como profesor de un diplomado en pol\u00edtica.<\/p>\n<p>M\u00e1s tarde, a las 18:00 horas, ex trabajadores de Luz y Fuerza del Centro se concentrar\u00e1n en la Secretar\u00eda de Gobernaci\u00f3n, en calle Abraham Gonz\u00e1lez, colonia Ju\u00e1rez.<\/p>\n<p>El organismo capitalino indic\u00f3 que las movilizaciones sociales continuar\u00e1n durante el d\u00eda con la participaci\u00f3n de integrantes de la cooperativa Exc\u00e9lsior en la Fiscal\u00eda General de la Rep\u00fablica, en Avenida de los Insurgentes, colonia Roma Norte.<\/p>\n<p>Tambi\u00e9n se prev\u00e9 la presencia del Movimiento Antorchista de Tl\u00e1huac en avenida Tl\u00e1huac esquina calle Lomas de Chapultepec.<\/p>\n<p>Con Informaci\u00f3n de NTX\u00a0<\/p>\n","protected":false},"excerpt":{"rendered":"<p>Comienzo de semana y de movilizaciones en la CDMX Atento<br \/>\nPor Redacci\u00f3n QP<\/p>\n","protected":false},"author":2,"featured_media":37837,"comment_status":"open","ping_status":"open","sticky":false,"template":"","format":"standard","meta":{"_monsterinsights_skip_tracking":false,"_monsterinsights_sitenote_active":false,"_monsterinsights_sitenote_note":"","_monsterinsights_sitenote_category":0,"footnotes":""},"categories":[55],"tags":[],"class_list":["post-37838","post","type-post","status-publish","format-standard","has-post-thumbnail","hentry","category-cdmx"],"yoast_head":"<!-- This site is optimized with the Yoast SEO plugin v27.3 - https:\/\/yoast.com\/product\/yoast-seo-wordpress\/ -->\n<title>Comienzo de semana y de movilizaciones en la CDMX Atento -<\/title>\n<meta name=\"robots\" content=\"index, follow, max-snippet:-1, max-image-preview:large, max-video-preview:-1\" \/>\n<link rel=\"canonical\" href=\"https:\/\/quehacerpolitico.mx\/?p=37838\" \/>\n<meta property=\"og:locale\" content=\"es_MX\" \/>\n<meta property=\"og:type\" content=\"article\" \/>\n<meta property=\"og:title\" content=\"Comienzo de semana y de movilizaciones en la CDMX Atento -\" \/>\n<meta property=\"og:description\" content=\"Comienzo de semana y de movilizaciones en la CDMX Atento Por Redacci\u00f3n QP\" \/>\n<meta property=\"og:url\" content=\"https:\/\/quehacerpolitico.mx\/?p=37838\" \/>\n<meta property=\"article:published_time\" content=\"2019-09-09T14:34:04+00:00\" \/>\n<meta name=\"author\" content=\"Redacci\u00f3n QP\" \/>\n<meta name=\"twitter:card\" content=\"summary_large_image\" \/>\n<meta name=\"twitter:label1\" content=\"Escrito por\" \/>\n\t<meta name=\"twitter:data1\" content=\"Redacci\u00f3n QP\" \/>\n\t<meta name=\"twitter:label2\" content=\"Tiempo de lectura\" \/>\n\t<meta name=\"twitter:data2\" content=\"2 minutos\" \/>\n<script type=\"application\/ld+json\" class=\"yoast-schema-graph\">{\"@context\":\"https:\\\/\\\/schema.org\",\"@graph\":[{\"@type\":\"Article\",\"@id\":\"https:\\\/\\\/quehacerpolitico.mx\\\/?p=37838#article\",\"isPartOf\":{\"@id\":\"https:\\\/\\\/quehacerpolitico.mx\\\/?p=37838\"},\"author\":{\"name\":\"Redacci\u00f3n QP\",\"@id\":\"https:\\\/\\\/quehacerpolitico.mx\\\/#\\\/schema\\\/person\\\/496d8ad2d1d3f8036101dca7ee39e585\"},\"headline\":\"Comienzo de semana y de movilizaciones en la CDMX Atento\",\"datePublished\":\"2019-09-09T14:34:04+00:00\",\"mainEntityOfPage\":{\"@id\":\"https:\\\/\\\/quehacerpolitico.mx\\\/?p=37838\"},\"wordCount\":486,\"commentCount\":0,\"image\":{\"@id\":\"https:\\\/\\\/quehacerpolitico.mx\\\/?p=37838#primaryimage\"},\"thumbnailUrl\":\"\",\"articleSection\":[\"CDMX\"],\"inLanguage\":\"es\",\"potentialAction\":[{\"@type\":\"CommentAction\",\"name\":\"Comment\",\"target\":[\"https:\\\/\\\/quehacerpolitico.mx\\\/?p=37838#respond\"]}]},{\"@type\":\"WebPage\",\"@id\":\"https:\\\/\\\/quehacerpolitico.mx\\\/?p=37838\",\"url\":\"https:\\\/\\\/quehacerpolitico.mx\\\/?p=37838\",\"name\":\"Comienzo de semana y de movilizaciones en la CDMX Atento -\",\"isPartOf\":{\"@id\":\"https:\\\/\\\/quehacerpolitico.mx\\\/#website\"},\"primaryImageOfPage\":{\"@id\":\"https:\\\/\\\/quehacerpolitico.mx\\\/?p=37838#primaryimage\"},\"image\":{\"@id\":\"https:\\\/\\\/quehacerpolitico.mx\\\/?p=37838#primaryimage\"},\"thumbnailUrl\":\"\",\"datePublished\":\"2019-09-09T14:34:04+00:00\",\"author\":{\"@id\":\"https:\\\/\\\/quehacerpolitico.mx\\\/#\\\/schema\\\/person\\\/496d8ad2d1d3f8036101dca7ee39e585\"},\"breadcrumb\":{\"@id\":\"https:\\\/\\\/quehacerpolitico.mx\\\/?p=37838#breadcrumb\"},\"inLanguage\":\"es\",\"potentialAction\":[{\"@type\":\"ReadAction\",\"target\":[\"https:\\\/\\\/quehacerpolitico.mx\\\/?p=37838\"]}]},{\"@type\":\"ImageObject\",\"inLanguage\":\"es\",\"@id\":\"https:\\\/\\\/quehacerpolitico.mx\\\/?p=37838#primaryimage\",\"url\":\"\",\"contentUrl\":\"\"},{\"@type\":\"BreadcrumbList\",\"@id\":\"https:\\\/\\\/quehacerpolitico.mx\\\/?p=37838#breadcrumb\",\"itemListElement\":[{\"@type\":\"ListItem\",\"position\":1,\"name\":\"Inicio\",\"item\":\"https:\\\/\\\/quehacerpolitico.mx\\\/\"},{\"@type\":\"ListItem\",\"position\":2,\"name\":\"Comienzo de semana y de movilizaciones en la CDMX Atento\"}]},{\"@type\":\"WebSite\",\"@id\":\"https:\\\/\\\/quehacerpolitico.mx\\\/#website\",\"url\":\"https:\\\/\\\/quehacerpolitico.mx\\\/\",\"name\":\"\",\"description\":\"\",\"potentialAction\":[{\"@type\":\"SearchAction\",\"target\":{\"@type\":\"EntryPoint\",\"urlTemplate\":\"https:\\\/\\\/quehacerpolitico.mx\\\/?s={search_term_string}\"},\"query-input\":{\"@type\":\"PropertyValueSpecification\",\"valueRequired\":true,\"valueName\":\"search_term_string\"}}],\"inLanguage\":\"es\"},{\"@type\":\"Person\",\"@id\":\"https:\\\/\\\/quehacerpolitico.mx\\\/#\\\/schema\\\/person\\\/496d8ad2d1d3f8036101dca7ee39e585\",\"name\":\"Redacci\u00f3n QP\",\"image\":{\"@type\":\"ImageObject\",\"inLanguage\":\"es\",\"@id\":\"https:\\\/\\\/secure.gravatar.com\\\/avatar\\\/c7164ed6fdec453195284ad24a5ae5b6e1eed2b848477fa2a4787ba9adf39a41?s=96&d=mm&r=g\",\"url\":\"https:\\\/\\\/secure.gravatar.com\\\/avatar\\\/c7164ed6fdec453195284ad24a5ae5b6e1eed2b848477fa2a4787ba9adf39a41?s=96&d=mm&r=g\",\"contentUrl\":\"https:\\\/\\\/secure.gravatar.com\\\/avatar\\\/c7164ed6fdec453195284ad24a5ae5b6e1eed2b848477fa2a4787ba9adf39a41?s=96&d=mm&r=g\",\"caption\":\"Redacci\u00f3n QP\"},\"url\":\"https:\\\/\\\/quehacerpolitico.mx\\\/?author=2\"}]}<\/script>\n<!-- \/ Yoast SEO plugin. -->","yoast_head_json":{"title":"Comienzo de semana y de movilizaciones en la CDMX Atento -","robots":{"index":"index","follow":"follow","max-snippet":"max-snippet:-1","max-image-preview":"max-image-preview:large","max-video-preview":"max-video-preview:-1"},"canonical":"https:\/\/quehacerpolitico.mx\/?p=37838","og_locale":"es_MX","og_type":"article","og_title":"Comienzo de semana y de movilizaciones en la CDMX Atento -","og_description":"Comienzo de semana y de movilizaciones en la CDMX Atento Por Redacci\u00f3n QP","og_url":"https:\/\/quehacerpolitico.mx\/?p=37838","article_published_time":"2019-09-09T14:34:04+00:00","author":"Redacci\u00f3n QP","twitter_card":"summary_large_image","twitter_misc":{"Escrito por":"Redacci\u00f3n QP","Tiempo de lectura":"2 minutos"},"schema":{"@context":"https:\/\/schema.org","@graph":[{"@type":"Article","@id":"https:\/\/quehacerpolitico.mx\/?p=37838#article","isPartOf":{"@id":"https:\/\/quehacerpolitico.mx\/?p=37838"},"author":{"name":"Redacci\u00f3n QP","@id":"https:\/\/quehacerpolitico.mx\/#\/schema\/person\/496d8ad2d1d3f8036101dca7ee39e585"},"headline":"Comienzo de semana y de movilizaciones en la CDMX Atento","datePublished":"2019-09-09T14:34:04+00:00","mainEntityOfPage":{"@id":"https:\/\/quehacerpolitico.mx\/?p=37838"},"wordCount":486,"commentCount":0,"image":{"@id":"https:\/\/quehacerpolitico.mx\/?p=37838#primaryimage"},"thumbnailUrl":"","articleSection":["CDMX"],"inLanguage":"es","potentialAction":[{"@type":"CommentAction","name":"Comment","target":["https:\/\/quehacerpolitico.mx\/?p=37838#respond"]}]},{"@type":"WebPage","@id":"https:\/\/quehacerpolitico.mx\/?p=37838","url":"https:\/\/quehacerpolitico.mx\/?p=37838","name":"Comienzo de semana y de movilizaciones en la CDMX Atento -","isPartOf":{"@id":"https:\/\/quehacerpolitico.mx\/#website"},"primaryImageOfPage":{"@id":"https:\/\/quehacerpolitico.mx\/?p=37838#primaryimage"},"image":{"@id":"https:\/\/quehacerpolitico.mx\/?p=37838#primaryimage"},"thumbnailUrl":"","datePublished":"2019-09-09T14:34:04+00:00","author":{"@id":"https:\/\/quehacerpolitico.mx\/#\/schema\/person\/496d8ad2d1d3f8036101dca7ee39e585"},"breadcrumb":{"@id":"https:\/\/quehacerpolitico.mx\/?p=37838#breadcrumb"},"inLanguage":"es","potentialAction":[{"@type":"ReadAction","target":["https:\/\/quehacerpolitico.mx\/?p=37838"]}]},{"@type":"ImageObject","inLanguage":"es","@id":"https:\/\/quehacerpolitico.mx\/?p=37838#primaryimage","url":"","contentUrl":""},{"@type":"BreadcrumbList","@id":"https:\/\/quehacerpolitico.mx\/?p=37838#breadcrumb","itemListElement":[{"@type":"ListItem","position":1,"name":"Inicio","item":"https:\/\/quehacerpolitico.mx\/"},{"@type":"ListItem","position":2,"name":"Comienzo de semana y de movilizaciones en la CDMX Atento"}]},{"@type":"WebSite","@id":"https:\/\/quehacerpolitico.mx\/#website","url":"https:\/\/quehacerpolitico.mx\/","name":"","description":"","potentialAction":[{"@type":"SearchAction","target":{"@type":"EntryPoint","urlTemplate":"https:\/\/quehacerpolitico.mx\/?s={search_term_string}"},"query-input":{"@type":"PropertyValueSpecification","valueRequired":true,"valueName":"search_term_string"}}],"inLanguage":"es"},{"@type":"Person","@id":"https:\/\/quehacerpolitico.mx\/#\/schema\/person\/496d8ad2d1d3f8036101dca7ee39e585","name":"Redacci\u00f3n QP","image":{"@type":"ImageObject","inLanguage":"es","@id":"https:\/\/secure.gravatar.com\/avatar\/c7164ed6fdec453195284ad24a5ae5b6e1eed2b848477fa2a4787ba9adf39a41?s=96&d=mm&r=g","url":"https:\/\/secure.gravatar.com\/avatar\/c7164ed6fdec453195284ad24a5ae5b6e1eed2b848477fa2a4787ba9adf39a41?s=96&d=mm&r=g","contentUrl":"https:\/\/secure.gravatar.com\/avatar\/c7164ed6fdec453195284ad24a5ae5b6e1eed2b848477fa2a4787ba9adf39a41?s=96&d=mm&r=g","caption":"Redacci\u00f3n QP"},"url":"https:\/\/quehacerpolitico.mx\/?author=2"}]}},"featured_image_urls":{"full":"","thumbnail":"","medium":"","medium_large":"","large":"","1536x1536":"","2048x2048":"","covernews-featured":"","covernews-medium":""},"author_info":{"display_name":"Redacci\u00f3n QP","author_link":"https:\/\/quehacerpolitico.mx\/?author=2"},"category_info":"<a href=\"https:\/\/quehacerpolitico.mx\/?cat=55\" rel=\"category\">CDMX<\/a>","tag_info":"CDMX","comment_count":"0","_links":{"self":[{"href":"https:\/\/quehacerpolitico.mx\/index.php?rest_route=\/wp\/v2\/posts\/37838","targetHints":{"allow":["GET"]}}],"collection":[{"href":"https:\/\/quehacerpolitico.mx\/index.php?rest_route=\/wp\/v2\/posts"}],"about":[{"href":"https:\/\/quehacerpolitico.mx\/index.php?rest_route=\/wp\/v2\/types\/post"}],"author":[{"embeddable":true,"href":"https:\/\/quehacerpolitico.mx\/index.php?rest_route=\/wp\/v2\/users\/2"}],"replies":[{"embeddable":true,"href":"https:\/\/quehacerpolitico.mx\/index.php?rest_route=%2Fwp%2Fv2%2Fcomments&post=37838"}],"version-history":[{"count":0,"href":"https:\/\/quehacerpolitico.mx\/index.php?rest_route=\/wp\/v2\/posts\/37838\/revisions"}],"wp:featuredmedia":[{"embeddable":true,"href":"https:\/\/quehacerpolitico.mx\/index.php?rest_route=\/"}],"wp:attachment":[{"href":"https:\/\/quehacerpolitico.mx\/index.php?rest_route=%2Fwp%2Fv2%2Fmedia&parent=37838"}],"wp:term":[{"taxonomy":"category","embeddable":true,"href":"https:\/\/quehacerpolitico.mx\/index.php?rest_route=%2Fwp%2Fv2%2Fcategories&post=37838"},{"taxonomy":"post_tag","embeddable":true,"href":"https:\/\/quehacerpolitico.mx\/index.php?rest_route=%2Fwp%2Fv2%2Ftags&post=37838"}],"curies":[{"name":"wp","href":"https:\/\/api.w.org\/{rel}","templated":true}]}}