{"id":37822,"date":"2019-09-09T03:04:12","date_gmt":"2019-09-09T03:04:12","guid":{"rendered":"http:\/\/quehacerpolitico.mx\/nadal-conquista-titulo-19-de-grand-slam\/"},"modified":"2019-09-09T03:04:12","modified_gmt":"2019-09-09T03:04:12","slug":"nadal-conquista-titulo-19-de-grand-slam","status":"publish","type":"post","link":"https:\/\/quehacerpolitico.mx\/?p=37822","title":{"rendered":"Nadal conquista t\u00edtulo 19 de Grand Slam"},"content":{"rendered":"<h1 class=\"news-title\">Nadal conquista t\u00edtulo 19 de Grand Slam<\/h1>\n<p>Por Redacci\u00f3n QP<\/p>\n<div class=\"news-subtitle\">\n<p>El espa\u00f1ol venci\u00f3 en cinco sets de 7-5, 6-3, 5-7 y 6-4, en 4 horas y 50 minutos, al ruso Daniil Medvedev, en la final del US Open<\/p>\n<blockquote class=\"twitter-tweet\" data-width=\"550\" data-dnt=\"true\">\n<p lang=\"en\" dir=\"ltr\">Signature Rafa\u2122\ufe0f \ud83c\udfc6<a href=\"https:\/\/twitter.com\/RafaelNadal?ref_src=twsrc%5Etfw\">@RafaelNadal<\/a> | <a href=\"https:\/\/twitter.com\/hashtag\/USOpen?src=hash&amp;ref_src=twsrc%5Etfw\">#USOpen<\/a> <a href=\"https:\/\/t.co\/UfAYzFdylC\">pic.twitter.com\/UfAYzFdylC<\/a><\/p>\n<p>&mdash; US Open Tennis (@usopen) <a href=\"https:\/\/twitter.com\/usopen\/status\/1170874629688135681?ref_src=twsrc%5Etfw\">September 9, 2019<\/a><\/p><\/blockquote>\n<p><script async src=\"https:\/\/platform.twitter.com\/widgets.js\" charset=\"utf-8\"><\/script><\/p>\n<\/div>\n<div class=\"social-share-box normal\">El espa\u00f1ol Rafael Nadal, dos del ranking mundial, conquist\u00f3 este domingo su cuarto Abierto de Estados Unidos y se coloc\u00f3 a un Grand Slam del r\u00e9cord de 20 que sostiene Roger Federer.<\/div>\n<div>\n<p>El mallorqu\u00edn de 33 a\u00f1os, que este a\u00f1o gan\u00f3 Roland Garros y fue finalista en Australia, <strong>se impuso al ruso Daniil Medvedev en dif\u00edcil partido a cinco sets que termin\u00f3 con parciales de 7-5, 6-3, 5-7 y 6-4 en 4 horas y 50 minutos.<\/strong><\/p>\n<p>Con la corona de este domingo, <strong>Nadal qued\u00f3 a un t\u00edtulo del r\u00e9cord de cinco US Open que mantienen Federer, Pete Sampras y JimmyConnors.<\/strong><\/p>\n<p>Al terminar el extenuante juego, Nadal se lanz\u00f3 al piso emocionado, escondiendo entre las manos las emociones de este partido que se qued\u00f3 corto por cinco minutos de la final m\u00e1s larga en la historia del US Open.\u00a0<\/p>\n<blockquote class=\"twitter-tweet\" data-width=\"550\" data-dnt=\"true\">\n<p lang=\"en\" dir=\"ltr\">5 sets in nearly 5 hours&#8230;<\/p>\n<p>An EPIC way to win your 4th title in Flushing Meadows!<\/p>\n<p>\ud83d\ude4c <a href=\"https:\/\/twitter.com\/RafaelNadal?ref_src=twsrc%5Etfw\">@rafaelnadal<\/a> \ud83d\ude4c<a href=\"https:\/\/twitter.com\/hashtag\/USOpen?src=hash&amp;ref_src=twsrc%5Etfw\">#USOpen<\/a> <a href=\"https:\/\/t.co\/dn3Krln0m1\">pic.twitter.com\/dn3Krln0m1<\/a><\/p>\n<p>&mdash; US Open Tennis (@usopen) <a href=\"https:\/\/twitter.com\/usopen\/status\/1170866999498379264?ref_src=twsrc%5Etfw\">September 9, 2019<\/a><\/p><\/blockquote>\n<p><script async src=\"https:\/\/platform.twitter.com\/widgets.js\" charset=\"utf-8\"><\/script><\/p>\n<p>Luego dej\u00f3 que todos vieran sus l\u00e1grimas mientras ve\u00eda un video con todos los triunfos de su larga y exitosa carrera.<\/p>\n<p>Con Informaci\u00f3n de AFP<\/p>\n<\/div>\n","protected":false},"excerpt":{"rendered":"<p>Nadal conquista t\u00edtulo 19 de Grand Slam<br \/>\nPor Redacci\u00f3n QP<\/p>\n","protected":false},"author":2,"featured_media":37821,"comment_status":"open","ping_status":"open","sticky":false,"template":"","format":"standard","meta":{"_monsterinsights_skip_tracking":false,"_monsterinsights_sitenote_active":false,"_monsterinsights_sitenote_note":"","_monsterinsights_sitenote_category":0,"footnotes":""},"categories":[54],"tags":[],"class_list":["post-37822","post","type-post","status-publish","format-standard","has-post-thumbnail","hentry","category-deportes"],"yoast_head":"<!-- This site is optimized with the Yoast SEO plugin v27.3 - https:\/\/yoast.com\/product\/yoast-seo-wordpress\/ -->\n<title>Nadal conquista t\u00edtulo 19 de Grand Slam -<\/title>\n<meta name=\"robots\" content=\"index, follow, max-snippet:-1, max-image-preview:large, max-video-preview:-1\" \/>\n<link rel=\"canonical\" href=\"https:\/\/quehacerpolitico.mx\/?p=37822\" \/>\n<meta property=\"og:locale\" content=\"es_MX\" \/>\n<meta property=\"og:type\" content=\"article\" \/>\n<meta property=\"og:title\" content=\"Nadal conquista t\u00edtulo 19 de Grand Slam -\" \/>\n<meta property=\"og:description\" content=\"Nadal conquista t\u00edtulo 19 de Grand Slam Por Redacci\u00f3n QP\" \/>\n<meta property=\"og:url\" content=\"https:\/\/quehacerpolitico.mx\/?p=37822\" \/>\n<meta property=\"article:published_time\" content=\"2019-09-09T03:04:12+00:00\" \/>\n<meta name=\"author\" content=\"Redacci\u00f3n QP\" \/>\n<meta name=\"twitter:card\" content=\"summary_large_image\" \/>\n<meta name=\"twitter:label1\" content=\"Escrito por\" \/>\n\t<meta name=\"twitter:data1\" content=\"Redacci\u00f3n QP\" \/>\n\t<meta name=\"twitter:label2\" content=\"Tiempo de lectura\" \/>\n\t<meta name=\"twitter:data2\" content=\"1 minuto\" \/>\n<script type=\"application\/ld+json\" class=\"yoast-schema-graph\">{\"@context\":\"https:\\\/\\\/schema.org\",\"@graph\":[{\"@type\":\"Article\",\"@id\":\"https:\\\/\\\/quehacerpolitico.mx\\\/?p=37822#article\",\"isPartOf\":{\"@id\":\"https:\\\/\\\/quehacerpolitico.mx\\\/?p=37822\"},\"author\":{\"name\":\"Redacci\u00f3n QP\",\"@id\":\"https:\\\/\\\/quehacerpolitico.mx\\\/#\\\/schema\\\/person\\\/496d8ad2d1d3f8036101dca7ee39e585\"},\"headline\":\"Nadal conquista t\u00edtulo 19 de Grand Slam\",\"datePublished\":\"2019-09-09T03:04:12+00:00\",\"mainEntityOfPage\":{\"@id\":\"https:\\\/\\\/quehacerpolitico.mx\\\/?p=37822\"},\"wordCount\":228,\"commentCount\":0,\"image\":{\"@id\":\"https:\\\/\\\/quehacerpolitico.mx\\\/?p=37822#primaryimage\"},\"thumbnailUrl\":\"\",\"articleSection\":[\"Deportes\"],\"inLanguage\":\"es\",\"potentialAction\":[{\"@type\":\"CommentAction\",\"name\":\"Comment\",\"target\":[\"https:\\\/\\\/quehacerpolitico.mx\\\/?p=37822#respond\"]}]},{\"@type\":\"WebPage\",\"@id\":\"https:\\\/\\\/quehacerpolitico.mx\\\/?p=37822\",\"url\":\"https:\\\/\\\/quehacerpolitico.mx\\\/?p=37822\",\"name\":\"Nadal conquista t\u00edtulo 19 de Grand Slam -\",\"isPartOf\":{\"@id\":\"https:\\\/\\\/quehacerpolitico.mx\\\/#website\"},\"primaryImageOfPage\":{\"@id\":\"https:\\\/\\\/quehacerpolitico.mx\\\/?p=37822#primaryimage\"},\"image\":{\"@id\":\"https:\\\/\\\/quehacerpolitico.mx\\\/?p=37822#primaryimage\"},\"thumbnailUrl\":\"\",\"datePublished\":\"2019-09-09T03:04:12+00:00\",\"author\":{\"@id\":\"https:\\\/\\\/quehacerpolitico.mx\\\/#\\\/schema\\\/person\\\/496d8ad2d1d3f8036101dca7ee39e585\"},\"breadcrumb\":{\"@id\":\"https:\\\/\\\/quehacerpolitico.mx\\\/?p=37822#breadcrumb\"},\"inLanguage\":\"es\",\"potentialAction\":[{\"@type\":\"ReadAction\",\"target\":[\"https:\\\/\\\/quehacerpolitico.mx\\\/?p=37822\"]}]},{\"@type\":\"ImageObject\",\"inLanguage\":\"es\",\"@id\":\"https:\\\/\\\/quehacerpolitico.mx\\\/?p=37822#primaryimage\",\"url\":\"\",\"contentUrl\":\"\"},{\"@type\":\"BreadcrumbList\",\"@id\":\"https:\\\/\\\/quehacerpolitico.mx\\\/?p=37822#breadcrumb\",\"itemListElement\":[{\"@type\":\"ListItem\",\"position\":1,\"name\":\"Inicio\",\"item\":\"https:\\\/\\\/quehacerpolitico.mx\\\/\"},{\"@type\":\"ListItem\",\"position\":2,\"name\":\"Nadal conquista t\u00edtulo 19 de Grand Slam\"}]},{\"@type\":\"WebSite\",\"@id\":\"https:\\\/\\\/quehacerpolitico.mx\\\/#website\",\"url\":\"https:\\\/\\\/quehacerpolitico.mx\\\/\",\"name\":\"\",\"description\":\"\",\"potentialAction\":[{\"@type\":\"SearchAction\",\"target\":{\"@type\":\"EntryPoint\",\"urlTemplate\":\"https:\\\/\\\/quehacerpolitico.mx\\\/?s={search_term_string}\"},\"query-input\":{\"@type\":\"PropertyValueSpecification\",\"valueRequired\":true,\"valueName\":\"search_term_string\"}}],\"inLanguage\":\"es\"},{\"@type\":\"Person\",\"@id\":\"https:\\\/\\\/quehacerpolitico.mx\\\/#\\\/schema\\\/person\\\/496d8ad2d1d3f8036101dca7ee39e585\",\"name\":\"Redacci\u00f3n QP\",\"image\":{\"@type\":\"ImageObject\",\"inLanguage\":\"es\",\"@id\":\"https:\\\/\\\/secure.gravatar.com\\\/avatar\\\/c7164ed6fdec453195284ad24a5ae5b6e1eed2b848477fa2a4787ba9adf39a41?s=96&d=mm&r=g\",\"url\":\"https:\\\/\\\/secure.gravatar.com\\\/avatar\\\/c7164ed6fdec453195284ad24a5ae5b6e1eed2b848477fa2a4787ba9adf39a41?s=96&d=mm&r=g\",\"contentUrl\":\"https:\\\/\\\/secure.gravatar.com\\\/avatar\\\/c7164ed6fdec453195284ad24a5ae5b6e1eed2b848477fa2a4787ba9adf39a41?s=96&d=mm&r=g\",\"caption\":\"Redacci\u00f3n QP\"},\"url\":\"https:\\\/\\\/quehacerpolitico.mx\\\/?author=2\"}]}<\/script>\n<!-- \/ Yoast SEO plugin. -->","yoast_head_json":{"title":"Nadal conquista t\u00edtulo 19 de Grand Slam -","robots":{"index":"index","follow":"follow","max-snippet":"max-snippet:-1","max-image-preview":"max-image-preview:large","max-video-preview":"max-video-preview:-1"},"canonical":"https:\/\/quehacerpolitico.mx\/?p=37822","og_locale":"es_MX","og_type":"article","og_title":"Nadal conquista t\u00edtulo 19 de Grand Slam -","og_description":"Nadal conquista t\u00edtulo 19 de Grand Slam Por Redacci\u00f3n QP","og_url":"https:\/\/quehacerpolitico.mx\/?p=37822","article_published_time":"2019-09-09T03:04:12+00:00","author":"Redacci\u00f3n QP","twitter_card":"summary_large_image","twitter_misc":{"Escrito por":"Redacci\u00f3n QP","Tiempo de lectura":"1 minuto"},"schema":{"@context":"https:\/\/schema.org","@graph":[{"@type":"Article","@id":"https:\/\/quehacerpolitico.mx\/?p=37822#article","isPartOf":{"@id":"https:\/\/quehacerpolitico.mx\/?p=37822"},"author":{"name":"Redacci\u00f3n QP","@id":"https:\/\/quehacerpolitico.mx\/#\/schema\/person\/496d8ad2d1d3f8036101dca7ee39e585"},"headline":"Nadal conquista t\u00edtulo 19 de Grand Slam","datePublished":"2019-09-09T03:04:12+00:00","mainEntityOfPage":{"@id":"https:\/\/quehacerpolitico.mx\/?p=37822"},"wordCount":228,"commentCount":0,"image":{"@id":"https:\/\/quehacerpolitico.mx\/?p=37822#primaryimage"},"thumbnailUrl":"","articleSection":["Deportes"],"inLanguage":"es","potentialAction":[{"@type":"CommentAction","name":"Comment","target":["https:\/\/quehacerpolitico.mx\/?p=37822#respond"]}]},{"@type":"WebPage","@id":"https:\/\/quehacerpolitico.mx\/?p=37822","url":"https:\/\/quehacerpolitico.mx\/?p=37822","name":"Nadal conquista t\u00edtulo 19 de Grand Slam -","isPartOf":{"@id":"https:\/\/quehacerpolitico.mx\/#website"},"primaryImageOfPage":{"@id":"https:\/\/quehacerpolitico.mx\/?p=37822#primaryimage"},"image":{"@id":"https:\/\/quehacerpolitico.mx\/?p=37822#primaryimage"},"thumbnailUrl":"","datePublished":"2019-09-09T03:04:12+00:00","author":{"@id":"https:\/\/quehacerpolitico.mx\/#\/schema\/person\/496d8ad2d1d3f8036101dca7ee39e585"},"breadcrumb":{"@id":"https:\/\/quehacerpolitico.mx\/?p=37822#breadcrumb"},"inLanguage":"es","potentialAction":[{"@type":"ReadAction","target":["https:\/\/quehacerpolitico.mx\/?p=37822"]}]},{"@type":"ImageObject","inLanguage":"es","@id":"https:\/\/quehacerpolitico.mx\/?p=37822#primaryimage","url":"","contentUrl":""},{"@type":"BreadcrumbList","@id":"https:\/\/quehacerpolitico.mx\/?p=37822#breadcrumb","itemListElement":[{"@type":"ListItem","position":1,"name":"Inicio","item":"https:\/\/quehacerpolitico.mx\/"},{"@type":"ListItem","position":2,"name":"Nadal conquista t\u00edtulo 19 de Grand Slam"}]},{"@type":"WebSite","@id":"https:\/\/quehacerpolitico.mx\/#website","url":"https:\/\/quehacerpolitico.mx\/","name":"","description":"","potentialAction":[{"@type":"SearchAction","target":{"@type":"EntryPoint","urlTemplate":"https:\/\/quehacerpolitico.mx\/?s={search_term_string}"},"query-input":{"@type":"PropertyValueSpecification","valueRequired":true,"valueName":"search_term_string"}}],"inLanguage":"es"},{"@type":"Person","@id":"https:\/\/quehacerpolitico.mx\/#\/schema\/person\/496d8ad2d1d3f8036101dca7ee39e585","name":"Redacci\u00f3n QP","image":{"@type":"ImageObject","inLanguage":"es","@id":"https:\/\/secure.gravatar.com\/avatar\/c7164ed6fdec453195284ad24a5ae5b6e1eed2b848477fa2a4787ba9adf39a41?s=96&d=mm&r=g","url":"https:\/\/secure.gravatar.com\/avatar\/c7164ed6fdec453195284ad24a5ae5b6e1eed2b848477fa2a4787ba9adf39a41?s=96&d=mm&r=g","contentUrl":"https:\/\/secure.gravatar.com\/avatar\/c7164ed6fdec453195284ad24a5ae5b6e1eed2b848477fa2a4787ba9adf39a41?s=96&d=mm&r=g","caption":"Redacci\u00f3n QP"},"url":"https:\/\/quehacerpolitico.mx\/?author=2"}]}},"featured_image_urls":{"full":"","thumbnail":"","medium":"","medium_large":"","large":"","1536x1536":"","2048x2048":"","covernews-featured":"","covernews-medium":""},"author_info":{"display_name":"Redacci\u00f3n QP","author_link":"https:\/\/quehacerpolitico.mx\/?author=2"},"category_info":"<a href=\"https:\/\/quehacerpolitico.mx\/?cat=54\" rel=\"category\">Deportes<\/a>","tag_info":"Deportes","comment_count":"0","_links":{"self":[{"href":"https:\/\/quehacerpolitico.mx\/index.php?rest_route=\/wp\/v2\/posts\/37822","targetHints":{"allow":["GET"]}}],"collection":[{"href":"https:\/\/quehacerpolitico.mx\/index.php?rest_route=\/wp\/v2\/posts"}],"about":[{"href":"https:\/\/quehacerpolitico.mx\/index.php?rest_route=\/wp\/v2\/types\/post"}],"author":[{"embeddable":true,"href":"https:\/\/quehacerpolitico.mx\/index.php?rest_route=\/wp\/v2\/users\/2"}],"replies":[{"embeddable":true,"href":"https:\/\/quehacerpolitico.mx\/index.php?rest_route=%2Fwp%2Fv2%2Fcomments&post=37822"}],"version-history":[{"count":0,"href":"https:\/\/quehacerpolitico.mx\/index.php?rest_route=\/wp\/v2\/posts\/37822\/revisions"}],"wp:featuredmedia":[{"embeddable":true,"href":"https:\/\/quehacerpolitico.mx\/index.php?rest_route=\/"}],"wp:attachment":[{"href":"https:\/\/quehacerpolitico.mx\/index.php?rest_route=%2Fwp%2Fv2%2Fmedia&parent=37822"}],"wp:term":[{"taxonomy":"category","embeddable":true,"href":"https:\/\/quehacerpolitico.mx\/index.php?rest_route=%2Fwp%2Fv2%2Fcategories&post=37822"},{"taxonomy":"post_tag","embeddable":true,"href":"https:\/\/quehacerpolitico.mx\/index.php?rest_route=%2Fwp%2Fv2%2Ftags&post=37822"}],"curies":[{"name":"wp","href":"https:\/\/api.w.org\/{rel}","templated":true}]}}