{"id":37819,"date":"2019-09-09T02:52:53","date_gmt":"2019-09-09T02:52:53","guid":{"rendered":"http:\/\/quehacerpolitico.mx\/presenta-citlalli-hernandez-mora-primer-informe-de-actividades-legislativas-en-iztacalco\/"},"modified":"2019-09-09T02:52:53","modified_gmt":"2019-09-09T02:52:53","slug":"presenta-citlalli-hernandez-mora-primer-informe-de-actividades-legislativas-en-iztacalco","status":"publish","type":"post","link":"https:\/\/quehacerpolitico.mx\/?p=37819","title":{"rendered":"Presenta Citlalli Hern\u00e1ndez Mora, Primer informe de Actividades Legislativas en Iztacalco"},"content":{"rendered":"<p><b><span style=\"font-family: arial, sans-serif;\">Presenta Citlalli Hern\u00e1ndez Mora, Primer informe de Actividades Legislativas en Iztacalco<\/span><\/b><\/p>\n<p>Por Redacci\u00f3n QP<\/p>\n<p><span style=\"font-family: arial, sans-serif;\">\u00b7\u00a0\u00a0\u00a0\u00a0\u00a0El reto consiste en romper los moldes y comenzar una nueva forma de hacer pol\u00edtica: Citlalli Hern\u00e1ndez<\/span><\/p>\n<blockquote class=\"twitter-tweet\" data-width=\"550\" data-dnt=\"true\">\n<p lang=\"es\" dir=\"ltr\">Cumplimos un a\u00f1o de actividades  legislativas en el <a href=\"https:\/\/twitter.com\/senadomexicano?ref_src=twsrc%5Etfw\">@senadomexicano<\/a>.<\/p>\n<p>\u00a1Estamos <a href=\"https:\/\/twitter.com\/hashtag\/AbriendoCaminos?src=hash&amp;ref_src=twsrc%5Etfw\">#AbriendoCaminos<\/a> y queremos contarte c\u00f3mo&#8230;!<\/p>\n<p>Las democracias se fortalecen rindiendo cuentas.<\/p>\n<p>\ud83d\uddd3 Domingo 8 Septiembre <br \/>\u23f0 10:30 AM <br \/>\ud83d\udccdExplanada de <a href=\"https:\/\/twitter.com\/IztacalcoAl?ref_src=twsrc%5Etfw\">@IztacalcoAl<\/a> <a href=\"https:\/\/twitter.com\/hashtag\/PrimerInforme?src=hash&amp;ref_src=twsrc%5Etfw\">#PrimerInforme<\/a><a href=\"https:\/\/twitter.com\/hashtag\/SenadoraDelPueblo?src=hash&amp;ref_src=twsrc%5Etfw\">#SenadoraDelPueblo<\/a> <a href=\"https:\/\/t.co\/ai2ju1Xgep\">pic.twitter.com\/ai2ju1Xgep<\/a><\/p>\n<p>&mdash; Citlalli Hern\u00e1ndez M (@CitlaHM) <a href=\"https:\/\/twitter.com\/CitlaHM\/status\/1170004440394297344?ref_src=twsrc%5Etfw\">September 6, 2019<\/a><\/p><\/blockquote>\n<p><script async src=\"https:\/\/platform.twitter.com\/widgets.js\" charset=\"utf-8\"><\/script><\/p>\n<p><span style=\"font-family: arial, sans-serif;\">\u00a0\u201cNo llegamos a donde estamos, ni por poder, ni por dinero; llegamos a dar un giro al sentido de la representaci\u00f3n pol\u00edtica y popular. A un a\u00f1o del arranque de \u00e9sta legislatura, podemos presumir que no hemos votado, ni una sola reforma, en contra de la gente, ninguna privatizaci\u00f3n, ni nada que nos averg\u00fcence\u201d , expres\u00f3 Citlalli Hern\u00e1ndez Mora, en su Primer Informe de Actividades Legislativas como senadora de la Rep\u00fablica.<\/span><\/p>\n<p><span style=\"font-family: arial, sans-serif;\">Al presentar su informe, ante\u00a0la explanada de la Alcald\u00eda Iztacalco llena de asistentes,\u00a0\u00a0la Senadora por Morena,\u00a0\u00a0record\u00f3 los logros que se ha tenido como mayor\u00eda en el Congreso; as\u00ed como tambi\u00e9n reconoci\u00f3 que a\u00fan existen retos de la cuarta tranformaci\u00f3n.<\/span><\/p>\n<p><span style=\"font-family: arial, sans-serif;\">Afirm\u00f3 que dentro del Senado y como mayor\u00eda, se busca tener las condiciones que permitan ejecutar el proyecto de Naci\u00f3n del presidente Andres Manuel L\u00f3pez Obrador, por ello, se aplic\u00f3 como principal medida, el plan de austeridad para eliminar los privilegios.<\/span><\/p>\n<p>https:\/\/www.facebook.com\/CitlaHM\/videos\/717696395321518\/<\/p>\n<p><span style=\"font-family: arial, sans-serif;\">Dijo que en este primer a\u00f1o de funciones, por su cuenta y en compa\u00f1\u00eda de senadores y senadoras, ha presentado iniciativas que responden a las causas sobre inclusi\u00f3n, sustentabilidad, educaci\u00f3n, igualdad de g\u00e9nero, juventud y sobre la agenda del gobierno de la ciudad de M\u00e9xico.<\/span><\/p>\n<p><span style=\"font-family: arial, sans-serif;\">Dentro de los rubro antes mencionados, destac\u00f3 la iniciativa que, en conjunto con activistas y asociaciones civiles, present\u00f3 sobre la prohibici\u00f3n de las terapias de conversi\u00f3n, que durante a\u00f1os, ha vulnerado los derechos y libertades de las personas pertenecientes a la poblaci\u00f3n LGBTTIQ.<\/span><\/p>\n<p><span style=\"font-family: arial, sans-serif;\">Asimismo, recalc\u00f3 su compromiso con eliminar las desigualdades y progresividad de derechos, por ello, llev\u00f3 al pleno la reforma para entidades paraestatales que propon\u00eda eliminar el lenguaje excluyente, y dejar a un lado la discriminaci\u00f3n entre los mexicanos por el tipo de nacionalidad.<\/span><\/p>\n<p><span style=\"font-family: arial, sans-serif;\">Igualmente, mencion\u00f3 algunas de las reformas que se aprobaron, como la educativa, el otorgamiento de derechos sociales a las y los trabajadores del hogar, la laboral, la guardia nacional y la de paridad de g\u00e9nero, respecto a los espacios de toma de decisiones.<\/span><\/p>\n<p><span style=\"font-family: arial, sans-serif;\">El evento cont\u00f3 con la asistencia de la Jefa de Gobierno, Claudia Sheinbaum, el presidente de la Junta de Coordinaci\u00f3n Pol\u00edtica, Ricardo Monreal, la presidenta\u00a0de la mesa directiva, Monica Fern\u00e1ndez Balboa, asi como de Senadoras, funcionarios del Gobierno Federal, Alcaldes, Concejales, l\u00edderes sindicales, activistas, personalidades de la sociedad civil y ciudadan\u00eda en general.<\/span><\/p>\n<blockquote class=\"twitter-tweet\" data-width=\"550\" data-dnt=\"true\">\n<p lang=\"es\" dir=\"ltr\">Pasamos a darle una felicitaci\u00f3n a <a href=\"https:\/\/twitter.com\/CitlaHM?ref_src=twsrc%5Etfw\">@CitlaHM<\/a> senadora de la Ciudad de M\u00e9xico quien rinde el d\u00eda de hoy su informe. Citlalli es una verdadera representante popular de la 4T <a href=\"https:\/\/t.co\/rvOrRQQgQe\">pic.twitter.com\/rvOrRQQgQe<\/a><\/p>\n<p>&mdash; Claudia Sheinbaum Pardo (@Claudiashein) <a href=\"https:\/\/twitter.com\/Claudiashein\/status\/1170746765001314307?ref_src=twsrc%5Etfw\">September 8, 2019<\/a><\/p><\/blockquote>\n<p><script async src=\"https:\/\/platform.twitter.com\/widgets.js\" charset=\"utf-8\"><\/script><\/p>\n<blockquote class=\"twitter-tweet\" data-width=\"550\" data-dnt=\"true\">\n<p lang=\"es\" dir=\"ltr\">Iniciamos el camino de lucha por el pueblo juntas, hoy me siento muy orgullosa de los logros hechos realidad en su 1er Informe de actividades como Senadora. <br \/>\u00a1Enhorabuena! Citlalli Hern\u00e1ndez M.  <a href=\"https:\/\/twitter.com\/CitlaHM?ref_src=twsrc%5Etfw\">@CitlaHM<\/a> <a href=\"https:\/\/twitter.com\/hashtag\/SenadoraDelPueblo?src=hash&amp;ref_src=twsrc%5Etfw\">#SenadoraDelPueblo<\/a> <a href=\"https:\/\/t.co\/RqbXW5k0uv\">pic.twitter.com\/RqbXW5k0uv<\/a><\/p>\n<p>&mdash; Paty Ortiz Couturier (@Paty_OrtizC) <a href=\"https:\/\/twitter.com\/Paty_OrtizC\/status\/1170851243931160576?ref_src=twsrc%5Etfw\">September 9, 2019<\/a><\/p><\/blockquote>\n<p><script async src=\"https:\/\/platform.twitter.com\/widgets.js\" charset=\"utf-8\"><\/script><\/p>\n<blockquote class=\"twitter-tweet\" data-width=\"550\" data-dnt=\"true\">\n<p lang=\"es\" dir=\"ltr\">\u00a1Enhorabuena buena por este Primer Informe de Actividades Legislativas <a href=\"https:\/\/twitter.com\/CitlaHM?ref_src=twsrc%5Etfw\">@CitlaHM<\/a> ! Paso a paso transformaremos a <a href=\"https:\/\/twitter.com\/hashtag\/Mexico?src=hash&amp;ref_src=twsrc%5Etfw\">#Mexico<\/a> <a href=\"https:\/\/t.co\/5IbmjD6EZF\">pic.twitter.com\/5IbmjD6EZF<\/a><\/p>\n<p>&mdash; Sasil de Le\u00f3n (@sasildeleon) <a href=\"https:\/\/twitter.com\/sasildeleon\/status\/1170795293941669888?ref_src=twsrc%5Etfw\">September 8, 2019<\/a><\/p><\/blockquote>\n<p><script async src=\"https:\/\/platform.twitter.com\/widgets.js\" charset=\"utf-8\"><\/script><\/p>\n<blockquote class=\"twitter-tweet\" data-width=\"550\" data-dnt=\"true\">\n<p lang=\"es\" dir=\"ltr\">Muchas felicidades senadora <a href=\"https:\/\/twitter.com\/CitlaHM?ref_src=twsrc%5Etfw\">@CitlaHM<\/a> por tu primer informe legislativo. La rendici\u00f3n de cuentas es un ejercicio fundamental, los buenos resultados de tu trabajo legislativo y tu labor para la <a href=\"https:\/\/twitter.com\/hashtag\/Cdmx?src=hash&amp;ref_src=twsrc%5Etfw\">#Cdmx<\/a> son para celebrarse. <a href=\"https:\/\/t.co\/9mtyJ6entn\">pic.twitter.com\/9mtyJ6entn<\/a><\/p>\n<p>&mdash; Cecilia S\u00e1nchez G (@Cecilia__SG) <a href=\"https:\/\/twitter.com\/Cecilia__SG\/status\/1170798792221876224?ref_src=twsrc%5Etfw\">September 8, 2019<\/a><\/p><\/blockquote>\n<p><script async src=\"https:\/\/platform.twitter.com\/widgets.js\" charset=\"utf-8\"><\/script><\/p>\n<blockquote class=\"twitter-tweet\" data-width=\"550\" data-dnt=\"true\">\n<p lang=\"es\" dir=\"ltr\">Ya me encuentro en el Primer Informe de la senadora <a href=\"https:\/\/twitter.com\/CitlaHM?ref_src=twsrc%5Etfw\">@CitlaHM<\/a> <a href=\"https:\/\/twitter.com\/MorenaSenadores?ref_src=twsrc%5Etfw\">@MorenaSenadores<\/a> en <a href=\"https:\/\/twitter.com\/IztacalcoAl?ref_src=twsrc%5Etfw\">@IztacalcoAl<\/a>. <a href=\"https:\/\/t.co\/gUtDYdpk4t\">pic.twitter.com\/gUtDYdpk4t<\/a><\/p>\n<p>&mdash; M\u00f3nica Fern\u00e1ndez Balboa (@monicaferbal) <a href=\"https:\/\/twitter.com\/monicaferbal\/status\/1170728138579558401?ref_src=twsrc%5Etfw\">September 8, 2019<\/a><\/p><\/blockquote>\n<p><script async src=\"https:\/\/platform.twitter.com\/widgets.js\" charset=\"utf-8\"><\/script><\/p>\n<blockquote class=\"twitter-tweet\" data-width=\"550\" data-dnt=\"true\">\n<p lang=\"es\" dir=\"ltr\">Compa\u00f1eras de <a href=\"https:\/\/twitter.com\/MorenaSenadores?ref_src=twsrc%5Etfw\">@MorenaSenadores<\/a>, la presidenta de la Mesa Directiva, M\u00f3nica Fern\u00e1ndez (<a href=\"https:\/\/twitter.com\/monicaferbal?ref_src=twsrc%5Etfw\">@monicaferbal<\/a>), y yo acompa\u00f1amos con gran gusto a la senadora Citlalli Hern\u00e1ndez (<a href=\"https:\/\/twitter.com\/CitlaHM?ref_src=twsrc%5Etfw\">@CitlaHM<\/a>), digna representante de la <a href=\"https:\/\/twitter.com\/hashtag\/CDMX?src=hash&amp;ref_src=twsrc%5Etfw\">#CDMX<\/a>. <a href=\"https:\/\/t.co\/oyhgixujEt\">pic.twitter.com\/oyhgixujEt<\/a><\/p>\n<p>&mdash; Ricardo Monreal A. (@RicardoMonrealA) <a href=\"https:\/\/twitter.com\/RicardoMonrealA\/status\/1170732671011557376?ref_src=twsrc%5Etfw\">September 8, 2019<\/a><\/p><\/blockquote>\n<p><script async src=\"https:\/\/platform.twitter.com\/widgets.js\" charset=\"utf-8\"><\/script><\/p>\n","protected":false},"excerpt":{"rendered":"<p>Presenta Citlalli Hern\u00e1ndez Mora, Primer informe de Actividades Legislativas en Iztacalco<br \/>\nPor Redacci\u00f3n QP<\/p>\n","protected":false},"author":2,"featured_media":37818,"comment_status":"open","ping_status":"open","sticky":false,"template":"","format":"standard","meta":{"_monsterinsights_skip_tracking":false,"_monsterinsights_sitenote_active":false,"_monsterinsights_sitenote_note":"","_monsterinsights_sitenote_category":0,"footnotes":""},"categories":[2],"tags":[],"class_list":["post-37819","post","type-post","status-publish","format-standard","has-post-thumbnail","hentry","category-noticias"],"yoast_head":"<!-- This site is optimized with the Yoast SEO plugin v27.3 - https:\/\/yoast.com\/product\/yoast-seo-wordpress\/ -->\n<title>Presenta Citlalli Hern\u00e1ndez Mora, Primer informe de Actividades Legislativas en Iztacalco -<\/title>\n<meta name=\"robots\" content=\"index, follow, max-snippet:-1, max-image-preview:large, max-video-preview:-1\" \/>\n<link rel=\"canonical\" href=\"https:\/\/quehacerpolitico.mx\/?p=37819\" \/>\n<meta property=\"og:locale\" content=\"es_MX\" \/>\n<meta property=\"og:type\" content=\"article\" \/>\n<meta property=\"og:title\" content=\"Presenta Citlalli Hern\u00e1ndez Mora, Primer informe de Actividades Legislativas en Iztacalco -\" \/>\n<meta property=\"og:description\" content=\"Presenta Citlalli Hern\u00e1ndez Mora, Primer informe de Actividades Legislativas en Iztacalco Por Redacci\u00f3n QP\" \/>\n<meta property=\"og:url\" content=\"https:\/\/quehacerpolitico.mx\/?p=37819\" \/>\n<meta property=\"article:published_time\" content=\"2019-09-09T02:52:53+00:00\" \/>\n<meta name=\"author\" content=\"Redacci\u00f3n QP\" \/>\n<meta name=\"twitter:card\" content=\"summary_large_image\" \/>\n<meta name=\"twitter:label1\" content=\"Escrito por\" \/>\n\t<meta name=\"twitter:data1\" content=\"Redacci\u00f3n QP\" \/>\n\t<meta name=\"twitter:label2\" content=\"Tiempo de lectura\" \/>\n\t<meta name=\"twitter:data2\" content=\"2 minutos\" \/>\n<script type=\"application\/ld+json\" class=\"yoast-schema-graph\">{\"@context\":\"https:\\\/\\\/schema.org\",\"@graph\":[{\"@type\":\"Article\",\"@id\":\"https:\\\/\\\/quehacerpolitico.mx\\\/?p=37819#article\",\"isPartOf\":{\"@id\":\"https:\\\/\\\/quehacerpolitico.mx\\\/?p=37819\"},\"author\":{\"name\":\"Redacci\u00f3n QP\",\"@id\":\"https:\\\/\\\/quehacerpolitico.mx\\\/#\\\/schema\\\/person\\\/496d8ad2d1d3f8036101dca7ee39e585\"},\"headline\":\"Presenta Citlalli Hern\u00e1ndez Mora, Primer informe de Actividades Legislativas en Iztacalco\",\"datePublished\":\"2019-09-09T02:52:53+00:00\",\"mainEntityOfPage\":{\"@id\":\"https:\\\/\\\/quehacerpolitico.mx\\\/?p=37819\"},\"wordCount\":511,\"commentCount\":0,\"image\":{\"@id\":\"https:\\\/\\\/quehacerpolitico.mx\\\/?p=37819#primaryimage\"},\"thumbnailUrl\":\"\",\"articleSection\":[\"Noticias\"],\"inLanguage\":\"es\",\"potentialAction\":[{\"@type\":\"CommentAction\",\"name\":\"Comment\",\"target\":[\"https:\\\/\\\/quehacerpolitico.mx\\\/?p=37819#respond\"]}]},{\"@type\":\"WebPage\",\"@id\":\"https:\\\/\\\/quehacerpolitico.mx\\\/?p=37819\",\"url\":\"https:\\\/\\\/quehacerpolitico.mx\\\/?p=37819\",\"name\":\"Presenta Citlalli Hern\u00e1ndez Mora, Primer informe de Actividades Legislativas en Iztacalco -\",\"isPartOf\":{\"@id\":\"https:\\\/\\\/quehacerpolitico.mx\\\/#website\"},\"primaryImageOfPage\":{\"@id\":\"https:\\\/\\\/quehacerpolitico.mx\\\/?p=37819#primaryimage\"},\"image\":{\"@id\":\"https:\\\/\\\/quehacerpolitico.mx\\\/?p=37819#primaryimage\"},\"thumbnailUrl\":\"\",\"datePublished\":\"2019-09-09T02:52:53+00:00\",\"author\":{\"@id\":\"https:\\\/\\\/quehacerpolitico.mx\\\/#\\\/schema\\\/person\\\/496d8ad2d1d3f8036101dca7ee39e585\"},\"breadcrumb\":{\"@id\":\"https:\\\/\\\/quehacerpolitico.mx\\\/?p=37819#breadcrumb\"},\"inLanguage\":\"es\",\"potentialAction\":[{\"@type\":\"ReadAction\",\"target\":[\"https:\\\/\\\/quehacerpolitico.mx\\\/?p=37819\"]}]},{\"@type\":\"ImageObject\",\"inLanguage\":\"es\",\"@id\":\"https:\\\/\\\/quehacerpolitico.mx\\\/?p=37819#primaryimage\",\"url\":\"\",\"contentUrl\":\"\"},{\"@type\":\"BreadcrumbList\",\"@id\":\"https:\\\/\\\/quehacerpolitico.mx\\\/?p=37819#breadcrumb\",\"itemListElement\":[{\"@type\":\"ListItem\",\"position\":1,\"name\":\"Inicio\",\"item\":\"https:\\\/\\\/quehacerpolitico.mx\\\/\"},{\"@type\":\"ListItem\",\"position\":2,\"name\":\"Presenta Citlalli Hern\u00e1ndez Mora, Primer informe de Actividades Legislativas en Iztacalco\"}]},{\"@type\":\"WebSite\",\"@id\":\"https:\\\/\\\/quehacerpolitico.mx\\\/#website\",\"url\":\"https:\\\/\\\/quehacerpolitico.mx\\\/\",\"name\":\"\",\"description\":\"\",\"potentialAction\":[{\"@type\":\"SearchAction\",\"target\":{\"@type\":\"EntryPoint\",\"urlTemplate\":\"https:\\\/\\\/quehacerpolitico.mx\\\/?s={search_term_string}\"},\"query-input\":{\"@type\":\"PropertyValueSpecification\",\"valueRequired\":true,\"valueName\":\"search_term_string\"}}],\"inLanguage\":\"es\"},{\"@type\":\"Person\",\"@id\":\"https:\\\/\\\/quehacerpolitico.mx\\\/#\\\/schema\\\/person\\\/496d8ad2d1d3f8036101dca7ee39e585\",\"name\":\"Redacci\u00f3n QP\",\"image\":{\"@type\":\"ImageObject\",\"inLanguage\":\"es\",\"@id\":\"https:\\\/\\\/secure.gravatar.com\\\/avatar\\\/c7164ed6fdec453195284ad24a5ae5b6e1eed2b848477fa2a4787ba9adf39a41?s=96&d=mm&r=g\",\"url\":\"https:\\\/\\\/secure.gravatar.com\\\/avatar\\\/c7164ed6fdec453195284ad24a5ae5b6e1eed2b848477fa2a4787ba9adf39a41?s=96&d=mm&r=g\",\"contentUrl\":\"https:\\\/\\\/secure.gravatar.com\\\/avatar\\\/c7164ed6fdec453195284ad24a5ae5b6e1eed2b848477fa2a4787ba9adf39a41?s=96&d=mm&r=g\",\"caption\":\"Redacci\u00f3n QP\"},\"url\":\"https:\\\/\\\/quehacerpolitico.mx\\\/?author=2\"}]}<\/script>\n<!-- \/ Yoast SEO plugin. -->","yoast_head_json":{"title":"Presenta Citlalli Hern\u00e1ndez Mora, Primer informe de Actividades Legislativas en Iztacalco -","robots":{"index":"index","follow":"follow","max-snippet":"max-snippet:-1","max-image-preview":"max-image-preview:large","max-video-preview":"max-video-preview:-1"},"canonical":"https:\/\/quehacerpolitico.mx\/?p=37819","og_locale":"es_MX","og_type":"article","og_title":"Presenta Citlalli Hern\u00e1ndez Mora, Primer informe de Actividades Legislativas en Iztacalco -","og_description":"Presenta Citlalli Hern\u00e1ndez Mora, Primer informe de Actividades Legislativas en Iztacalco Por Redacci\u00f3n QP","og_url":"https:\/\/quehacerpolitico.mx\/?p=37819","article_published_time":"2019-09-09T02:52:53+00:00","author":"Redacci\u00f3n QP","twitter_card":"summary_large_image","twitter_misc":{"Escrito por":"Redacci\u00f3n QP","Tiempo de lectura":"2 minutos"},"schema":{"@context":"https:\/\/schema.org","@graph":[{"@type":"Article","@id":"https:\/\/quehacerpolitico.mx\/?p=37819#article","isPartOf":{"@id":"https:\/\/quehacerpolitico.mx\/?p=37819"},"author":{"name":"Redacci\u00f3n QP","@id":"https:\/\/quehacerpolitico.mx\/#\/schema\/person\/496d8ad2d1d3f8036101dca7ee39e585"},"headline":"Presenta Citlalli Hern\u00e1ndez Mora, Primer informe de Actividades Legislativas en Iztacalco","datePublished":"2019-09-09T02:52:53+00:00","mainEntityOfPage":{"@id":"https:\/\/quehacerpolitico.mx\/?p=37819"},"wordCount":511,"commentCount":0,"image":{"@id":"https:\/\/quehacerpolitico.mx\/?p=37819#primaryimage"},"thumbnailUrl":"","articleSection":["Noticias"],"inLanguage":"es","potentialAction":[{"@type":"CommentAction","name":"Comment","target":["https:\/\/quehacerpolitico.mx\/?p=37819#respond"]}]},{"@type":"WebPage","@id":"https:\/\/quehacerpolitico.mx\/?p=37819","url":"https:\/\/quehacerpolitico.mx\/?p=37819","name":"Presenta Citlalli Hern\u00e1ndez Mora, Primer informe de Actividades Legislativas en Iztacalco -","isPartOf":{"@id":"https:\/\/quehacerpolitico.mx\/#website"},"primaryImageOfPage":{"@id":"https:\/\/quehacerpolitico.mx\/?p=37819#primaryimage"},"image":{"@id":"https:\/\/quehacerpolitico.mx\/?p=37819#primaryimage"},"thumbnailUrl":"","datePublished":"2019-09-09T02:52:53+00:00","author":{"@id":"https:\/\/quehacerpolitico.mx\/#\/schema\/person\/496d8ad2d1d3f8036101dca7ee39e585"},"breadcrumb":{"@id":"https:\/\/quehacerpolitico.mx\/?p=37819#breadcrumb"},"inLanguage":"es","potentialAction":[{"@type":"ReadAction","target":["https:\/\/quehacerpolitico.mx\/?p=37819"]}]},{"@type":"ImageObject","inLanguage":"es","@id":"https:\/\/quehacerpolitico.mx\/?p=37819#primaryimage","url":"","contentUrl":""},{"@type":"BreadcrumbList","@id":"https:\/\/quehacerpolitico.mx\/?p=37819#breadcrumb","itemListElement":[{"@type":"ListItem","position":1,"name":"Inicio","item":"https:\/\/quehacerpolitico.mx\/"},{"@type":"ListItem","position":2,"name":"Presenta Citlalli Hern\u00e1ndez Mora, Primer informe de Actividades Legislativas en Iztacalco"}]},{"@type":"WebSite","@id":"https:\/\/quehacerpolitico.mx\/#website","url":"https:\/\/quehacerpolitico.mx\/","name":"","description":"","potentialAction":[{"@type":"SearchAction","target":{"@type":"EntryPoint","urlTemplate":"https:\/\/quehacerpolitico.mx\/?s={search_term_string}"},"query-input":{"@type":"PropertyValueSpecification","valueRequired":true,"valueName":"search_term_string"}}],"inLanguage":"es"},{"@type":"Person","@id":"https:\/\/quehacerpolitico.mx\/#\/schema\/person\/496d8ad2d1d3f8036101dca7ee39e585","name":"Redacci\u00f3n QP","image":{"@type":"ImageObject","inLanguage":"es","@id":"https:\/\/secure.gravatar.com\/avatar\/c7164ed6fdec453195284ad24a5ae5b6e1eed2b848477fa2a4787ba9adf39a41?s=96&d=mm&r=g","url":"https:\/\/secure.gravatar.com\/avatar\/c7164ed6fdec453195284ad24a5ae5b6e1eed2b848477fa2a4787ba9adf39a41?s=96&d=mm&r=g","contentUrl":"https:\/\/secure.gravatar.com\/avatar\/c7164ed6fdec453195284ad24a5ae5b6e1eed2b848477fa2a4787ba9adf39a41?s=96&d=mm&r=g","caption":"Redacci\u00f3n QP"},"url":"https:\/\/quehacerpolitico.mx\/?author=2"}]}},"featured_image_urls":{"full":"","thumbnail":"","medium":"","medium_large":"","large":"","1536x1536":"","2048x2048":"","covernews-featured":"","covernews-medium":""},"author_info":{"display_name":"Redacci\u00f3n QP","author_link":"https:\/\/quehacerpolitico.mx\/?author=2"},"category_info":"<a href=\"https:\/\/quehacerpolitico.mx\/?cat=2\" rel=\"category\">Noticias<\/a>","tag_info":"Noticias","comment_count":"0","_links":{"self":[{"href":"https:\/\/quehacerpolitico.mx\/index.php?rest_route=\/wp\/v2\/posts\/37819","targetHints":{"allow":["GET"]}}],"collection":[{"href":"https:\/\/quehacerpolitico.mx\/index.php?rest_route=\/wp\/v2\/posts"}],"about":[{"href":"https:\/\/quehacerpolitico.mx\/index.php?rest_route=\/wp\/v2\/types\/post"}],"author":[{"embeddable":true,"href":"https:\/\/quehacerpolitico.mx\/index.php?rest_route=\/wp\/v2\/users\/2"}],"replies":[{"embeddable":true,"href":"https:\/\/quehacerpolitico.mx\/index.php?rest_route=%2Fwp%2Fv2%2Fcomments&post=37819"}],"version-history":[{"count":0,"href":"https:\/\/quehacerpolitico.mx\/index.php?rest_route=\/wp\/v2\/posts\/37819\/revisions"}],"wp:featuredmedia":[{"embeddable":true,"href":"https:\/\/quehacerpolitico.mx\/index.php?rest_route=\/"}],"wp:attachment":[{"href":"https:\/\/quehacerpolitico.mx\/index.php?rest_route=%2Fwp%2Fv2%2Fmedia&parent=37819"}],"wp:term":[{"taxonomy":"category","embeddable":true,"href":"https:\/\/quehacerpolitico.mx\/index.php?rest_route=%2Fwp%2Fv2%2Fcategories&post=37819"},{"taxonomy":"post_tag","embeddable":true,"href":"https:\/\/quehacerpolitico.mx\/index.php?rest_route=%2Fwp%2Fv2%2Ftags&post=37819"}],"curies":[{"name":"wp","href":"https:\/\/api.w.org\/{rel}","templated":true}]}}