{"id":37813,"date":"2019-09-09T02:25:13","date_gmt":"2019-09-09T02:25:13","guid":{"rendered":"http:\/\/quehacerpolitico.mx\/freno-a-violencia-contra-mujeres-exigen-en-marcha-en-ciudad-de-mexico\/"},"modified":"2019-09-09T02:25:13","modified_gmt":"2019-09-09T02:25:13","slug":"freno-a-violencia-contra-mujeres-exigen-en-marcha-en-ciudad-de-mexico","status":"publish","type":"post","link":"https:\/\/quehacerpolitico.mx\/?p=37813","title":{"rendered":"Freno a violencia contra mujeres, exigen en marcha en Ciudad de M\u00e9xico"},"content":{"rendered":"<h1 class=\"news-title\">Freno a violencia contra mujeres, exigen en marcha en Ciudad de M\u00e9xico<\/h1>\n<p>Por Redacci\u00f3n QP<\/p>\n<p>Concluye manifestaci\u00f3n en el Z\u00f3calo sin incidentes<\/p>\n<div class=\"mod-photogallery\" data-pagination=\".swiper-pagination\" data-id=\"article-photogallery\">\n<div class=\"swiper-container swiper-container-horizontal\">\n<div class=\"swiper-wrapper\">\n<figure class=\"swiper-slide swiper-image active swiper-slide-active\" data-index=\"0\">\n<div class=\"swiper-responsive\" data-openfullscreen=\"\"><img loading=\"lazy\" decoding=\"async\" title=\"Unas 200 personas marchan en silencio desde el \u00c1ngel de la Independencia al Z\u00f3calo en Ciudad de M\u00e9xico. EFE\/M. Guzm\u00e1n\" src=\"https:\/\/www.informador.mx\/__export\/1567987910495\/sites\/elinformador\/img\/2019\/09\/08\/8mujeres.jpg_1970638775.jpg\" alt=\"Unas 200 personas marchan en silencio desde el \u00c1ngel de la Independencia al Z\u00f3calo en Ciudad de M\u00e9xico. EFE\/M. Guzm\u00e1n\" width=\"320\" height=\"320\" data-fullscreen=\"\/__export\/1567987910495\/sites\/elinformador\/img\/2019\/09\/08\/8mujeres.jpg_1709026569.jpg\" \/><\/div><figcaption class=\"swiper-caption\"><\/figcaption><\/figure>\n<figure class=\"swiper-slide swiper-image swiper-slide-next\" data-index=\"0\">\n<div class=\"swiper-responsive\" data-openfullscreen=\"\"><button class=\"swiper-fullscreen icon icon__fullscreen_outline\"><\/button><img loading=\"lazy\" decoding=\"async\" title=\"AP\/G. Riquelme\" src=\"https:\/\/www.informador.mx\/__export\/1567987862484\/sites\/elinformador\/img\/2019\/09\/08\/8mujeresap.jpg_1970638775.jpg\" alt=\"AP\/G. Riquelme\" width=\"320\" height=\"320\" data-fullscreen=\"\/__export\/1567987862484\/sites\/elinformador\/img\/2019\/09\/08\/8mujeresap.jpg_1709026569.jpg\" \/><\/div><figcaption class=\"swiper-caption\"><\/figcaption><\/figure>\n<figure class=\"swiper-slide swiper-image\" data-index=\"0\">\n<div class=\"swiper-responsive\" data-openfullscreen=\"\"><button class=\"swiper-fullscreen icon icon__fullscreen_outline\"><\/button><img loading=\"lazy\" decoding=\"async\" title=\"AP\/G. Riquelme\" src=\"https:\/\/www.informador.mx\/__export\/1567987864521\/sites\/elinformador\/img\/2019\/09\/08\/8mujeresap3.jpg_1970638775.jpg\" alt=\"AP\/G. Riquelme\" width=\"320\" height=\"320\" data-fullscreen=\"\/__export\/1567987864521\/sites\/elinformador\/img\/2019\/09\/08\/8mujeresap3.jpg_1709026569.jpg\" \/><\/div><figcaption class=\"swiper-caption\"><\/figcaption><\/figure>\n<figure class=\"swiper-slide swiper-image\" data-index=\"0\">\n<div class=\"swiper-responsive\" data-openfullscreen=\"\"><button class=\"swiper-fullscreen icon icon__fullscreen_outline\"><\/button><img loading=\"lazy\" decoding=\"async\" title=\"AP\/G. Riquelme\" src=\"https:\/\/www.informador.mx\/__export\/1567987933420\/sites\/elinformador\/img\/2019\/09\/08\/8mujeresap2_1.jpg_1970638775.jpg\" alt=\"AP\/G. Riquelme\" width=\"320\" height=\"320\" data-fullscreen=\"\/__export\/1567987933420\/sites\/elinformador\/img\/2019\/09\/08\/8mujeresap2_1.jpg_1709026569.jpg\" \/><\/div><figcaption class=\"swiper-caption\"><\/figcaption><\/figure>\n<\/div>\n<\/div>\n<\/div>\n<div class=\"news-body row\">\n<p>En la <strong>Marcha del Silencio por las Mujeres Asesinadas<\/strong>, que concluy\u00f3 en el Z\u00f3calo capitalino sin incidentes, personas y colectivos exigieron a los gobiernos federal, de los estados y de la Ciudad de M\u00e9xico, instrumentar pol\u00edticas p\u00fablicas y programas para frenar la violencia, asesinatos, desapariciones, violaciones y abusos contra mujeres, j\u00f3venes, adolescentes y ni\u00f1as en el pa\u00eds.<\/p>\n<blockquote class=\"twitter-tweet\" data-width=\"550\" data-dnt=\"true\">\n<p lang=\"es\" dir=\"ltr\">Diferentes colectivos encabezan la <a href=\"https:\/\/twitter.com\/hashtag\/MarchaDelSilencio?src=hash&amp;ref_src=twsrc%5Etfw\">#MarchaDelSilencio<\/a> que saldr\u00e1 del \u00c1ngel de la Independencia al Z\u00f3calo capitalino.<\/p>\n<p>\ud83c\udfa5 <a href=\"https:\/\/twitter.com\/ObturadorMX_?ref_src=twsrc%5Etfw\">@ObturadorMX_<\/a> <a href=\"https:\/\/t.co\/qXYSSZRCzU\">pic.twitter.com\/qXYSSZRCzU<\/a><\/p>\n<p>&mdash; Ruido en la Red (@RuidoEnLaRed) <a href=\"https:\/\/twitter.com\/RuidoEnLaRed\/status\/1170765987949481986?ref_src=twsrc%5Etfw\">September 8, 2019<\/a><\/p><\/blockquote>\n<p><script async src=\"https:\/\/platform.twitter.com\/widgets.js\" charset=\"utf-8\"><\/script><\/p>\n<div id=\"div-gpt-ad-1548262875188-0\" data-google-query-id=\"CMS3_NzWwuQCFUPZwAod1t4HBQ\">\n<div id=\"google_ads_iframe_\/1001694\/INF_intext_1_0__container__\">Las manifestantes partieron <strong>del \u00c1ngel de la Independencia<\/strong> pasadas las 13:30 horas y recorrieron Paseo de la Reforma; frente a la sede de la antigua Procuradur\u00eda General de la Rep\u00fablica pasaron lista a los 43 normalistas de Ayotzinapa\u00a0y pidieron justicia en ese caso. &#8220;Queremos que regresen vivos&#8221;, corearon los presentes a la marcha.<\/div>\n<\/div>\n<p><strong>Vestidas de blanco, en su mayor\u00eda mujeres, pero tambi\u00e9n algunos hombres<\/strong> -padres y hermanos- de v\u00edctimas de feminicidio y desaparici\u00f3n, narraron casos de hostigamiento, secuestro de ni\u00f1as por parte de pederastas y la constante violencia de g\u00e9nero en el pa\u00eds.<\/p>\n<blockquote class=\"twitter-tweet\" data-width=\"550\" data-dnt=\"true\">\n<p lang=\"es\" dir=\"ltr\">As\u00ed la <a href=\"https:\/\/twitter.com\/hashtag\/MarchaDelSilencio?src=hash&amp;ref_src=twsrc%5Etfw\">#MarchaDelSilencio<\/a> en el Z\u00f3calo de la CDMX. <a href=\"https:\/\/twitter.com\/hashtag\/NiUnaMas?src=hash&amp;ref_src=twsrc%5Etfw\">#NiUnaMas<\/a> <a href=\"https:\/\/twitter.com\/hashtag\/NiUnaMenos?src=hash&amp;ref_src=twsrc%5Etfw\">#NiUnaMenos<\/a><\/p>\n<p>\ud83d\udcf7 <a href=\"https:\/\/twitter.com\/Somoselmedio?ref_src=twsrc%5Etfw\">@Somoselmedio<\/a> <a href=\"https:\/\/t.co\/lH4XSsCJwK\">pic.twitter.com\/lH4XSsCJwK<\/a><\/p>\n<p>&mdash; Ruido en la Red (@RuidoEnLaRed) <a href=\"https:\/\/twitter.com\/RuidoEnLaRed\/status\/1170812140124561408?ref_src=twsrc%5Etfw\">September 8, 2019<\/a><\/p><\/blockquote>\n<p><script async src=\"https:\/\/platform.twitter.com\/widgets.js\" charset=\"utf-8\"><\/script><\/p>\n<p>Algunas llegaron convocadas por las redes sociales sin pertenecer a alg\u00fan colectivo y otras son de la organizaci\u00f3n &#8220;Ni una m\u00e1s&#8221;.<\/p>\n<p>Mar\u00eda Elena, de 38 a\u00f1os de edad, acudi\u00f3 con su hija de 14 a esta manifestaci\u00f3n para sumarse a la protesta contra la Violencia contra las mujeres<\/p>\n<p>&#8220;Es preocupante el n\u00famero de mujeres, j\u00f3venes, adolescentes y ni\u00f1as que desaparecen diariamente en el pa\u00eds. Eso no le interesa a nadie. Dicen que estamos felices, es una mentira, estamos en una crisis de inseguridad&#8221;, opin\u00f3.<\/p>\n<p>En la marcha, algunas personas se fueron sumando a las demandas, a las historias de miedo que enfrenta ese sector en el pa\u00eds.<\/p>\n<p>Las organizadoras destacaron que de acuerdo con el Secretariado Ejecutivo de Seguridad P\u00fablica, en el primer cuatrimestre de este a\u00f1o se registraron <strong>mil 199 feminicidios<\/strong> en el pa\u00eds, es decir cada dos horas y media una mujer es asesinada en M\u00e9xico.<\/p>\n<p>Con Informaci\u00f3n de NTX\u00a0<\/p>\n<\/div>\n","protected":false},"excerpt":{"rendered":"<p>Freno a violencia contra mujeres, exigen en marcha en Ciudad de M\u00e9xico<br \/>\nPor Redacci\u00f3n QP<\/p>\n","protected":false},"author":2,"featured_media":37812,"comment_status":"open","ping_status":"open","sticky":false,"template":"","format":"standard","meta":{"_monsterinsights_skip_tracking":false,"_monsterinsights_sitenote_active":false,"_monsterinsights_sitenote_note":"","_monsterinsights_sitenote_category":0,"footnotes":""},"categories":[55],"tags":[],"class_list":["post-37813","post","type-post","status-publish","format-standard","has-post-thumbnail","hentry","category-cdmx"],"yoast_head":"<!-- This site is optimized with the Yoast SEO plugin v27.3 - https:\/\/yoast.com\/product\/yoast-seo-wordpress\/ -->\n<title>Freno a violencia contra mujeres, exigen en marcha en Ciudad de M\u00e9xico -<\/title>\n<meta name=\"robots\" content=\"index, follow, max-snippet:-1, max-image-preview:large, max-video-preview:-1\" \/>\n<link rel=\"canonical\" href=\"https:\/\/quehacerpolitico.mx\/?p=37813\" \/>\n<meta property=\"og:locale\" content=\"es_MX\" \/>\n<meta property=\"og:type\" content=\"article\" \/>\n<meta property=\"og:title\" content=\"Freno a violencia contra mujeres, exigen en marcha en Ciudad de M\u00e9xico -\" \/>\n<meta property=\"og:description\" content=\"Freno a violencia contra mujeres, exigen en marcha en Ciudad de M\u00e9xico Por Redacci\u00f3n QP\" \/>\n<meta property=\"og:url\" content=\"https:\/\/quehacerpolitico.mx\/?p=37813\" \/>\n<meta property=\"article:published_time\" content=\"2019-09-09T02:25:13+00:00\" \/>\n<meta name=\"author\" content=\"Redacci\u00f3n QP\" \/>\n<meta name=\"twitter:card\" content=\"summary_large_image\" \/>\n<meta name=\"twitter:label1\" content=\"Escrito por\" \/>\n\t<meta name=\"twitter:data1\" content=\"Redacci\u00f3n QP\" \/>\n\t<meta name=\"twitter:label2\" content=\"Tiempo de lectura\" \/>\n\t<meta name=\"twitter:data2\" content=\"2 minutos\" \/>\n<script type=\"application\/ld+json\" class=\"yoast-schema-graph\">{\"@context\":\"https:\\\/\\\/schema.org\",\"@graph\":[{\"@type\":\"Article\",\"@id\":\"https:\\\/\\\/quehacerpolitico.mx\\\/?p=37813#article\",\"isPartOf\":{\"@id\":\"https:\\\/\\\/quehacerpolitico.mx\\\/?p=37813\"},\"author\":{\"name\":\"Redacci\u00f3n QP\",\"@id\":\"https:\\\/\\\/quehacerpolitico.mx\\\/#\\\/schema\\\/person\\\/496d8ad2d1d3f8036101dca7ee39e585\"},\"headline\":\"Freno a violencia contra mujeres, exigen en marcha en Ciudad de M\u00e9xico\",\"datePublished\":\"2019-09-09T02:25:13+00:00\",\"mainEntityOfPage\":{\"@id\":\"https:\\\/\\\/quehacerpolitico.mx\\\/?p=37813\"},\"wordCount\":381,\"commentCount\":0,\"image\":{\"@id\":\"https:\\\/\\\/quehacerpolitico.mx\\\/?p=37813#primaryimage\"},\"thumbnailUrl\":\"\",\"articleSection\":[\"CDMX\"],\"inLanguage\":\"es\",\"potentialAction\":[{\"@type\":\"CommentAction\",\"name\":\"Comment\",\"target\":[\"https:\\\/\\\/quehacerpolitico.mx\\\/?p=37813#respond\"]}]},{\"@type\":\"WebPage\",\"@id\":\"https:\\\/\\\/quehacerpolitico.mx\\\/?p=37813\",\"url\":\"https:\\\/\\\/quehacerpolitico.mx\\\/?p=37813\",\"name\":\"Freno a violencia contra mujeres, exigen en marcha en Ciudad de M\u00e9xico -\",\"isPartOf\":{\"@id\":\"https:\\\/\\\/quehacerpolitico.mx\\\/#website\"},\"primaryImageOfPage\":{\"@id\":\"https:\\\/\\\/quehacerpolitico.mx\\\/?p=37813#primaryimage\"},\"image\":{\"@id\":\"https:\\\/\\\/quehacerpolitico.mx\\\/?p=37813#primaryimage\"},\"thumbnailUrl\":\"\",\"datePublished\":\"2019-09-09T02:25:13+00:00\",\"author\":{\"@id\":\"https:\\\/\\\/quehacerpolitico.mx\\\/#\\\/schema\\\/person\\\/496d8ad2d1d3f8036101dca7ee39e585\"},\"breadcrumb\":{\"@id\":\"https:\\\/\\\/quehacerpolitico.mx\\\/?p=37813#breadcrumb\"},\"inLanguage\":\"es\",\"potentialAction\":[{\"@type\":\"ReadAction\",\"target\":[\"https:\\\/\\\/quehacerpolitico.mx\\\/?p=37813\"]}]},{\"@type\":\"ImageObject\",\"inLanguage\":\"es\",\"@id\":\"https:\\\/\\\/quehacerpolitico.mx\\\/?p=37813#primaryimage\",\"url\":\"\",\"contentUrl\":\"\"},{\"@type\":\"BreadcrumbList\",\"@id\":\"https:\\\/\\\/quehacerpolitico.mx\\\/?p=37813#breadcrumb\",\"itemListElement\":[{\"@type\":\"ListItem\",\"position\":1,\"name\":\"Inicio\",\"item\":\"https:\\\/\\\/quehacerpolitico.mx\\\/\"},{\"@type\":\"ListItem\",\"position\":2,\"name\":\"Freno a violencia contra mujeres, exigen en marcha en Ciudad de M\u00e9xico\"}]},{\"@type\":\"WebSite\",\"@id\":\"https:\\\/\\\/quehacerpolitico.mx\\\/#website\",\"url\":\"https:\\\/\\\/quehacerpolitico.mx\\\/\",\"name\":\"\",\"description\":\"\",\"potentialAction\":[{\"@type\":\"SearchAction\",\"target\":{\"@type\":\"EntryPoint\",\"urlTemplate\":\"https:\\\/\\\/quehacerpolitico.mx\\\/?s={search_term_string}\"},\"query-input\":{\"@type\":\"PropertyValueSpecification\",\"valueRequired\":true,\"valueName\":\"search_term_string\"}}],\"inLanguage\":\"es\"},{\"@type\":\"Person\",\"@id\":\"https:\\\/\\\/quehacerpolitico.mx\\\/#\\\/schema\\\/person\\\/496d8ad2d1d3f8036101dca7ee39e585\",\"name\":\"Redacci\u00f3n QP\",\"image\":{\"@type\":\"ImageObject\",\"inLanguage\":\"es\",\"@id\":\"https:\\\/\\\/secure.gravatar.com\\\/avatar\\\/c7164ed6fdec453195284ad24a5ae5b6e1eed2b848477fa2a4787ba9adf39a41?s=96&d=mm&r=g\",\"url\":\"https:\\\/\\\/secure.gravatar.com\\\/avatar\\\/c7164ed6fdec453195284ad24a5ae5b6e1eed2b848477fa2a4787ba9adf39a41?s=96&d=mm&r=g\",\"contentUrl\":\"https:\\\/\\\/secure.gravatar.com\\\/avatar\\\/c7164ed6fdec453195284ad24a5ae5b6e1eed2b848477fa2a4787ba9adf39a41?s=96&d=mm&r=g\",\"caption\":\"Redacci\u00f3n QP\"},\"url\":\"https:\\\/\\\/quehacerpolitico.mx\\\/?author=2\"}]}<\/script>\n<!-- \/ Yoast SEO plugin. -->","yoast_head_json":{"title":"Freno a violencia contra mujeres, exigen en marcha en Ciudad de M\u00e9xico -","robots":{"index":"index","follow":"follow","max-snippet":"max-snippet:-1","max-image-preview":"max-image-preview:large","max-video-preview":"max-video-preview:-1"},"canonical":"https:\/\/quehacerpolitico.mx\/?p=37813","og_locale":"es_MX","og_type":"article","og_title":"Freno a violencia contra mujeres, exigen en marcha en Ciudad de M\u00e9xico -","og_description":"Freno a violencia contra mujeres, exigen en marcha en Ciudad de M\u00e9xico Por Redacci\u00f3n QP","og_url":"https:\/\/quehacerpolitico.mx\/?p=37813","article_published_time":"2019-09-09T02:25:13+00:00","author":"Redacci\u00f3n QP","twitter_card":"summary_large_image","twitter_misc":{"Escrito por":"Redacci\u00f3n QP","Tiempo de lectura":"2 minutos"},"schema":{"@context":"https:\/\/schema.org","@graph":[{"@type":"Article","@id":"https:\/\/quehacerpolitico.mx\/?p=37813#article","isPartOf":{"@id":"https:\/\/quehacerpolitico.mx\/?p=37813"},"author":{"name":"Redacci\u00f3n QP","@id":"https:\/\/quehacerpolitico.mx\/#\/schema\/person\/496d8ad2d1d3f8036101dca7ee39e585"},"headline":"Freno a violencia contra mujeres, exigen en marcha en Ciudad de M\u00e9xico","datePublished":"2019-09-09T02:25:13+00:00","mainEntityOfPage":{"@id":"https:\/\/quehacerpolitico.mx\/?p=37813"},"wordCount":381,"commentCount":0,"image":{"@id":"https:\/\/quehacerpolitico.mx\/?p=37813#primaryimage"},"thumbnailUrl":"","articleSection":["CDMX"],"inLanguage":"es","potentialAction":[{"@type":"CommentAction","name":"Comment","target":["https:\/\/quehacerpolitico.mx\/?p=37813#respond"]}]},{"@type":"WebPage","@id":"https:\/\/quehacerpolitico.mx\/?p=37813","url":"https:\/\/quehacerpolitico.mx\/?p=37813","name":"Freno a violencia contra mujeres, exigen en marcha en Ciudad de M\u00e9xico -","isPartOf":{"@id":"https:\/\/quehacerpolitico.mx\/#website"},"primaryImageOfPage":{"@id":"https:\/\/quehacerpolitico.mx\/?p=37813#primaryimage"},"image":{"@id":"https:\/\/quehacerpolitico.mx\/?p=37813#primaryimage"},"thumbnailUrl":"","datePublished":"2019-09-09T02:25:13+00:00","author":{"@id":"https:\/\/quehacerpolitico.mx\/#\/schema\/person\/496d8ad2d1d3f8036101dca7ee39e585"},"breadcrumb":{"@id":"https:\/\/quehacerpolitico.mx\/?p=37813#breadcrumb"},"inLanguage":"es","potentialAction":[{"@type":"ReadAction","target":["https:\/\/quehacerpolitico.mx\/?p=37813"]}]},{"@type":"ImageObject","inLanguage":"es","@id":"https:\/\/quehacerpolitico.mx\/?p=37813#primaryimage","url":"","contentUrl":""},{"@type":"BreadcrumbList","@id":"https:\/\/quehacerpolitico.mx\/?p=37813#breadcrumb","itemListElement":[{"@type":"ListItem","position":1,"name":"Inicio","item":"https:\/\/quehacerpolitico.mx\/"},{"@type":"ListItem","position":2,"name":"Freno a violencia contra mujeres, exigen en marcha en Ciudad de M\u00e9xico"}]},{"@type":"WebSite","@id":"https:\/\/quehacerpolitico.mx\/#website","url":"https:\/\/quehacerpolitico.mx\/","name":"","description":"","potentialAction":[{"@type":"SearchAction","target":{"@type":"EntryPoint","urlTemplate":"https:\/\/quehacerpolitico.mx\/?s={search_term_string}"},"query-input":{"@type":"PropertyValueSpecification","valueRequired":true,"valueName":"search_term_string"}}],"inLanguage":"es"},{"@type":"Person","@id":"https:\/\/quehacerpolitico.mx\/#\/schema\/person\/496d8ad2d1d3f8036101dca7ee39e585","name":"Redacci\u00f3n QP","image":{"@type":"ImageObject","inLanguage":"es","@id":"https:\/\/secure.gravatar.com\/avatar\/c7164ed6fdec453195284ad24a5ae5b6e1eed2b848477fa2a4787ba9adf39a41?s=96&d=mm&r=g","url":"https:\/\/secure.gravatar.com\/avatar\/c7164ed6fdec453195284ad24a5ae5b6e1eed2b848477fa2a4787ba9adf39a41?s=96&d=mm&r=g","contentUrl":"https:\/\/secure.gravatar.com\/avatar\/c7164ed6fdec453195284ad24a5ae5b6e1eed2b848477fa2a4787ba9adf39a41?s=96&d=mm&r=g","caption":"Redacci\u00f3n QP"},"url":"https:\/\/quehacerpolitico.mx\/?author=2"}]}},"featured_image_urls":{"full":"","thumbnail":"","medium":"","medium_large":"","large":"","1536x1536":"","2048x2048":"","covernews-featured":"","covernews-medium":""},"author_info":{"display_name":"Redacci\u00f3n QP","author_link":"https:\/\/quehacerpolitico.mx\/?author=2"},"category_info":"<a href=\"https:\/\/quehacerpolitico.mx\/?cat=55\" rel=\"category\">CDMX<\/a>","tag_info":"CDMX","comment_count":"0","_links":{"self":[{"href":"https:\/\/quehacerpolitico.mx\/index.php?rest_route=\/wp\/v2\/posts\/37813","targetHints":{"allow":["GET"]}}],"collection":[{"href":"https:\/\/quehacerpolitico.mx\/index.php?rest_route=\/wp\/v2\/posts"}],"about":[{"href":"https:\/\/quehacerpolitico.mx\/index.php?rest_route=\/wp\/v2\/types\/post"}],"author":[{"embeddable":true,"href":"https:\/\/quehacerpolitico.mx\/index.php?rest_route=\/wp\/v2\/users\/2"}],"replies":[{"embeddable":true,"href":"https:\/\/quehacerpolitico.mx\/index.php?rest_route=%2Fwp%2Fv2%2Fcomments&post=37813"}],"version-history":[{"count":0,"href":"https:\/\/quehacerpolitico.mx\/index.php?rest_route=\/wp\/v2\/posts\/37813\/revisions"}],"wp:featuredmedia":[{"embeddable":true,"href":"https:\/\/quehacerpolitico.mx\/index.php?rest_route=\/"}],"wp:attachment":[{"href":"https:\/\/quehacerpolitico.mx\/index.php?rest_route=%2Fwp%2Fv2%2Fmedia&parent=37813"}],"wp:term":[{"taxonomy":"category","embeddable":true,"href":"https:\/\/quehacerpolitico.mx\/index.php?rest_route=%2Fwp%2Fv2%2Fcategories&post=37813"},{"taxonomy":"post_tag","embeddable":true,"href":"https:\/\/quehacerpolitico.mx\/index.php?rest_route=%2Fwp%2Fv2%2Ftags&post=37813"}],"curies":[{"name":"wp","href":"https:\/\/api.w.org\/{rel}","templated":true}]}}