{"id":37810,"date":"2019-09-09T02:16:36","date_gmt":"2019-09-09T02:16:36","guid":{"rendered":"http:\/\/quehacerpolitico.mx\/arturo-herrera-entrega-paquete-economico-2020-a-diputados\/"},"modified":"2019-09-09T02:16:36","modified_gmt":"2019-09-09T02:16:36","slug":"arturo-herrera-entrega-paquete-economico-2020-a-diputados","status":"publish","type":"post","link":"https:\/\/quehacerpolitico.mx\/?p=37810","title":{"rendered":"Arturo Herrera entrega Paquete Econ\u00f3mico 2020 a diputados"},"content":{"rendered":"<h1 class=\"news-title\">Arturo Herrera entrega Paquete Econ\u00f3mico 2020 a diputados<\/h1>\n<p>Por Redacci\u00f3n QP<\/p>\n<p>El titular de la Secretar\u00eda de Hacienda plantea presupuesto cercano a\u00a06.1 billones de pesos<\/p>\n<p><iframe loading=\"lazy\" title=\"Recepci\u00f3n del Paquete Econ\u00f3mico 2020\" width=\"640\" height=\"360\" src=\"https:\/\/www.youtube.com\/embed\/5GdF1ViHUKw?feature=oembed\" frameborder=\"0\" allow=\"accelerometer; autoplay; clipboard-write; encrypted-media; gyroscope; picture-in-picture; web-share\" referrerpolicy=\"strict-origin-when-cross-origin\" allowfullscreen><\/iframe><\/p>\n<p>El titular de la Secretar\u00eda de Hacienda y Cr\u00e9dito P\u00fablico, Arturo Herrera, entreg\u00f3 esta tarde a la Camara de Diputados\u00a0el <strong>Paquete Econ\u00f3mico 2020<\/strong> del Ejecutivo federal.\u00a0<\/p>\n<div id=\"div-gpt-ad-1548262875188-0\" data-google-query-id=\"CICK8qXUwuQCFc7cwAodsSQE0w\">\n<div id=\"google_ads_iframe_\/1001694\/INF_intext_1_0__container__\">Laura Rojas Hern\u00e1ndez, presidenta de la Mesa Directiva de la C\u00e1mara de Diputados, recibi\u00f3 de manos de Herrera el paquete,\u00a0 integrado por la Ley de Ingresos, el Presupuesto de Egresos y los Criterios Generales de Pol\u00edtica Econ\u00f3mica.<\/div>\n<\/div>\n<p>En el acto protocolario, efectuado en el Sal\u00f3n Legisladores del Palacio legislativo en Ciudad de M\u00e9xico, el titular de Hacienda entreg\u00f3 tambi\u00e9n la llamada miscel\u00e1nea fiscal, documentos que en su conjunto establecen la directrices de la pol\u00edtica econ\u00f3mica para 2020, que deber\u00e1n aprobar las c\u00e1maras de Diputados y Senadores<\/p>\n<p>Herrera indic\u00f3 que ese paquete, que es el primero que se elabora por completo por el Presidente Andres Manuel L\u00f3pez Obrador, est\u00e1 construido bajo los principios de generar <strong>estabilidad macroecon\u00f3mica y certidumbre financiera<\/strong>.<\/p>\n<p>&#8220;Est\u00e1 construido sobre bases de estricto apego a la disciplina fiscal. La ley de Ingreso y el paquete que entregamos suman cada uno por su lado, <strong>alrededor de 6.1 billones de pesos<\/strong>&#8220;, resalt\u00f3.<\/p>\n<p>De acuerdo con el titular de la SHCP, el objetivo es construir un paquete econ\u00f3mico &#8220;<strong>muy responsable&#8221;<\/strong>.<\/p>\n<blockquote class=\"twitter-tweet\" data-width=\"550\" data-dnt=\"true\">\n<p lang=\"es\" dir=\"ltr\">\u00bfQuieres conocer los componentes del <a href=\"https:\/\/twitter.com\/hashtag\/PaqueteEcon%C3%B3mico2020?src=hash&amp;ref_src=twsrc%5Etfw\">#PaqueteEcon\u00f3mico2020<\/a>?\ud83c\uddf2\ud83c\uddfd\ud83d\udcb0\ud83d\udce6<\/p>\n<p>\u00a1Entra aqu\u00ed! \ud83d\udc49\ud83c\udffe <a href=\"https:\/\/t.co\/u3qBsfCDeZ\">https:\/\/t.co\/u3qBsfCDeZ<\/a> \ud83d\udc48\ud83c\udfff <a href=\"https:\/\/t.co\/t5vvzT4D6V\">pic.twitter.com\/t5vvzT4D6V<\/a><\/p>\n<p>&mdash; Hacienda (@Hacienda_Mexico) <a href=\"https:\/\/twitter.com\/Hacienda_Mexico\/status\/1170829124908277760?ref_src=twsrc%5Etfw\">September 8, 2019<\/a><\/p><\/blockquote>\n<p><script async src=\"https:\/\/platform.twitter.com\/widgets.js\" charset=\"utf-8\"><\/script><\/p>\n<p>En la informaci\u00f3n distribuida a medios por Hacienda, el gasto neto total se estim\u00f3 en 6.096 billones de pesos mientras que el aprobado en 2019 que fue de 5.814 billones de pesos.<\/p>\n<p>Precis\u00f3 que por el lado del ingreso no se propone ning\u00fan cambio a la estructura tributaria, es decir,<strong>no se aumentar\u00e1n los impuestos<\/strong>.<\/p>\n<p>Adem\u00e1s &#8220;se basa en un marco macroecon\u00f3mico prudente y acorde con las expectativas de los mercados, <strong>dada la incertidumbre<\/strong> que prevalece en el entorno econ\u00f3mico internacional&#8221;.<\/p>\n<p>Explic\u00f3 que para 2020 <strong>se prioriza el uso del gasto p\u00fablico hacia los programas sociales<\/strong> que permitan reducir las desigualdades econ\u00f3micas, sociales y regionales.<\/p>\n<p>Adem\u00e1s de los <strong>proyectos de inversi\u00f3n que tienen mayor incidencia en el crecimiento<\/strong> de la econom\u00eda y se privilegia el gasto en <strong>seguridad<\/strong> ya que habr\u00e1 recursos para que la Guardia Nacional est\u00e9 integrada por 120 mil agentes y en bienestar social.<\/p>\n<p>Mientras que en el sector energ\u00e9tico se impulsar\u00e1 la creaci\u00f3n de infraestructura de la estatal Petr\u00f3leos Mexicanos (Pemex) para lograr su reactivaci\u00f3n la igual que en la Comisi\u00f3n Federal de Electricidad (CFE).<\/p>\n<p>El funcionario mencion\u00f3 que se estima el fortalecimiento del mercado interno, la creaci\u00f3n de empleos, el repunte del cr\u00e9dito y la inversi\u00f3n en infraestructura p\u00fablica y privada generen un mayor dinamismo durante el a\u00f1o.<\/p>\n<p>Lo cual estar\u00eda impulsado por factores externos como mejores condiciones comerciales por la probable ratificaci\u00f3n del Tratado M\u00e9xico-Estados Unidos-Canad\u00e1 (T-MEC), y factores internos como la disipaci\u00f3n de la incertidumbre ante nuevas pol\u00edticas gubernamentales y de presiones inflacionarias.<\/p>\n<h4>Hasta el 15 de noviembre<\/h4>\n<p>El plazo m\u00e1ximo para que la\u00a0aprobaci\u00f3n del Paquete Econ\u00f3mico del a\u00f1o pr\u00f3ximo es el <strong>15 de noviembre<\/strong>. Los senadores s\u00f3lo tienen facultad para la aprobaci\u00f3n en materia fiscal y no presupuestal.<\/p>\n<p>Al acto tambi\u00e9n asistieron funcionarios de la SHCP; el presidente de la Junta de Coordinaci\u00f3n Pol\u00edtica, Mario Delgado, y los presidentes de las comisiones de Presupuesto y Cuenta P\u00fablica, Alfonso Ram\u00edrez Cu\u00e9llar, y de Hacienda y Cr\u00e9dito P\u00fablico, Patricia Terrazas Baca, instancias donde se analizar\u00e1 y dictaminar\u00e1 para ser discutido ante el pleno de la C\u00e1mara de Diputados.<\/p>\n<p><em>Con informaci\u00f3n de EFE y NTX<\/em><\/p>\n","protected":false},"excerpt":{"rendered":"<p>Arturo Herrera entrega Paquete Econ\u00f3mico 2020 a diputados<br \/>\nPor Redacci\u00f3n QP<\/p>\n","protected":false},"author":2,"featured_media":37809,"comment_status":"open","ping_status":"open","sticky":false,"template":"","format":"standard","meta":{"_monsterinsights_skip_tracking":false,"_monsterinsights_sitenote_active":false,"_monsterinsights_sitenote_note":"","_monsterinsights_sitenote_category":0,"footnotes":""},"categories":[56],"tags":[],"class_list":["post-37810","post","type-post","status-publish","format-standard","has-post-thumbnail","hentry","category-economia"],"yoast_head":"<!-- This site is optimized with the Yoast SEO plugin v27.3 - https:\/\/yoast.com\/product\/yoast-seo-wordpress\/ -->\n<title>Arturo Herrera entrega Paquete Econ\u00f3mico 2020 a diputados -<\/title>\n<meta name=\"robots\" content=\"index, follow, max-snippet:-1, max-image-preview:large, max-video-preview:-1\" \/>\n<link rel=\"canonical\" href=\"https:\/\/quehacerpolitico.mx\/?p=37810\" \/>\n<meta property=\"og:locale\" content=\"es_MX\" \/>\n<meta property=\"og:type\" content=\"article\" \/>\n<meta property=\"og:title\" content=\"Arturo Herrera entrega Paquete Econ\u00f3mico 2020 a diputados -\" \/>\n<meta property=\"og:description\" content=\"Arturo Herrera entrega Paquete Econ\u00f3mico 2020 a diputados Por Redacci\u00f3n QP\" \/>\n<meta property=\"og:url\" content=\"https:\/\/quehacerpolitico.mx\/?p=37810\" \/>\n<meta property=\"article:published_time\" content=\"2019-09-09T02:16:36+00:00\" \/>\n<meta name=\"author\" content=\"Redacci\u00f3n QP\" \/>\n<meta name=\"twitter:card\" content=\"summary_large_image\" \/>\n<meta name=\"twitter:label1\" content=\"Escrito por\" \/>\n\t<meta name=\"twitter:data1\" content=\"Redacci\u00f3n QP\" \/>\n\t<meta name=\"twitter:label2\" content=\"Tiempo de lectura\" \/>\n\t<meta name=\"twitter:data2\" content=\"3 minutos\" \/>\n<script type=\"application\/ld+json\" class=\"yoast-schema-graph\">{\"@context\":\"https:\\\/\\\/schema.org\",\"@graph\":[{\"@type\":\"Article\",\"@id\":\"https:\\\/\\\/quehacerpolitico.mx\\\/?p=37810#article\",\"isPartOf\":{\"@id\":\"https:\\\/\\\/quehacerpolitico.mx\\\/?p=37810\"},\"author\":{\"name\":\"Redacci\u00f3n QP\",\"@id\":\"https:\\\/\\\/quehacerpolitico.mx\\\/#\\\/schema\\\/person\\\/496d8ad2d1d3f8036101dca7ee39e585\"},\"headline\":\"Arturo Herrera entrega Paquete Econ\u00f3mico 2020 a diputados\",\"datePublished\":\"2019-09-09T02:16:36+00:00\",\"mainEntityOfPage\":{\"@id\":\"https:\\\/\\\/quehacerpolitico.mx\\\/?p=37810\"},\"wordCount\":646,\"commentCount\":0,\"image\":{\"@id\":\"https:\\\/\\\/quehacerpolitico.mx\\\/?p=37810#primaryimage\"},\"thumbnailUrl\":\"\",\"articleSection\":[\"Econom\u00eda\"],\"inLanguage\":\"es\",\"potentialAction\":[{\"@type\":\"CommentAction\",\"name\":\"Comment\",\"target\":[\"https:\\\/\\\/quehacerpolitico.mx\\\/?p=37810#respond\"]}]},{\"@type\":\"WebPage\",\"@id\":\"https:\\\/\\\/quehacerpolitico.mx\\\/?p=37810\",\"url\":\"https:\\\/\\\/quehacerpolitico.mx\\\/?p=37810\",\"name\":\"Arturo Herrera entrega Paquete Econ\u00f3mico 2020 a diputados -\",\"isPartOf\":{\"@id\":\"https:\\\/\\\/quehacerpolitico.mx\\\/#website\"},\"primaryImageOfPage\":{\"@id\":\"https:\\\/\\\/quehacerpolitico.mx\\\/?p=37810#primaryimage\"},\"image\":{\"@id\":\"https:\\\/\\\/quehacerpolitico.mx\\\/?p=37810#primaryimage\"},\"thumbnailUrl\":\"\",\"datePublished\":\"2019-09-09T02:16:36+00:00\",\"author\":{\"@id\":\"https:\\\/\\\/quehacerpolitico.mx\\\/#\\\/schema\\\/person\\\/496d8ad2d1d3f8036101dca7ee39e585\"},\"breadcrumb\":{\"@id\":\"https:\\\/\\\/quehacerpolitico.mx\\\/?p=37810#breadcrumb\"},\"inLanguage\":\"es\",\"potentialAction\":[{\"@type\":\"ReadAction\",\"target\":[\"https:\\\/\\\/quehacerpolitico.mx\\\/?p=37810\"]}]},{\"@type\":\"ImageObject\",\"inLanguage\":\"es\",\"@id\":\"https:\\\/\\\/quehacerpolitico.mx\\\/?p=37810#primaryimage\",\"url\":\"\",\"contentUrl\":\"\"},{\"@type\":\"BreadcrumbList\",\"@id\":\"https:\\\/\\\/quehacerpolitico.mx\\\/?p=37810#breadcrumb\",\"itemListElement\":[{\"@type\":\"ListItem\",\"position\":1,\"name\":\"Inicio\",\"item\":\"https:\\\/\\\/quehacerpolitico.mx\\\/\"},{\"@type\":\"ListItem\",\"position\":2,\"name\":\"Arturo Herrera entrega Paquete Econ\u00f3mico 2020 a diputados\"}]},{\"@type\":\"WebSite\",\"@id\":\"https:\\\/\\\/quehacerpolitico.mx\\\/#website\",\"url\":\"https:\\\/\\\/quehacerpolitico.mx\\\/\",\"name\":\"\",\"description\":\"\",\"potentialAction\":[{\"@type\":\"SearchAction\",\"target\":{\"@type\":\"EntryPoint\",\"urlTemplate\":\"https:\\\/\\\/quehacerpolitico.mx\\\/?s={search_term_string}\"},\"query-input\":{\"@type\":\"PropertyValueSpecification\",\"valueRequired\":true,\"valueName\":\"search_term_string\"}}],\"inLanguage\":\"es\"},{\"@type\":\"Person\",\"@id\":\"https:\\\/\\\/quehacerpolitico.mx\\\/#\\\/schema\\\/person\\\/496d8ad2d1d3f8036101dca7ee39e585\",\"name\":\"Redacci\u00f3n QP\",\"image\":{\"@type\":\"ImageObject\",\"inLanguage\":\"es\",\"@id\":\"https:\\\/\\\/secure.gravatar.com\\\/avatar\\\/c7164ed6fdec453195284ad24a5ae5b6e1eed2b848477fa2a4787ba9adf39a41?s=96&d=mm&r=g\",\"url\":\"https:\\\/\\\/secure.gravatar.com\\\/avatar\\\/c7164ed6fdec453195284ad24a5ae5b6e1eed2b848477fa2a4787ba9adf39a41?s=96&d=mm&r=g\",\"contentUrl\":\"https:\\\/\\\/secure.gravatar.com\\\/avatar\\\/c7164ed6fdec453195284ad24a5ae5b6e1eed2b848477fa2a4787ba9adf39a41?s=96&d=mm&r=g\",\"caption\":\"Redacci\u00f3n QP\"},\"url\":\"https:\\\/\\\/quehacerpolitico.mx\\\/?author=2\"}]}<\/script>\n<!-- \/ Yoast SEO plugin. -->","yoast_head_json":{"title":"Arturo Herrera entrega Paquete Econ\u00f3mico 2020 a diputados -","robots":{"index":"index","follow":"follow","max-snippet":"max-snippet:-1","max-image-preview":"max-image-preview:large","max-video-preview":"max-video-preview:-1"},"canonical":"https:\/\/quehacerpolitico.mx\/?p=37810","og_locale":"es_MX","og_type":"article","og_title":"Arturo Herrera entrega Paquete Econ\u00f3mico 2020 a diputados -","og_description":"Arturo Herrera entrega Paquete Econ\u00f3mico 2020 a diputados Por Redacci\u00f3n QP","og_url":"https:\/\/quehacerpolitico.mx\/?p=37810","article_published_time":"2019-09-09T02:16:36+00:00","author":"Redacci\u00f3n QP","twitter_card":"summary_large_image","twitter_misc":{"Escrito por":"Redacci\u00f3n QP","Tiempo de lectura":"3 minutos"},"schema":{"@context":"https:\/\/schema.org","@graph":[{"@type":"Article","@id":"https:\/\/quehacerpolitico.mx\/?p=37810#article","isPartOf":{"@id":"https:\/\/quehacerpolitico.mx\/?p=37810"},"author":{"name":"Redacci\u00f3n QP","@id":"https:\/\/quehacerpolitico.mx\/#\/schema\/person\/496d8ad2d1d3f8036101dca7ee39e585"},"headline":"Arturo Herrera entrega Paquete Econ\u00f3mico 2020 a diputados","datePublished":"2019-09-09T02:16:36+00:00","mainEntityOfPage":{"@id":"https:\/\/quehacerpolitico.mx\/?p=37810"},"wordCount":646,"commentCount":0,"image":{"@id":"https:\/\/quehacerpolitico.mx\/?p=37810#primaryimage"},"thumbnailUrl":"","articleSection":["Econom\u00eda"],"inLanguage":"es","potentialAction":[{"@type":"CommentAction","name":"Comment","target":["https:\/\/quehacerpolitico.mx\/?p=37810#respond"]}]},{"@type":"WebPage","@id":"https:\/\/quehacerpolitico.mx\/?p=37810","url":"https:\/\/quehacerpolitico.mx\/?p=37810","name":"Arturo Herrera entrega Paquete Econ\u00f3mico 2020 a diputados -","isPartOf":{"@id":"https:\/\/quehacerpolitico.mx\/#website"},"primaryImageOfPage":{"@id":"https:\/\/quehacerpolitico.mx\/?p=37810#primaryimage"},"image":{"@id":"https:\/\/quehacerpolitico.mx\/?p=37810#primaryimage"},"thumbnailUrl":"","datePublished":"2019-09-09T02:16:36+00:00","author":{"@id":"https:\/\/quehacerpolitico.mx\/#\/schema\/person\/496d8ad2d1d3f8036101dca7ee39e585"},"breadcrumb":{"@id":"https:\/\/quehacerpolitico.mx\/?p=37810#breadcrumb"},"inLanguage":"es","potentialAction":[{"@type":"ReadAction","target":["https:\/\/quehacerpolitico.mx\/?p=37810"]}]},{"@type":"ImageObject","inLanguage":"es","@id":"https:\/\/quehacerpolitico.mx\/?p=37810#primaryimage","url":"","contentUrl":""},{"@type":"BreadcrumbList","@id":"https:\/\/quehacerpolitico.mx\/?p=37810#breadcrumb","itemListElement":[{"@type":"ListItem","position":1,"name":"Inicio","item":"https:\/\/quehacerpolitico.mx\/"},{"@type":"ListItem","position":2,"name":"Arturo Herrera entrega Paquete Econ\u00f3mico 2020 a diputados"}]},{"@type":"WebSite","@id":"https:\/\/quehacerpolitico.mx\/#website","url":"https:\/\/quehacerpolitico.mx\/","name":"","description":"","potentialAction":[{"@type":"SearchAction","target":{"@type":"EntryPoint","urlTemplate":"https:\/\/quehacerpolitico.mx\/?s={search_term_string}"},"query-input":{"@type":"PropertyValueSpecification","valueRequired":true,"valueName":"search_term_string"}}],"inLanguage":"es"},{"@type":"Person","@id":"https:\/\/quehacerpolitico.mx\/#\/schema\/person\/496d8ad2d1d3f8036101dca7ee39e585","name":"Redacci\u00f3n QP","image":{"@type":"ImageObject","inLanguage":"es","@id":"https:\/\/secure.gravatar.com\/avatar\/c7164ed6fdec453195284ad24a5ae5b6e1eed2b848477fa2a4787ba9adf39a41?s=96&d=mm&r=g","url":"https:\/\/secure.gravatar.com\/avatar\/c7164ed6fdec453195284ad24a5ae5b6e1eed2b848477fa2a4787ba9adf39a41?s=96&d=mm&r=g","contentUrl":"https:\/\/secure.gravatar.com\/avatar\/c7164ed6fdec453195284ad24a5ae5b6e1eed2b848477fa2a4787ba9adf39a41?s=96&d=mm&r=g","caption":"Redacci\u00f3n QP"},"url":"https:\/\/quehacerpolitico.mx\/?author=2"}]}},"featured_image_urls":{"full":"","thumbnail":"","medium":"","medium_large":"","large":"","1536x1536":"","2048x2048":"","covernews-featured":"","covernews-medium":""},"author_info":{"display_name":"Redacci\u00f3n QP","author_link":"https:\/\/quehacerpolitico.mx\/?author=2"},"category_info":"<a href=\"https:\/\/quehacerpolitico.mx\/?cat=56\" rel=\"category\">Econom\u00eda<\/a>","tag_info":"Econom\u00eda","comment_count":"0","_links":{"self":[{"href":"https:\/\/quehacerpolitico.mx\/index.php?rest_route=\/wp\/v2\/posts\/37810","targetHints":{"allow":["GET"]}}],"collection":[{"href":"https:\/\/quehacerpolitico.mx\/index.php?rest_route=\/wp\/v2\/posts"}],"about":[{"href":"https:\/\/quehacerpolitico.mx\/index.php?rest_route=\/wp\/v2\/types\/post"}],"author":[{"embeddable":true,"href":"https:\/\/quehacerpolitico.mx\/index.php?rest_route=\/wp\/v2\/users\/2"}],"replies":[{"embeddable":true,"href":"https:\/\/quehacerpolitico.mx\/index.php?rest_route=%2Fwp%2Fv2%2Fcomments&post=37810"}],"version-history":[{"count":0,"href":"https:\/\/quehacerpolitico.mx\/index.php?rest_route=\/wp\/v2\/posts\/37810\/revisions"}],"wp:featuredmedia":[{"embeddable":true,"href":"https:\/\/quehacerpolitico.mx\/index.php?rest_route=\/"}],"wp:attachment":[{"href":"https:\/\/quehacerpolitico.mx\/index.php?rest_route=%2Fwp%2Fv2%2Fmedia&parent=37810"}],"wp:term":[{"taxonomy":"category","embeddable":true,"href":"https:\/\/quehacerpolitico.mx\/index.php?rest_route=%2Fwp%2Fv2%2Fcategories&post=37810"},{"taxonomy":"post_tag","embeddable":true,"href":"https:\/\/quehacerpolitico.mx\/index.php?rest_route=%2Fwp%2Fv2%2Ftags&post=37810"}],"curies":[{"name":"wp","href":"https:\/\/api.w.org\/{rel}","templated":true}]}}