{"id":37803,"date":"2019-09-08T18:18:33","date_gmt":"2019-09-08T18:18:33","guid":{"rendered":"http:\/\/quehacerpolitico.mx\/pelea-de-territorio-entre-cng-e-israelies-asesinados-en-plaza-artz\/"},"modified":"2019-09-08T18:18:33","modified_gmt":"2019-09-08T18:18:33","slug":"pelea-de-territorio-entre-cng-e-israelies-asesinados-en-plaza-artz","status":"publish","type":"post","link":"https:\/\/quehacerpolitico.mx\/?p=37803","title":{"rendered":"Pelea de territorio entre CNG e israel\u00edes asesinados en Plaza Artz"},"content":{"rendered":"<h1 class=\"news-title\">Pelea de territorio entre CNG e israel\u00edes asesinados en Plaza Artz<\/h1>\n<p>Por Redacci\u00f3n QP<\/p>\n<p>Fuentes cercanas al caso descartan la informaci\u00f3n sobre la presunta entrega de dinero por parte de hackers<\/p>\n<p>El Cartel Nueva Generaci\u00f3n\u00a0(CNG) y la <strong>mafia israel\u00ed presuntamente pretend\u00edan cerrar un &#8220;negocio&#8221;<\/strong> previo al doble homicidio de Benjamin Yeshurun Sutchi\u00a0y Alon Azulay, ocurrido en Plaza Artz Pedregal de Ciudad de M\u00e9xico\u00a0el pasado 24 de julio.<\/p>\n<div id=\"div-gpt-ad-1548262875188-0\" data-google-query-id=\"CNPjlP_oweQCFVSzTwod9VsCeA\">\n<div id=\"google_ads_iframe_\/1001694\/INF_intext_1_0__container__\">Fuentes cercanas a la investigaci\u00f3n dijeron a El Universal que esta es la <strong>principal l\u00ednea de investigaci\u00f3n<\/strong> en el caso Artz, por lo que descartaron la informaci\u00f3n sobre la presunta entrega de dinero por parte de hackers de aquel pa\u00eds.<\/div>\n<\/div>\n<p>Los agentes investigadores a\u00fan no logran determinar en qu\u00e9 consist\u00eda este presunto negocio, puesto que hasta el momento los <strong>dos presuntos autores materiales<\/strong> no han proporcionado mayores datos.<\/p>\n<p>El 26 de julio pasado, el secretario de Seguridad y Protecci\u00f3n Ciudadana (SSPC), Alfonso Durazo Monta\u00f1o, dijo que el doble homicidio correspond\u00eda a un <strong>ajuste de cuentas<\/strong> entre organizaciones criminales.<\/p>\n<p>El viernes, el supuesto segundo autor material del doble homicidio, <strong>Mauricio &#8220;N&#8221;, alias &#8220;El Mawicho&#8221;<\/strong>, presunto integrante del CNG, fue detenido en Zapopan\u00a0Jalisco, y trasladado al Reclusorio Preventivo Varonil Oriente.<\/p>\n<p>Este s\u00e1bado, un juez de control lo vincul\u00f3 a proceso por el delito de homicidio calificado contra los dos ciudadanos israel\u00edes. Permanecer\u00e1 en el penal y se dio un plazo de tres meses para cerrar de la investigaci\u00f3n.<\/p>\n<p>En la audiencia, el agente del Ministerio P\u00fablico revel\u00f3 que a &#8220;El Mawicho&#8221; lo denunciaron de manera an\u00f3nima a trav\u00e9s de una llamada telef\u00f3nica a la Direcci\u00f3n General de Investigaci\u00f3n Criminal de la procuradur\u00eda capitalina.<\/p>\n<p>Detallaron que <strong>Mauricio &#8220;N&#8221; era un presunto narcomenudista que operaban en Azcapotzalco<\/strong> y que sol\u00eda usar gorras y se depilaba las cejas. En la llamada les comentaron a los agentes que lo hab\u00edan <strong>reconocido en los videos del restaurante\u00a0<\/strong>donde ocurri\u00f3 el doble homicidio. Por lo anterior, las autoridades lo identificaron y encontraron que contaba con un ingreso al Reclusorio Oriente en 2015.<\/p>\n<p>Durante la audiencia de formulaci\u00f3n de imputaci\u00f3n, la parte defensora acept\u00f3 que se definiera su situaci\u00f3n jur\u00eddica, por lo que el juez determin\u00f3 su vinculaci\u00f3n a proceso, pues calific\u00f3 de &#8220;id\u00f3neas y suficientes&#8221; las pruebas aportadas por el Ministerio P\u00fablico de la procuradur\u00eda local.<\/p>\n<p>El d\u00eda de los hechos, se se\u00f1ala que\u00a0<strong>Mauricio &#8220;N&#8221; y su c\u00f3mplice Esperanza &#8220;N&#8221;<\/strong> arribaron al restaurante en la plaza\u00a0a las 16:50 de la tarde. Tomaron la mesa n\u00famero 12, cerca de la salida, aunque minutos despu\u00e9s solicitaron a una de las hostess los cambiara a la n\u00famero 83, desde donde salieron con armas 9 mil\u00edmetros y dispararon en 22 ocasiones, hiriendo nueve veces a Benjam\u00edn Sutchi y en tres a Alon Azulay.<\/p>\n<h4>&#8220;La G\u00fcera&#8221;<\/h4>\n<p>De acuerdo con las fuentes consultadas, Vanessa Ballar Fallas, <strong>&#8220;La G\u00fcera&#8221;, fue la que puso el lugar y la fecha de la reuni\u00f3n con Benjam\u00edn Sutchi y Alon Azulay<\/strong> para que se cometiera el crimen; incluso, lleg\u00f3 minutos antes a la reuni\u00f3n pactada con ambos.<\/p>\n<p>En la audiencia se especific\u00f3 que pidi\u00f3 una Coca Cola light y comenz\u00f3 a fumar a la espera de las v\u00edctimas, no sin antes realizar una llamada telef\u00f3nica para preguntar cu\u00e1nto faltaba para que arribaran al restaurante.<\/p>\n<p>A trav\u00e9s de tres testigos de los hechos, todos empleados del restaurante Hunan, desde el d\u00eda uno se tuvo la media filiaci\u00f3n de Ballar Fallas, adem\u00e1s de qu\u00e9 papel jug\u00f3 en el crimen, pues el ayudante de meseros narr\u00f3 que escuch\u00f3 parte de la conversaci\u00f3n telef\u00f3nica: &#8220;Est\u00e1n por llegar estas personas&#8221;, dijo Vanessa Ballar al tel\u00e9fono.<\/p>\n","protected":false},"excerpt":{"rendered":"<p>Pelea de territorio entre CNG e israel\u00edes asesinados en Plaza Artz<br \/>\nPor Redacci\u00f3n QP<\/p>\n","protected":false},"author":2,"featured_media":37802,"comment_status":"open","ping_status":"open","sticky":false,"template":"","format":"standard","meta":{"_monsterinsights_skip_tracking":false,"_monsterinsights_sitenote_active":false,"_monsterinsights_sitenote_note":"","_monsterinsights_sitenote_category":0,"footnotes":""},"categories":[55],"tags":[],"class_list":["post-37803","post","type-post","status-publish","format-standard","has-post-thumbnail","hentry","category-cdmx"],"yoast_head":"<!-- This site is optimized with the Yoast SEO plugin v27.3 - https:\/\/yoast.com\/product\/yoast-seo-wordpress\/ -->\n<title>Pelea de territorio entre CNG e israel\u00edes asesinados en Plaza Artz -<\/title>\n<meta name=\"robots\" content=\"index, follow, max-snippet:-1, max-image-preview:large, max-video-preview:-1\" \/>\n<link rel=\"canonical\" href=\"https:\/\/quehacerpolitico.mx\/?p=37803\" \/>\n<meta property=\"og:locale\" content=\"es_MX\" \/>\n<meta property=\"og:type\" content=\"article\" \/>\n<meta property=\"og:title\" content=\"Pelea de territorio entre CNG e israel\u00edes asesinados en Plaza Artz -\" \/>\n<meta property=\"og:description\" content=\"Pelea de territorio entre CNG e israel\u00edes asesinados en Plaza Artz Por Redacci\u00f3n QP\" \/>\n<meta property=\"og:url\" content=\"https:\/\/quehacerpolitico.mx\/?p=37803\" \/>\n<meta property=\"article:published_time\" content=\"2019-09-08T18:18:33+00:00\" \/>\n<meta name=\"author\" content=\"Redacci\u00f3n QP\" \/>\n<meta name=\"twitter:card\" content=\"summary_large_image\" \/>\n<meta name=\"twitter:label1\" content=\"Escrito por\" \/>\n\t<meta name=\"twitter:data1\" content=\"Redacci\u00f3n QP\" \/>\n\t<meta name=\"twitter:label2\" content=\"Tiempo de lectura\" \/>\n\t<meta name=\"twitter:data2\" content=\"3 minutos\" \/>\n<script type=\"application\/ld+json\" class=\"yoast-schema-graph\">{\"@context\":\"https:\\\/\\\/schema.org\",\"@graph\":[{\"@type\":\"Article\",\"@id\":\"https:\\\/\\\/quehacerpolitico.mx\\\/?p=37803#article\",\"isPartOf\":{\"@id\":\"https:\\\/\\\/quehacerpolitico.mx\\\/?p=37803\"},\"author\":{\"name\":\"Redacci\u00f3n QP\",\"@id\":\"https:\\\/\\\/quehacerpolitico.mx\\\/#\\\/schema\\\/person\\\/496d8ad2d1d3f8036101dca7ee39e585\"},\"headline\":\"Pelea de territorio entre CNG e israel\u00edes asesinados en Plaza Artz\",\"datePublished\":\"2019-09-08T18:18:33+00:00\",\"mainEntityOfPage\":{\"@id\":\"https:\\\/\\\/quehacerpolitico.mx\\\/?p=37803\"},\"wordCount\":658,\"commentCount\":0,\"image\":{\"@id\":\"https:\\\/\\\/quehacerpolitico.mx\\\/?p=37803#primaryimage\"},\"thumbnailUrl\":\"\",\"articleSection\":[\"CDMX\"],\"inLanguage\":\"es\",\"potentialAction\":[{\"@type\":\"CommentAction\",\"name\":\"Comment\",\"target\":[\"https:\\\/\\\/quehacerpolitico.mx\\\/?p=37803#respond\"]}]},{\"@type\":\"WebPage\",\"@id\":\"https:\\\/\\\/quehacerpolitico.mx\\\/?p=37803\",\"url\":\"https:\\\/\\\/quehacerpolitico.mx\\\/?p=37803\",\"name\":\"Pelea de territorio entre CNG e israel\u00edes asesinados en Plaza Artz -\",\"isPartOf\":{\"@id\":\"https:\\\/\\\/quehacerpolitico.mx\\\/#website\"},\"primaryImageOfPage\":{\"@id\":\"https:\\\/\\\/quehacerpolitico.mx\\\/?p=37803#primaryimage\"},\"image\":{\"@id\":\"https:\\\/\\\/quehacerpolitico.mx\\\/?p=37803#primaryimage\"},\"thumbnailUrl\":\"\",\"datePublished\":\"2019-09-08T18:18:33+00:00\",\"author\":{\"@id\":\"https:\\\/\\\/quehacerpolitico.mx\\\/#\\\/schema\\\/person\\\/496d8ad2d1d3f8036101dca7ee39e585\"},\"breadcrumb\":{\"@id\":\"https:\\\/\\\/quehacerpolitico.mx\\\/?p=37803#breadcrumb\"},\"inLanguage\":\"es\",\"potentialAction\":[{\"@type\":\"ReadAction\",\"target\":[\"https:\\\/\\\/quehacerpolitico.mx\\\/?p=37803\"]}]},{\"@type\":\"ImageObject\",\"inLanguage\":\"es\",\"@id\":\"https:\\\/\\\/quehacerpolitico.mx\\\/?p=37803#primaryimage\",\"url\":\"\",\"contentUrl\":\"\"},{\"@type\":\"BreadcrumbList\",\"@id\":\"https:\\\/\\\/quehacerpolitico.mx\\\/?p=37803#breadcrumb\",\"itemListElement\":[{\"@type\":\"ListItem\",\"position\":1,\"name\":\"Inicio\",\"item\":\"https:\\\/\\\/quehacerpolitico.mx\\\/\"},{\"@type\":\"ListItem\",\"position\":2,\"name\":\"Pelea de territorio entre CNG e israel\u00edes asesinados en Plaza Artz\"}]},{\"@type\":\"WebSite\",\"@id\":\"https:\\\/\\\/quehacerpolitico.mx\\\/#website\",\"url\":\"https:\\\/\\\/quehacerpolitico.mx\\\/\",\"name\":\"\",\"description\":\"\",\"potentialAction\":[{\"@type\":\"SearchAction\",\"target\":{\"@type\":\"EntryPoint\",\"urlTemplate\":\"https:\\\/\\\/quehacerpolitico.mx\\\/?s={search_term_string}\"},\"query-input\":{\"@type\":\"PropertyValueSpecification\",\"valueRequired\":true,\"valueName\":\"search_term_string\"}}],\"inLanguage\":\"es\"},{\"@type\":\"Person\",\"@id\":\"https:\\\/\\\/quehacerpolitico.mx\\\/#\\\/schema\\\/person\\\/496d8ad2d1d3f8036101dca7ee39e585\",\"name\":\"Redacci\u00f3n QP\",\"image\":{\"@type\":\"ImageObject\",\"inLanguage\":\"es\",\"@id\":\"https:\\\/\\\/secure.gravatar.com\\\/avatar\\\/c7164ed6fdec453195284ad24a5ae5b6e1eed2b848477fa2a4787ba9adf39a41?s=96&d=mm&r=g\",\"url\":\"https:\\\/\\\/secure.gravatar.com\\\/avatar\\\/c7164ed6fdec453195284ad24a5ae5b6e1eed2b848477fa2a4787ba9adf39a41?s=96&d=mm&r=g\",\"contentUrl\":\"https:\\\/\\\/secure.gravatar.com\\\/avatar\\\/c7164ed6fdec453195284ad24a5ae5b6e1eed2b848477fa2a4787ba9adf39a41?s=96&d=mm&r=g\",\"caption\":\"Redacci\u00f3n QP\"},\"url\":\"https:\\\/\\\/quehacerpolitico.mx\\\/?author=2\"}]}<\/script>\n<!-- \/ Yoast SEO plugin. -->","yoast_head_json":{"title":"Pelea de territorio entre CNG e israel\u00edes asesinados en Plaza Artz -","robots":{"index":"index","follow":"follow","max-snippet":"max-snippet:-1","max-image-preview":"max-image-preview:large","max-video-preview":"max-video-preview:-1"},"canonical":"https:\/\/quehacerpolitico.mx\/?p=37803","og_locale":"es_MX","og_type":"article","og_title":"Pelea de territorio entre CNG e israel\u00edes asesinados en Plaza Artz -","og_description":"Pelea de territorio entre CNG e israel\u00edes asesinados en Plaza Artz Por Redacci\u00f3n QP","og_url":"https:\/\/quehacerpolitico.mx\/?p=37803","article_published_time":"2019-09-08T18:18:33+00:00","author":"Redacci\u00f3n QP","twitter_card":"summary_large_image","twitter_misc":{"Escrito por":"Redacci\u00f3n QP","Tiempo de lectura":"3 minutos"},"schema":{"@context":"https:\/\/schema.org","@graph":[{"@type":"Article","@id":"https:\/\/quehacerpolitico.mx\/?p=37803#article","isPartOf":{"@id":"https:\/\/quehacerpolitico.mx\/?p=37803"},"author":{"name":"Redacci\u00f3n QP","@id":"https:\/\/quehacerpolitico.mx\/#\/schema\/person\/496d8ad2d1d3f8036101dca7ee39e585"},"headline":"Pelea de territorio entre CNG e israel\u00edes asesinados en Plaza Artz","datePublished":"2019-09-08T18:18:33+00:00","mainEntityOfPage":{"@id":"https:\/\/quehacerpolitico.mx\/?p=37803"},"wordCount":658,"commentCount":0,"image":{"@id":"https:\/\/quehacerpolitico.mx\/?p=37803#primaryimage"},"thumbnailUrl":"","articleSection":["CDMX"],"inLanguage":"es","potentialAction":[{"@type":"CommentAction","name":"Comment","target":["https:\/\/quehacerpolitico.mx\/?p=37803#respond"]}]},{"@type":"WebPage","@id":"https:\/\/quehacerpolitico.mx\/?p=37803","url":"https:\/\/quehacerpolitico.mx\/?p=37803","name":"Pelea de territorio entre CNG e israel\u00edes asesinados en Plaza Artz -","isPartOf":{"@id":"https:\/\/quehacerpolitico.mx\/#website"},"primaryImageOfPage":{"@id":"https:\/\/quehacerpolitico.mx\/?p=37803#primaryimage"},"image":{"@id":"https:\/\/quehacerpolitico.mx\/?p=37803#primaryimage"},"thumbnailUrl":"","datePublished":"2019-09-08T18:18:33+00:00","author":{"@id":"https:\/\/quehacerpolitico.mx\/#\/schema\/person\/496d8ad2d1d3f8036101dca7ee39e585"},"breadcrumb":{"@id":"https:\/\/quehacerpolitico.mx\/?p=37803#breadcrumb"},"inLanguage":"es","potentialAction":[{"@type":"ReadAction","target":["https:\/\/quehacerpolitico.mx\/?p=37803"]}]},{"@type":"ImageObject","inLanguage":"es","@id":"https:\/\/quehacerpolitico.mx\/?p=37803#primaryimage","url":"","contentUrl":""},{"@type":"BreadcrumbList","@id":"https:\/\/quehacerpolitico.mx\/?p=37803#breadcrumb","itemListElement":[{"@type":"ListItem","position":1,"name":"Inicio","item":"https:\/\/quehacerpolitico.mx\/"},{"@type":"ListItem","position":2,"name":"Pelea de territorio entre CNG e israel\u00edes asesinados en Plaza Artz"}]},{"@type":"WebSite","@id":"https:\/\/quehacerpolitico.mx\/#website","url":"https:\/\/quehacerpolitico.mx\/","name":"","description":"","potentialAction":[{"@type":"SearchAction","target":{"@type":"EntryPoint","urlTemplate":"https:\/\/quehacerpolitico.mx\/?s={search_term_string}"},"query-input":{"@type":"PropertyValueSpecification","valueRequired":true,"valueName":"search_term_string"}}],"inLanguage":"es"},{"@type":"Person","@id":"https:\/\/quehacerpolitico.mx\/#\/schema\/person\/496d8ad2d1d3f8036101dca7ee39e585","name":"Redacci\u00f3n QP","image":{"@type":"ImageObject","inLanguage":"es","@id":"https:\/\/secure.gravatar.com\/avatar\/c7164ed6fdec453195284ad24a5ae5b6e1eed2b848477fa2a4787ba9adf39a41?s=96&d=mm&r=g","url":"https:\/\/secure.gravatar.com\/avatar\/c7164ed6fdec453195284ad24a5ae5b6e1eed2b848477fa2a4787ba9adf39a41?s=96&d=mm&r=g","contentUrl":"https:\/\/secure.gravatar.com\/avatar\/c7164ed6fdec453195284ad24a5ae5b6e1eed2b848477fa2a4787ba9adf39a41?s=96&d=mm&r=g","caption":"Redacci\u00f3n QP"},"url":"https:\/\/quehacerpolitico.mx\/?author=2"}]}},"featured_image_urls":{"full":"","thumbnail":"","medium":"","medium_large":"","large":"","1536x1536":"","2048x2048":"","covernews-featured":"","covernews-medium":""},"author_info":{"display_name":"Redacci\u00f3n QP","author_link":"https:\/\/quehacerpolitico.mx\/?author=2"},"category_info":"<a href=\"https:\/\/quehacerpolitico.mx\/?cat=55\" rel=\"category\">CDMX<\/a>","tag_info":"CDMX","comment_count":"0","_links":{"self":[{"href":"https:\/\/quehacerpolitico.mx\/index.php?rest_route=\/wp\/v2\/posts\/37803","targetHints":{"allow":["GET"]}}],"collection":[{"href":"https:\/\/quehacerpolitico.mx\/index.php?rest_route=\/wp\/v2\/posts"}],"about":[{"href":"https:\/\/quehacerpolitico.mx\/index.php?rest_route=\/wp\/v2\/types\/post"}],"author":[{"embeddable":true,"href":"https:\/\/quehacerpolitico.mx\/index.php?rest_route=\/wp\/v2\/users\/2"}],"replies":[{"embeddable":true,"href":"https:\/\/quehacerpolitico.mx\/index.php?rest_route=%2Fwp%2Fv2%2Fcomments&post=37803"}],"version-history":[{"count":0,"href":"https:\/\/quehacerpolitico.mx\/index.php?rest_route=\/wp\/v2\/posts\/37803\/revisions"}],"wp:featuredmedia":[{"embeddable":true,"href":"https:\/\/quehacerpolitico.mx\/index.php?rest_route=\/"}],"wp:attachment":[{"href":"https:\/\/quehacerpolitico.mx\/index.php?rest_route=%2Fwp%2Fv2%2Fmedia&parent=37803"}],"wp:term":[{"taxonomy":"category","embeddable":true,"href":"https:\/\/quehacerpolitico.mx\/index.php?rest_route=%2Fwp%2Fv2%2Fcategories&post=37803"},{"taxonomy":"post_tag","embeddable":true,"href":"https:\/\/quehacerpolitico.mx\/index.php?rest_route=%2Fwp%2Fv2%2Ftags&post=37803"}],"curies":[{"name":"wp","href":"https:\/\/api.w.org\/{rel}","templated":true}]}}