{"id":37763,"date":"2019-09-08T03:01:10","date_gmt":"2019-09-08T03:01:10","guid":{"rendered":"http:\/\/quehacerpolitico.mx\/el-menchito-estara-en-sonora-mientras-se-aprueba-su-extradicion\/"},"modified":"2019-09-08T03:01:10","modified_gmt":"2019-09-08T03:01:10","slug":"el-menchito-estara-en-sonora-mientras-se-aprueba-su-extradicion","status":"publish","type":"post","link":"https:\/\/quehacerpolitico.mx\/?p=37763","title":{"rendered":"&#8220;El Menchito&#8221; estar\u00e1 en Sonora mientras se aprueba su extradici\u00f3n"},"content":{"rendered":"<h1 class=\"news-title\">&#8220;El Menchito&#8221; estar\u00e1 en Sonora mientras se aprueba su extradici\u00f3n<\/h1>\n<p>Por Redacci\u00f3n QP<\/p>\n<p>Personal de la Secretar\u00eda de Seguridad y Protecci\u00f3n Ciudadana confirma que la estad\u00eda de Rub\u00e9n Oseguera Gonz\u00e1lez s\u00f3lo ser\u00e1 temporal<\/p>\n<p>Al manifestar su desacuerdo por la existencia del Centro Federal de Readaptaci\u00f3n Social 11 (Cefereso) en Sonora, David Anaya Cooley, secretario de Seguridad P\u00fablica del estado, se\u00f1al\u00f3 que la Secretar\u00eda de Seguridad y Protecci\u00f3n Ciudadana le inform\u00f3 que la permanencia de Rub\u00e9n Oseguera Gonz\u00e1lez &#8220;El Menchito&#8221; en este penal federal <strong>s\u00f3lo ser\u00e1 por unos d\u00edas mientras se aprueba su extradici\u00f3n.<\/strong><\/p>\n<div id=\"div-gpt-ad-1548262875188-0\" data-google-query-id=\"CO3f1qidwOQCFUi7TwodJ8UPqw\">\n<div id=\"google_ads_iframe_\/1001694\/INF_intext_1_0__container__\">El secretario de Seguridad P\u00fablica del estado indic\u00f3 que las autoridades federales le aseguraron que el traslado de Oseguera Gonz\u00e1lez al Cefereso 11 se deriv\u00f3 de que esta persona cuenta con una orden de extradici\u00f3n a los Estados Unidos<\/div>\n<\/div>\n<p>En ese sentido, recalc\u00f3 que <strong>se le inform\u00f3 por parte de personal de la Secretar\u00eda de Seguridad y Protecci\u00f3n Ciudadana que la estad\u00eda ser\u00eda temporal.<\/strong><\/p>\n<p>Anaya Cooley consider\u00f3 que no se debi\u00f3 construir este tipo de penal en Sonora, ya que son detonadores de violencia, como ocurre en otros estados donde operan Ceferesos.<\/p>\n<p>Rub\u00e9n Oseguera Gonz\u00e1lez, hijo de Nemesio Oseguera Cervantes &#8220;El Mencho&#8221;, l\u00edder del Cartel Nueva Generaci\u00f3n\u00a0(CNG), <strong>fue detenido en junio del 2015, en Zapopan, Jalisco.<\/strong><\/p>\n<p>Hab\u00eda sido detenido el 30 de enero de 2014, acusado de portaci\u00f3n de arma de fuego de uso exclusivo del Ej\u00e9rcito, delitos contra la salud y uso de recursos de procedencia il\u00edcita. Por falta de pruebas fue liberado por un juez el pasado 1 de enero de 2015.<\/p>\n<p>&#8220;El Menchito&#8221; lleg\u00f3 al Cefereso 11 de Hermosillo, Sonora, el viernes 6 de agosto al ser trasladado del penal federal n\u00famero 15 de Villa Comaltitl\u00e1n, Chiapas.<\/p>\n<p>Con Informaci\u00f3n de SUN<\/p>\n","protected":false},"excerpt":{"rendered":"<p>&#8220;El Menchito&#8221; estar\u00e1 en Sonora mientras se aprueba su extradici\u00f3n<br \/>\nPor Redacci\u00f3n QP<\/p>\n","protected":false},"author":2,"featured_media":37762,"comment_status":"open","ping_status":"open","sticky":false,"template":"","format":"standard","meta":{"_monsterinsights_skip_tracking":false,"_monsterinsights_sitenote_active":false,"_monsterinsights_sitenote_note":"","_monsterinsights_sitenote_category":0,"footnotes":""},"categories":[2],"tags":[],"class_list":["post-37763","post","type-post","status-publish","format-standard","has-post-thumbnail","hentry","category-noticias"],"yoast_head":"<!-- This site is optimized with the Yoast SEO plugin v27.3 - https:\/\/yoast.com\/product\/yoast-seo-wordpress\/ -->\n<title>&quot;El Menchito&quot; estar\u00e1 en Sonora mientras se aprueba su extradici\u00f3n -<\/title>\n<meta name=\"robots\" content=\"index, follow, max-snippet:-1, max-image-preview:large, max-video-preview:-1\" \/>\n<link rel=\"canonical\" href=\"https:\/\/quehacerpolitico.mx\/?p=37763\" \/>\n<meta property=\"og:locale\" content=\"es_MX\" \/>\n<meta property=\"og:type\" content=\"article\" \/>\n<meta property=\"og:title\" content=\"&quot;El Menchito&quot; estar\u00e1 en Sonora mientras se aprueba su extradici\u00f3n -\" \/>\n<meta property=\"og:description\" content=\"&quot;El Menchito&quot; estar\u00e1 en Sonora mientras se aprueba su extradici\u00f3n Por Redacci\u00f3n QP\" \/>\n<meta property=\"og:url\" content=\"https:\/\/quehacerpolitico.mx\/?p=37763\" \/>\n<meta property=\"article:published_time\" content=\"2019-09-08T03:01:10+00:00\" \/>\n<meta name=\"author\" content=\"Redacci\u00f3n QP\" \/>\n<meta name=\"twitter:card\" content=\"summary_large_image\" \/>\n<meta name=\"twitter:label1\" content=\"Escrito por\" \/>\n\t<meta name=\"twitter:data1\" content=\"Redacci\u00f3n QP\" \/>\n\t<meta name=\"twitter:label2\" content=\"Tiempo de lectura\" \/>\n\t<meta name=\"twitter:data2\" content=\"2 minutos\" \/>\n<script type=\"application\/ld+json\" class=\"yoast-schema-graph\">{\"@context\":\"https:\\\/\\\/schema.org\",\"@graph\":[{\"@type\":\"Article\",\"@id\":\"https:\\\/\\\/quehacerpolitico.mx\\\/?p=37763#article\",\"isPartOf\":{\"@id\":\"https:\\\/\\\/quehacerpolitico.mx\\\/?p=37763\"},\"author\":{\"name\":\"Redacci\u00f3n QP\",\"@id\":\"https:\\\/\\\/quehacerpolitico.mx\\\/#\\\/schema\\\/person\\\/496d8ad2d1d3f8036101dca7ee39e585\"},\"headline\":\"&#8220;El Menchito&#8221; estar\u00e1 en Sonora mientras se aprueba su extradici\u00f3n\",\"datePublished\":\"2019-09-08T03:01:10+00:00\",\"mainEntityOfPage\":{\"@id\":\"https:\\\/\\\/quehacerpolitico.mx\\\/?p=37763\"},\"wordCount\":325,\"commentCount\":0,\"image\":{\"@id\":\"https:\\\/\\\/quehacerpolitico.mx\\\/?p=37763#primaryimage\"},\"thumbnailUrl\":\"\",\"articleSection\":[\"Noticias\"],\"inLanguage\":\"es\",\"potentialAction\":[{\"@type\":\"CommentAction\",\"name\":\"Comment\",\"target\":[\"https:\\\/\\\/quehacerpolitico.mx\\\/?p=37763#respond\"]}]},{\"@type\":\"WebPage\",\"@id\":\"https:\\\/\\\/quehacerpolitico.mx\\\/?p=37763\",\"url\":\"https:\\\/\\\/quehacerpolitico.mx\\\/?p=37763\",\"name\":\"\\\"El Menchito\\\" estar\u00e1 en Sonora mientras se aprueba su extradici\u00f3n -\",\"isPartOf\":{\"@id\":\"https:\\\/\\\/quehacerpolitico.mx\\\/#website\"},\"primaryImageOfPage\":{\"@id\":\"https:\\\/\\\/quehacerpolitico.mx\\\/?p=37763#primaryimage\"},\"image\":{\"@id\":\"https:\\\/\\\/quehacerpolitico.mx\\\/?p=37763#primaryimage\"},\"thumbnailUrl\":\"\",\"datePublished\":\"2019-09-08T03:01:10+00:00\",\"author\":{\"@id\":\"https:\\\/\\\/quehacerpolitico.mx\\\/#\\\/schema\\\/person\\\/496d8ad2d1d3f8036101dca7ee39e585\"},\"breadcrumb\":{\"@id\":\"https:\\\/\\\/quehacerpolitico.mx\\\/?p=37763#breadcrumb\"},\"inLanguage\":\"es\",\"potentialAction\":[{\"@type\":\"ReadAction\",\"target\":[\"https:\\\/\\\/quehacerpolitico.mx\\\/?p=37763\"]}]},{\"@type\":\"ImageObject\",\"inLanguage\":\"es\",\"@id\":\"https:\\\/\\\/quehacerpolitico.mx\\\/?p=37763#primaryimage\",\"url\":\"\",\"contentUrl\":\"\"},{\"@type\":\"BreadcrumbList\",\"@id\":\"https:\\\/\\\/quehacerpolitico.mx\\\/?p=37763#breadcrumb\",\"itemListElement\":[{\"@type\":\"ListItem\",\"position\":1,\"name\":\"Inicio\",\"item\":\"https:\\\/\\\/quehacerpolitico.mx\\\/\"},{\"@type\":\"ListItem\",\"position\":2,\"name\":\"&#8220;El Menchito&#8221; estar\u00e1 en Sonora mientras se aprueba su extradici\u00f3n\"}]},{\"@type\":\"WebSite\",\"@id\":\"https:\\\/\\\/quehacerpolitico.mx\\\/#website\",\"url\":\"https:\\\/\\\/quehacerpolitico.mx\\\/\",\"name\":\"\",\"description\":\"\",\"potentialAction\":[{\"@type\":\"SearchAction\",\"target\":{\"@type\":\"EntryPoint\",\"urlTemplate\":\"https:\\\/\\\/quehacerpolitico.mx\\\/?s={search_term_string}\"},\"query-input\":{\"@type\":\"PropertyValueSpecification\",\"valueRequired\":true,\"valueName\":\"search_term_string\"}}],\"inLanguage\":\"es\"},{\"@type\":\"Person\",\"@id\":\"https:\\\/\\\/quehacerpolitico.mx\\\/#\\\/schema\\\/person\\\/496d8ad2d1d3f8036101dca7ee39e585\",\"name\":\"Redacci\u00f3n QP\",\"image\":{\"@type\":\"ImageObject\",\"inLanguage\":\"es\",\"@id\":\"https:\\\/\\\/secure.gravatar.com\\\/avatar\\\/c7164ed6fdec453195284ad24a5ae5b6e1eed2b848477fa2a4787ba9adf39a41?s=96&d=mm&r=g\",\"url\":\"https:\\\/\\\/secure.gravatar.com\\\/avatar\\\/c7164ed6fdec453195284ad24a5ae5b6e1eed2b848477fa2a4787ba9adf39a41?s=96&d=mm&r=g\",\"contentUrl\":\"https:\\\/\\\/secure.gravatar.com\\\/avatar\\\/c7164ed6fdec453195284ad24a5ae5b6e1eed2b848477fa2a4787ba9adf39a41?s=96&d=mm&r=g\",\"caption\":\"Redacci\u00f3n QP\"},\"url\":\"https:\\\/\\\/quehacerpolitico.mx\\\/?author=2\"}]}<\/script>\n<!-- \/ Yoast SEO plugin. -->","yoast_head_json":{"title":"\"El Menchito\" estar\u00e1 en Sonora mientras se aprueba su extradici\u00f3n -","robots":{"index":"index","follow":"follow","max-snippet":"max-snippet:-1","max-image-preview":"max-image-preview:large","max-video-preview":"max-video-preview:-1"},"canonical":"https:\/\/quehacerpolitico.mx\/?p=37763","og_locale":"es_MX","og_type":"article","og_title":"\"El Menchito\" estar\u00e1 en Sonora mientras se aprueba su extradici\u00f3n -","og_description":"\"El Menchito\" estar\u00e1 en Sonora mientras se aprueba su extradici\u00f3n Por Redacci\u00f3n QP","og_url":"https:\/\/quehacerpolitico.mx\/?p=37763","article_published_time":"2019-09-08T03:01:10+00:00","author":"Redacci\u00f3n QP","twitter_card":"summary_large_image","twitter_misc":{"Escrito por":"Redacci\u00f3n QP","Tiempo de lectura":"2 minutos"},"schema":{"@context":"https:\/\/schema.org","@graph":[{"@type":"Article","@id":"https:\/\/quehacerpolitico.mx\/?p=37763#article","isPartOf":{"@id":"https:\/\/quehacerpolitico.mx\/?p=37763"},"author":{"name":"Redacci\u00f3n QP","@id":"https:\/\/quehacerpolitico.mx\/#\/schema\/person\/496d8ad2d1d3f8036101dca7ee39e585"},"headline":"&#8220;El Menchito&#8221; estar\u00e1 en Sonora mientras se aprueba su extradici\u00f3n","datePublished":"2019-09-08T03:01:10+00:00","mainEntityOfPage":{"@id":"https:\/\/quehacerpolitico.mx\/?p=37763"},"wordCount":325,"commentCount":0,"image":{"@id":"https:\/\/quehacerpolitico.mx\/?p=37763#primaryimage"},"thumbnailUrl":"","articleSection":["Noticias"],"inLanguage":"es","potentialAction":[{"@type":"CommentAction","name":"Comment","target":["https:\/\/quehacerpolitico.mx\/?p=37763#respond"]}]},{"@type":"WebPage","@id":"https:\/\/quehacerpolitico.mx\/?p=37763","url":"https:\/\/quehacerpolitico.mx\/?p=37763","name":"\"El Menchito\" estar\u00e1 en Sonora mientras se aprueba su extradici\u00f3n -","isPartOf":{"@id":"https:\/\/quehacerpolitico.mx\/#website"},"primaryImageOfPage":{"@id":"https:\/\/quehacerpolitico.mx\/?p=37763#primaryimage"},"image":{"@id":"https:\/\/quehacerpolitico.mx\/?p=37763#primaryimage"},"thumbnailUrl":"","datePublished":"2019-09-08T03:01:10+00:00","author":{"@id":"https:\/\/quehacerpolitico.mx\/#\/schema\/person\/496d8ad2d1d3f8036101dca7ee39e585"},"breadcrumb":{"@id":"https:\/\/quehacerpolitico.mx\/?p=37763#breadcrumb"},"inLanguage":"es","potentialAction":[{"@type":"ReadAction","target":["https:\/\/quehacerpolitico.mx\/?p=37763"]}]},{"@type":"ImageObject","inLanguage":"es","@id":"https:\/\/quehacerpolitico.mx\/?p=37763#primaryimage","url":"","contentUrl":""},{"@type":"BreadcrumbList","@id":"https:\/\/quehacerpolitico.mx\/?p=37763#breadcrumb","itemListElement":[{"@type":"ListItem","position":1,"name":"Inicio","item":"https:\/\/quehacerpolitico.mx\/"},{"@type":"ListItem","position":2,"name":"&#8220;El Menchito&#8221; estar\u00e1 en Sonora mientras se aprueba su extradici\u00f3n"}]},{"@type":"WebSite","@id":"https:\/\/quehacerpolitico.mx\/#website","url":"https:\/\/quehacerpolitico.mx\/","name":"","description":"","potentialAction":[{"@type":"SearchAction","target":{"@type":"EntryPoint","urlTemplate":"https:\/\/quehacerpolitico.mx\/?s={search_term_string}"},"query-input":{"@type":"PropertyValueSpecification","valueRequired":true,"valueName":"search_term_string"}}],"inLanguage":"es"},{"@type":"Person","@id":"https:\/\/quehacerpolitico.mx\/#\/schema\/person\/496d8ad2d1d3f8036101dca7ee39e585","name":"Redacci\u00f3n QP","image":{"@type":"ImageObject","inLanguage":"es","@id":"https:\/\/secure.gravatar.com\/avatar\/c7164ed6fdec453195284ad24a5ae5b6e1eed2b848477fa2a4787ba9adf39a41?s=96&d=mm&r=g","url":"https:\/\/secure.gravatar.com\/avatar\/c7164ed6fdec453195284ad24a5ae5b6e1eed2b848477fa2a4787ba9adf39a41?s=96&d=mm&r=g","contentUrl":"https:\/\/secure.gravatar.com\/avatar\/c7164ed6fdec453195284ad24a5ae5b6e1eed2b848477fa2a4787ba9adf39a41?s=96&d=mm&r=g","caption":"Redacci\u00f3n QP"},"url":"https:\/\/quehacerpolitico.mx\/?author=2"}]}},"featured_image_urls":{"full":"","thumbnail":"","medium":"","medium_large":"","large":"","1536x1536":"","2048x2048":"","covernews-featured":"","covernews-medium":""},"author_info":{"display_name":"Redacci\u00f3n QP","author_link":"https:\/\/quehacerpolitico.mx\/?author=2"},"category_info":"<a href=\"https:\/\/quehacerpolitico.mx\/?cat=2\" rel=\"category\">Noticias<\/a>","tag_info":"Noticias","comment_count":"0","_links":{"self":[{"href":"https:\/\/quehacerpolitico.mx\/index.php?rest_route=\/wp\/v2\/posts\/37763","targetHints":{"allow":["GET"]}}],"collection":[{"href":"https:\/\/quehacerpolitico.mx\/index.php?rest_route=\/wp\/v2\/posts"}],"about":[{"href":"https:\/\/quehacerpolitico.mx\/index.php?rest_route=\/wp\/v2\/types\/post"}],"author":[{"embeddable":true,"href":"https:\/\/quehacerpolitico.mx\/index.php?rest_route=\/wp\/v2\/users\/2"}],"replies":[{"embeddable":true,"href":"https:\/\/quehacerpolitico.mx\/index.php?rest_route=%2Fwp%2Fv2%2Fcomments&post=37763"}],"version-history":[{"count":0,"href":"https:\/\/quehacerpolitico.mx\/index.php?rest_route=\/wp\/v2\/posts\/37763\/revisions"}],"wp:featuredmedia":[{"embeddable":true,"href":"https:\/\/quehacerpolitico.mx\/index.php?rest_route=\/"}],"wp:attachment":[{"href":"https:\/\/quehacerpolitico.mx\/index.php?rest_route=%2Fwp%2Fv2%2Fmedia&parent=37763"}],"wp:term":[{"taxonomy":"category","embeddable":true,"href":"https:\/\/quehacerpolitico.mx\/index.php?rest_route=%2Fwp%2Fv2%2Fcategories&post=37763"},{"taxonomy":"post_tag","embeddable":true,"href":"https:\/\/quehacerpolitico.mx\/index.php?rest_route=%2Fwp%2Fv2%2Ftags&post=37763"}],"curies":[{"name":"wp","href":"https:\/\/api.w.org\/{rel}","templated":true}]}}