{"id":37751,"date":"2019-09-08T02:23:41","date_gmt":"2019-09-08T02:23:41","guid":{"rendered":"http:\/\/quehacerpolitico.mx\/internacionales-carolina-alonso-romei-dorian-se-fortalece-a-categoria-2-en-camino-a-canada\/"},"modified":"2019-09-08T02:23:41","modified_gmt":"2019-09-08T02:23:41","slug":"internacionales-carolina-alonso-romei-dorian-se-fortalece-a-categoria-2-en-camino-a-canada","status":"publish","type":"post","link":"https:\/\/quehacerpolitico.mx\/?p=37751","title":{"rendered":"Internacionales\/\/\/Carolina Alonso Romei\/\/\/&#8221;Dorian&#8221; se fortalece a categor\u00eda 2 en camino a Canad\u00e1"},"content":{"rendered":"<h1 class=\"news-title\">&#8221;Dorian&#8221; se fortalece a categor\u00eda 2 en camino a Canad\u00e1<\/h1>\n<p>Por Carolina Alonso Romei\u00a0<\/p>\n<p>Internacionalista\u00a0<\/p>\n<p>El fen\u00f3meno presenta vientos m\u00e1ximos sostenidos de 155 kil\u00f3metros por hora, informa el Centro Nacional de Huracanes de Estados Unidos<\/p>\n<p>El hurac\u00e1n &#8221;Dorian&#8221;, que causo al menos 43 muertos en las Bahamas\u00a0esta semana y avanza hacia Canad\u00e1, subi\u00f3 de nuevo a categor\u00eda 2 este s\u00e1bado, con vientos m\u00e1ximos sostenidos de 155 kil\u00f3metros por hora (km\/h), inform\u00f3 el Centro Nacional de Huracanes (NHC, en ingl\u00e9s) de Estados Unidos.<\/p>\n<div id=\"div-gpt-ad-1548262875188-0\" data-google-query-id=\"CP226uaUwOQCFQk6Twod8z4BrQ\">\n<div id=\"google_ads_iframe_\/1001694\/INF_intext_1_0__container__\">La agencia precis\u00f3 que datos del sat\u00e9lite indican que &#8221;Dorian&#8221;, que amenaza este fin de semana con condiciones de cicl\u00f3n a Nueva Escocia (Canad\u00e1), est\u00e1 m\u00e1s fuerte de lo que anunciaron previamente este s\u00e1bado.<\/div>\n<\/div>\n<p>Seg\u00fan el reporte del NHC, de las 14:00 horas locales, el cicl\u00f3n\u00a0aument\u00f3 su potencia en 24 km como tambi\u00e9n su velocidad de desplazamiento hacia el noreste.<\/p>\n<p>&#8221;Dorian&#8221; avanza ahora a 49 km\/h y se encuentra a 290 km al sur-sureste de la ciudad estadounidense de Eastport (Maine) y a 225 km al sur-suroeste de la ciudad de Halifax (Canad\u00e1).<\/p>\n<p><strong>El NHC indic\u00f3 que prev\u00e9 vientos de tormenta tropical en partes del sureste de Massachusetts, y condiciones de hurac\u00e1n en Nueva Escocia.<\/strong><\/p>\n<p>El cicl\u00f3n mantendr\u00e1 hasta el domingo su desplazamiento hacia el noreste, seg\u00fan el NHC, con sede en Miami.<\/p>\n<p>La agencia federal prev\u00e9 que m\u00e1s tarde este s\u00e1bado o el domingo, el centro de &#8221;Dorian&#8221; deber\u00eda pasar al sureste de Nueva Inglaterra y luego moverse a trav\u00e9s de Nueva Escocia y Terranova.<\/p>\n<p>A &#8221;Dorian&#8221; lo acompa\u00f1an este s\u00e1bado en el Atl\u00e1ntico la tormenta tropical &#8221;Gabrielle&#8221; y una depresi\u00f3n tropical.<\/p>\n<p>Esta temporada atl\u00e1ntica se prev\u00e9n de 10 a 17 tormentas tropicales con nombre, es decir con vientos superiores a 63 km\/h, y de ellas de cinco a nueve huracanes,\u00a0con vientos de 120 km\/h, seg\u00fan la Administraci\u00f3n Nacional de Oc\u00e9anos y Atm\u00f3sfera de Estados Unidos (NOAA).<\/p>\n<p>Se trata de una temporada con un 45% de probabilidades de una actividad &#8220;por encima de lo normal&#8221;, que es de 12 tormentas con nombre, de las cuales seis se convierten en huracanes, incluidos tres importantes.<\/p>\n<p><strong>En lo que va de la actual temporada de huracanes,<\/strong> que comenz\u00f3 en junio pasado, <strong>se han registrado tambi\u00e9n las tormentas tropicales &#8221;Chantal&#8221;, &#8221;Andrea&#8221;, &#8221;Erin&#8221;, &#8221;Fernand&#8221; y &#8221;Barry&#8221;, que se convirti\u00f3 en hurac\u00e1n en julio<\/strong> poco antes de tocar tierra en Luisiana, donde dej\u00f3 cuantiosas p\u00e9rdidas materiales, pero ninguna v\u00edctima mortal directa.<\/p>\n<p>Con Informaci\u00f3n EFE<\/p>\n","protected":false},"excerpt":{"rendered":"<p>&#8221;Dorian&#8221; se fortalece a categor\u00eda 2 en camino a Canad\u00e1<br \/>\nPor Carolina Alonso Romei<br \/>\nInternacionalista<\/p>\n","protected":false},"author":2,"featured_media":37750,"comment_status":"open","ping_status":"open","sticky":false,"template":"","format":"standard","meta":{"_monsterinsights_skip_tracking":false,"_monsterinsights_sitenote_active":false,"_monsterinsights_sitenote_note":"","_monsterinsights_sitenote_category":0,"footnotes":""},"categories":[1],"tags":[],"class_list":["post-37751","post","type-post","status-publish","format-standard","has-post-thumbnail","hentry","category-sin-categoria"],"yoast_head":"<!-- This site is optimized with the Yoast SEO plugin v27.3 - https:\/\/yoast.com\/product\/yoast-seo-wordpress\/ -->\n<title>Internacionales\/\/\/Carolina Alonso Romei\/\/\/&#039;&#039;Dorian&#039;&#039; se fortalece a categor\u00eda 2 en camino a Canad\u00e1 -<\/title>\n<meta name=\"robots\" content=\"index, follow, max-snippet:-1, max-image-preview:large, max-video-preview:-1\" \/>\n<link rel=\"canonical\" href=\"https:\/\/quehacerpolitico.mx\/?p=37751\" \/>\n<meta property=\"og:locale\" content=\"es_MX\" \/>\n<meta property=\"og:type\" content=\"article\" \/>\n<meta property=\"og:title\" content=\"Internacionales\/\/\/Carolina Alonso Romei\/\/\/&#039;&#039;Dorian&#039;&#039; se fortalece a categor\u00eda 2 en camino a Canad\u00e1 -\" \/>\n<meta property=\"og:description\" content=\"&#039;&#039;Dorian&#039;&#039; se fortalece a categor\u00eda 2 en camino a Canad\u00e1 Por Carolina Alonso Romei Internacionalista\" \/>\n<meta property=\"og:url\" content=\"https:\/\/quehacerpolitico.mx\/?p=37751\" \/>\n<meta property=\"article:published_time\" content=\"2019-09-08T02:23:41+00:00\" \/>\n<meta name=\"author\" content=\"Redacci\u00f3n QP\" \/>\n<meta name=\"twitter:card\" content=\"summary_large_image\" \/>\n<meta name=\"twitter:label1\" content=\"Escrito por\" \/>\n\t<meta name=\"twitter:data1\" content=\"Redacci\u00f3n QP\" \/>\n\t<meta name=\"twitter:label2\" content=\"Tiempo de lectura\" \/>\n\t<meta name=\"twitter:data2\" content=\"2 minutos\" \/>\n<script type=\"application\/ld+json\" class=\"yoast-schema-graph\">{\"@context\":\"https:\\\/\\\/schema.org\",\"@graph\":[{\"@type\":\"Article\",\"@id\":\"https:\\\/\\\/quehacerpolitico.mx\\\/?p=37751#article\",\"isPartOf\":{\"@id\":\"https:\\\/\\\/quehacerpolitico.mx\\\/?p=37751\"},\"author\":{\"name\":\"Redacci\u00f3n QP\",\"@id\":\"https:\\\/\\\/quehacerpolitico.mx\\\/#\\\/schema\\\/person\\\/496d8ad2d1d3f8036101dca7ee39e585\"},\"headline\":\"Internacionales\\\/\\\/\\\/Carolina Alonso Romei\\\/\\\/\\\/&#8221;Dorian&#8221; se fortalece a categor\u00eda 2 en camino a Canad\u00e1\",\"datePublished\":\"2019-09-08T02:23:41+00:00\",\"mainEntityOfPage\":{\"@id\":\"https:\\\/\\\/quehacerpolitico.mx\\\/?p=37751\"},\"wordCount\":445,\"commentCount\":0,\"image\":{\"@id\":\"https:\\\/\\\/quehacerpolitico.mx\\\/?p=37751#primaryimage\"},\"thumbnailUrl\":\"\",\"articleSection\":[\"Internacionales\"],\"inLanguage\":\"es\",\"potentialAction\":[{\"@type\":\"CommentAction\",\"name\":\"Comment\",\"target\":[\"https:\\\/\\\/quehacerpolitico.mx\\\/?p=37751#respond\"]}]},{\"@type\":\"WebPage\",\"@id\":\"https:\\\/\\\/quehacerpolitico.mx\\\/?p=37751\",\"url\":\"https:\\\/\\\/quehacerpolitico.mx\\\/?p=37751\",\"name\":\"Internacionales\\\/\\\/\\\/Carolina Alonso Romei\\\/\\\/\\\/''Dorian'' se fortalece a categor\u00eda 2 en camino a Canad\u00e1 -\",\"isPartOf\":{\"@id\":\"https:\\\/\\\/quehacerpolitico.mx\\\/#website\"},\"primaryImageOfPage\":{\"@id\":\"https:\\\/\\\/quehacerpolitico.mx\\\/?p=37751#primaryimage\"},\"image\":{\"@id\":\"https:\\\/\\\/quehacerpolitico.mx\\\/?p=37751#primaryimage\"},\"thumbnailUrl\":\"\",\"datePublished\":\"2019-09-08T02:23:41+00:00\",\"author\":{\"@id\":\"https:\\\/\\\/quehacerpolitico.mx\\\/#\\\/schema\\\/person\\\/496d8ad2d1d3f8036101dca7ee39e585\"},\"breadcrumb\":{\"@id\":\"https:\\\/\\\/quehacerpolitico.mx\\\/?p=37751#breadcrumb\"},\"inLanguage\":\"es\",\"potentialAction\":[{\"@type\":\"ReadAction\",\"target\":[\"https:\\\/\\\/quehacerpolitico.mx\\\/?p=37751\"]}]},{\"@type\":\"ImageObject\",\"inLanguage\":\"es\",\"@id\":\"https:\\\/\\\/quehacerpolitico.mx\\\/?p=37751#primaryimage\",\"url\":\"\",\"contentUrl\":\"\"},{\"@type\":\"BreadcrumbList\",\"@id\":\"https:\\\/\\\/quehacerpolitico.mx\\\/?p=37751#breadcrumb\",\"itemListElement\":[{\"@type\":\"ListItem\",\"position\":1,\"name\":\"Inicio\",\"item\":\"https:\\\/\\\/quehacerpolitico.mx\\\/\"},{\"@type\":\"ListItem\",\"position\":2,\"name\":\"Internacionales\\\/\\\/\\\/Carolina Alonso Romei\\\/\\\/\\\/&#8221;Dorian&#8221; se fortalece a categor\u00eda 2 en camino a Canad\u00e1\"}]},{\"@type\":\"WebSite\",\"@id\":\"https:\\\/\\\/quehacerpolitico.mx\\\/#website\",\"url\":\"https:\\\/\\\/quehacerpolitico.mx\\\/\",\"name\":\"\",\"description\":\"\",\"potentialAction\":[{\"@type\":\"SearchAction\",\"target\":{\"@type\":\"EntryPoint\",\"urlTemplate\":\"https:\\\/\\\/quehacerpolitico.mx\\\/?s={search_term_string}\"},\"query-input\":{\"@type\":\"PropertyValueSpecification\",\"valueRequired\":true,\"valueName\":\"search_term_string\"}}],\"inLanguage\":\"es\"},{\"@type\":\"Person\",\"@id\":\"https:\\\/\\\/quehacerpolitico.mx\\\/#\\\/schema\\\/person\\\/496d8ad2d1d3f8036101dca7ee39e585\",\"name\":\"Redacci\u00f3n QP\",\"image\":{\"@type\":\"ImageObject\",\"inLanguage\":\"es\",\"@id\":\"https:\\\/\\\/secure.gravatar.com\\\/avatar\\\/c7164ed6fdec453195284ad24a5ae5b6e1eed2b848477fa2a4787ba9adf39a41?s=96&d=mm&r=g\",\"url\":\"https:\\\/\\\/secure.gravatar.com\\\/avatar\\\/c7164ed6fdec453195284ad24a5ae5b6e1eed2b848477fa2a4787ba9adf39a41?s=96&d=mm&r=g\",\"contentUrl\":\"https:\\\/\\\/secure.gravatar.com\\\/avatar\\\/c7164ed6fdec453195284ad24a5ae5b6e1eed2b848477fa2a4787ba9adf39a41?s=96&d=mm&r=g\",\"caption\":\"Redacci\u00f3n QP\"},\"url\":\"https:\\\/\\\/quehacerpolitico.mx\\\/?author=2\"}]}<\/script>\n<!-- \/ Yoast SEO plugin. -->","yoast_head_json":{"title":"Internacionales\/\/\/Carolina Alonso Romei\/\/\/''Dorian'' se fortalece a categor\u00eda 2 en camino a Canad\u00e1 -","robots":{"index":"index","follow":"follow","max-snippet":"max-snippet:-1","max-image-preview":"max-image-preview:large","max-video-preview":"max-video-preview:-1"},"canonical":"https:\/\/quehacerpolitico.mx\/?p=37751","og_locale":"es_MX","og_type":"article","og_title":"Internacionales\/\/\/Carolina Alonso Romei\/\/\/''Dorian'' se fortalece a categor\u00eda 2 en camino a Canad\u00e1 -","og_description":"''Dorian'' se fortalece a categor\u00eda 2 en camino a Canad\u00e1 Por Carolina Alonso Romei Internacionalista","og_url":"https:\/\/quehacerpolitico.mx\/?p=37751","article_published_time":"2019-09-08T02:23:41+00:00","author":"Redacci\u00f3n QP","twitter_card":"summary_large_image","twitter_misc":{"Escrito por":"Redacci\u00f3n QP","Tiempo de lectura":"2 minutos"},"schema":{"@context":"https:\/\/schema.org","@graph":[{"@type":"Article","@id":"https:\/\/quehacerpolitico.mx\/?p=37751#article","isPartOf":{"@id":"https:\/\/quehacerpolitico.mx\/?p=37751"},"author":{"name":"Redacci\u00f3n QP","@id":"https:\/\/quehacerpolitico.mx\/#\/schema\/person\/496d8ad2d1d3f8036101dca7ee39e585"},"headline":"Internacionales\/\/\/Carolina Alonso Romei\/\/\/&#8221;Dorian&#8221; se fortalece a categor\u00eda 2 en camino a Canad\u00e1","datePublished":"2019-09-08T02:23:41+00:00","mainEntityOfPage":{"@id":"https:\/\/quehacerpolitico.mx\/?p=37751"},"wordCount":445,"commentCount":0,"image":{"@id":"https:\/\/quehacerpolitico.mx\/?p=37751#primaryimage"},"thumbnailUrl":"","articleSection":["Internacionales"],"inLanguage":"es","potentialAction":[{"@type":"CommentAction","name":"Comment","target":["https:\/\/quehacerpolitico.mx\/?p=37751#respond"]}]},{"@type":"WebPage","@id":"https:\/\/quehacerpolitico.mx\/?p=37751","url":"https:\/\/quehacerpolitico.mx\/?p=37751","name":"Internacionales\/\/\/Carolina Alonso Romei\/\/\/''Dorian'' se fortalece a categor\u00eda 2 en camino a Canad\u00e1 -","isPartOf":{"@id":"https:\/\/quehacerpolitico.mx\/#website"},"primaryImageOfPage":{"@id":"https:\/\/quehacerpolitico.mx\/?p=37751#primaryimage"},"image":{"@id":"https:\/\/quehacerpolitico.mx\/?p=37751#primaryimage"},"thumbnailUrl":"","datePublished":"2019-09-08T02:23:41+00:00","author":{"@id":"https:\/\/quehacerpolitico.mx\/#\/schema\/person\/496d8ad2d1d3f8036101dca7ee39e585"},"breadcrumb":{"@id":"https:\/\/quehacerpolitico.mx\/?p=37751#breadcrumb"},"inLanguage":"es","potentialAction":[{"@type":"ReadAction","target":["https:\/\/quehacerpolitico.mx\/?p=37751"]}]},{"@type":"ImageObject","inLanguage":"es","@id":"https:\/\/quehacerpolitico.mx\/?p=37751#primaryimage","url":"","contentUrl":""},{"@type":"BreadcrumbList","@id":"https:\/\/quehacerpolitico.mx\/?p=37751#breadcrumb","itemListElement":[{"@type":"ListItem","position":1,"name":"Inicio","item":"https:\/\/quehacerpolitico.mx\/"},{"@type":"ListItem","position":2,"name":"Internacionales\/\/\/Carolina Alonso Romei\/\/\/&#8221;Dorian&#8221; se fortalece a categor\u00eda 2 en camino a Canad\u00e1"}]},{"@type":"WebSite","@id":"https:\/\/quehacerpolitico.mx\/#website","url":"https:\/\/quehacerpolitico.mx\/","name":"","description":"","potentialAction":[{"@type":"SearchAction","target":{"@type":"EntryPoint","urlTemplate":"https:\/\/quehacerpolitico.mx\/?s={search_term_string}"},"query-input":{"@type":"PropertyValueSpecification","valueRequired":true,"valueName":"search_term_string"}}],"inLanguage":"es"},{"@type":"Person","@id":"https:\/\/quehacerpolitico.mx\/#\/schema\/person\/496d8ad2d1d3f8036101dca7ee39e585","name":"Redacci\u00f3n QP","image":{"@type":"ImageObject","inLanguage":"es","@id":"https:\/\/secure.gravatar.com\/avatar\/c7164ed6fdec453195284ad24a5ae5b6e1eed2b848477fa2a4787ba9adf39a41?s=96&d=mm&r=g","url":"https:\/\/secure.gravatar.com\/avatar\/c7164ed6fdec453195284ad24a5ae5b6e1eed2b848477fa2a4787ba9adf39a41?s=96&d=mm&r=g","contentUrl":"https:\/\/secure.gravatar.com\/avatar\/c7164ed6fdec453195284ad24a5ae5b6e1eed2b848477fa2a4787ba9adf39a41?s=96&d=mm&r=g","caption":"Redacci\u00f3n QP"},"url":"https:\/\/quehacerpolitico.mx\/?author=2"}]}},"featured_image_urls":{"full":"","thumbnail":"","medium":"","medium_large":"","large":"","1536x1536":"","2048x2048":"","covernews-featured":"","covernews-medium":""},"author_info":{"display_name":"Redacci\u00f3n QP","author_link":"https:\/\/quehacerpolitico.mx\/?author=2"},"category_info":"<a href=\"https:\/\/quehacerpolitico.mx\/?cat=1\" rel=\"category\">Internacionales<\/a>","tag_info":"Internacionales","comment_count":"0","_links":{"self":[{"href":"https:\/\/quehacerpolitico.mx\/index.php?rest_route=\/wp\/v2\/posts\/37751","targetHints":{"allow":["GET"]}}],"collection":[{"href":"https:\/\/quehacerpolitico.mx\/index.php?rest_route=\/wp\/v2\/posts"}],"about":[{"href":"https:\/\/quehacerpolitico.mx\/index.php?rest_route=\/wp\/v2\/types\/post"}],"author":[{"embeddable":true,"href":"https:\/\/quehacerpolitico.mx\/index.php?rest_route=\/wp\/v2\/users\/2"}],"replies":[{"embeddable":true,"href":"https:\/\/quehacerpolitico.mx\/index.php?rest_route=%2Fwp%2Fv2%2Fcomments&post=37751"}],"version-history":[{"count":0,"href":"https:\/\/quehacerpolitico.mx\/index.php?rest_route=\/wp\/v2\/posts\/37751\/revisions"}],"wp:featuredmedia":[{"embeddable":true,"href":"https:\/\/quehacerpolitico.mx\/index.php?rest_route=\/"}],"wp:attachment":[{"href":"https:\/\/quehacerpolitico.mx\/index.php?rest_route=%2Fwp%2Fv2%2Fmedia&parent=37751"}],"wp:term":[{"taxonomy":"category","embeddable":true,"href":"https:\/\/quehacerpolitico.mx\/index.php?rest_route=%2Fwp%2Fv2%2Fcategories&post=37751"},{"taxonomy":"post_tag","embeddable":true,"href":"https:\/\/quehacerpolitico.mx\/index.php?rest_route=%2Fwp%2Fv2%2Ftags&post=37751"}],"curies":[{"name":"wp","href":"https:\/\/api.w.org\/{rel}","templated":true}]}}