{"id":36985,"date":"2019-08-31T19:02:33","date_gmt":"2019-08-31T19:02:33","guid":{"rendered":"http:\/\/quehacerpolitico.mx\/muere-el-piloto-frances-anthoine-hubert-tras-accidente-de-formula-2\/"},"modified":"2019-08-31T19:02:33","modified_gmt":"2019-08-31T19:02:33","slug":"muere-el-piloto-frances-anthoine-hubert-tras-accidente-de-formula-2","status":"publish","type":"post","link":"https:\/\/quehacerpolitico.mx\/?p=36985","title":{"rendered":"Muere el piloto franc\u00e9s Anthoine Hubert tras accidente de F\u00f3rmula 2"},"content":{"rendered":"<h1 class=\"news-title\">Muere el piloto franc\u00e9s Anthoine Hubert tras accidente de F\u00f3rmula 2<\/h1>\n<p>Por Redacci\u00f3n QP<\/p>\n<header class=\"news-header\">\n<div class=\"news-subtitle\">\n<p>En el incidente tambi\u00e9n se vieron afectados el estadounidense-ecuatoriano Juan Manuel Correa y el japon\u00e9s Marino Sato<\/p>\n<\/div>\n<\/header>\n<div class=\"news-content\">\n<div class=\"news-body row\">\n<p>El piloto franc\u00e9s de automovilismo Anthoine Hubert, de 22 a\u00f1os, <strong>muri\u00f3 este s\u00e1bado tras sufrir un accidente en una carrera de F\u00f3rmula 2 en el circuito de Spa-Francorchamps,<\/strong> en el fin de semana en el que se disputa en el lugar el Gran Premio de B\u00e9lgica\u00a0de F\u00f3rmula 1, confirmaron los organizadores de la carrera.<\/p>\n<p>El espectacular y terrible accidente se produjo en la segunda vuelta de la carrera e <strong>implic\u00f3 tambi\u00e9n al estadounidense-ecuatoriano Juan Manuel Correa, que fue hospitalizado con fracturas en las piernas, y al japon\u00e9s Marino Sato, que sali\u00f3 sin grandes da\u00f1os.<\/strong><\/p>\n<div>\n<div id=\"fb-89\" class=\"ckeditor-ifb\"><iframe loading=\"lazy\" src=\"https:\/\/www.facebook.com\/plugins\/post.php?href=https%3A%2F%2Fwww.facebook.com%2Ffia%2Fposts%2F2604655642898381&amp;width=500\" width=\"500\" height=\"301\" frameborder=\"0\" scrolling=\"no\" data-mce-fragment=\"1\"><\/iframe><\/div>\n<\/div>\n<p>El accidente\u00a0tuvo lugar en una de las partes m\u00e1s r\u00e1pidas del circuito belga, en la que la pista remonta bruscamente tras un descenso.<\/p>\n<p>La F\u00f3rmula 2 es el \u00faltimo escal\u00f3n de las competiciones de promoci\u00f3n hacia la Formula 1. Hubert, de 22 a\u00f1os, ocupaba antes de las carreras de B\u00e9lgica el octavo lugar en el Mundial, despu\u00e9s de 16 pruebas.<\/p>\n<p><strong>Las conferencias de prensa previstas tras la sesi\u00f3n de clasificaci\u00f3n de la F\u00f3rmula 1 quedaron anuladas,<\/strong> antes incluso de que se conociera la noticia del fallecimiento de Anthoine Hubert.<\/p>\n<p>El joven galo hab\u00eda ganado este a\u00f1o dos carreras, una en mayo en M\u00f3naco y otra en Castellet (Francia) en junio.<\/p>\n<p>Nacido en Lyon el 22 de septiembre de 1996, entre sus grandes logros estuvo el t\u00edtulo de campe\u00f3n de Francia de F4 en 2013 y el del a\u00f1o pasado en las GP3 Series. Era adem\u00e1s piloto de desarrollo de \u00a0Renault\u00a0en la &#8220;Renault Sport Academy&#8221;.<\/p>\n<p><strong>En la F\u00f3rmula 2, Hubert corr\u00eda para la escuder\u00eda brit\u00e1nica BWT Arden.<\/strong><\/p>\n<p>Por su parte, Juan Manuel Correa, de apenas 20 a\u00f1os, naci\u00f3 en Quito (Ecuador), pero compite como estadounidense en su licencia.<\/p>\n<p>En la F2 de esta temporada ocupa el duod\u00e9cimo puesto. En 2017 y 2018 compiti\u00f3 en GP3, otra de las f\u00f3rmulas de promoci\u00f3n para j\u00f3venes pilotos en su escalada hacia la F\u00f3rmula 1.<\/p>\n<h4>Sergio P\u00e9rez lamenta el incidente<\/h4>\n<p>Despu\u00e9s de darse a conocer el fallecimiento del piloto de Anthoine Hubert, el mexicano Sergio \u201cCheco\u201d P\u00e9rez\u00a0extern\u00f3 su pesar por lo sucedido.<\/p>\n<p>&#8221;Lamento mucho lo ocurrido con Anthoine, todas mis oraciones y pensamientos est\u00e1n ahora con su familia y sus compa\u00f1eros. <strong>Es un d\u00eda triste que nos recuerda lo dura que es nuestra profesi\u00f3n, que descanse en paz&#8221;.<\/strong><\/p>\n<p><strong>&#8221;Mis pensamientos est\u00e1n tambi\u00e9n con Juan Manuel Correa, quien estuvo tambi\u00e9n involucrado en el accidente y est\u00e1 actualmente en el hospital.<\/strong> Ojal\u00e1 pronto tengamos buenas noticias&#8221;.<\/p>\n<p>Con Informaci\u00f3n de AFP<\/p>\n<\/div>\n<\/div>\n","protected":false},"excerpt":{"rendered":"<p>Muere el piloto franc\u00e9s Anthoine Hubert tras accidente de F\u00f3rmula 2<br \/>\nPor Redacci\u00f3n QP<\/p>\n","protected":false},"author":2,"featured_media":36984,"comment_status":"open","ping_status":"open","sticky":false,"template":"","format":"standard","meta":{"_monsterinsights_skip_tracking":false,"_monsterinsights_sitenote_active":false,"_monsterinsights_sitenote_note":"","_monsterinsights_sitenote_category":0,"footnotes":""},"categories":[54],"tags":[],"class_list":["post-36985","post","type-post","status-publish","format-standard","has-post-thumbnail","hentry","category-deportes"],"yoast_head":"<!-- This site is optimized with the Yoast SEO plugin v27.3 - https:\/\/yoast.com\/product\/yoast-seo-wordpress\/ -->\n<title>Muere el piloto franc\u00e9s Anthoine Hubert tras accidente de F\u00f3rmula 2 -<\/title>\n<meta name=\"robots\" content=\"index, follow, max-snippet:-1, max-image-preview:large, max-video-preview:-1\" \/>\n<link rel=\"canonical\" href=\"https:\/\/quehacerpolitico.mx\/?p=36985\" \/>\n<meta property=\"og:locale\" content=\"es_MX\" \/>\n<meta property=\"og:type\" content=\"article\" \/>\n<meta property=\"og:title\" content=\"Muere el piloto franc\u00e9s Anthoine Hubert tras accidente de F\u00f3rmula 2 -\" \/>\n<meta property=\"og:description\" content=\"Muere el piloto franc\u00e9s Anthoine Hubert tras accidente de F\u00f3rmula 2 Por Redacci\u00f3n QP\" \/>\n<meta property=\"og:url\" content=\"https:\/\/quehacerpolitico.mx\/?p=36985\" \/>\n<meta property=\"article:published_time\" content=\"2019-08-31T19:02:33+00:00\" \/>\n<meta name=\"author\" content=\"Redacci\u00f3n QP\" \/>\n<meta name=\"twitter:card\" content=\"summary_large_image\" \/>\n<meta name=\"twitter:label1\" content=\"Escrito por\" \/>\n\t<meta name=\"twitter:data1\" content=\"Redacci\u00f3n QP\" \/>\n\t<meta name=\"twitter:label2\" content=\"Tiempo de lectura\" \/>\n\t<meta name=\"twitter:data2\" content=\"2 minutos\" \/>\n<script type=\"application\/ld+json\" class=\"yoast-schema-graph\">{\"@context\":\"https:\\\/\\\/schema.org\",\"@graph\":[{\"@type\":\"Article\",\"@id\":\"https:\\\/\\\/quehacerpolitico.mx\\\/?p=36985#article\",\"isPartOf\":{\"@id\":\"https:\\\/\\\/quehacerpolitico.mx\\\/?p=36985\"},\"author\":{\"name\":\"Redacci\u00f3n QP\",\"@id\":\"https:\\\/\\\/quehacerpolitico.mx\\\/#\\\/schema\\\/person\\\/496d8ad2d1d3f8036101dca7ee39e585\"},\"headline\":\"Muere el piloto franc\u00e9s Anthoine Hubert tras accidente de F\u00f3rmula 2\",\"datePublished\":\"2019-08-31T19:02:33+00:00\",\"mainEntityOfPage\":{\"@id\":\"https:\\\/\\\/quehacerpolitico.mx\\\/?p=36985\"},\"wordCount\":490,\"commentCount\":0,\"image\":{\"@id\":\"https:\\\/\\\/quehacerpolitico.mx\\\/?p=36985#primaryimage\"},\"thumbnailUrl\":\"\",\"articleSection\":[\"Deportes\"],\"inLanguage\":\"es\",\"potentialAction\":[{\"@type\":\"CommentAction\",\"name\":\"Comment\",\"target\":[\"https:\\\/\\\/quehacerpolitico.mx\\\/?p=36985#respond\"]}]},{\"@type\":\"WebPage\",\"@id\":\"https:\\\/\\\/quehacerpolitico.mx\\\/?p=36985\",\"url\":\"https:\\\/\\\/quehacerpolitico.mx\\\/?p=36985\",\"name\":\"Muere el piloto franc\u00e9s Anthoine Hubert tras accidente de F\u00f3rmula 2 -\",\"isPartOf\":{\"@id\":\"https:\\\/\\\/quehacerpolitico.mx\\\/#website\"},\"primaryImageOfPage\":{\"@id\":\"https:\\\/\\\/quehacerpolitico.mx\\\/?p=36985#primaryimage\"},\"image\":{\"@id\":\"https:\\\/\\\/quehacerpolitico.mx\\\/?p=36985#primaryimage\"},\"thumbnailUrl\":\"\",\"datePublished\":\"2019-08-31T19:02:33+00:00\",\"author\":{\"@id\":\"https:\\\/\\\/quehacerpolitico.mx\\\/#\\\/schema\\\/person\\\/496d8ad2d1d3f8036101dca7ee39e585\"},\"breadcrumb\":{\"@id\":\"https:\\\/\\\/quehacerpolitico.mx\\\/?p=36985#breadcrumb\"},\"inLanguage\":\"es\",\"potentialAction\":[{\"@type\":\"ReadAction\",\"target\":[\"https:\\\/\\\/quehacerpolitico.mx\\\/?p=36985\"]}]},{\"@type\":\"ImageObject\",\"inLanguage\":\"es\",\"@id\":\"https:\\\/\\\/quehacerpolitico.mx\\\/?p=36985#primaryimage\",\"url\":\"\",\"contentUrl\":\"\"},{\"@type\":\"BreadcrumbList\",\"@id\":\"https:\\\/\\\/quehacerpolitico.mx\\\/?p=36985#breadcrumb\",\"itemListElement\":[{\"@type\":\"ListItem\",\"position\":1,\"name\":\"Inicio\",\"item\":\"https:\\\/\\\/quehacerpolitico.mx\\\/\"},{\"@type\":\"ListItem\",\"position\":2,\"name\":\"Muere el piloto franc\u00e9s Anthoine Hubert tras accidente de F\u00f3rmula 2\"}]},{\"@type\":\"WebSite\",\"@id\":\"https:\\\/\\\/quehacerpolitico.mx\\\/#website\",\"url\":\"https:\\\/\\\/quehacerpolitico.mx\\\/\",\"name\":\"\",\"description\":\"\",\"potentialAction\":[{\"@type\":\"SearchAction\",\"target\":{\"@type\":\"EntryPoint\",\"urlTemplate\":\"https:\\\/\\\/quehacerpolitico.mx\\\/?s={search_term_string}\"},\"query-input\":{\"@type\":\"PropertyValueSpecification\",\"valueRequired\":true,\"valueName\":\"search_term_string\"}}],\"inLanguage\":\"es\"},{\"@type\":\"Person\",\"@id\":\"https:\\\/\\\/quehacerpolitico.mx\\\/#\\\/schema\\\/person\\\/496d8ad2d1d3f8036101dca7ee39e585\",\"name\":\"Redacci\u00f3n QP\",\"image\":{\"@type\":\"ImageObject\",\"inLanguage\":\"es\",\"@id\":\"https:\\\/\\\/secure.gravatar.com\\\/avatar\\\/c7164ed6fdec453195284ad24a5ae5b6e1eed2b848477fa2a4787ba9adf39a41?s=96&d=mm&r=g\",\"url\":\"https:\\\/\\\/secure.gravatar.com\\\/avatar\\\/c7164ed6fdec453195284ad24a5ae5b6e1eed2b848477fa2a4787ba9adf39a41?s=96&d=mm&r=g\",\"contentUrl\":\"https:\\\/\\\/secure.gravatar.com\\\/avatar\\\/c7164ed6fdec453195284ad24a5ae5b6e1eed2b848477fa2a4787ba9adf39a41?s=96&d=mm&r=g\",\"caption\":\"Redacci\u00f3n QP\"},\"url\":\"https:\\\/\\\/quehacerpolitico.mx\\\/?author=2\"}]}<\/script>\n<!-- \/ Yoast SEO plugin. -->","yoast_head_json":{"title":"Muere el piloto franc\u00e9s Anthoine Hubert tras accidente de F\u00f3rmula 2 -","robots":{"index":"index","follow":"follow","max-snippet":"max-snippet:-1","max-image-preview":"max-image-preview:large","max-video-preview":"max-video-preview:-1"},"canonical":"https:\/\/quehacerpolitico.mx\/?p=36985","og_locale":"es_MX","og_type":"article","og_title":"Muere el piloto franc\u00e9s Anthoine Hubert tras accidente de F\u00f3rmula 2 -","og_description":"Muere el piloto franc\u00e9s Anthoine Hubert tras accidente de F\u00f3rmula 2 Por Redacci\u00f3n QP","og_url":"https:\/\/quehacerpolitico.mx\/?p=36985","article_published_time":"2019-08-31T19:02:33+00:00","author":"Redacci\u00f3n QP","twitter_card":"summary_large_image","twitter_misc":{"Escrito por":"Redacci\u00f3n QP","Tiempo de lectura":"2 minutos"},"schema":{"@context":"https:\/\/schema.org","@graph":[{"@type":"Article","@id":"https:\/\/quehacerpolitico.mx\/?p=36985#article","isPartOf":{"@id":"https:\/\/quehacerpolitico.mx\/?p=36985"},"author":{"name":"Redacci\u00f3n QP","@id":"https:\/\/quehacerpolitico.mx\/#\/schema\/person\/496d8ad2d1d3f8036101dca7ee39e585"},"headline":"Muere el piloto franc\u00e9s Anthoine Hubert tras accidente de F\u00f3rmula 2","datePublished":"2019-08-31T19:02:33+00:00","mainEntityOfPage":{"@id":"https:\/\/quehacerpolitico.mx\/?p=36985"},"wordCount":490,"commentCount":0,"image":{"@id":"https:\/\/quehacerpolitico.mx\/?p=36985#primaryimage"},"thumbnailUrl":"","articleSection":["Deportes"],"inLanguage":"es","potentialAction":[{"@type":"CommentAction","name":"Comment","target":["https:\/\/quehacerpolitico.mx\/?p=36985#respond"]}]},{"@type":"WebPage","@id":"https:\/\/quehacerpolitico.mx\/?p=36985","url":"https:\/\/quehacerpolitico.mx\/?p=36985","name":"Muere el piloto franc\u00e9s Anthoine Hubert tras accidente de F\u00f3rmula 2 -","isPartOf":{"@id":"https:\/\/quehacerpolitico.mx\/#website"},"primaryImageOfPage":{"@id":"https:\/\/quehacerpolitico.mx\/?p=36985#primaryimage"},"image":{"@id":"https:\/\/quehacerpolitico.mx\/?p=36985#primaryimage"},"thumbnailUrl":"","datePublished":"2019-08-31T19:02:33+00:00","author":{"@id":"https:\/\/quehacerpolitico.mx\/#\/schema\/person\/496d8ad2d1d3f8036101dca7ee39e585"},"breadcrumb":{"@id":"https:\/\/quehacerpolitico.mx\/?p=36985#breadcrumb"},"inLanguage":"es","potentialAction":[{"@type":"ReadAction","target":["https:\/\/quehacerpolitico.mx\/?p=36985"]}]},{"@type":"ImageObject","inLanguage":"es","@id":"https:\/\/quehacerpolitico.mx\/?p=36985#primaryimage","url":"","contentUrl":""},{"@type":"BreadcrumbList","@id":"https:\/\/quehacerpolitico.mx\/?p=36985#breadcrumb","itemListElement":[{"@type":"ListItem","position":1,"name":"Inicio","item":"https:\/\/quehacerpolitico.mx\/"},{"@type":"ListItem","position":2,"name":"Muere el piloto franc\u00e9s Anthoine Hubert tras accidente de F\u00f3rmula 2"}]},{"@type":"WebSite","@id":"https:\/\/quehacerpolitico.mx\/#website","url":"https:\/\/quehacerpolitico.mx\/","name":"","description":"","potentialAction":[{"@type":"SearchAction","target":{"@type":"EntryPoint","urlTemplate":"https:\/\/quehacerpolitico.mx\/?s={search_term_string}"},"query-input":{"@type":"PropertyValueSpecification","valueRequired":true,"valueName":"search_term_string"}}],"inLanguage":"es"},{"@type":"Person","@id":"https:\/\/quehacerpolitico.mx\/#\/schema\/person\/496d8ad2d1d3f8036101dca7ee39e585","name":"Redacci\u00f3n QP","image":{"@type":"ImageObject","inLanguage":"es","@id":"https:\/\/secure.gravatar.com\/avatar\/c7164ed6fdec453195284ad24a5ae5b6e1eed2b848477fa2a4787ba9adf39a41?s=96&d=mm&r=g","url":"https:\/\/secure.gravatar.com\/avatar\/c7164ed6fdec453195284ad24a5ae5b6e1eed2b848477fa2a4787ba9adf39a41?s=96&d=mm&r=g","contentUrl":"https:\/\/secure.gravatar.com\/avatar\/c7164ed6fdec453195284ad24a5ae5b6e1eed2b848477fa2a4787ba9adf39a41?s=96&d=mm&r=g","caption":"Redacci\u00f3n QP"},"url":"https:\/\/quehacerpolitico.mx\/?author=2"}]}},"featured_image_urls":{"full":"","thumbnail":"","medium":"","medium_large":"","large":"","1536x1536":"","2048x2048":"","covernews-featured":"","covernews-medium":""},"author_info":{"display_name":"Redacci\u00f3n QP","author_link":"https:\/\/quehacerpolitico.mx\/?author=2"},"category_info":"<a href=\"https:\/\/quehacerpolitico.mx\/?cat=54\" rel=\"category\">Deportes<\/a>","tag_info":"Deportes","comment_count":"0","_links":{"self":[{"href":"https:\/\/quehacerpolitico.mx\/index.php?rest_route=\/wp\/v2\/posts\/36985","targetHints":{"allow":["GET"]}}],"collection":[{"href":"https:\/\/quehacerpolitico.mx\/index.php?rest_route=\/wp\/v2\/posts"}],"about":[{"href":"https:\/\/quehacerpolitico.mx\/index.php?rest_route=\/wp\/v2\/types\/post"}],"author":[{"embeddable":true,"href":"https:\/\/quehacerpolitico.mx\/index.php?rest_route=\/wp\/v2\/users\/2"}],"replies":[{"embeddable":true,"href":"https:\/\/quehacerpolitico.mx\/index.php?rest_route=%2Fwp%2Fv2%2Fcomments&post=36985"}],"version-history":[{"count":0,"href":"https:\/\/quehacerpolitico.mx\/index.php?rest_route=\/wp\/v2\/posts\/36985\/revisions"}],"wp:featuredmedia":[{"embeddable":true,"href":"https:\/\/quehacerpolitico.mx\/index.php?rest_route=\/"}],"wp:attachment":[{"href":"https:\/\/quehacerpolitico.mx\/index.php?rest_route=%2Fwp%2Fv2%2Fmedia&parent=36985"}],"wp:term":[{"taxonomy":"category","embeddable":true,"href":"https:\/\/quehacerpolitico.mx\/index.php?rest_route=%2Fwp%2Fv2%2Fcategories&post=36985"},{"taxonomy":"post_tag","embeddable":true,"href":"https:\/\/quehacerpolitico.mx\/index.php?rest_route=%2Fwp%2Fv2%2Ftags&post=36985"}],"curies":[{"name":"wp","href":"https:\/\/api.w.org\/{rel}","templated":true}]}}