{"id":36496,"date":"2019-08-27T15:47:36","date_gmt":"2019-08-27T15:47:36","guid":{"rendered":"http:\/\/quehacerpolitico.mx\/morena-se-dara-nueva-sede-con-dinero-publico\/"},"modified":"2019-08-27T15:47:36","modified_gmt":"2019-08-27T15:47:36","slug":"morena-se-dara-nueva-sede-con-dinero-publico","status":"publish","type":"post","link":"https:\/\/quehacerpolitico.mx\/?p=36496","title":{"rendered":"Morena se dar\u00e1 nueva sede con dinero p\u00fablico"},"content":{"rendered":"<h1 class=\"news-title\">Morena se dar\u00e1 nueva sede con dinero p\u00fablico<\/h1>\n<p>Por Redacci\u00f3n QP<\/p>\n<header class=\"news-header\">\n<div class=\"news-subtitle\">\n<p>Dirigencia del partido\u00a0ya busca\u00a0edificio en en colonias c\u00e9ntricas de la Ciudad de M\u00e9xico<\/p>\n<\/div>\n<\/header>\n<div class=\"news-content\">\n<div class=\"news-body row\">\n<p><strong>Morena invertir\u00e1 parte del financiamiento p\u00fablico<\/strong> que ha recibido en lo que va del a\u00f1o para adquirir <strong>un inmueble para su nueva sede nacional<\/strong>. &#8220;Queremos comprar algo que no haya que remodelar, est\u00e9 terminado, sea c\u00e9ntrico, adecuado al tama\u00f1o de partido que es Morena, que no nos cueste muy caro, pero que sea una inversi\u00f3n a futuro&#8221;, dijo su presidenta Yeidckol Polevnsky.\u00a0<\/p>\n<p>La b\u00fasqueda de un edificio <strong>ya comenz\u00f3 en colonias c\u00e9ntricas de la Ciudad de M\u00e9xico<\/strong>, pero a\u00fan no se ha decidido el monto total que se destinar\u00e1 a la inversi\u00f3n ni su ubicaci\u00f3n, detall\u00f3.<\/p>\n<p>El mes pasado se dio a conocer que Morena no cumpli\u00f3 con la devoluci\u00f3n de 50% de su financiamiento p\u00fablico\u00a0de 2019 \u2014como lo orden\u00f3 el congreso nacional de ese partido, realizado en noviembre pasado\u2014, pues al no solicitar al Instituto Nacional Electoral (INE) la retenci\u00f3n correspondiente, ha recibido puntual sus ministraciones mensuales.<\/p>\n<p>Esa devoluci\u00f3n a la Tesorer\u00eda de la Federaci\u00f3n (Tesofe) hubiera implicado para 2019 la renuncia a <strong>797.5 millones de pesos<\/strong>, pues en total le corresponden a Morena este a\u00f1o mil 567.6 millones de pesos. En cambio, de \u00e9stos ha recibido hasta agosto mil 45 millones de pesos; es decir, 66.6% del total para este a\u00f1o<\/p>\n<p>Polevnsky insisti\u00f3 en que ya dialog\u00f3 con el presidente del INE. Lorenzo C\u00f3rdova, para ver si a\u00fan se procede a la devoluci\u00f3n de una parte de las ministraciones de los meses que restan al a\u00f1o, pero por ahora, dado que ingresaron a las cuentas bancarias de Morena <strong>mil 45 millones de pesos<\/strong>, ese recurso no puede devolverse a la Tesofe.<\/p>\n<p>As\u00ed, inform\u00f3 que se proceder\u00e1 a invertir los recursos, de ah\u00ed que la b\u00fasqueda de la nueva sede para Morena ya est\u00e1 en curso y se espera hacer pronto la compra y <strong>mudarse antes de que concluya el a\u00f1o<\/strong>. Esto porque, record\u00f3, si no se ejerce ese financiamiento ya ingresado en las cuentas del partido, \u00e9ste <strong>tendr\u00eda que ser devuelto a la Tesofe<\/strong> apenas empiece 2020. De acuerdo con la tesis de jurisprudencia del Tribunal Electoral del Poder Judicial de la Federaci\u00f3n (TEPJF), los recursos que los partidos no ejercen por concepto de gasto de campa\u00f1a o gasto ordinario no podr\u00e1n, como ocurr\u00eda en el pasado, registrarlos como &#8220;ahorros&#8221;. Por tanto, de no erogarse en el ejercicio fiscal del a\u00f1o en que fueron recibidos deber\u00e1n ser devueltos a la Tesofe.<\/p>\n<p>Polevnsky indic\u00f3 que de lo que ha recibido el partido hasta ahora, <strong>una parte se ha ejercido y otra se tiene que ejercer<\/strong>, porque &#8220;ya que te entregan el dinero no se puede mandar de regreso ni se puede dar un destino distinto&#8221; y est\u00e1 etiquetado para uso partidista. As\u00ed, dado que &#8220;si no se gasta lo tenemos que devolver, preferimos tener un inmueble&#8221;.<\/p>\n<p>Cuestionada sobre las opciones de inmuebles que ya han valorado, la dirigente expuso que &#8220;hay much\u00edsimas&#8221;, pero est\u00e1 en an\u00e1lisis la mejor opci\u00f3n.<\/p>\n<p>Esto porque &#8220;encuentras un edificio, pero hay que meterle remodelaci\u00f3n y nosotros no queremos estar en gastos de remodelaci\u00f3n ni nada por el estilo. <strong>Queremos comprar algo que ya est\u00e9 terminado<\/strong>, queremos comprar algo que est\u00e9 c\u00e9ntrico&#8221;.<\/p>\n<p>Incluso expuso que las <strong>dirigencias de Morena en las entidades tambi\u00e9n adquirir\u00e1n propiedades<\/strong> para tener sedes propias y no pagar rentas. &#8220;Ya hay estados que han comprado sus inmuebles y est\u00e1n en camino de comprarse sus edificios otros que faltan. Morena tiene que tener un inmueble adecuado para el tama\u00f1o del partido que es Morena&#8221;.<\/p>\n<p>Lo que se busca, insisti\u00f3, es &#8220;que no nos cueste muy caro, pero nosotros creemos que va a ser una inversi\u00f3n a futuro, porque si compramos nos vamos a horrar el resto de las rentas&#8221;.<\/p>\n<p>Adem\u00e1s, se pretende que la nueva sede cuente con espacio para reuniones y aulas en las que pueda funcionar el Instituto Nacional de Formaci\u00f3n Pol\u00edtica (INFP), ordenado por el Congreso Nacional de Morena como la instancia que, adem\u00e1s de contar con la mitad del financiamiento partidista anual, deber\u00e1 brindar capacitaci\u00f3n a cientos de militantes en el pa\u00eds, que ser\u00e1n los funcionarios o legisladores del futuro.<\/p>\n<h4>Desde\u00f1an edificio viejo<\/h4>\n<p>Mientras, desde hace varias semanas, Polevnsky despacha en la casona ubicada en la calle de Chihuahua 216, en la colonia Roma, misma que sirvi\u00f3 para el <strong>gobierno de transici\u00f3n<\/strong> del Presidente Andres Manuel L\u00f3pez Obrador<\/p>\n<p>Por ese inmueble de 450 metros cuadrados el entonces gobierno de transici\u00f3n pag\u00f3 <strong>130 mil pesos mensuales, m\u00e1s IVA<\/strong>, precio preferencial, pues se pag\u00f3 un a\u00f1o por adelantado a la arrendataria Top Real Estate Company SA de CV.<\/p>\n<p>Ah\u00ed despacha la l\u00edder de Morena, recibe dirigentes estatales y realiza reuniones peque\u00f1as y privadas, pues tampoco se trata de un inmueble con auditorio o salones, como los que, se pretende, podr\u00eda necesitar ahora por la dimensi\u00f3n de partido en el gobierno. Otro tipo de encuentros los realiza Morena en el Hotel Four Points de la Colonia Roma, a unas calles, adem\u00e1s de que en estos meses ha ocupado cafeter\u00edas cercanas, pues la actual sede resulta poco pr\u00e1ctica.<\/p>\n<p>Actualmente, la que es <strong>oficialmente la sede nacional de Morena es un inmueble de tres pisos<\/strong> (m\u00e1s un cobertizo improvisado), ubicado en la calle Santa Anita n\u00famero 50, en la colonia Viaducto Piedad, Iztacalco, por el que se paga poco <strong>m\u00e1s de 40 mil pesos de renta mensual<\/strong>; es decir, 520 mil pesos al a\u00f1o.<\/p>\n<p>Se trata de un inmueble ubicado en una calle que tuvo impactos en el sismo de 1985, y en el pasado fue adecuado como un peque\u00f1o centro escolar. Fue el exdirigente nacional Mart\u00ed Batres quien comenz\u00f3 a despachar ah\u00ed junto con el primer Comit\u00e9 Ejecutivo Nacional (CEN) de Morena.<\/p>\n<p>El inmueble mencionado es <strong>un laberinto de aulas semidesocupadas<\/strong>, con escaso mobiliario y s\u00f3lo despachan ah\u00ed algunos dirigentes. Su uso pr\u00e1cticamente es como domicilio fiscal, para que est\u00e9n a la vista los estrados y como domicilio para o\u00edr y recibir notificaciones.<\/p>\n<p>Con Informaci\u00f3n de SUN<\/p>\n<\/div>\n<\/div>\n","protected":false},"excerpt":{"rendered":"<p>Morena se dar\u00e1 nueva sede con dinero p\u00fablico<br \/>\nPor Redacci\u00f3n QP<\/p>\n","protected":false},"author":2,"featured_media":36495,"comment_status":"open","ping_status":"open","sticky":false,"template":"","format":"standard","meta":{"_monsterinsights_skip_tracking":false,"_monsterinsights_sitenote_active":false,"_monsterinsights_sitenote_note":"","_monsterinsights_sitenote_category":0,"footnotes":""},"categories":[2],"tags":[],"class_list":["post-36496","post","type-post","status-publish","format-standard","has-post-thumbnail","hentry","category-noticias"],"yoast_head":"<!-- This site is optimized with the Yoast SEO plugin v27.3 - https:\/\/yoast.com\/product\/yoast-seo-wordpress\/ -->\n<title>Morena se dar\u00e1 nueva sede con dinero p\u00fablico -<\/title>\n<meta name=\"robots\" content=\"index, follow, max-snippet:-1, max-image-preview:large, max-video-preview:-1\" \/>\n<link rel=\"canonical\" href=\"https:\/\/quehacerpolitico.mx\/?p=36496\" \/>\n<meta property=\"og:locale\" content=\"es_MX\" \/>\n<meta property=\"og:type\" content=\"article\" \/>\n<meta property=\"og:title\" content=\"Morena se dar\u00e1 nueva sede con dinero p\u00fablico -\" \/>\n<meta property=\"og:description\" content=\"Morena se dar\u00e1 nueva sede con dinero p\u00fablico Por Redacci\u00f3n QP\" \/>\n<meta property=\"og:url\" content=\"https:\/\/quehacerpolitico.mx\/?p=36496\" \/>\n<meta property=\"article:published_time\" content=\"2019-08-27T15:47:36+00:00\" \/>\n<meta name=\"author\" content=\"Redacci\u00f3n QP\" \/>\n<meta name=\"twitter:card\" content=\"summary_large_image\" \/>\n<meta name=\"twitter:label1\" content=\"Escrito por\" \/>\n\t<meta name=\"twitter:data1\" content=\"Redacci\u00f3n QP\" \/>\n\t<meta name=\"twitter:label2\" content=\"Tiempo de lectura\" \/>\n\t<meta name=\"twitter:data2\" content=\"5 minutos\" \/>\n<script type=\"application\/ld+json\" class=\"yoast-schema-graph\">{\"@context\":\"https:\\\/\\\/schema.org\",\"@graph\":[{\"@type\":\"Article\",\"@id\":\"https:\\\/\\\/quehacerpolitico.mx\\\/?p=36496#article\",\"isPartOf\":{\"@id\":\"https:\\\/\\\/quehacerpolitico.mx\\\/?p=36496\"},\"author\":{\"name\":\"Redacci\u00f3n QP\",\"@id\":\"https:\\\/\\\/quehacerpolitico.mx\\\/#\\\/schema\\\/person\\\/496d8ad2d1d3f8036101dca7ee39e585\"},\"headline\":\"Morena se dar\u00e1 nueva sede con dinero p\u00fablico\",\"datePublished\":\"2019-08-27T15:47:36+00:00\",\"mainEntityOfPage\":{\"@id\":\"https:\\\/\\\/quehacerpolitico.mx\\\/?p=36496\"},\"wordCount\":1072,\"commentCount\":0,\"image\":{\"@id\":\"https:\\\/\\\/quehacerpolitico.mx\\\/?p=36496#primaryimage\"},\"thumbnailUrl\":\"\",\"articleSection\":[\"Noticias\"],\"inLanguage\":\"es\",\"potentialAction\":[{\"@type\":\"CommentAction\",\"name\":\"Comment\",\"target\":[\"https:\\\/\\\/quehacerpolitico.mx\\\/?p=36496#respond\"]}]},{\"@type\":\"WebPage\",\"@id\":\"https:\\\/\\\/quehacerpolitico.mx\\\/?p=36496\",\"url\":\"https:\\\/\\\/quehacerpolitico.mx\\\/?p=36496\",\"name\":\"Morena se dar\u00e1 nueva sede con dinero p\u00fablico -\",\"isPartOf\":{\"@id\":\"https:\\\/\\\/quehacerpolitico.mx\\\/#website\"},\"primaryImageOfPage\":{\"@id\":\"https:\\\/\\\/quehacerpolitico.mx\\\/?p=36496#primaryimage\"},\"image\":{\"@id\":\"https:\\\/\\\/quehacerpolitico.mx\\\/?p=36496#primaryimage\"},\"thumbnailUrl\":\"\",\"datePublished\":\"2019-08-27T15:47:36+00:00\",\"author\":{\"@id\":\"https:\\\/\\\/quehacerpolitico.mx\\\/#\\\/schema\\\/person\\\/496d8ad2d1d3f8036101dca7ee39e585\"},\"breadcrumb\":{\"@id\":\"https:\\\/\\\/quehacerpolitico.mx\\\/?p=36496#breadcrumb\"},\"inLanguage\":\"es\",\"potentialAction\":[{\"@type\":\"ReadAction\",\"target\":[\"https:\\\/\\\/quehacerpolitico.mx\\\/?p=36496\"]}]},{\"@type\":\"ImageObject\",\"inLanguage\":\"es\",\"@id\":\"https:\\\/\\\/quehacerpolitico.mx\\\/?p=36496#primaryimage\",\"url\":\"\",\"contentUrl\":\"\"},{\"@type\":\"BreadcrumbList\",\"@id\":\"https:\\\/\\\/quehacerpolitico.mx\\\/?p=36496#breadcrumb\",\"itemListElement\":[{\"@type\":\"ListItem\",\"position\":1,\"name\":\"Inicio\",\"item\":\"https:\\\/\\\/quehacerpolitico.mx\\\/\"},{\"@type\":\"ListItem\",\"position\":2,\"name\":\"Morena se dar\u00e1 nueva sede con dinero p\u00fablico\"}]},{\"@type\":\"WebSite\",\"@id\":\"https:\\\/\\\/quehacerpolitico.mx\\\/#website\",\"url\":\"https:\\\/\\\/quehacerpolitico.mx\\\/\",\"name\":\"\",\"description\":\"\",\"potentialAction\":[{\"@type\":\"SearchAction\",\"target\":{\"@type\":\"EntryPoint\",\"urlTemplate\":\"https:\\\/\\\/quehacerpolitico.mx\\\/?s={search_term_string}\"},\"query-input\":{\"@type\":\"PropertyValueSpecification\",\"valueRequired\":true,\"valueName\":\"search_term_string\"}}],\"inLanguage\":\"es\"},{\"@type\":\"Person\",\"@id\":\"https:\\\/\\\/quehacerpolitico.mx\\\/#\\\/schema\\\/person\\\/496d8ad2d1d3f8036101dca7ee39e585\",\"name\":\"Redacci\u00f3n QP\",\"image\":{\"@type\":\"ImageObject\",\"inLanguage\":\"es\",\"@id\":\"https:\\\/\\\/secure.gravatar.com\\\/avatar\\\/c7164ed6fdec453195284ad24a5ae5b6e1eed2b848477fa2a4787ba9adf39a41?s=96&d=mm&r=g\",\"url\":\"https:\\\/\\\/secure.gravatar.com\\\/avatar\\\/c7164ed6fdec453195284ad24a5ae5b6e1eed2b848477fa2a4787ba9adf39a41?s=96&d=mm&r=g\",\"contentUrl\":\"https:\\\/\\\/secure.gravatar.com\\\/avatar\\\/c7164ed6fdec453195284ad24a5ae5b6e1eed2b848477fa2a4787ba9adf39a41?s=96&d=mm&r=g\",\"caption\":\"Redacci\u00f3n QP\"},\"url\":\"https:\\\/\\\/quehacerpolitico.mx\\\/?author=2\"}]}<\/script>\n<!-- \/ Yoast SEO plugin. -->","yoast_head_json":{"title":"Morena se dar\u00e1 nueva sede con dinero p\u00fablico -","robots":{"index":"index","follow":"follow","max-snippet":"max-snippet:-1","max-image-preview":"max-image-preview:large","max-video-preview":"max-video-preview:-1"},"canonical":"https:\/\/quehacerpolitico.mx\/?p=36496","og_locale":"es_MX","og_type":"article","og_title":"Morena se dar\u00e1 nueva sede con dinero p\u00fablico -","og_description":"Morena se dar\u00e1 nueva sede con dinero p\u00fablico Por Redacci\u00f3n QP","og_url":"https:\/\/quehacerpolitico.mx\/?p=36496","article_published_time":"2019-08-27T15:47:36+00:00","author":"Redacci\u00f3n QP","twitter_card":"summary_large_image","twitter_misc":{"Escrito por":"Redacci\u00f3n QP","Tiempo de lectura":"5 minutos"},"schema":{"@context":"https:\/\/schema.org","@graph":[{"@type":"Article","@id":"https:\/\/quehacerpolitico.mx\/?p=36496#article","isPartOf":{"@id":"https:\/\/quehacerpolitico.mx\/?p=36496"},"author":{"name":"Redacci\u00f3n QP","@id":"https:\/\/quehacerpolitico.mx\/#\/schema\/person\/496d8ad2d1d3f8036101dca7ee39e585"},"headline":"Morena se dar\u00e1 nueva sede con dinero p\u00fablico","datePublished":"2019-08-27T15:47:36+00:00","mainEntityOfPage":{"@id":"https:\/\/quehacerpolitico.mx\/?p=36496"},"wordCount":1072,"commentCount":0,"image":{"@id":"https:\/\/quehacerpolitico.mx\/?p=36496#primaryimage"},"thumbnailUrl":"","articleSection":["Noticias"],"inLanguage":"es","potentialAction":[{"@type":"CommentAction","name":"Comment","target":["https:\/\/quehacerpolitico.mx\/?p=36496#respond"]}]},{"@type":"WebPage","@id":"https:\/\/quehacerpolitico.mx\/?p=36496","url":"https:\/\/quehacerpolitico.mx\/?p=36496","name":"Morena se dar\u00e1 nueva sede con dinero p\u00fablico -","isPartOf":{"@id":"https:\/\/quehacerpolitico.mx\/#website"},"primaryImageOfPage":{"@id":"https:\/\/quehacerpolitico.mx\/?p=36496#primaryimage"},"image":{"@id":"https:\/\/quehacerpolitico.mx\/?p=36496#primaryimage"},"thumbnailUrl":"","datePublished":"2019-08-27T15:47:36+00:00","author":{"@id":"https:\/\/quehacerpolitico.mx\/#\/schema\/person\/496d8ad2d1d3f8036101dca7ee39e585"},"breadcrumb":{"@id":"https:\/\/quehacerpolitico.mx\/?p=36496#breadcrumb"},"inLanguage":"es","potentialAction":[{"@type":"ReadAction","target":["https:\/\/quehacerpolitico.mx\/?p=36496"]}]},{"@type":"ImageObject","inLanguage":"es","@id":"https:\/\/quehacerpolitico.mx\/?p=36496#primaryimage","url":"","contentUrl":""},{"@type":"BreadcrumbList","@id":"https:\/\/quehacerpolitico.mx\/?p=36496#breadcrumb","itemListElement":[{"@type":"ListItem","position":1,"name":"Inicio","item":"https:\/\/quehacerpolitico.mx\/"},{"@type":"ListItem","position":2,"name":"Morena se dar\u00e1 nueva sede con dinero p\u00fablico"}]},{"@type":"WebSite","@id":"https:\/\/quehacerpolitico.mx\/#website","url":"https:\/\/quehacerpolitico.mx\/","name":"","description":"","potentialAction":[{"@type":"SearchAction","target":{"@type":"EntryPoint","urlTemplate":"https:\/\/quehacerpolitico.mx\/?s={search_term_string}"},"query-input":{"@type":"PropertyValueSpecification","valueRequired":true,"valueName":"search_term_string"}}],"inLanguage":"es"},{"@type":"Person","@id":"https:\/\/quehacerpolitico.mx\/#\/schema\/person\/496d8ad2d1d3f8036101dca7ee39e585","name":"Redacci\u00f3n QP","image":{"@type":"ImageObject","inLanguage":"es","@id":"https:\/\/secure.gravatar.com\/avatar\/c7164ed6fdec453195284ad24a5ae5b6e1eed2b848477fa2a4787ba9adf39a41?s=96&d=mm&r=g","url":"https:\/\/secure.gravatar.com\/avatar\/c7164ed6fdec453195284ad24a5ae5b6e1eed2b848477fa2a4787ba9adf39a41?s=96&d=mm&r=g","contentUrl":"https:\/\/secure.gravatar.com\/avatar\/c7164ed6fdec453195284ad24a5ae5b6e1eed2b848477fa2a4787ba9adf39a41?s=96&d=mm&r=g","caption":"Redacci\u00f3n QP"},"url":"https:\/\/quehacerpolitico.mx\/?author=2"}]}},"featured_image_urls":{"full":"","thumbnail":"","medium":"","medium_large":"","large":"","1536x1536":"","2048x2048":"","covernews-featured":"","covernews-medium":""},"author_info":{"display_name":"Redacci\u00f3n QP","author_link":"https:\/\/quehacerpolitico.mx\/?author=2"},"category_info":"<a href=\"https:\/\/quehacerpolitico.mx\/?cat=2\" rel=\"category\">Noticias<\/a>","tag_info":"Noticias","comment_count":"0","_links":{"self":[{"href":"https:\/\/quehacerpolitico.mx\/index.php?rest_route=\/wp\/v2\/posts\/36496","targetHints":{"allow":["GET"]}}],"collection":[{"href":"https:\/\/quehacerpolitico.mx\/index.php?rest_route=\/wp\/v2\/posts"}],"about":[{"href":"https:\/\/quehacerpolitico.mx\/index.php?rest_route=\/wp\/v2\/types\/post"}],"author":[{"embeddable":true,"href":"https:\/\/quehacerpolitico.mx\/index.php?rest_route=\/wp\/v2\/users\/2"}],"replies":[{"embeddable":true,"href":"https:\/\/quehacerpolitico.mx\/index.php?rest_route=%2Fwp%2Fv2%2Fcomments&post=36496"}],"version-history":[{"count":0,"href":"https:\/\/quehacerpolitico.mx\/index.php?rest_route=\/wp\/v2\/posts\/36496\/revisions"}],"wp:featuredmedia":[{"embeddable":true,"href":"https:\/\/quehacerpolitico.mx\/index.php?rest_route=\/"}],"wp:attachment":[{"href":"https:\/\/quehacerpolitico.mx\/index.php?rest_route=%2Fwp%2Fv2%2Fmedia&parent=36496"}],"wp:term":[{"taxonomy":"category","embeddable":true,"href":"https:\/\/quehacerpolitico.mx\/index.php?rest_route=%2Fwp%2Fv2%2Fcategories&post=36496"},{"taxonomy":"post_tag","embeddable":true,"href":"https:\/\/quehacerpolitico.mx\/index.php?rest_route=%2Fwp%2Fv2%2Ftags&post=36496"}],"curies":[{"name":"wp","href":"https:\/\/api.w.org\/{rel}","templated":true}]}}