{"id":36436,"date":"2019-08-27T02:06:12","date_gmt":"2019-08-27T02:06:12","guid":{"rendered":"http:\/\/quehacerpolitico.mx\/internacionales-carolina-alonso-romei-demandan-por-regla-de-trump-sobre-detencion-de-ninos-migrantes\/"},"modified":"2019-08-27T02:06:12","modified_gmt":"2019-08-27T02:06:12","slug":"internacionales-carolina-alonso-romei-demandan-por-regla-de-trump-sobre-detencion-de-ninos-migrantes","status":"publish","type":"post","link":"https:\/\/quehacerpolitico.mx\/?p=36436","title":{"rendered":"Internacionales\/\/\/Carolina Alonso Romei\/\/\/Demandan por regla de Trump sobre detenci\u00f3n de ni\u00f1os migrantes"},"content":{"rendered":"<h1 class=\"news-title\">Demandan por regla de Trump sobre detenci\u00f3n de ni\u00f1os migrantes<\/h1>\n<p>Por Carolina Alonso Romei\u00a0<\/p>\n<p>Internacionalista\u00a0<\/p>\n<header class=\"news-header\">\n<div class=\"news-subtitle\">\n<p>Un total de 19 estados interponen un recurso contra la administraci\u00f3n del presidente de EU<\/p>\n<\/div>\n<\/header>\n<div class=\"news-content\">\n<div class=\"news-body row\">\n<p>Un total de <strong>19 estados interpusieron una demanda<\/strong> este lunes contra la administraci\u00f3n del presidente de Estados Unidos, Donald Trump, por modificar un acuerdo sobre la detenci\u00f3n de menores indocumentados\u00a0y que llevar\u00eda a encierros prolongados.<\/p>\n<p>La demanda busca <strong>proteger las disposiciones del llamado Acuerdo Flores<\/strong>, un pacto firmado en 1997 que establece que los menores indocumentados no pueden permanecer detenidos por m\u00e1s de 20 d\u00edas, premisa que qued\u00f3 modificada tras una nueva regulaci\u00f3n dada a conocer la semana pasada.<\/p>\n<p>&#8220;Ning\u00fan ni\u00f1o merece ser sometido a condiciones inapropiadas y perjudiciales para su edad&#8221;, y se les debe garantizar servicios m\u00e9dicos y de bienestar, dijo el fiscal general de <strong>California<\/strong>, Xavier Becerra, en una conferencia de prensa en Sacramento para presentar la demanda.<\/p>\n<p>&#8220;Estamos llevando a la Administraci\u00f3n Trump a los tribunales para proteger a los ni\u00f1os del da\u00f1o irreparable causado por la detenci\u00f3n ilegal e innecesaria&#8221;, agreg\u00f3 el procurador de este estado, que lidera la demanda junto a Massachusetts.<\/p>\n<p>La acci\u00f3n legal, presentada en el tribunal del Distrito Central de California, argumenta que la regulaci\u00f3n dada a conocer el pasado mi\u00e9rcoles por el Departamento de Seguridad Nacional (DHS) <strong>elimina varias protecciones garantizadas<\/strong>por el Acuerdo Flores, entre ellas la detenci\u00f3n prolongada de menores y con el consecuente efecto en las comunidades que los reciben tras su liberaci\u00f3n.<\/p>\n<p>En ese sentido, el gobernador de California, Gavin Newsom, dijo que &#8220;una vez m\u00e1s, el presidente Trump est\u00e1 haciendo <strong>caso omiso de los derechos humanos b\u00e1sicos<\/strong> y est\u00e1 utilizando ni\u00f1os inmigrantes indefensos como peones pol\u00edticos para promover su agenda ideol\u00f3gica&#8221;.<\/p>\n<p>&#8220;California proteger\u00e1 el bienestar y la seguridad de todos los ni\u00f1os, independientemente de su procedencia o del color de su piel&#8221;, subray\u00f3 Newsom en la rueda de prensa.<\/p>\n<p>Las cortes californianas conocen bien del tema desde <strong>la d\u00e9cada de los 80<\/strong>, cuando se present\u00f3 en Los \u00c1ngeles el litigio que culmin\u00f3 en el federal Acuerdo Flores firmado por el entonces presidente Bill Clinton.<\/p>\n<p>Al presentar el plan el secretario interino del Departamento de Seguridad Interna (DHS), Kevin McAleenan, dijo que los efectos del acuerdo deb\u00edan haber <strong>durado unos cinco a\u00f1os<\/strong> y que la futura medida, que se prev\u00e9 entre en efecto a fines de octubre, &#8220;elimina el incentivo que alienta a los traficantes a explotar ni\u00f1os&#8221;.<\/p>\n<p>La querella, sin embargo, alega que la nueva pol\u00edtica <strong>interfiere con la capacidad de los estados<\/strong> para garantizar la salud, la seguridad, y el bienestar de los ni\u00f1os, debido a que socava los requisitos de licencias estatales para las instalaciones donde se encuentran los ni\u00f1os.<\/p>\n<p>El anuncio del pasado mi\u00e9rcoles del Gobierno lleg\u00f3 tras varias derrotas en los tribunales federales en torno al Acuerdo Flores.<\/p>\n<p>La m\u00e1s reciente de ellas se dio el pasado 15 de agosto, cuando un panel del Noveno Circuito de Apelaciones federal se\u00f1al\u00f3 que el Gobierno debe <strong>garantizar las condiciones de limpieza y seguridad de los menores<\/strong>.<\/p>\n<p>Newsom se\u00f1al\u00f3 que siete ni\u00f1os inmigrantes han muerto bajo la custodia de las autoridades federales durante la actual Administraci\u00f3n de Donald Trump, antecedentes que auguran el da\u00f1o que causar\u00eda implementar la nueva regla.<\/p>\n<p><strong>Connecticut, Delaware, Illinois, Maine, Maryland, Michigan, Minesota, Nevada, Nueva Jersey, New Mexico, New York, Oreg\u00f3n, Pensilvania, Rhode Island, Vermont, Virginia, Washington, y el Distrito de Columbia<\/strong> son los otros firmantes de la querella.<\/p>\n<p>California ha presentado 57 demandas contra la Administraci\u00f3n Trump tras desacuerdos en inmigraci\u00f3n, atenci\u00f3n m\u00e9dica y medio ambiente.<\/p>\n<p>Precisamente Becerra anunci\u00f3 hoy que present\u00f3 una solicitud de emergencia en el Tribunal del Distrito Norte de California para suspender la implementaci\u00f3n de la nueva regla de \u201ccarga p\u00fablica\u201d\u00a0que podr\u00eda negar la residencia permanente o ciudadan\u00eda a inmigrantes legales que reciben ciertos beneficios p\u00fablicos.<\/p>\n<p>La acci\u00f3n legal hace parte de la demanda que present\u00f3 California, junto a Maine, Pensilvania, Oreg\u00f3n y el Distrito de Columbia, el pasado 16 de agosto contra la nueva regla que se implantar\u00eda el 15 de octubre, y que afectar\u00eda tambi\u00e9n a ni\u00f1os estadounidenses seg\u00fan los demandantes.<\/p>\n<p>Con Informaci\u00f3n de EFE<\/p>\n<\/div>\n<\/div>\n","protected":false},"excerpt":{"rendered":"<p>Demandan por regla de Trump sobre detenci\u00f3n de ni\u00f1os migrantes<br \/>\nPor Carolina Alonso Romei<br \/>\nInternacionalista<\/p>\n","protected":false},"author":2,"featured_media":36435,"comment_status":"open","ping_status":"open","sticky":false,"template":"","format":"standard","meta":{"_monsterinsights_skip_tracking":false,"_monsterinsights_sitenote_active":false,"_monsterinsights_sitenote_note":"","_monsterinsights_sitenote_category":0,"footnotes":""},"categories":[1],"tags":[],"class_list":["post-36436","post","type-post","status-publish","format-standard","has-post-thumbnail","hentry","category-sin-categoria"],"yoast_head":"<!-- This site is optimized with the Yoast SEO plugin v27.3 - https:\/\/yoast.com\/product\/yoast-seo-wordpress\/ -->\n<title>Internacionales\/\/\/Carolina Alonso Romei\/\/\/Demandan por regla de Trump sobre detenci\u00f3n de ni\u00f1os migrantes -<\/title>\n<meta name=\"robots\" content=\"index, follow, max-snippet:-1, max-image-preview:large, max-video-preview:-1\" \/>\n<link rel=\"canonical\" href=\"https:\/\/quehacerpolitico.mx\/?p=36436\" \/>\n<meta property=\"og:locale\" content=\"es_MX\" \/>\n<meta property=\"og:type\" content=\"article\" \/>\n<meta property=\"og:title\" content=\"Internacionales\/\/\/Carolina Alonso Romei\/\/\/Demandan por regla de Trump sobre detenci\u00f3n de ni\u00f1os migrantes -\" \/>\n<meta property=\"og:description\" content=\"Demandan por regla de Trump sobre detenci\u00f3n de ni\u00f1os migrantes Por Carolina Alonso Romei Internacionalista\" \/>\n<meta property=\"og:url\" content=\"https:\/\/quehacerpolitico.mx\/?p=36436\" \/>\n<meta property=\"article:published_time\" content=\"2019-08-27T02:06:12+00:00\" \/>\n<meta name=\"author\" content=\"Redacci\u00f3n QP\" \/>\n<meta name=\"twitter:card\" content=\"summary_large_image\" \/>\n<meta name=\"twitter:label1\" content=\"Escrito por\" \/>\n\t<meta name=\"twitter:data1\" content=\"Redacci\u00f3n QP\" \/>\n\t<meta name=\"twitter:label2\" content=\"Tiempo de lectura\" \/>\n\t<meta name=\"twitter:data2\" content=\"4 minutos\" \/>\n<script type=\"application\/ld+json\" class=\"yoast-schema-graph\">{\"@context\":\"https:\\\/\\\/schema.org\",\"@graph\":[{\"@type\":\"Article\",\"@id\":\"https:\\\/\\\/quehacerpolitico.mx\\\/?p=36436#article\",\"isPartOf\":{\"@id\":\"https:\\\/\\\/quehacerpolitico.mx\\\/?p=36436\"},\"author\":{\"name\":\"Redacci\u00f3n QP\",\"@id\":\"https:\\\/\\\/quehacerpolitico.mx\\\/#\\\/schema\\\/person\\\/496d8ad2d1d3f8036101dca7ee39e585\"},\"headline\":\"Internacionales\\\/\\\/\\\/Carolina Alonso Romei\\\/\\\/\\\/Demandan por regla de Trump sobre detenci\u00f3n de ni\u00f1os migrantes\",\"datePublished\":\"2019-08-27T02:06:12+00:00\",\"mainEntityOfPage\":{\"@id\":\"https:\\\/\\\/quehacerpolitico.mx\\\/?p=36436\"},\"wordCount\":750,\"commentCount\":0,\"image\":{\"@id\":\"https:\\\/\\\/quehacerpolitico.mx\\\/?p=36436#primaryimage\"},\"thumbnailUrl\":\"\",\"articleSection\":[\"Internacionales\"],\"inLanguage\":\"es\",\"potentialAction\":[{\"@type\":\"CommentAction\",\"name\":\"Comment\",\"target\":[\"https:\\\/\\\/quehacerpolitico.mx\\\/?p=36436#respond\"]}]},{\"@type\":\"WebPage\",\"@id\":\"https:\\\/\\\/quehacerpolitico.mx\\\/?p=36436\",\"url\":\"https:\\\/\\\/quehacerpolitico.mx\\\/?p=36436\",\"name\":\"Internacionales\\\/\\\/\\\/Carolina Alonso Romei\\\/\\\/\\\/Demandan por regla de Trump sobre detenci\u00f3n de ni\u00f1os migrantes -\",\"isPartOf\":{\"@id\":\"https:\\\/\\\/quehacerpolitico.mx\\\/#website\"},\"primaryImageOfPage\":{\"@id\":\"https:\\\/\\\/quehacerpolitico.mx\\\/?p=36436#primaryimage\"},\"image\":{\"@id\":\"https:\\\/\\\/quehacerpolitico.mx\\\/?p=36436#primaryimage\"},\"thumbnailUrl\":\"\",\"datePublished\":\"2019-08-27T02:06:12+00:00\",\"author\":{\"@id\":\"https:\\\/\\\/quehacerpolitico.mx\\\/#\\\/schema\\\/person\\\/496d8ad2d1d3f8036101dca7ee39e585\"},\"breadcrumb\":{\"@id\":\"https:\\\/\\\/quehacerpolitico.mx\\\/?p=36436#breadcrumb\"},\"inLanguage\":\"es\",\"potentialAction\":[{\"@type\":\"ReadAction\",\"target\":[\"https:\\\/\\\/quehacerpolitico.mx\\\/?p=36436\"]}]},{\"@type\":\"ImageObject\",\"inLanguage\":\"es\",\"@id\":\"https:\\\/\\\/quehacerpolitico.mx\\\/?p=36436#primaryimage\",\"url\":\"\",\"contentUrl\":\"\"},{\"@type\":\"BreadcrumbList\",\"@id\":\"https:\\\/\\\/quehacerpolitico.mx\\\/?p=36436#breadcrumb\",\"itemListElement\":[{\"@type\":\"ListItem\",\"position\":1,\"name\":\"Inicio\",\"item\":\"https:\\\/\\\/quehacerpolitico.mx\\\/\"},{\"@type\":\"ListItem\",\"position\":2,\"name\":\"Internacionales\\\/\\\/\\\/Carolina Alonso Romei\\\/\\\/\\\/Demandan por regla de Trump sobre detenci\u00f3n de ni\u00f1os migrantes\"}]},{\"@type\":\"WebSite\",\"@id\":\"https:\\\/\\\/quehacerpolitico.mx\\\/#website\",\"url\":\"https:\\\/\\\/quehacerpolitico.mx\\\/\",\"name\":\"\",\"description\":\"\",\"potentialAction\":[{\"@type\":\"SearchAction\",\"target\":{\"@type\":\"EntryPoint\",\"urlTemplate\":\"https:\\\/\\\/quehacerpolitico.mx\\\/?s={search_term_string}\"},\"query-input\":{\"@type\":\"PropertyValueSpecification\",\"valueRequired\":true,\"valueName\":\"search_term_string\"}}],\"inLanguage\":\"es\"},{\"@type\":\"Person\",\"@id\":\"https:\\\/\\\/quehacerpolitico.mx\\\/#\\\/schema\\\/person\\\/496d8ad2d1d3f8036101dca7ee39e585\",\"name\":\"Redacci\u00f3n QP\",\"image\":{\"@type\":\"ImageObject\",\"inLanguage\":\"es\",\"@id\":\"https:\\\/\\\/secure.gravatar.com\\\/avatar\\\/c7164ed6fdec453195284ad24a5ae5b6e1eed2b848477fa2a4787ba9adf39a41?s=96&d=mm&r=g\",\"url\":\"https:\\\/\\\/secure.gravatar.com\\\/avatar\\\/c7164ed6fdec453195284ad24a5ae5b6e1eed2b848477fa2a4787ba9adf39a41?s=96&d=mm&r=g\",\"contentUrl\":\"https:\\\/\\\/secure.gravatar.com\\\/avatar\\\/c7164ed6fdec453195284ad24a5ae5b6e1eed2b848477fa2a4787ba9adf39a41?s=96&d=mm&r=g\",\"caption\":\"Redacci\u00f3n QP\"},\"url\":\"https:\\\/\\\/quehacerpolitico.mx\\\/?author=2\"}]}<\/script>\n<!-- \/ Yoast SEO plugin. -->","yoast_head_json":{"title":"Internacionales\/\/\/Carolina Alonso Romei\/\/\/Demandan por regla de Trump sobre detenci\u00f3n de ni\u00f1os migrantes -","robots":{"index":"index","follow":"follow","max-snippet":"max-snippet:-1","max-image-preview":"max-image-preview:large","max-video-preview":"max-video-preview:-1"},"canonical":"https:\/\/quehacerpolitico.mx\/?p=36436","og_locale":"es_MX","og_type":"article","og_title":"Internacionales\/\/\/Carolina Alonso Romei\/\/\/Demandan por regla de Trump sobre detenci\u00f3n de ni\u00f1os migrantes -","og_description":"Demandan por regla de Trump sobre detenci\u00f3n de ni\u00f1os migrantes Por Carolina Alonso Romei Internacionalista","og_url":"https:\/\/quehacerpolitico.mx\/?p=36436","article_published_time":"2019-08-27T02:06:12+00:00","author":"Redacci\u00f3n QP","twitter_card":"summary_large_image","twitter_misc":{"Escrito por":"Redacci\u00f3n QP","Tiempo de lectura":"4 minutos"},"schema":{"@context":"https:\/\/schema.org","@graph":[{"@type":"Article","@id":"https:\/\/quehacerpolitico.mx\/?p=36436#article","isPartOf":{"@id":"https:\/\/quehacerpolitico.mx\/?p=36436"},"author":{"name":"Redacci\u00f3n QP","@id":"https:\/\/quehacerpolitico.mx\/#\/schema\/person\/496d8ad2d1d3f8036101dca7ee39e585"},"headline":"Internacionales\/\/\/Carolina Alonso Romei\/\/\/Demandan por regla de Trump sobre detenci\u00f3n de ni\u00f1os migrantes","datePublished":"2019-08-27T02:06:12+00:00","mainEntityOfPage":{"@id":"https:\/\/quehacerpolitico.mx\/?p=36436"},"wordCount":750,"commentCount":0,"image":{"@id":"https:\/\/quehacerpolitico.mx\/?p=36436#primaryimage"},"thumbnailUrl":"","articleSection":["Internacionales"],"inLanguage":"es","potentialAction":[{"@type":"CommentAction","name":"Comment","target":["https:\/\/quehacerpolitico.mx\/?p=36436#respond"]}]},{"@type":"WebPage","@id":"https:\/\/quehacerpolitico.mx\/?p=36436","url":"https:\/\/quehacerpolitico.mx\/?p=36436","name":"Internacionales\/\/\/Carolina Alonso Romei\/\/\/Demandan por regla de Trump sobre detenci\u00f3n de ni\u00f1os migrantes -","isPartOf":{"@id":"https:\/\/quehacerpolitico.mx\/#website"},"primaryImageOfPage":{"@id":"https:\/\/quehacerpolitico.mx\/?p=36436#primaryimage"},"image":{"@id":"https:\/\/quehacerpolitico.mx\/?p=36436#primaryimage"},"thumbnailUrl":"","datePublished":"2019-08-27T02:06:12+00:00","author":{"@id":"https:\/\/quehacerpolitico.mx\/#\/schema\/person\/496d8ad2d1d3f8036101dca7ee39e585"},"breadcrumb":{"@id":"https:\/\/quehacerpolitico.mx\/?p=36436#breadcrumb"},"inLanguage":"es","potentialAction":[{"@type":"ReadAction","target":["https:\/\/quehacerpolitico.mx\/?p=36436"]}]},{"@type":"ImageObject","inLanguage":"es","@id":"https:\/\/quehacerpolitico.mx\/?p=36436#primaryimage","url":"","contentUrl":""},{"@type":"BreadcrumbList","@id":"https:\/\/quehacerpolitico.mx\/?p=36436#breadcrumb","itemListElement":[{"@type":"ListItem","position":1,"name":"Inicio","item":"https:\/\/quehacerpolitico.mx\/"},{"@type":"ListItem","position":2,"name":"Internacionales\/\/\/Carolina Alonso Romei\/\/\/Demandan por regla de Trump sobre detenci\u00f3n de ni\u00f1os migrantes"}]},{"@type":"WebSite","@id":"https:\/\/quehacerpolitico.mx\/#website","url":"https:\/\/quehacerpolitico.mx\/","name":"","description":"","potentialAction":[{"@type":"SearchAction","target":{"@type":"EntryPoint","urlTemplate":"https:\/\/quehacerpolitico.mx\/?s={search_term_string}"},"query-input":{"@type":"PropertyValueSpecification","valueRequired":true,"valueName":"search_term_string"}}],"inLanguage":"es"},{"@type":"Person","@id":"https:\/\/quehacerpolitico.mx\/#\/schema\/person\/496d8ad2d1d3f8036101dca7ee39e585","name":"Redacci\u00f3n QP","image":{"@type":"ImageObject","inLanguage":"es","@id":"https:\/\/secure.gravatar.com\/avatar\/c7164ed6fdec453195284ad24a5ae5b6e1eed2b848477fa2a4787ba9adf39a41?s=96&d=mm&r=g","url":"https:\/\/secure.gravatar.com\/avatar\/c7164ed6fdec453195284ad24a5ae5b6e1eed2b848477fa2a4787ba9adf39a41?s=96&d=mm&r=g","contentUrl":"https:\/\/secure.gravatar.com\/avatar\/c7164ed6fdec453195284ad24a5ae5b6e1eed2b848477fa2a4787ba9adf39a41?s=96&d=mm&r=g","caption":"Redacci\u00f3n QP"},"url":"https:\/\/quehacerpolitico.mx\/?author=2"}]}},"featured_image_urls":{"full":"","thumbnail":"","medium":"","medium_large":"","large":"","1536x1536":"","2048x2048":"","covernews-featured":"","covernews-medium":""},"author_info":{"display_name":"Redacci\u00f3n QP","author_link":"https:\/\/quehacerpolitico.mx\/?author=2"},"category_info":"<a href=\"https:\/\/quehacerpolitico.mx\/?cat=1\" rel=\"category\">Internacionales<\/a>","tag_info":"Internacionales","comment_count":"0","_links":{"self":[{"href":"https:\/\/quehacerpolitico.mx\/index.php?rest_route=\/wp\/v2\/posts\/36436","targetHints":{"allow":["GET"]}}],"collection":[{"href":"https:\/\/quehacerpolitico.mx\/index.php?rest_route=\/wp\/v2\/posts"}],"about":[{"href":"https:\/\/quehacerpolitico.mx\/index.php?rest_route=\/wp\/v2\/types\/post"}],"author":[{"embeddable":true,"href":"https:\/\/quehacerpolitico.mx\/index.php?rest_route=\/wp\/v2\/users\/2"}],"replies":[{"embeddable":true,"href":"https:\/\/quehacerpolitico.mx\/index.php?rest_route=%2Fwp%2Fv2%2Fcomments&post=36436"}],"version-history":[{"count":0,"href":"https:\/\/quehacerpolitico.mx\/index.php?rest_route=\/wp\/v2\/posts\/36436\/revisions"}],"wp:featuredmedia":[{"embeddable":true,"href":"https:\/\/quehacerpolitico.mx\/index.php?rest_route=\/"}],"wp:attachment":[{"href":"https:\/\/quehacerpolitico.mx\/index.php?rest_route=%2Fwp%2Fv2%2Fmedia&parent=36436"}],"wp:term":[{"taxonomy":"category","embeddable":true,"href":"https:\/\/quehacerpolitico.mx\/index.php?rest_route=%2Fwp%2Fv2%2Fcategories&post=36436"},{"taxonomy":"post_tag","embeddable":true,"href":"https:\/\/quehacerpolitico.mx\/index.php?rest_route=%2Fwp%2Fv2%2Ftags&post=36436"}],"curies":[{"name":"wp","href":"https:\/\/api.w.org\/{rel}","templated":true}]}}