{"id":36433,"date":"2019-08-27T01:56:27","date_gmt":"2019-08-27T01:56:27","guid":{"rendered":"http:\/\/quehacerpolitico.mx\/internacionales-carolina-alonso-romei-califica-macron-como-irrespetuosos-comentarios-de-bolsonaro\/"},"modified":"2019-08-27T01:56:27","modified_gmt":"2019-08-27T01:56:27","slug":"internacionales-carolina-alonso-romei-califica-macron-como-irrespetuosos-comentarios-de-bolsonaro","status":"publish","type":"post","link":"https:\/\/quehacerpolitico.mx\/?p=36433","title":{"rendered":"Internacionales\/\/\/Carolina Alonso Romei\/\/\/Califica Macron como &#8216;irrespetuosos&#8217; comentarios de Bolsonaro"},"content":{"rendered":"<h1 class=\"news-title\">Califica Macron como &#8216;irrespetuosos&#8217; comentarios de Bolsonaro<\/h1>\n<p>Por Carolina Alonso Romei\u00a0<\/p>\n<p>Internacionalista\u00a0<\/p>\n<header class=\"news-header\">\n<div class=\"news-subtitle\">\n<p>El presidente franc\u00e9s opina que las mujeres brasile\u00f1as estar\u00edan avergonzadas de su presidente<\/p>\n<\/div>\n<\/header>\n<div class=\"news-content\">\n<div class=\"news-body row\">\n<p>El presidente de Francia, Emmanuel Macron calific\u00f3 de &#8220;extremadamente irrespetuosos&#8221; los comentarios contra su esposa Brigitte, hechos por su hom\u00f3logo brasile\u00f1o Jair Bolsonaro, a trav\u00e9s de redes sociales, y <strong>opin\u00f3 &#8220;creo que las mujeres brasile\u00f1as est\u00e1n avergonzadas de leer esto de su presidente, as\u00ed como de las personas que esperan que \u00e9l represente bien a su pa\u00eds&#8221;.<\/strong><\/p>\n<p>El fin de semana, <strong>Bolsonaro se sum\u00f3 a la mofa que hizo un internauta sobre las edades de las esposas de los funcionarios,<\/strong> al se\u00f1alar: &#8220;\u00bfAhora entiendes por qu\u00e9 Macron persigue a Bolsonaro?&#8221;, de acuerdo al diario brasile\u00f1o O Globo.<\/p>\n<p>El seguidor del mandatario brasile\u00f1o mostr\u00f3 un fotomontaje donde se observa a Macron y su esposa Brigitte, 24 a\u00f1os mayor que \u00e9l, y en otro extremo a Bolsonaro y Michelle, 27 a\u00f1os menor que el ejecutivo de Brasil, quien es asiduo a las redes sociales y coment\u00f3 en la publicaci\u00f3n: &#8220;No humillar al hombre. Kkkkkk&#8221;.<\/p>\n<p>El comentario se viraliz\u00f3 y <strong>ocasion\u00f3 la reacci\u00f3n de la prensa francesa que critic\u00f3 la actitud sexista de Bolsonaro,<\/strong> y la respuesta del mandatario galo, quien manifest\u00f3 su &#8220;respeto&#8221; a los brasile\u00f1os y confi\u00f3 que &#8220;tengan un presidente que se comporte de acuerdo con su posici\u00f3n&#8221;.<\/p>\n<p>Adem\u00e1s, en el marco de una entrevista con el ejecutivo de Chile, Sebasti\u00e1n Pi\u00f1era, en la cumbre del Grupo de los Siete (G7), Macron se\u00f1al\u00f3 que es &#8220;triste&#8221; ver a los funcionarios brasile\u00f1os lanzar insultos a representantes de otros pa\u00edses, en alusi\u00f3n a un mensaje de Twitter del ministro de Educaci\u00f3n, Abraham Weintraub.<\/p>\n<p>En su cuenta de Twitter, <strong>Weintraub calific\u00f3 al presidente de Francia de ser &#8220;solo un cabr\u00f3n oportunista que busca apoyo del lobby agr\u00edcola franc\u00e9s&#8221;<\/strong> y a\u00f1adi\u00f3: &#8220;Los franceses han elegido este Macron, pero ya hemos elegido a Le Ladr\u00f3n, que ahora est\u00e1 enjaulado\u2026 Hierro en el cretino de Macron, no en el franc\u00e9s\u2026&#8221;, seg\u00fan el diario Folha de Sao Paulo.<\/p>\n<p>Macron tambi\u00e9n record\u00f3 que en fecha reciente, el canciller franc\u00e9s, Jean-Yves Le Drian, ten\u00eda programada una reuni\u00f3n con el ejecutivo brasile\u00f1o, sin embargo de \u00faltimo momento fue cancelada porque Bolsonaro se fue a cortar el cabello, e hizo una transmisi\u00f3n por internet en vivo.<\/p>\n<p>Sobre el tema, la ministra de Justicia francesa, Nicole Belloubet consider\u00f3 que los pol\u00edticos brasile\u00f1os incurrieron en faltas contra Macron y su esposa, a las que calific\u00f3 como &#8220;insultos&#8221;, postura a la que se sumaron diversos medios de comunicaci\u00f3n franceses.<\/p>\n<p>Por su parte, Bolsonaro extern\u00f3 en su cuenta Twitter: &#8220;no podemos aceptar que un presidente, Macron, desate ataques irrazonables e irracionales en la Amazonia, ni puede ocultar sus intenciones detr\u00e1s de la idea de una \u00b4alianza\u00b4 del G7 para \u00b4salvar\u00b4 la Amazonia como si fu\u00e9ramos una colonia o tierra de cualquiera&#8221;, anot\u00f3 folha.uol.com.br.<\/p>\n<p>No obstante, el l\u00edder galo opin\u00f3 que la actual relaci\u00f3n diplom\u00e1tica con Brasil cruza por un &#8220;gran malentendido&#8221;.<\/p>\n<p>Con Informaci\u00f3n de NTX\u00a0<\/p>\n<\/div>\n<\/div>\n","protected":false},"excerpt":{"rendered":"<p>Califica Macron como &#8216;irrespetuosos&#8217; comentarios de Bolsonaro<br \/>\nPor Carolina Alonso Romei<br \/>\nInternacionalista<\/p>\n","protected":false},"author":2,"featured_media":36432,"comment_status":"open","ping_status":"open","sticky":false,"template":"","format":"standard","meta":{"_monsterinsights_skip_tracking":false,"_monsterinsights_sitenote_active":false,"_monsterinsights_sitenote_note":"","_monsterinsights_sitenote_category":0,"footnotes":""},"categories":[1],"tags":[],"class_list":["post-36433","post","type-post","status-publish","format-standard","has-post-thumbnail","hentry","category-sin-categoria"],"yoast_head":"<!-- This site is optimized with the Yoast SEO plugin v27.3 - https:\/\/yoast.com\/product\/yoast-seo-wordpress\/ -->\n<title>Internacionales\/\/\/Carolina Alonso Romei\/\/\/Califica Macron como &#039;irrespetuosos&#039; comentarios de Bolsonaro -<\/title>\n<meta name=\"robots\" content=\"index, follow, max-snippet:-1, max-image-preview:large, max-video-preview:-1\" \/>\n<link rel=\"canonical\" href=\"https:\/\/quehacerpolitico.mx\/?p=36433\" \/>\n<meta property=\"og:locale\" content=\"es_MX\" \/>\n<meta property=\"og:type\" content=\"article\" \/>\n<meta property=\"og:title\" content=\"Internacionales\/\/\/Carolina Alonso Romei\/\/\/Califica Macron como &#039;irrespetuosos&#039; comentarios de Bolsonaro -\" \/>\n<meta property=\"og:description\" content=\"Califica Macron como &#039;irrespetuosos&#039; comentarios de Bolsonaro Por Carolina Alonso Romei Internacionalista\" \/>\n<meta property=\"og:url\" content=\"https:\/\/quehacerpolitico.mx\/?p=36433\" \/>\n<meta property=\"article:published_time\" content=\"2019-08-27T01:56:27+00:00\" \/>\n<meta name=\"author\" content=\"Redacci\u00f3n QP\" \/>\n<meta name=\"twitter:card\" content=\"summary_large_image\" \/>\n<meta name=\"twitter:label1\" content=\"Escrito por\" \/>\n\t<meta name=\"twitter:data1\" content=\"Redacci\u00f3n QP\" \/>\n\t<meta name=\"twitter:label2\" content=\"Tiempo de lectura\" \/>\n\t<meta name=\"twitter:data2\" content=\"3 minutos\" \/>\n<script type=\"application\/ld+json\" class=\"yoast-schema-graph\">{\"@context\":\"https:\\\/\\\/schema.org\",\"@graph\":[{\"@type\":\"Article\",\"@id\":\"https:\\\/\\\/quehacerpolitico.mx\\\/?p=36433#article\",\"isPartOf\":{\"@id\":\"https:\\\/\\\/quehacerpolitico.mx\\\/?p=36433\"},\"author\":{\"name\":\"Redacci\u00f3n QP\",\"@id\":\"https:\\\/\\\/quehacerpolitico.mx\\\/#\\\/schema\\\/person\\\/496d8ad2d1d3f8036101dca7ee39e585\"},\"headline\":\"Internacionales\\\/\\\/\\\/Carolina Alonso Romei\\\/\\\/\\\/Califica Macron como &#8216;irrespetuosos&#8217; comentarios de Bolsonaro\",\"datePublished\":\"2019-08-27T01:56:27+00:00\",\"mainEntityOfPage\":{\"@id\":\"https:\\\/\\\/quehacerpolitico.mx\\\/?p=36433\"},\"wordCount\":555,\"commentCount\":0,\"image\":{\"@id\":\"https:\\\/\\\/quehacerpolitico.mx\\\/?p=36433#primaryimage\"},\"thumbnailUrl\":\"\",\"articleSection\":[\"Internacionales\"],\"inLanguage\":\"es\",\"potentialAction\":[{\"@type\":\"CommentAction\",\"name\":\"Comment\",\"target\":[\"https:\\\/\\\/quehacerpolitico.mx\\\/?p=36433#respond\"]}]},{\"@type\":\"WebPage\",\"@id\":\"https:\\\/\\\/quehacerpolitico.mx\\\/?p=36433\",\"url\":\"https:\\\/\\\/quehacerpolitico.mx\\\/?p=36433\",\"name\":\"Internacionales\\\/\\\/\\\/Carolina Alonso Romei\\\/\\\/\\\/Califica Macron como 'irrespetuosos' comentarios de Bolsonaro -\",\"isPartOf\":{\"@id\":\"https:\\\/\\\/quehacerpolitico.mx\\\/#website\"},\"primaryImageOfPage\":{\"@id\":\"https:\\\/\\\/quehacerpolitico.mx\\\/?p=36433#primaryimage\"},\"image\":{\"@id\":\"https:\\\/\\\/quehacerpolitico.mx\\\/?p=36433#primaryimage\"},\"thumbnailUrl\":\"\",\"datePublished\":\"2019-08-27T01:56:27+00:00\",\"author\":{\"@id\":\"https:\\\/\\\/quehacerpolitico.mx\\\/#\\\/schema\\\/person\\\/496d8ad2d1d3f8036101dca7ee39e585\"},\"breadcrumb\":{\"@id\":\"https:\\\/\\\/quehacerpolitico.mx\\\/?p=36433#breadcrumb\"},\"inLanguage\":\"es\",\"potentialAction\":[{\"@type\":\"ReadAction\",\"target\":[\"https:\\\/\\\/quehacerpolitico.mx\\\/?p=36433\"]}]},{\"@type\":\"ImageObject\",\"inLanguage\":\"es\",\"@id\":\"https:\\\/\\\/quehacerpolitico.mx\\\/?p=36433#primaryimage\",\"url\":\"\",\"contentUrl\":\"\"},{\"@type\":\"BreadcrumbList\",\"@id\":\"https:\\\/\\\/quehacerpolitico.mx\\\/?p=36433#breadcrumb\",\"itemListElement\":[{\"@type\":\"ListItem\",\"position\":1,\"name\":\"Inicio\",\"item\":\"https:\\\/\\\/quehacerpolitico.mx\\\/\"},{\"@type\":\"ListItem\",\"position\":2,\"name\":\"Internacionales\\\/\\\/\\\/Carolina Alonso Romei\\\/\\\/\\\/Califica Macron como &#8216;irrespetuosos&#8217; comentarios de Bolsonaro\"}]},{\"@type\":\"WebSite\",\"@id\":\"https:\\\/\\\/quehacerpolitico.mx\\\/#website\",\"url\":\"https:\\\/\\\/quehacerpolitico.mx\\\/\",\"name\":\"\",\"description\":\"\",\"potentialAction\":[{\"@type\":\"SearchAction\",\"target\":{\"@type\":\"EntryPoint\",\"urlTemplate\":\"https:\\\/\\\/quehacerpolitico.mx\\\/?s={search_term_string}\"},\"query-input\":{\"@type\":\"PropertyValueSpecification\",\"valueRequired\":true,\"valueName\":\"search_term_string\"}}],\"inLanguage\":\"es\"},{\"@type\":\"Person\",\"@id\":\"https:\\\/\\\/quehacerpolitico.mx\\\/#\\\/schema\\\/person\\\/496d8ad2d1d3f8036101dca7ee39e585\",\"name\":\"Redacci\u00f3n QP\",\"image\":{\"@type\":\"ImageObject\",\"inLanguage\":\"es\",\"@id\":\"https:\\\/\\\/secure.gravatar.com\\\/avatar\\\/c7164ed6fdec453195284ad24a5ae5b6e1eed2b848477fa2a4787ba9adf39a41?s=96&d=mm&r=g\",\"url\":\"https:\\\/\\\/secure.gravatar.com\\\/avatar\\\/c7164ed6fdec453195284ad24a5ae5b6e1eed2b848477fa2a4787ba9adf39a41?s=96&d=mm&r=g\",\"contentUrl\":\"https:\\\/\\\/secure.gravatar.com\\\/avatar\\\/c7164ed6fdec453195284ad24a5ae5b6e1eed2b848477fa2a4787ba9adf39a41?s=96&d=mm&r=g\",\"caption\":\"Redacci\u00f3n QP\"},\"url\":\"https:\\\/\\\/quehacerpolitico.mx\\\/?author=2\"}]}<\/script>\n<!-- \/ Yoast SEO plugin. -->","yoast_head_json":{"title":"Internacionales\/\/\/Carolina Alonso Romei\/\/\/Califica Macron como 'irrespetuosos' comentarios de Bolsonaro -","robots":{"index":"index","follow":"follow","max-snippet":"max-snippet:-1","max-image-preview":"max-image-preview:large","max-video-preview":"max-video-preview:-1"},"canonical":"https:\/\/quehacerpolitico.mx\/?p=36433","og_locale":"es_MX","og_type":"article","og_title":"Internacionales\/\/\/Carolina Alonso Romei\/\/\/Califica Macron como 'irrespetuosos' comentarios de Bolsonaro -","og_description":"Califica Macron como 'irrespetuosos' comentarios de Bolsonaro Por Carolina Alonso Romei Internacionalista","og_url":"https:\/\/quehacerpolitico.mx\/?p=36433","article_published_time":"2019-08-27T01:56:27+00:00","author":"Redacci\u00f3n QP","twitter_card":"summary_large_image","twitter_misc":{"Escrito por":"Redacci\u00f3n QP","Tiempo de lectura":"3 minutos"},"schema":{"@context":"https:\/\/schema.org","@graph":[{"@type":"Article","@id":"https:\/\/quehacerpolitico.mx\/?p=36433#article","isPartOf":{"@id":"https:\/\/quehacerpolitico.mx\/?p=36433"},"author":{"name":"Redacci\u00f3n QP","@id":"https:\/\/quehacerpolitico.mx\/#\/schema\/person\/496d8ad2d1d3f8036101dca7ee39e585"},"headline":"Internacionales\/\/\/Carolina Alonso Romei\/\/\/Califica Macron como &#8216;irrespetuosos&#8217; comentarios de Bolsonaro","datePublished":"2019-08-27T01:56:27+00:00","mainEntityOfPage":{"@id":"https:\/\/quehacerpolitico.mx\/?p=36433"},"wordCount":555,"commentCount":0,"image":{"@id":"https:\/\/quehacerpolitico.mx\/?p=36433#primaryimage"},"thumbnailUrl":"","articleSection":["Internacionales"],"inLanguage":"es","potentialAction":[{"@type":"CommentAction","name":"Comment","target":["https:\/\/quehacerpolitico.mx\/?p=36433#respond"]}]},{"@type":"WebPage","@id":"https:\/\/quehacerpolitico.mx\/?p=36433","url":"https:\/\/quehacerpolitico.mx\/?p=36433","name":"Internacionales\/\/\/Carolina Alonso Romei\/\/\/Califica Macron como 'irrespetuosos' comentarios de Bolsonaro -","isPartOf":{"@id":"https:\/\/quehacerpolitico.mx\/#website"},"primaryImageOfPage":{"@id":"https:\/\/quehacerpolitico.mx\/?p=36433#primaryimage"},"image":{"@id":"https:\/\/quehacerpolitico.mx\/?p=36433#primaryimage"},"thumbnailUrl":"","datePublished":"2019-08-27T01:56:27+00:00","author":{"@id":"https:\/\/quehacerpolitico.mx\/#\/schema\/person\/496d8ad2d1d3f8036101dca7ee39e585"},"breadcrumb":{"@id":"https:\/\/quehacerpolitico.mx\/?p=36433#breadcrumb"},"inLanguage":"es","potentialAction":[{"@type":"ReadAction","target":["https:\/\/quehacerpolitico.mx\/?p=36433"]}]},{"@type":"ImageObject","inLanguage":"es","@id":"https:\/\/quehacerpolitico.mx\/?p=36433#primaryimage","url":"","contentUrl":""},{"@type":"BreadcrumbList","@id":"https:\/\/quehacerpolitico.mx\/?p=36433#breadcrumb","itemListElement":[{"@type":"ListItem","position":1,"name":"Inicio","item":"https:\/\/quehacerpolitico.mx\/"},{"@type":"ListItem","position":2,"name":"Internacionales\/\/\/Carolina Alonso Romei\/\/\/Califica Macron como &#8216;irrespetuosos&#8217; comentarios de Bolsonaro"}]},{"@type":"WebSite","@id":"https:\/\/quehacerpolitico.mx\/#website","url":"https:\/\/quehacerpolitico.mx\/","name":"","description":"","potentialAction":[{"@type":"SearchAction","target":{"@type":"EntryPoint","urlTemplate":"https:\/\/quehacerpolitico.mx\/?s={search_term_string}"},"query-input":{"@type":"PropertyValueSpecification","valueRequired":true,"valueName":"search_term_string"}}],"inLanguage":"es"},{"@type":"Person","@id":"https:\/\/quehacerpolitico.mx\/#\/schema\/person\/496d8ad2d1d3f8036101dca7ee39e585","name":"Redacci\u00f3n QP","image":{"@type":"ImageObject","inLanguage":"es","@id":"https:\/\/secure.gravatar.com\/avatar\/c7164ed6fdec453195284ad24a5ae5b6e1eed2b848477fa2a4787ba9adf39a41?s=96&d=mm&r=g","url":"https:\/\/secure.gravatar.com\/avatar\/c7164ed6fdec453195284ad24a5ae5b6e1eed2b848477fa2a4787ba9adf39a41?s=96&d=mm&r=g","contentUrl":"https:\/\/secure.gravatar.com\/avatar\/c7164ed6fdec453195284ad24a5ae5b6e1eed2b848477fa2a4787ba9adf39a41?s=96&d=mm&r=g","caption":"Redacci\u00f3n QP"},"url":"https:\/\/quehacerpolitico.mx\/?author=2"}]}},"featured_image_urls":{"full":"","thumbnail":"","medium":"","medium_large":"","large":"","1536x1536":"","2048x2048":"","covernews-featured":"","covernews-medium":""},"author_info":{"display_name":"Redacci\u00f3n QP","author_link":"https:\/\/quehacerpolitico.mx\/?author=2"},"category_info":"<a href=\"https:\/\/quehacerpolitico.mx\/?cat=1\" rel=\"category\">Internacionales<\/a>","tag_info":"Internacionales","comment_count":"0","_links":{"self":[{"href":"https:\/\/quehacerpolitico.mx\/index.php?rest_route=\/wp\/v2\/posts\/36433","targetHints":{"allow":["GET"]}}],"collection":[{"href":"https:\/\/quehacerpolitico.mx\/index.php?rest_route=\/wp\/v2\/posts"}],"about":[{"href":"https:\/\/quehacerpolitico.mx\/index.php?rest_route=\/wp\/v2\/types\/post"}],"author":[{"embeddable":true,"href":"https:\/\/quehacerpolitico.mx\/index.php?rest_route=\/wp\/v2\/users\/2"}],"replies":[{"embeddable":true,"href":"https:\/\/quehacerpolitico.mx\/index.php?rest_route=%2Fwp%2Fv2%2Fcomments&post=36433"}],"version-history":[{"count":0,"href":"https:\/\/quehacerpolitico.mx\/index.php?rest_route=\/wp\/v2\/posts\/36433\/revisions"}],"wp:featuredmedia":[{"embeddable":true,"href":"https:\/\/quehacerpolitico.mx\/index.php?rest_route=\/"}],"wp:attachment":[{"href":"https:\/\/quehacerpolitico.mx\/index.php?rest_route=%2Fwp%2Fv2%2Fmedia&parent=36433"}],"wp:term":[{"taxonomy":"category","embeddable":true,"href":"https:\/\/quehacerpolitico.mx\/index.php?rest_route=%2Fwp%2Fv2%2Fcategories&post=36433"},{"taxonomy":"post_tag","embeddable":true,"href":"https:\/\/quehacerpolitico.mx\/index.php?rest_route=%2Fwp%2Fv2%2Ftags&post=36433"}],"curies":[{"name":"wp","href":"https:\/\/api.w.org\/{rel}","templated":true}]}}