{"id":36430,"date":"2019-08-27T01:47:01","date_gmt":"2019-08-27T01:47:01","guid":{"rendered":"http:\/\/quehacerpolitico.mx\/internacionales-carolina-alonso-romei-bolsonaro-aviva-polemica-con-macron-con-burlas-sobre-su-esposa\/"},"modified":"2019-08-27T01:47:01","modified_gmt":"2019-08-27T01:47:01","slug":"internacionales-carolina-alonso-romei-bolsonaro-aviva-polemica-con-macron-con-burlas-sobre-su-esposa","status":"publish","type":"post","link":"https:\/\/quehacerpolitico.mx\/?p=36430","title":{"rendered":"Internacionales\/\/\/Carolina Alonso Romei\/\/\/Bolsonaro aviva pol\u00e9mica con Macron con burlas sobre su esposa"},"content":{"rendered":"<h1 class=\"news-title\">Bolsonaro aviva pol\u00e9mica con Macron con burlas sobre su esposa<\/h1>\n<p>Por Carolina Alonso Romei\u00a0<\/p>\n<p>Internacionalista\u00a0<\/p>\n<header class=\"news-header\">\n<div class=\"news-subtitle\">\n<p>El presidente de Brasil expresa su\u00a0apoyo a una publicaci\u00f3n sexista sobre el aspecto de Brigitte Macron, que el mandatario franc\u00e9s repudia<\/p>\n<\/div>\n<\/header>\n<div class=\"news-content\">\n<div class=\"news-body row\">\n<p>El presidente de Francia, Emmanuel Macron, lament\u00f3 este lunes comentarios &#8220;extraordinariamente irrespetuosos&#8221; de su hom\u00f3logo brasile\u00f1o, Jair Bolsonaro sobre su esposa, y dijo que espera que los brasile\u00f1os tengan r\u00e1pidamente un presidente que &#8220;se comporte a la altura&#8221;.<\/p>\n<p>Bolsonaro hizo &#8220;comentarios extraordinariamente irrespetuosos sobre mi esposa&#8221;, se\u00f1al\u00f3 Macron en una rueda de prensa en la cumbre del G7 de Biarritz. &#8220;\u00bfQu\u00e9 les puedo decir? Es triste, es triste, pero es triste primero por \u00e9l y los brasile\u00f1os&#8221;, acot\u00f3.<\/p>\n<p>&#8220;Como tengo una gran amistad y respeto por el pueblo brasile\u00f1o, espero que tengan r\u00e1pidamente un presidente que se comporte a la altura&#8221;, a\u00f1adi\u00f3 el mandatario franc\u00e9s.<\/p>\n<p>Bolsonaro es <strong>blanco de cr\u00edticas<\/strong> en su pa\u00eds por su <strong>apoyo a un comentario sexista en el que se burl\u00f3 del aspecto de Brigitte Macron<\/strong>.<\/p>\n<p>Los ataques surgieron despu\u00e9s de que el jefe de Estado brasile\u00f1o comentara una publicaci\u00f3n en la que un internauta en Facebook apuntaba que la actual disputa verbal entre los dos presidentes obedece a la <strong>&#8220;envidia&#8221; del franc\u00e9s Macron<\/strong> por la belleza y la juventud de la esposa del brasile\u00f1o.<\/p>\n<blockquote>\n<p>Como tengo una gran amistad y respeto por el pueblo brasile\u00f1o, espero que tengan r\u00e1pidamente un presidente que se comporte a la altura<\/p>\n<\/blockquote>\n<p>El internauta coloc\u00f3 lado a lado una fotograf\u00eda de Bolsonaro y de su esposa (que es 27 a\u00f1os menor) y una del gobernante franc\u00e9s junto a Brigitte Macron (66 a\u00f1os), que es 24 a\u00f1os mayor.<\/p>\n<p><strong>&#8220;No lo humilles. Ja, ja, ja&#8221;<\/strong>, public\u00f3 Bolsonaro en uno de los comentarios a la publicaci\u00f3n, que acompa\u00f1a de varios emoticones, entre ellos uno de <strong>una cara que r\u00ede y otro que simboliza &#8220;me gusta&#8221;<\/strong>.<\/p>\n<p>Macron consider\u00f3 que en Francia un representante del Estado nunca ha insultado a otros dirigentes.<\/p>\n<p><strong>En la lista de desplantes de Bolsonaro<\/strong>, Macron incluy\u00f3 que <strong>dejara plantado a su ministro de Exteriores<\/strong>, Jean-Yves le Drian, porque ten\u00eda una &#8220;cita urgente&#8221; con su peluquero, o que, a su juicio, el brasile\u00f1o haya mentido sobre sus esfuerzos para preservar la Amazon\u00eda.<\/p>\n<p>En Brasil los internautas crearon en Twitter el hashtag <strong><a href=\"https:\/\/twitter.com\/hashtag\/calabocabolsonaro\" target=\"_blank\" rel=\"noopener\">#calabocabolsonaro<\/a><\/strong>(#c\u00e1lllatebolsonaro) en el que se han multiplicado los ataques al mandatario.<\/p>\n<p>&#8220;Esper\u00e9 la confirmaci\u00f3n para saber si era real. Y lo es. Bolsonaro se burl\u00f3 de la belleza de las esposa de Macron. \u00bfUstedes consiguen entender el nivel de eso? Imaginen al presidente de cualquier pa\u00eds serio haciendo algo as\u00ed. Qu\u00e9\u00a0asco, que pat\u00e9tico&#8221;, escribi\u00f3 el youtuber brasile\u00f1o Felipe Neto, que tiene miles de seguidores, en los grupos de cr\u00edticas a Bolsonaro.<\/p>\n<p>https:\/\/twitter.com\/felipeneto\/status\/1165440944688246784?s=21<\/p>\n<h4>Se suma a guerra verbal por incendios en Amazon\u00eda<\/h4>\n<p>El comentario del jefe de Estado brasile\u00f1o se produjo <strong>tras una guerra verbal entra ambos mandatarios<\/strong> por el significativo aumento este a\u00f1o de los <strong>incendios forestales que destruyen parte de la Amazon\u00eda<\/strong>, que Macron atribuy\u00f3 a las cuestionadas pol\u00edticas ambientales de Bolsonaro.<\/p>\n<p>El jueves el brasile\u00f1o dijo Macron buscaba provecho pol\u00edtico personal con su decisi\u00f3n de pedir que la Cumbre del G7 aborde con urgencia la &#8220;crisis internacional&#8221; provocada por los incendios<\/p>\n<p>&#8220;Lamento que el presidente Macron busque instrumentalizar un asunto interno de Brasil y de los otros pa\u00edses amaz\u00f3nicos para obtener beneficios pol\u00edticos personales&#8221;, dijo el l\u00edder ultraderechista brasile\u00f1o.<\/p>\n<p>&#8220;<strong>El tono sensacionalista<\/strong> con el que se refiere a la Amazon\u00eda (usando hasta fotos falsas) no contribuye en nada en la soluci\u00f3n del problema&#8221;, agreg\u00f3 el mandatario brasile\u00f1o en un mensaje que public\u00f3 en su cuenta en Twitter y en el que calific\u00f3 la actitud francesa como un reflejo de &#8220;una mentalidad colonial que ya no tiene lugar en el siglo XXI&#8221;.<\/p>\n<p>El viernes, en respuesta, Macron amenaz\u00f3 con no apoyar el acuerdo de libre comercio entre la Uni\u00f3n Europea (UE) y el Mercosur en caso de que Brasil no cumpla con sus compromisos ambientales, entre los cuales detener la deforestaci\u00f3n de la Amazon\u00eda.<\/p>\n<p>Con Informaci\u00f3n de AFP y EFE<\/p>\n<\/div>\n<\/div>\n","protected":false},"excerpt":{"rendered":"<p>Bolsonaro aviva pol\u00e9mica con Macron con burlas sobre su esposa<br \/>\nPor Carolina Alonso Romei<br \/>\nInternacionalista<\/p>\n","protected":false},"author":2,"featured_media":36429,"comment_status":"open","ping_status":"open","sticky":false,"template":"","format":"standard","meta":{"_monsterinsights_skip_tracking":false,"_monsterinsights_sitenote_active":false,"_monsterinsights_sitenote_note":"","_monsterinsights_sitenote_category":0,"footnotes":""},"categories":[1],"tags":[],"class_list":["post-36430","post","type-post","status-publish","format-standard","has-post-thumbnail","hentry","category-sin-categoria"],"yoast_head":"<!-- This site is optimized with the Yoast SEO plugin v27.3 - https:\/\/yoast.com\/product\/yoast-seo-wordpress\/ -->\n<title>Internacionales\/\/\/Carolina Alonso Romei\/\/\/Bolsonaro aviva pol\u00e9mica con Macron con burlas sobre su esposa -<\/title>\n<meta name=\"robots\" content=\"index, follow, max-snippet:-1, max-image-preview:large, max-video-preview:-1\" \/>\n<link rel=\"canonical\" href=\"https:\/\/quehacerpolitico.mx\/?p=36430\" \/>\n<meta property=\"og:locale\" content=\"es_MX\" \/>\n<meta property=\"og:type\" content=\"article\" \/>\n<meta property=\"og:title\" content=\"Internacionales\/\/\/Carolina Alonso Romei\/\/\/Bolsonaro aviva pol\u00e9mica con Macron con burlas sobre su esposa -\" \/>\n<meta property=\"og:description\" content=\"Bolsonaro aviva pol\u00e9mica con Macron con burlas sobre su esposa Por Carolina Alonso Romei Internacionalista\" \/>\n<meta property=\"og:url\" content=\"https:\/\/quehacerpolitico.mx\/?p=36430\" \/>\n<meta property=\"article:published_time\" content=\"2019-08-27T01:47:01+00:00\" \/>\n<meta name=\"author\" content=\"Redacci\u00f3n QP\" \/>\n<meta name=\"twitter:card\" content=\"summary_large_image\" \/>\n<meta name=\"twitter:label1\" content=\"Escrito por\" \/>\n\t<meta name=\"twitter:data1\" content=\"Redacci\u00f3n QP\" \/>\n\t<meta name=\"twitter:label2\" content=\"Tiempo de lectura\" \/>\n\t<meta name=\"twitter:data2\" content=\"4 minutos\" \/>\n<script type=\"application\/ld+json\" class=\"yoast-schema-graph\">{\"@context\":\"https:\\\/\\\/schema.org\",\"@graph\":[{\"@type\":\"Article\",\"@id\":\"https:\\\/\\\/quehacerpolitico.mx\\\/?p=36430#article\",\"isPartOf\":{\"@id\":\"https:\\\/\\\/quehacerpolitico.mx\\\/?p=36430\"},\"author\":{\"name\":\"Redacci\u00f3n QP\",\"@id\":\"https:\\\/\\\/quehacerpolitico.mx\\\/#\\\/schema\\\/person\\\/496d8ad2d1d3f8036101dca7ee39e585\"},\"headline\":\"Internacionales\\\/\\\/\\\/Carolina Alonso Romei\\\/\\\/\\\/Bolsonaro aviva pol\u00e9mica con Macron con burlas sobre su esposa\",\"datePublished\":\"2019-08-27T01:47:01+00:00\",\"mainEntityOfPage\":{\"@id\":\"https:\\\/\\\/quehacerpolitico.mx\\\/?p=36430\"},\"wordCount\":746,\"commentCount\":0,\"image\":{\"@id\":\"https:\\\/\\\/quehacerpolitico.mx\\\/?p=36430#primaryimage\"},\"thumbnailUrl\":\"\",\"articleSection\":[\"Internacionales\"],\"inLanguage\":\"es\",\"potentialAction\":[{\"@type\":\"CommentAction\",\"name\":\"Comment\",\"target\":[\"https:\\\/\\\/quehacerpolitico.mx\\\/?p=36430#respond\"]}]},{\"@type\":\"WebPage\",\"@id\":\"https:\\\/\\\/quehacerpolitico.mx\\\/?p=36430\",\"url\":\"https:\\\/\\\/quehacerpolitico.mx\\\/?p=36430\",\"name\":\"Internacionales\\\/\\\/\\\/Carolina Alonso Romei\\\/\\\/\\\/Bolsonaro aviva pol\u00e9mica con Macron con burlas sobre su esposa -\",\"isPartOf\":{\"@id\":\"https:\\\/\\\/quehacerpolitico.mx\\\/#website\"},\"primaryImageOfPage\":{\"@id\":\"https:\\\/\\\/quehacerpolitico.mx\\\/?p=36430#primaryimage\"},\"image\":{\"@id\":\"https:\\\/\\\/quehacerpolitico.mx\\\/?p=36430#primaryimage\"},\"thumbnailUrl\":\"\",\"datePublished\":\"2019-08-27T01:47:01+00:00\",\"author\":{\"@id\":\"https:\\\/\\\/quehacerpolitico.mx\\\/#\\\/schema\\\/person\\\/496d8ad2d1d3f8036101dca7ee39e585\"},\"breadcrumb\":{\"@id\":\"https:\\\/\\\/quehacerpolitico.mx\\\/?p=36430#breadcrumb\"},\"inLanguage\":\"es\",\"potentialAction\":[{\"@type\":\"ReadAction\",\"target\":[\"https:\\\/\\\/quehacerpolitico.mx\\\/?p=36430\"]}]},{\"@type\":\"ImageObject\",\"inLanguage\":\"es\",\"@id\":\"https:\\\/\\\/quehacerpolitico.mx\\\/?p=36430#primaryimage\",\"url\":\"\",\"contentUrl\":\"\"},{\"@type\":\"BreadcrumbList\",\"@id\":\"https:\\\/\\\/quehacerpolitico.mx\\\/?p=36430#breadcrumb\",\"itemListElement\":[{\"@type\":\"ListItem\",\"position\":1,\"name\":\"Inicio\",\"item\":\"https:\\\/\\\/quehacerpolitico.mx\\\/\"},{\"@type\":\"ListItem\",\"position\":2,\"name\":\"Internacionales\\\/\\\/\\\/Carolina Alonso Romei\\\/\\\/\\\/Bolsonaro aviva pol\u00e9mica con Macron con burlas sobre su esposa\"}]},{\"@type\":\"WebSite\",\"@id\":\"https:\\\/\\\/quehacerpolitico.mx\\\/#website\",\"url\":\"https:\\\/\\\/quehacerpolitico.mx\\\/\",\"name\":\"\",\"description\":\"\",\"potentialAction\":[{\"@type\":\"SearchAction\",\"target\":{\"@type\":\"EntryPoint\",\"urlTemplate\":\"https:\\\/\\\/quehacerpolitico.mx\\\/?s={search_term_string}\"},\"query-input\":{\"@type\":\"PropertyValueSpecification\",\"valueRequired\":true,\"valueName\":\"search_term_string\"}}],\"inLanguage\":\"es\"},{\"@type\":\"Person\",\"@id\":\"https:\\\/\\\/quehacerpolitico.mx\\\/#\\\/schema\\\/person\\\/496d8ad2d1d3f8036101dca7ee39e585\",\"name\":\"Redacci\u00f3n QP\",\"image\":{\"@type\":\"ImageObject\",\"inLanguage\":\"es\",\"@id\":\"https:\\\/\\\/secure.gravatar.com\\\/avatar\\\/c7164ed6fdec453195284ad24a5ae5b6e1eed2b848477fa2a4787ba9adf39a41?s=96&d=mm&r=g\",\"url\":\"https:\\\/\\\/secure.gravatar.com\\\/avatar\\\/c7164ed6fdec453195284ad24a5ae5b6e1eed2b848477fa2a4787ba9adf39a41?s=96&d=mm&r=g\",\"contentUrl\":\"https:\\\/\\\/secure.gravatar.com\\\/avatar\\\/c7164ed6fdec453195284ad24a5ae5b6e1eed2b848477fa2a4787ba9adf39a41?s=96&d=mm&r=g\",\"caption\":\"Redacci\u00f3n QP\"},\"url\":\"https:\\\/\\\/quehacerpolitico.mx\\\/?author=2\"}]}<\/script>\n<!-- \/ Yoast SEO plugin. -->","yoast_head_json":{"title":"Internacionales\/\/\/Carolina Alonso Romei\/\/\/Bolsonaro aviva pol\u00e9mica con Macron con burlas sobre su esposa -","robots":{"index":"index","follow":"follow","max-snippet":"max-snippet:-1","max-image-preview":"max-image-preview:large","max-video-preview":"max-video-preview:-1"},"canonical":"https:\/\/quehacerpolitico.mx\/?p=36430","og_locale":"es_MX","og_type":"article","og_title":"Internacionales\/\/\/Carolina Alonso Romei\/\/\/Bolsonaro aviva pol\u00e9mica con Macron con burlas sobre su esposa -","og_description":"Bolsonaro aviva pol\u00e9mica con Macron con burlas sobre su esposa Por Carolina Alonso Romei Internacionalista","og_url":"https:\/\/quehacerpolitico.mx\/?p=36430","article_published_time":"2019-08-27T01:47:01+00:00","author":"Redacci\u00f3n QP","twitter_card":"summary_large_image","twitter_misc":{"Escrito por":"Redacci\u00f3n QP","Tiempo de lectura":"4 minutos"},"schema":{"@context":"https:\/\/schema.org","@graph":[{"@type":"Article","@id":"https:\/\/quehacerpolitico.mx\/?p=36430#article","isPartOf":{"@id":"https:\/\/quehacerpolitico.mx\/?p=36430"},"author":{"name":"Redacci\u00f3n QP","@id":"https:\/\/quehacerpolitico.mx\/#\/schema\/person\/496d8ad2d1d3f8036101dca7ee39e585"},"headline":"Internacionales\/\/\/Carolina Alonso Romei\/\/\/Bolsonaro aviva pol\u00e9mica con Macron con burlas sobre su esposa","datePublished":"2019-08-27T01:47:01+00:00","mainEntityOfPage":{"@id":"https:\/\/quehacerpolitico.mx\/?p=36430"},"wordCount":746,"commentCount":0,"image":{"@id":"https:\/\/quehacerpolitico.mx\/?p=36430#primaryimage"},"thumbnailUrl":"","articleSection":["Internacionales"],"inLanguage":"es","potentialAction":[{"@type":"CommentAction","name":"Comment","target":["https:\/\/quehacerpolitico.mx\/?p=36430#respond"]}]},{"@type":"WebPage","@id":"https:\/\/quehacerpolitico.mx\/?p=36430","url":"https:\/\/quehacerpolitico.mx\/?p=36430","name":"Internacionales\/\/\/Carolina Alonso Romei\/\/\/Bolsonaro aviva pol\u00e9mica con Macron con burlas sobre su esposa -","isPartOf":{"@id":"https:\/\/quehacerpolitico.mx\/#website"},"primaryImageOfPage":{"@id":"https:\/\/quehacerpolitico.mx\/?p=36430#primaryimage"},"image":{"@id":"https:\/\/quehacerpolitico.mx\/?p=36430#primaryimage"},"thumbnailUrl":"","datePublished":"2019-08-27T01:47:01+00:00","author":{"@id":"https:\/\/quehacerpolitico.mx\/#\/schema\/person\/496d8ad2d1d3f8036101dca7ee39e585"},"breadcrumb":{"@id":"https:\/\/quehacerpolitico.mx\/?p=36430#breadcrumb"},"inLanguage":"es","potentialAction":[{"@type":"ReadAction","target":["https:\/\/quehacerpolitico.mx\/?p=36430"]}]},{"@type":"ImageObject","inLanguage":"es","@id":"https:\/\/quehacerpolitico.mx\/?p=36430#primaryimage","url":"","contentUrl":""},{"@type":"BreadcrumbList","@id":"https:\/\/quehacerpolitico.mx\/?p=36430#breadcrumb","itemListElement":[{"@type":"ListItem","position":1,"name":"Inicio","item":"https:\/\/quehacerpolitico.mx\/"},{"@type":"ListItem","position":2,"name":"Internacionales\/\/\/Carolina Alonso Romei\/\/\/Bolsonaro aviva pol\u00e9mica con Macron con burlas sobre su esposa"}]},{"@type":"WebSite","@id":"https:\/\/quehacerpolitico.mx\/#website","url":"https:\/\/quehacerpolitico.mx\/","name":"","description":"","potentialAction":[{"@type":"SearchAction","target":{"@type":"EntryPoint","urlTemplate":"https:\/\/quehacerpolitico.mx\/?s={search_term_string}"},"query-input":{"@type":"PropertyValueSpecification","valueRequired":true,"valueName":"search_term_string"}}],"inLanguage":"es"},{"@type":"Person","@id":"https:\/\/quehacerpolitico.mx\/#\/schema\/person\/496d8ad2d1d3f8036101dca7ee39e585","name":"Redacci\u00f3n QP","image":{"@type":"ImageObject","inLanguage":"es","@id":"https:\/\/secure.gravatar.com\/avatar\/c7164ed6fdec453195284ad24a5ae5b6e1eed2b848477fa2a4787ba9adf39a41?s=96&d=mm&r=g","url":"https:\/\/secure.gravatar.com\/avatar\/c7164ed6fdec453195284ad24a5ae5b6e1eed2b848477fa2a4787ba9adf39a41?s=96&d=mm&r=g","contentUrl":"https:\/\/secure.gravatar.com\/avatar\/c7164ed6fdec453195284ad24a5ae5b6e1eed2b848477fa2a4787ba9adf39a41?s=96&d=mm&r=g","caption":"Redacci\u00f3n QP"},"url":"https:\/\/quehacerpolitico.mx\/?author=2"}]}},"featured_image_urls":{"full":"","thumbnail":"","medium":"","medium_large":"","large":"","1536x1536":"","2048x2048":"","covernews-featured":"","covernews-medium":""},"author_info":{"display_name":"Redacci\u00f3n QP","author_link":"https:\/\/quehacerpolitico.mx\/?author=2"},"category_info":"<a href=\"https:\/\/quehacerpolitico.mx\/?cat=1\" rel=\"category\">Internacionales<\/a>","tag_info":"Internacionales","comment_count":"0","_links":{"self":[{"href":"https:\/\/quehacerpolitico.mx\/index.php?rest_route=\/wp\/v2\/posts\/36430","targetHints":{"allow":["GET"]}}],"collection":[{"href":"https:\/\/quehacerpolitico.mx\/index.php?rest_route=\/wp\/v2\/posts"}],"about":[{"href":"https:\/\/quehacerpolitico.mx\/index.php?rest_route=\/wp\/v2\/types\/post"}],"author":[{"embeddable":true,"href":"https:\/\/quehacerpolitico.mx\/index.php?rest_route=\/wp\/v2\/users\/2"}],"replies":[{"embeddable":true,"href":"https:\/\/quehacerpolitico.mx\/index.php?rest_route=%2Fwp%2Fv2%2Fcomments&post=36430"}],"version-history":[{"count":0,"href":"https:\/\/quehacerpolitico.mx\/index.php?rest_route=\/wp\/v2\/posts\/36430\/revisions"}],"wp:featuredmedia":[{"embeddable":true,"href":"https:\/\/quehacerpolitico.mx\/index.php?rest_route=\/"}],"wp:attachment":[{"href":"https:\/\/quehacerpolitico.mx\/index.php?rest_route=%2Fwp%2Fv2%2Fmedia&parent=36430"}],"wp:term":[{"taxonomy":"category","embeddable":true,"href":"https:\/\/quehacerpolitico.mx\/index.php?rest_route=%2Fwp%2Fv2%2Fcategories&post=36430"},{"taxonomy":"post_tag","embeddable":true,"href":"https:\/\/quehacerpolitico.mx\/index.php?rest_route=%2Fwp%2Fv2%2Ftags&post=36430"}],"curies":[{"name":"wp","href":"https:\/\/api.w.org\/{rel}","templated":true}]}}