{"id":36363,"date":"2019-08-26T14:29:37","date_gmt":"2019-08-26T14:29:37","guid":{"rendered":"http:\/\/quehacerpolitico.mx\/lunes-de-movilizaciones-en-la-cdmx-ponte-alerta\/"},"modified":"2019-08-26T14:29:37","modified_gmt":"2019-08-26T14:29:37","slug":"lunes-de-movilizaciones-en-la-cdmx-ponte-alerta","status":"publish","type":"post","link":"https:\/\/quehacerpolitico.mx\/?p=36363","title":{"rendered":"Lunes de movilizaciones en la CDMX ponte alerta"},"content":{"rendered":"<p>Lunes de movilizaciones en la CDMX ponte alerta<\/p>\n<p>Por Redacci\u00f3n QP<\/p>\n<p>Durante el d\u00eda integrantes de la Asociaci\u00f3n de Fomento y Desarrollo para el Campo y la Ciudad se manifestar\u00e1n en el Instituto Nacional de Pueblos Ind\u00edgenas, que se ubica en avenida M\u00e9xico Coyoac\u00e1n<\/p>\n<p>Este lunes, al menos tres movilizaciones sociales afectar\u00e1n durante el d\u00eda la vialidad en las alcald\u00edas <strong>Gustavo A. Madero, Benito Ju\u00e1rez<\/strong> y <strong>Cuauht\u00e9moc<\/strong>, por lo que autoridades capitalinas sugieren a la poblaci\u00f3n tomar previsiones a fin de evitar contratiempos en su desplazamiento.<\/p>\n<blockquote class=\"twitter-tweet\" data-width=\"550\" data-dnt=\"true\">\n<p lang=\"es\" dir=\"ltr\"><a href=\"https:\/\/twitter.com\/hashtag\/EvitaLaZona?src=hash&amp;ref_src=twsrc%5Etfw\">#EvitaLaZona<\/a> \ud83d\ude92\ud83d\ude91 Servicios de emergencia laboran en Volcadura, sobre Circuito Interior al norte y Calzada Ignacio Zaragoza, colonia Industrial Puerto A\u00e9reo, <a href=\"https:\/\/twitter.com\/A_VCarranza?ref_src=twsrc%5Etfw\">@A_VCarranza<\/a> <a href=\"https:\/\/twitter.com\/hashtag\/C5?src=hash&amp;ref_src=twsrc%5Etfw\">#C5<\/a> <a href=\"https:\/\/t.co\/N6TJ6U2ZWU\">pic.twitter.com\/N6TJ6U2ZWU<\/a><\/p>\n<p>&mdash; C5 CDMX (@C5_CDMX) <a href=\"https:\/\/twitter.com\/C5_CDMX\/status\/1165978649708945409?ref_src=twsrc%5Etfw\">August 26, 2019<\/a><\/p><\/blockquote>\n<p><script async src=\"https:\/\/platform.twitter.com\/widgets.js\" charset=\"utf-8\"><\/script><\/p>\n<p>El Centro de Comando, Control, C\u00f3mputo, Comunicaciones y Contacto Ciudadano de la Ciudad de M\u00e9xico report\u00f3 la presencia de manifestantes en avenida <strong>Antigua Calzada de Guadalupe<\/strong>, entre 22 de Febrero y <strong>Avenida de las Granjas,<\/strong> a la altura de<strong> Azcapotzalco La Villa<\/strong>, en la alcald\u00eda Gustavo A. Madero, lo que afecta la circulaci\u00f3n vehicular en ambos sentidos.<\/p>\n<blockquote class=\"twitter-tweet\" data-width=\"550\" data-dnt=\"true\">\n<p lang=\"es\" dir=\"ltr\"><a href=\"https:\/\/twitter.com\/hashtag\/T%C3%B3maloEnCuenta?src=hash&amp;ref_src=twsrc%5Etfw\">#T\u00f3maloEnCuenta<\/a> \u26a0\ufe0fConcentraci\u00f3n de personas sobre Plaza de la Constituci\u00f3n y Moneda, colonia Centro <a href=\"https:\/\/twitter.com\/AlcCuauhtemocMx?ref_src=twsrc%5Etfw\">@AlcCuauhtemocMx<\/a> <a href=\"https:\/\/twitter.com\/hashtag\/C5?src=hash&amp;ref_src=twsrc%5Etfw\">#C5<\/a> <a href=\"https:\/\/t.co\/jb6ldR1kGh\">pic.twitter.com\/jb6ldR1kGh<\/a><\/p>\n<p>&mdash; C5 CDMX (@C5_CDMX) <a href=\"https:\/\/twitter.com\/C5_CDMX\/status\/1165973670474465280?ref_src=twsrc%5Etfw\">August 26, 2019<\/a><\/p><\/blockquote>\n<p><script async src=\"https:\/\/platform.twitter.com\/widgets.js\" charset=\"utf-8\"><\/script><\/p>\n<p>En su cuenta @C5_CDMX en Twitter indic\u00f3 que durante el d\u00eda integrantes de la Asociaci\u00f3n de Fomento y Desarrollo para el Campo y la Ciudad se manifestar\u00e1n en el Instituto Nacional de Pueblos Ind\u00edgenas, que se ubica en avenida M\u00e9xico Coyoac\u00e1n, en la alcald\u00eda Benito Ju\u00e1rez para exigir el presupuesto designado a proyectos para el campo.<\/p>\n<blockquote class=\"twitter-tweet\" data-width=\"550\" data-dnt=\"true\">\n<p lang=\"es\" dir=\"ltr\">09:09 <a href=\"https:\/\/twitter.com\/hashtag\/Precauci%C3%B3nVial?src=hash&amp;ref_src=twsrc%5Etfw\">#Precauci\u00f3nVial<\/a> manifestantes afectan dos carriles en <a href=\"https:\/\/twitter.com\/hashtag\/PlazaDeLaConstituci%C3%B3n?src=hash&amp;ref_src=twsrc%5Etfw\">#PlazaDeLaConstituci\u00f3n<\/a> entre 5 de Febrero y Av. 20 de Noviembre. Consulte aqu\u00ed <a href=\"https:\/\/twitter.com\/hashtag\/AlternativaVial?src=hash&amp;ref_src=twsrc%5Etfw\">#AlternativaVial<\/a> <a href=\"https:\/\/twitter.com\/isidrocorro?ref_src=twsrc%5Etfw\">@isidrocorro<\/a> <a href=\"https:\/\/twitter.com\/monicagarzag?ref_src=twsrc%5Etfw\">@monicagarzag<\/a> <a href=\"https:\/\/twitter.com\/MLopezSanMartin?ref_src=twsrc%5Etfw\">@MLopezSanMartin<\/a> <a href=\"https:\/\/twitter.com\/juanmapregunta?ref_src=twsrc%5Etfw\">@juanmapregunta<\/a> <a href=\"https:\/\/t.co\/BThe69wQ0H\">pic.twitter.com\/BThe69wQ0H<\/a><\/p>\n<p>&mdash; OVIAL_SSCCDMX (@OVIALCDMX) <a href=\"https:\/\/twitter.com\/OVIALCDMX\/status\/1165989734440558592?ref_src=twsrc%5Etfw\">August 26, 2019<\/a><\/p><\/blockquote>\n<p><script async src=\"https:\/\/platform.twitter.com\/widgets.js\" charset=\"utf-8\"><\/script><\/p>\n<p>Agreg\u00f3 que el Frente Ciudadano Tlalnepantla denunciar\u00e1 en el Z\u00f3calo capitalino, en Plaza de la Constituci\u00f3n, Centro Hist\u00f3rico, presuntos casos de corrupci\u00f3n en el municipio, as\u00ed como los riegos que general las gaseras en San Juan Ixhuatepec.<\/p>\n<p>Con Informaci\u00f3n de NTX\u00a0<\/p>\n","protected":false},"excerpt":{"rendered":"<p>Lunes de movilizaciones en la CDMX ponte alerta<br \/>\nPor Redacci\u00f3n QP<\/p>\n","protected":false},"author":2,"featured_media":36362,"comment_status":"open","ping_status":"open","sticky":false,"template":"","format":"standard","meta":{"_monsterinsights_skip_tracking":false,"_monsterinsights_sitenote_active":false,"_monsterinsights_sitenote_note":"","_monsterinsights_sitenote_category":0,"footnotes":""},"categories":[55],"tags":[],"class_list":["post-36363","post","type-post","status-publish","format-standard","has-post-thumbnail","hentry","category-cdmx"],"yoast_head":"<!-- This site is optimized with the Yoast SEO plugin v27.3 - https:\/\/yoast.com\/product\/yoast-seo-wordpress\/ -->\n<title>Lunes de movilizaciones en la CDMX ponte alerta -<\/title>\n<meta name=\"robots\" content=\"index, follow, max-snippet:-1, max-image-preview:large, max-video-preview:-1\" \/>\n<link rel=\"canonical\" href=\"https:\/\/quehacerpolitico.mx\/?p=36363\" \/>\n<meta property=\"og:locale\" content=\"es_MX\" \/>\n<meta property=\"og:type\" content=\"article\" \/>\n<meta property=\"og:title\" content=\"Lunes de movilizaciones en la CDMX ponte alerta -\" \/>\n<meta property=\"og:description\" content=\"Lunes de movilizaciones en la CDMX ponte alerta Por Redacci\u00f3n QP\" \/>\n<meta property=\"og:url\" content=\"https:\/\/quehacerpolitico.mx\/?p=36363\" \/>\n<meta property=\"article:published_time\" content=\"2019-08-26T14:29:37+00:00\" \/>\n<meta name=\"author\" content=\"Redacci\u00f3n QP\" \/>\n<meta name=\"twitter:card\" content=\"summary_large_image\" \/>\n<meta name=\"twitter:label1\" content=\"Escrito por\" \/>\n\t<meta name=\"twitter:data1\" content=\"Redacci\u00f3n QP\" \/>\n\t<meta name=\"twitter:label2\" content=\"Tiempo de lectura\" \/>\n\t<meta name=\"twitter:data2\" content=\"1 minuto\" \/>\n<script type=\"application\/ld+json\" class=\"yoast-schema-graph\">{\"@context\":\"https:\\\/\\\/schema.org\",\"@graph\":[{\"@type\":\"Article\",\"@id\":\"https:\\\/\\\/quehacerpolitico.mx\\\/?p=36363#article\",\"isPartOf\":{\"@id\":\"https:\\\/\\\/quehacerpolitico.mx\\\/?p=36363\"},\"author\":{\"name\":\"Redacci\u00f3n QP\",\"@id\":\"https:\\\/\\\/quehacerpolitico.mx\\\/#\\\/schema\\\/person\\\/496d8ad2d1d3f8036101dca7ee39e585\"},\"headline\":\"Lunes de movilizaciones en la CDMX ponte alerta\",\"datePublished\":\"2019-08-26T14:29:37+00:00\",\"mainEntityOfPage\":{\"@id\":\"https:\\\/\\\/quehacerpolitico.mx\\\/?p=36363\"},\"wordCount\":298,\"commentCount\":0,\"image\":{\"@id\":\"https:\\\/\\\/quehacerpolitico.mx\\\/?p=36363#primaryimage\"},\"thumbnailUrl\":\"\",\"articleSection\":[\"CDMX\"],\"inLanguage\":\"es\",\"potentialAction\":[{\"@type\":\"CommentAction\",\"name\":\"Comment\",\"target\":[\"https:\\\/\\\/quehacerpolitico.mx\\\/?p=36363#respond\"]}]},{\"@type\":\"WebPage\",\"@id\":\"https:\\\/\\\/quehacerpolitico.mx\\\/?p=36363\",\"url\":\"https:\\\/\\\/quehacerpolitico.mx\\\/?p=36363\",\"name\":\"Lunes de movilizaciones en la CDMX ponte alerta -\",\"isPartOf\":{\"@id\":\"https:\\\/\\\/quehacerpolitico.mx\\\/#website\"},\"primaryImageOfPage\":{\"@id\":\"https:\\\/\\\/quehacerpolitico.mx\\\/?p=36363#primaryimage\"},\"image\":{\"@id\":\"https:\\\/\\\/quehacerpolitico.mx\\\/?p=36363#primaryimage\"},\"thumbnailUrl\":\"\",\"datePublished\":\"2019-08-26T14:29:37+00:00\",\"author\":{\"@id\":\"https:\\\/\\\/quehacerpolitico.mx\\\/#\\\/schema\\\/person\\\/496d8ad2d1d3f8036101dca7ee39e585\"},\"breadcrumb\":{\"@id\":\"https:\\\/\\\/quehacerpolitico.mx\\\/?p=36363#breadcrumb\"},\"inLanguage\":\"es\",\"potentialAction\":[{\"@type\":\"ReadAction\",\"target\":[\"https:\\\/\\\/quehacerpolitico.mx\\\/?p=36363\"]}]},{\"@type\":\"ImageObject\",\"inLanguage\":\"es\",\"@id\":\"https:\\\/\\\/quehacerpolitico.mx\\\/?p=36363#primaryimage\",\"url\":\"\",\"contentUrl\":\"\"},{\"@type\":\"BreadcrumbList\",\"@id\":\"https:\\\/\\\/quehacerpolitico.mx\\\/?p=36363#breadcrumb\",\"itemListElement\":[{\"@type\":\"ListItem\",\"position\":1,\"name\":\"Inicio\",\"item\":\"https:\\\/\\\/quehacerpolitico.mx\\\/\"},{\"@type\":\"ListItem\",\"position\":2,\"name\":\"Lunes de movilizaciones en la CDMX ponte alerta\"}]},{\"@type\":\"WebSite\",\"@id\":\"https:\\\/\\\/quehacerpolitico.mx\\\/#website\",\"url\":\"https:\\\/\\\/quehacerpolitico.mx\\\/\",\"name\":\"\",\"description\":\"\",\"potentialAction\":[{\"@type\":\"SearchAction\",\"target\":{\"@type\":\"EntryPoint\",\"urlTemplate\":\"https:\\\/\\\/quehacerpolitico.mx\\\/?s={search_term_string}\"},\"query-input\":{\"@type\":\"PropertyValueSpecification\",\"valueRequired\":true,\"valueName\":\"search_term_string\"}}],\"inLanguage\":\"es\"},{\"@type\":\"Person\",\"@id\":\"https:\\\/\\\/quehacerpolitico.mx\\\/#\\\/schema\\\/person\\\/496d8ad2d1d3f8036101dca7ee39e585\",\"name\":\"Redacci\u00f3n QP\",\"image\":{\"@type\":\"ImageObject\",\"inLanguage\":\"es\",\"@id\":\"https:\\\/\\\/secure.gravatar.com\\\/avatar\\\/c7164ed6fdec453195284ad24a5ae5b6e1eed2b848477fa2a4787ba9adf39a41?s=96&d=mm&r=g\",\"url\":\"https:\\\/\\\/secure.gravatar.com\\\/avatar\\\/c7164ed6fdec453195284ad24a5ae5b6e1eed2b848477fa2a4787ba9adf39a41?s=96&d=mm&r=g\",\"contentUrl\":\"https:\\\/\\\/secure.gravatar.com\\\/avatar\\\/c7164ed6fdec453195284ad24a5ae5b6e1eed2b848477fa2a4787ba9adf39a41?s=96&d=mm&r=g\",\"caption\":\"Redacci\u00f3n QP\"},\"url\":\"https:\\\/\\\/quehacerpolitico.mx\\\/?author=2\"}]}<\/script>\n<!-- \/ Yoast SEO plugin. -->","yoast_head_json":{"title":"Lunes de movilizaciones en la CDMX ponte alerta -","robots":{"index":"index","follow":"follow","max-snippet":"max-snippet:-1","max-image-preview":"max-image-preview:large","max-video-preview":"max-video-preview:-1"},"canonical":"https:\/\/quehacerpolitico.mx\/?p=36363","og_locale":"es_MX","og_type":"article","og_title":"Lunes de movilizaciones en la CDMX ponte alerta -","og_description":"Lunes de movilizaciones en la CDMX ponte alerta Por Redacci\u00f3n QP","og_url":"https:\/\/quehacerpolitico.mx\/?p=36363","article_published_time":"2019-08-26T14:29:37+00:00","author":"Redacci\u00f3n QP","twitter_card":"summary_large_image","twitter_misc":{"Escrito por":"Redacci\u00f3n QP","Tiempo de lectura":"1 minuto"},"schema":{"@context":"https:\/\/schema.org","@graph":[{"@type":"Article","@id":"https:\/\/quehacerpolitico.mx\/?p=36363#article","isPartOf":{"@id":"https:\/\/quehacerpolitico.mx\/?p=36363"},"author":{"name":"Redacci\u00f3n QP","@id":"https:\/\/quehacerpolitico.mx\/#\/schema\/person\/496d8ad2d1d3f8036101dca7ee39e585"},"headline":"Lunes de movilizaciones en la CDMX ponte alerta","datePublished":"2019-08-26T14:29:37+00:00","mainEntityOfPage":{"@id":"https:\/\/quehacerpolitico.mx\/?p=36363"},"wordCount":298,"commentCount":0,"image":{"@id":"https:\/\/quehacerpolitico.mx\/?p=36363#primaryimage"},"thumbnailUrl":"","articleSection":["CDMX"],"inLanguage":"es","potentialAction":[{"@type":"CommentAction","name":"Comment","target":["https:\/\/quehacerpolitico.mx\/?p=36363#respond"]}]},{"@type":"WebPage","@id":"https:\/\/quehacerpolitico.mx\/?p=36363","url":"https:\/\/quehacerpolitico.mx\/?p=36363","name":"Lunes de movilizaciones en la CDMX ponte alerta -","isPartOf":{"@id":"https:\/\/quehacerpolitico.mx\/#website"},"primaryImageOfPage":{"@id":"https:\/\/quehacerpolitico.mx\/?p=36363#primaryimage"},"image":{"@id":"https:\/\/quehacerpolitico.mx\/?p=36363#primaryimage"},"thumbnailUrl":"","datePublished":"2019-08-26T14:29:37+00:00","author":{"@id":"https:\/\/quehacerpolitico.mx\/#\/schema\/person\/496d8ad2d1d3f8036101dca7ee39e585"},"breadcrumb":{"@id":"https:\/\/quehacerpolitico.mx\/?p=36363#breadcrumb"},"inLanguage":"es","potentialAction":[{"@type":"ReadAction","target":["https:\/\/quehacerpolitico.mx\/?p=36363"]}]},{"@type":"ImageObject","inLanguage":"es","@id":"https:\/\/quehacerpolitico.mx\/?p=36363#primaryimage","url":"","contentUrl":""},{"@type":"BreadcrumbList","@id":"https:\/\/quehacerpolitico.mx\/?p=36363#breadcrumb","itemListElement":[{"@type":"ListItem","position":1,"name":"Inicio","item":"https:\/\/quehacerpolitico.mx\/"},{"@type":"ListItem","position":2,"name":"Lunes de movilizaciones en la CDMX ponte alerta"}]},{"@type":"WebSite","@id":"https:\/\/quehacerpolitico.mx\/#website","url":"https:\/\/quehacerpolitico.mx\/","name":"","description":"","potentialAction":[{"@type":"SearchAction","target":{"@type":"EntryPoint","urlTemplate":"https:\/\/quehacerpolitico.mx\/?s={search_term_string}"},"query-input":{"@type":"PropertyValueSpecification","valueRequired":true,"valueName":"search_term_string"}}],"inLanguage":"es"},{"@type":"Person","@id":"https:\/\/quehacerpolitico.mx\/#\/schema\/person\/496d8ad2d1d3f8036101dca7ee39e585","name":"Redacci\u00f3n QP","image":{"@type":"ImageObject","inLanguage":"es","@id":"https:\/\/secure.gravatar.com\/avatar\/c7164ed6fdec453195284ad24a5ae5b6e1eed2b848477fa2a4787ba9adf39a41?s=96&d=mm&r=g","url":"https:\/\/secure.gravatar.com\/avatar\/c7164ed6fdec453195284ad24a5ae5b6e1eed2b848477fa2a4787ba9adf39a41?s=96&d=mm&r=g","contentUrl":"https:\/\/secure.gravatar.com\/avatar\/c7164ed6fdec453195284ad24a5ae5b6e1eed2b848477fa2a4787ba9adf39a41?s=96&d=mm&r=g","caption":"Redacci\u00f3n QP"},"url":"https:\/\/quehacerpolitico.mx\/?author=2"}]}},"featured_image_urls":{"full":"","thumbnail":"","medium":"","medium_large":"","large":"","1536x1536":"","2048x2048":"","covernews-featured":"","covernews-medium":""},"author_info":{"display_name":"Redacci\u00f3n QP","author_link":"https:\/\/quehacerpolitico.mx\/?author=2"},"category_info":"<a href=\"https:\/\/quehacerpolitico.mx\/?cat=55\" rel=\"category\">CDMX<\/a>","tag_info":"CDMX","comment_count":"0","_links":{"self":[{"href":"https:\/\/quehacerpolitico.mx\/index.php?rest_route=\/wp\/v2\/posts\/36363","targetHints":{"allow":["GET"]}}],"collection":[{"href":"https:\/\/quehacerpolitico.mx\/index.php?rest_route=\/wp\/v2\/posts"}],"about":[{"href":"https:\/\/quehacerpolitico.mx\/index.php?rest_route=\/wp\/v2\/types\/post"}],"author":[{"embeddable":true,"href":"https:\/\/quehacerpolitico.mx\/index.php?rest_route=\/wp\/v2\/users\/2"}],"replies":[{"embeddable":true,"href":"https:\/\/quehacerpolitico.mx\/index.php?rest_route=%2Fwp%2Fv2%2Fcomments&post=36363"}],"version-history":[{"count":0,"href":"https:\/\/quehacerpolitico.mx\/index.php?rest_route=\/wp\/v2\/posts\/36363\/revisions"}],"wp:featuredmedia":[{"embeddable":true,"href":"https:\/\/quehacerpolitico.mx\/index.php?rest_route=\/"}],"wp:attachment":[{"href":"https:\/\/quehacerpolitico.mx\/index.php?rest_route=%2Fwp%2Fv2%2Fmedia&parent=36363"}],"wp:term":[{"taxonomy":"category","embeddable":true,"href":"https:\/\/quehacerpolitico.mx\/index.php?rest_route=%2Fwp%2Fv2%2Fcategories&post=36363"},{"taxonomy":"post_tag","embeddable":true,"href":"https:\/\/quehacerpolitico.mx\/index.php?rest_route=%2Fwp%2Fv2%2Ftags&post=36363"}],"curies":[{"name":"wp","href":"https:\/\/api.w.org\/{rel}","templated":true}]}}