{"id":36311,"date":"2019-08-26T02:23:13","date_gmt":"2019-08-26T02:23:13","guid":{"rendered":"http:\/\/quehacerpolitico.mx\/canada-y-estados-unidos-elogian-el-t-mec-en-cumbre-g-7\/"},"modified":"2019-08-26T02:23:13","modified_gmt":"2019-08-26T02:23:13","slug":"canada-y-estados-unidos-elogian-el-t-mec-en-cumbre-g-7","status":"publish","type":"post","link":"https:\/\/quehacerpolitico.mx\/?p=36311","title":{"rendered":"Canad\u00e1 y Estados Unidos elogian el T-MEC en cumbre G-7"},"content":{"rendered":"<h1 class=\"news-title\">Canad\u00e1 y Estados Unidos elogian el T-MEC en cumbre G-7<\/h1>\n<p>Por Redacci\u00f3n QP<\/p>\n<header class=\"news-header\">\n<div class=\"news-subtitle\">\n<p>Ambas naciones enfatizan que el acuerdo es el tipo de mecanismo que otras democracias est\u00e1n reclamando para s\u00ed<\/p>\n<p>Canada y Estados Unidos elogiaron el acuerdo comercial que firmaron el pasado noviembre junto con Mexico\u00a0y enfatizaron que es el tipo de mecanismo que otras democracias est\u00e1n reclamando para s\u00ed.<\/p>\n<\/div>\n<\/header>\n<div class=\"news-content\">\n<div class=\"news-body row\">\n<blockquote>\n<p>&#8220;Tenemos un acuerdo que es bueno para nuestros trabajadores, bueno para nuestros ciudadanos, bueno para la clase media, y ese es el tipo de cosas que necesitamos ver m\u00e1s en todo el mundo&#8221;, asegura Trudeau<\/p>\n<\/blockquote>\n<p>La aseveraci\u00f3n fue hecha por el presidente estadunidense Donald Trump\u00a0y el primer ministro canadiense, Justin Trudeau, en su reuni\u00f3n bilateral de este domingo, al margen de la cumbre del Grupo de l\u00f3s Siete\u00a0(G7, las naciones m\u00e1s industrializadas del mundo, del cuales Estados Unidos y Canad\u00e1 son parte).<\/p>\n<p>El jefe del gobierno canadiense hizo ver que entre los asistentes a esta cita en el balneario franc\u00e9s de Biarritz,<strong> hay varios procesos de negociaci\u00f3n comercial en marcha, como los de Jap\u00f3n y Reino Unido, por separado, con Estados Unidos.<\/strong><\/p>\n<p>Trudeau tambi\u00e9n se reuni\u00f3 con el primer ministro brit\u00e1nico Boris Johnson, con quien abord\u00f3 una agenda que entre otros temas incluye la posibilidad de un acuerdo comercial, cit\u00f3 la canadiense CBA.<\/p>\n<p>Para el primer ministro canadiense <strong>el acuerdo trilateral comercial con Estados Unidos y M\u00e9xico es parte de sus banderas en busca de su reelecci\u00f3n en las elecciones del pr\u00f3ximo octubre.<\/strong><\/p>\n<p>&#8220;Tenemos un acuerdo que es bueno para nuestros trabajadores, bueno para nuestros ciudadanos, bueno para la clase media, y ese es el tipo de cosas que necesitamos ver m\u00e1s en todo el mundo&#8221;, dijo Trudeau, citado por la prensa canadiense.<\/p>\n<p>Por su parte el presidente Trump elogi\u00f3 el acuerdo comercial, que sigue al Tratado de Libre Comercio de Am\u00e9rica del Norte (TLCAN)\u00a0con el nuevo nombre T-MEC,\u00a0al se\u00f1alar que es un convenio &#8220;muy especial&#8221;.<\/p>\n<p>&#8220;A nuestros agricultores les encanta. A los sindicatos les encanta. A los trabajadores les encanta, a los fabricantes les encanta. <strong>A todos les gusta. Creo que a la mayor\u00eda de los dem\u00f3cratas les gusta. Con suerte, ser\u00e1n votados muy pronto<\/strong>&#8220;, precis\u00f3 Trump.<\/p>\n<p>El nuevo acuerdo comercial entre los tres pa\u00edses fue firmado el pasado 30 de noviembre y <strong>se encuentra en proceso de ratificaci\u00f3n por sus respectivos poderes legislativos.<\/strong><\/p>\n<p>Con Informaci\u00f3n de NTX\u00a0<\/p>\n<\/div>\n<\/div>\n","protected":false},"excerpt":{"rendered":"<p>Canad\u00e1 y Estados Unidos elogian el T-MEC en cumbre G-7<br \/>\nPor Redacci\u00f3n QP<\/p>\n","protected":false},"author":2,"featured_media":36310,"comment_status":"open","ping_status":"open","sticky":false,"template":"","format":"standard","meta":{"_monsterinsights_skip_tracking":false,"_monsterinsights_sitenote_active":false,"_monsterinsights_sitenote_note":"","_monsterinsights_sitenote_category":0,"footnotes":""},"categories":[56],"tags":[],"class_list":["post-36311","post","type-post","status-publish","format-standard","has-post-thumbnail","hentry","category-economia"],"yoast_head":"<!-- This site is optimized with the Yoast SEO plugin v27.3 - https:\/\/yoast.com\/product\/yoast-seo-wordpress\/ -->\n<title>Canad\u00e1 y Estados Unidos elogian el T-MEC en cumbre G-7 -<\/title>\n<meta name=\"robots\" content=\"index, follow, max-snippet:-1, max-image-preview:large, max-video-preview:-1\" \/>\n<link rel=\"canonical\" href=\"https:\/\/quehacerpolitico.mx\/?p=36311\" \/>\n<meta property=\"og:locale\" content=\"es_MX\" \/>\n<meta property=\"og:type\" content=\"article\" \/>\n<meta property=\"og:title\" content=\"Canad\u00e1 y Estados Unidos elogian el T-MEC en cumbre G-7 -\" \/>\n<meta property=\"og:description\" content=\"Canad\u00e1 y Estados Unidos elogian el T-MEC en cumbre G-7 Por Redacci\u00f3n QP\" \/>\n<meta property=\"og:url\" content=\"https:\/\/quehacerpolitico.mx\/?p=36311\" \/>\n<meta property=\"article:published_time\" content=\"2019-08-26T02:23:13+00:00\" \/>\n<meta name=\"author\" content=\"Redacci\u00f3n QP\" \/>\n<meta name=\"twitter:card\" content=\"summary_large_image\" \/>\n<meta name=\"twitter:label1\" content=\"Escrito por\" \/>\n\t<meta name=\"twitter:data1\" content=\"Redacci\u00f3n QP\" \/>\n\t<meta name=\"twitter:label2\" content=\"Tiempo de lectura\" \/>\n\t<meta name=\"twitter:data2\" content=\"2 minutos\" \/>\n<script type=\"application\/ld+json\" class=\"yoast-schema-graph\">{\"@context\":\"https:\\\/\\\/schema.org\",\"@graph\":[{\"@type\":\"Article\",\"@id\":\"https:\\\/\\\/quehacerpolitico.mx\\\/?p=36311#article\",\"isPartOf\":{\"@id\":\"https:\\\/\\\/quehacerpolitico.mx\\\/?p=36311\"},\"author\":{\"name\":\"Redacci\u00f3n QP\",\"@id\":\"https:\\\/\\\/quehacerpolitico.mx\\\/#\\\/schema\\\/person\\\/496d8ad2d1d3f8036101dca7ee39e585\"},\"headline\":\"Canad\u00e1 y Estados Unidos elogian el T-MEC en cumbre G-7\",\"datePublished\":\"2019-08-26T02:23:13+00:00\",\"mainEntityOfPage\":{\"@id\":\"https:\\\/\\\/quehacerpolitico.mx\\\/?p=36311\"},\"wordCount\":429,\"commentCount\":0,\"image\":{\"@id\":\"https:\\\/\\\/quehacerpolitico.mx\\\/?p=36311#primaryimage\"},\"thumbnailUrl\":\"\",\"articleSection\":[\"Econom\u00eda\"],\"inLanguage\":\"es\",\"potentialAction\":[{\"@type\":\"CommentAction\",\"name\":\"Comment\",\"target\":[\"https:\\\/\\\/quehacerpolitico.mx\\\/?p=36311#respond\"]}]},{\"@type\":\"WebPage\",\"@id\":\"https:\\\/\\\/quehacerpolitico.mx\\\/?p=36311\",\"url\":\"https:\\\/\\\/quehacerpolitico.mx\\\/?p=36311\",\"name\":\"Canad\u00e1 y Estados Unidos elogian el T-MEC en cumbre G-7 -\",\"isPartOf\":{\"@id\":\"https:\\\/\\\/quehacerpolitico.mx\\\/#website\"},\"primaryImageOfPage\":{\"@id\":\"https:\\\/\\\/quehacerpolitico.mx\\\/?p=36311#primaryimage\"},\"image\":{\"@id\":\"https:\\\/\\\/quehacerpolitico.mx\\\/?p=36311#primaryimage\"},\"thumbnailUrl\":\"\",\"datePublished\":\"2019-08-26T02:23:13+00:00\",\"author\":{\"@id\":\"https:\\\/\\\/quehacerpolitico.mx\\\/#\\\/schema\\\/person\\\/496d8ad2d1d3f8036101dca7ee39e585\"},\"breadcrumb\":{\"@id\":\"https:\\\/\\\/quehacerpolitico.mx\\\/?p=36311#breadcrumb\"},\"inLanguage\":\"es\",\"potentialAction\":[{\"@type\":\"ReadAction\",\"target\":[\"https:\\\/\\\/quehacerpolitico.mx\\\/?p=36311\"]}]},{\"@type\":\"ImageObject\",\"inLanguage\":\"es\",\"@id\":\"https:\\\/\\\/quehacerpolitico.mx\\\/?p=36311#primaryimage\",\"url\":\"\",\"contentUrl\":\"\"},{\"@type\":\"BreadcrumbList\",\"@id\":\"https:\\\/\\\/quehacerpolitico.mx\\\/?p=36311#breadcrumb\",\"itemListElement\":[{\"@type\":\"ListItem\",\"position\":1,\"name\":\"Inicio\",\"item\":\"https:\\\/\\\/quehacerpolitico.mx\\\/\"},{\"@type\":\"ListItem\",\"position\":2,\"name\":\"Canad\u00e1 y Estados Unidos elogian el T-MEC en cumbre G-7\"}]},{\"@type\":\"WebSite\",\"@id\":\"https:\\\/\\\/quehacerpolitico.mx\\\/#website\",\"url\":\"https:\\\/\\\/quehacerpolitico.mx\\\/\",\"name\":\"\",\"description\":\"\",\"potentialAction\":[{\"@type\":\"SearchAction\",\"target\":{\"@type\":\"EntryPoint\",\"urlTemplate\":\"https:\\\/\\\/quehacerpolitico.mx\\\/?s={search_term_string}\"},\"query-input\":{\"@type\":\"PropertyValueSpecification\",\"valueRequired\":true,\"valueName\":\"search_term_string\"}}],\"inLanguage\":\"es\"},{\"@type\":\"Person\",\"@id\":\"https:\\\/\\\/quehacerpolitico.mx\\\/#\\\/schema\\\/person\\\/496d8ad2d1d3f8036101dca7ee39e585\",\"name\":\"Redacci\u00f3n QP\",\"image\":{\"@type\":\"ImageObject\",\"inLanguage\":\"es\",\"@id\":\"https:\\\/\\\/secure.gravatar.com\\\/avatar\\\/c7164ed6fdec453195284ad24a5ae5b6e1eed2b848477fa2a4787ba9adf39a41?s=96&d=mm&r=g\",\"url\":\"https:\\\/\\\/secure.gravatar.com\\\/avatar\\\/c7164ed6fdec453195284ad24a5ae5b6e1eed2b848477fa2a4787ba9adf39a41?s=96&d=mm&r=g\",\"contentUrl\":\"https:\\\/\\\/secure.gravatar.com\\\/avatar\\\/c7164ed6fdec453195284ad24a5ae5b6e1eed2b848477fa2a4787ba9adf39a41?s=96&d=mm&r=g\",\"caption\":\"Redacci\u00f3n QP\"},\"url\":\"https:\\\/\\\/quehacerpolitico.mx\\\/?author=2\"}]}<\/script>\n<!-- \/ Yoast SEO plugin. -->","yoast_head_json":{"title":"Canad\u00e1 y Estados Unidos elogian el T-MEC en cumbre G-7 -","robots":{"index":"index","follow":"follow","max-snippet":"max-snippet:-1","max-image-preview":"max-image-preview:large","max-video-preview":"max-video-preview:-1"},"canonical":"https:\/\/quehacerpolitico.mx\/?p=36311","og_locale":"es_MX","og_type":"article","og_title":"Canad\u00e1 y Estados Unidos elogian el T-MEC en cumbre G-7 -","og_description":"Canad\u00e1 y Estados Unidos elogian el T-MEC en cumbre G-7 Por Redacci\u00f3n QP","og_url":"https:\/\/quehacerpolitico.mx\/?p=36311","article_published_time":"2019-08-26T02:23:13+00:00","author":"Redacci\u00f3n QP","twitter_card":"summary_large_image","twitter_misc":{"Escrito por":"Redacci\u00f3n QP","Tiempo de lectura":"2 minutos"},"schema":{"@context":"https:\/\/schema.org","@graph":[{"@type":"Article","@id":"https:\/\/quehacerpolitico.mx\/?p=36311#article","isPartOf":{"@id":"https:\/\/quehacerpolitico.mx\/?p=36311"},"author":{"name":"Redacci\u00f3n QP","@id":"https:\/\/quehacerpolitico.mx\/#\/schema\/person\/496d8ad2d1d3f8036101dca7ee39e585"},"headline":"Canad\u00e1 y Estados Unidos elogian el T-MEC en cumbre G-7","datePublished":"2019-08-26T02:23:13+00:00","mainEntityOfPage":{"@id":"https:\/\/quehacerpolitico.mx\/?p=36311"},"wordCount":429,"commentCount":0,"image":{"@id":"https:\/\/quehacerpolitico.mx\/?p=36311#primaryimage"},"thumbnailUrl":"","articleSection":["Econom\u00eda"],"inLanguage":"es","potentialAction":[{"@type":"CommentAction","name":"Comment","target":["https:\/\/quehacerpolitico.mx\/?p=36311#respond"]}]},{"@type":"WebPage","@id":"https:\/\/quehacerpolitico.mx\/?p=36311","url":"https:\/\/quehacerpolitico.mx\/?p=36311","name":"Canad\u00e1 y Estados Unidos elogian el T-MEC en cumbre G-7 -","isPartOf":{"@id":"https:\/\/quehacerpolitico.mx\/#website"},"primaryImageOfPage":{"@id":"https:\/\/quehacerpolitico.mx\/?p=36311#primaryimage"},"image":{"@id":"https:\/\/quehacerpolitico.mx\/?p=36311#primaryimage"},"thumbnailUrl":"","datePublished":"2019-08-26T02:23:13+00:00","author":{"@id":"https:\/\/quehacerpolitico.mx\/#\/schema\/person\/496d8ad2d1d3f8036101dca7ee39e585"},"breadcrumb":{"@id":"https:\/\/quehacerpolitico.mx\/?p=36311#breadcrumb"},"inLanguage":"es","potentialAction":[{"@type":"ReadAction","target":["https:\/\/quehacerpolitico.mx\/?p=36311"]}]},{"@type":"ImageObject","inLanguage":"es","@id":"https:\/\/quehacerpolitico.mx\/?p=36311#primaryimage","url":"","contentUrl":""},{"@type":"BreadcrumbList","@id":"https:\/\/quehacerpolitico.mx\/?p=36311#breadcrumb","itemListElement":[{"@type":"ListItem","position":1,"name":"Inicio","item":"https:\/\/quehacerpolitico.mx\/"},{"@type":"ListItem","position":2,"name":"Canad\u00e1 y Estados Unidos elogian el T-MEC en cumbre G-7"}]},{"@type":"WebSite","@id":"https:\/\/quehacerpolitico.mx\/#website","url":"https:\/\/quehacerpolitico.mx\/","name":"","description":"","potentialAction":[{"@type":"SearchAction","target":{"@type":"EntryPoint","urlTemplate":"https:\/\/quehacerpolitico.mx\/?s={search_term_string}"},"query-input":{"@type":"PropertyValueSpecification","valueRequired":true,"valueName":"search_term_string"}}],"inLanguage":"es"},{"@type":"Person","@id":"https:\/\/quehacerpolitico.mx\/#\/schema\/person\/496d8ad2d1d3f8036101dca7ee39e585","name":"Redacci\u00f3n QP","image":{"@type":"ImageObject","inLanguage":"es","@id":"https:\/\/secure.gravatar.com\/avatar\/c7164ed6fdec453195284ad24a5ae5b6e1eed2b848477fa2a4787ba9adf39a41?s=96&d=mm&r=g","url":"https:\/\/secure.gravatar.com\/avatar\/c7164ed6fdec453195284ad24a5ae5b6e1eed2b848477fa2a4787ba9adf39a41?s=96&d=mm&r=g","contentUrl":"https:\/\/secure.gravatar.com\/avatar\/c7164ed6fdec453195284ad24a5ae5b6e1eed2b848477fa2a4787ba9adf39a41?s=96&d=mm&r=g","caption":"Redacci\u00f3n QP"},"url":"https:\/\/quehacerpolitico.mx\/?author=2"}]}},"featured_image_urls":{"full":"","thumbnail":"","medium":"","medium_large":"","large":"","1536x1536":"","2048x2048":"","covernews-featured":"","covernews-medium":""},"author_info":{"display_name":"Redacci\u00f3n QP","author_link":"https:\/\/quehacerpolitico.mx\/?author=2"},"category_info":"<a href=\"https:\/\/quehacerpolitico.mx\/?cat=56\" rel=\"category\">Econom\u00eda<\/a>","tag_info":"Econom\u00eda","comment_count":"0","_links":{"self":[{"href":"https:\/\/quehacerpolitico.mx\/index.php?rest_route=\/wp\/v2\/posts\/36311","targetHints":{"allow":["GET"]}}],"collection":[{"href":"https:\/\/quehacerpolitico.mx\/index.php?rest_route=\/wp\/v2\/posts"}],"about":[{"href":"https:\/\/quehacerpolitico.mx\/index.php?rest_route=\/wp\/v2\/types\/post"}],"author":[{"embeddable":true,"href":"https:\/\/quehacerpolitico.mx\/index.php?rest_route=\/wp\/v2\/users\/2"}],"replies":[{"embeddable":true,"href":"https:\/\/quehacerpolitico.mx\/index.php?rest_route=%2Fwp%2Fv2%2Fcomments&post=36311"}],"version-history":[{"count":0,"href":"https:\/\/quehacerpolitico.mx\/index.php?rest_route=\/wp\/v2\/posts\/36311\/revisions"}],"wp:featuredmedia":[{"embeddable":true,"href":"https:\/\/quehacerpolitico.mx\/index.php?rest_route=\/"}],"wp:attachment":[{"href":"https:\/\/quehacerpolitico.mx\/index.php?rest_route=%2Fwp%2Fv2%2Fmedia&parent=36311"}],"wp:term":[{"taxonomy":"category","embeddable":true,"href":"https:\/\/quehacerpolitico.mx\/index.php?rest_route=%2Fwp%2Fv2%2Fcategories&post=36311"},{"taxonomy":"post_tag","embeddable":true,"href":"https:\/\/quehacerpolitico.mx\/index.php?rest_route=%2Fwp%2Fv2%2Ftags&post=36311"}],"curies":[{"name":"wp","href":"https:\/\/api.w.org\/{rel}","templated":true}]}}