{"id":36107,"date":"2019-08-23T21:33:31","date_gmt":"2019-08-23T21:33:31","guid":{"rendered":"http:\/\/quehacerpolitico.mx\/?p=36107"},"modified":"2019-08-23T21:33:31","modified_gmt":"2019-08-23T21:33:31","slug":"lopez-obrador-prepara-recurso-por-amparos-contra-aeropuerto-de-santa-lucia","status":"publish","type":"post","link":"https:\/\/quehacerpolitico.mx\/?p=36107","title":{"rendered":"L\u00f3pez Obrador prepara recurso por amparos contra aeropuerto de Santa Luc\u00eda"},"content":{"rendered":"<h1 class=\"news-title\">L\u00f3pez Obrador prepara recurso por amparos contra aeropuerto de Santa Luc\u00eda<\/h1>\n<p>Por Redacci\u00f3n QP<\/p>\n<header class=\"news-header\">\n<div class=\"news-subtitle\">\n<p>El Presidente explica que podr\u00eda utilizar un recurso legal que tiene el Estado para \u201cponer a salvo el inter\u00e9s Nacional\u201d<\/p>\n<\/div>\n<\/header>\n<div class=\"news-content\">\n<div class=\"news-body row\">\n<p>El Presidente se\u00f1al\u00f3 que podr\u00eda utilizar una especie de recuso legal, una facultad que tiene el Estado\u00a0<strong>para &#8220;poner a salvo el inter\u00e9s nacional&#8221;.<\/strong><\/p>\n<p>Ante los amparos contra la construcci\u00f3n del aeropuerto en la Base Militar de Santa Luc\u00eda, el Presidente Andres Manuel L\u00f3pez Obrador, advirti\u00f3 que <strong>podr\u00eda utilizar una especie de recuso legal, una facultad que tiene el Estado para &#8220;poner a salvo el inter\u00e9s nacional&#8221;.<\/strong><\/p>\n<p>&#8220;Ya estamos viendo legalmente eso, y tenemos otro recurso, que es el poner por delante el inter\u00e9s de la naci\u00f3n&#8221;, dijo.<\/p>\n<p>En conferencia de prensa matutina en Villahermosa, se le cuestion\u00f3: \u00bfY qu\u00e9 significa eso, se\u00f1or?, en t\u00e9rminos de se avanza o no se avanza.<\/p>\n<p>&#8220;En su momento lo voy a dar a conocer, en su momento vamos a acudir a la facultad que tiene el Estado para poner a salvo el inter\u00e9s nacional. Eso es lo \u00fanico que puedo decir&#8221;, indic\u00f3.<\/p>\n<p>De nuevo, el Presidente reiter\u00f3 que <strong>uno de los m\u00e1s de 100 amparos que se interpusieron\u00a0es del empresario Claudio X. Gonz\u00e1lez.<\/strong><\/p>\n<p>&#8220;Pero no puede un grupo de intereses creados detener el desarrollo del pa\u00eds. Eso por lo primero. No hay dificultad porque estamos en tiempo, va a haber el aeropuerto&#8221;, asever\u00f3.<\/p>\n<p>Y acus\u00f3 que <strong>hay personas que est\u00e1n dolidos porque se les fue un negocito<\/strong> &#8220;de algunos billullos y est\u00e1n utilizando todos los recursos de manera muy inmoral&#8221;.<\/p>\n<p>&#8220;Imag\u00ednense, la Base A\u00e9rea de Santa Luc\u00eda tiene m\u00e1s de 50 a\u00f1os y est\u00e1n metiendo amparos por da\u00f1os ecol\u00f3gicos, cuando el aeropuerto se va a construir en la Base A\u00e9rea de Santa Luc\u00eda, es de sentido com\u00fan. No hay ninguna raz\u00f3n, es nada m\u00e1s por frenar el avance de nuestro movimiento transformador&#8221;, dijo.<\/p>\n<p>Con Informaci\u00f3n de SUN<\/p>\n<\/div>\n<\/div>\n","protected":false},"excerpt":{"rendered":"<p>L\u00f3pez Obrador prepara recurso por amparos contra aeropuerto de Santa Luc\u00eda Por Redacci\u00f3n QP El&#8230;<\/p>\n","protected":false},"author":2,"featured_media":36108,"comment_status":"open","ping_status":"open","sticky":false,"template":"","format":"standard","meta":{"_monsterinsights_skip_tracking":false,"_monsterinsights_sitenote_active":false,"_monsterinsights_sitenote_note":"","_monsterinsights_sitenote_category":0,"footnotes":""},"categories":[2],"tags":[],"class_list":["post-36107","post","type-post","status-publish","format-standard","has-post-thumbnail","hentry","category-noticias"],"yoast_head":"<!-- This site is optimized with the Yoast SEO plugin v27.3 - https:\/\/yoast.com\/product\/yoast-seo-wordpress\/ -->\n<title>L\u00f3pez Obrador prepara recurso por amparos contra aeropuerto de Santa Luc\u00eda -<\/title>\n<meta name=\"robots\" content=\"index, follow, max-snippet:-1, max-image-preview:large, max-video-preview:-1\" \/>\n<link rel=\"canonical\" href=\"https:\/\/quehacerpolitico.mx\/?p=36107\" \/>\n<meta property=\"og:locale\" content=\"es_MX\" \/>\n<meta property=\"og:type\" content=\"article\" \/>\n<meta property=\"og:title\" content=\"L\u00f3pez Obrador prepara recurso por amparos contra aeropuerto de Santa Luc\u00eda -\" \/>\n<meta property=\"og:description\" content=\"L\u00f3pez Obrador prepara recurso por amparos contra aeropuerto de Santa Luc\u00eda Por Redacci\u00f3n QP El...\" \/>\n<meta property=\"og:url\" content=\"https:\/\/quehacerpolitico.mx\/?p=36107\" \/>\n<meta property=\"article:published_time\" content=\"2019-08-23T21:33:31+00:00\" \/>\n<meta name=\"author\" content=\"Redacci\u00f3n QP\" \/>\n<meta name=\"twitter:card\" content=\"summary_large_image\" \/>\n<meta name=\"twitter:label1\" content=\"Escrito por\" \/>\n\t<meta name=\"twitter:data1\" content=\"Redacci\u00f3n QP\" \/>\n\t<meta name=\"twitter:label2\" content=\"Tiempo de lectura\" \/>\n\t<meta name=\"twitter:data2\" content=\"2 minutos\" \/>\n<script type=\"application\/ld+json\" class=\"yoast-schema-graph\">{\"@context\":\"https:\\\/\\\/schema.org\",\"@graph\":[{\"@type\":\"Article\",\"@id\":\"https:\\\/\\\/quehacerpolitico.mx\\\/?p=36107#article\",\"isPartOf\":{\"@id\":\"https:\\\/\\\/quehacerpolitico.mx\\\/?p=36107\"},\"author\":{\"name\":\"Redacci\u00f3n QP\",\"@id\":\"https:\\\/\\\/quehacerpolitico.mx\\\/#\\\/schema\\\/person\\\/496d8ad2d1d3f8036101dca7ee39e585\"},\"headline\":\"L\u00f3pez Obrador prepara recurso por amparos contra aeropuerto de Santa Luc\u00eda\",\"datePublished\":\"2019-08-23T21:33:31+00:00\",\"mainEntityOfPage\":{\"@id\":\"https:\\\/\\\/quehacerpolitico.mx\\\/?p=36107\"},\"wordCount\":367,\"commentCount\":0,\"image\":{\"@id\":\"https:\\\/\\\/quehacerpolitico.mx\\\/?p=36107#primaryimage\"},\"thumbnailUrl\":\"\",\"articleSection\":[\"Noticias\"],\"inLanguage\":\"es\",\"potentialAction\":[{\"@type\":\"CommentAction\",\"name\":\"Comment\",\"target\":[\"https:\\\/\\\/quehacerpolitico.mx\\\/?p=36107#respond\"]}]},{\"@type\":\"WebPage\",\"@id\":\"https:\\\/\\\/quehacerpolitico.mx\\\/?p=36107\",\"url\":\"https:\\\/\\\/quehacerpolitico.mx\\\/?p=36107\",\"name\":\"L\u00f3pez Obrador prepara recurso por amparos contra aeropuerto de Santa Luc\u00eda -\",\"isPartOf\":{\"@id\":\"https:\\\/\\\/quehacerpolitico.mx\\\/#website\"},\"primaryImageOfPage\":{\"@id\":\"https:\\\/\\\/quehacerpolitico.mx\\\/?p=36107#primaryimage\"},\"image\":{\"@id\":\"https:\\\/\\\/quehacerpolitico.mx\\\/?p=36107#primaryimage\"},\"thumbnailUrl\":\"\",\"datePublished\":\"2019-08-23T21:33:31+00:00\",\"author\":{\"@id\":\"https:\\\/\\\/quehacerpolitico.mx\\\/#\\\/schema\\\/person\\\/496d8ad2d1d3f8036101dca7ee39e585\"},\"breadcrumb\":{\"@id\":\"https:\\\/\\\/quehacerpolitico.mx\\\/?p=36107#breadcrumb\"},\"inLanguage\":\"es\",\"potentialAction\":[{\"@type\":\"ReadAction\",\"target\":[\"https:\\\/\\\/quehacerpolitico.mx\\\/?p=36107\"]}]},{\"@type\":\"ImageObject\",\"inLanguage\":\"es\",\"@id\":\"https:\\\/\\\/quehacerpolitico.mx\\\/?p=36107#primaryimage\",\"url\":\"\",\"contentUrl\":\"\"},{\"@type\":\"BreadcrumbList\",\"@id\":\"https:\\\/\\\/quehacerpolitico.mx\\\/?p=36107#breadcrumb\",\"itemListElement\":[{\"@type\":\"ListItem\",\"position\":1,\"name\":\"Inicio\",\"item\":\"https:\\\/\\\/quehacerpolitico.mx\\\/\"},{\"@type\":\"ListItem\",\"position\":2,\"name\":\"L\u00f3pez Obrador prepara recurso por amparos contra aeropuerto de Santa Luc\u00eda\"}]},{\"@type\":\"WebSite\",\"@id\":\"https:\\\/\\\/quehacerpolitico.mx\\\/#website\",\"url\":\"https:\\\/\\\/quehacerpolitico.mx\\\/\",\"name\":\"\",\"description\":\"\",\"potentialAction\":[{\"@type\":\"SearchAction\",\"target\":{\"@type\":\"EntryPoint\",\"urlTemplate\":\"https:\\\/\\\/quehacerpolitico.mx\\\/?s={search_term_string}\"},\"query-input\":{\"@type\":\"PropertyValueSpecification\",\"valueRequired\":true,\"valueName\":\"search_term_string\"}}],\"inLanguage\":\"es\"},{\"@type\":\"Person\",\"@id\":\"https:\\\/\\\/quehacerpolitico.mx\\\/#\\\/schema\\\/person\\\/496d8ad2d1d3f8036101dca7ee39e585\",\"name\":\"Redacci\u00f3n QP\",\"image\":{\"@type\":\"ImageObject\",\"inLanguage\":\"es\",\"@id\":\"https:\\\/\\\/secure.gravatar.com\\\/avatar\\\/c7164ed6fdec453195284ad24a5ae5b6e1eed2b848477fa2a4787ba9adf39a41?s=96&d=mm&r=g\",\"url\":\"https:\\\/\\\/secure.gravatar.com\\\/avatar\\\/c7164ed6fdec453195284ad24a5ae5b6e1eed2b848477fa2a4787ba9adf39a41?s=96&d=mm&r=g\",\"contentUrl\":\"https:\\\/\\\/secure.gravatar.com\\\/avatar\\\/c7164ed6fdec453195284ad24a5ae5b6e1eed2b848477fa2a4787ba9adf39a41?s=96&d=mm&r=g\",\"caption\":\"Redacci\u00f3n QP\"},\"url\":\"https:\\\/\\\/quehacerpolitico.mx\\\/?author=2\"}]}<\/script>\n<!-- \/ Yoast SEO plugin. -->","yoast_head_json":{"title":"L\u00f3pez Obrador prepara recurso por amparos contra aeropuerto de Santa Luc\u00eda -","robots":{"index":"index","follow":"follow","max-snippet":"max-snippet:-1","max-image-preview":"max-image-preview:large","max-video-preview":"max-video-preview:-1"},"canonical":"https:\/\/quehacerpolitico.mx\/?p=36107","og_locale":"es_MX","og_type":"article","og_title":"L\u00f3pez Obrador prepara recurso por amparos contra aeropuerto de Santa Luc\u00eda -","og_description":"L\u00f3pez Obrador prepara recurso por amparos contra aeropuerto de Santa Luc\u00eda Por Redacci\u00f3n QP El...","og_url":"https:\/\/quehacerpolitico.mx\/?p=36107","article_published_time":"2019-08-23T21:33:31+00:00","author":"Redacci\u00f3n QP","twitter_card":"summary_large_image","twitter_misc":{"Escrito por":"Redacci\u00f3n QP","Tiempo de lectura":"2 minutos"},"schema":{"@context":"https:\/\/schema.org","@graph":[{"@type":"Article","@id":"https:\/\/quehacerpolitico.mx\/?p=36107#article","isPartOf":{"@id":"https:\/\/quehacerpolitico.mx\/?p=36107"},"author":{"name":"Redacci\u00f3n QP","@id":"https:\/\/quehacerpolitico.mx\/#\/schema\/person\/496d8ad2d1d3f8036101dca7ee39e585"},"headline":"L\u00f3pez Obrador prepara recurso por amparos contra aeropuerto de Santa Luc\u00eda","datePublished":"2019-08-23T21:33:31+00:00","mainEntityOfPage":{"@id":"https:\/\/quehacerpolitico.mx\/?p=36107"},"wordCount":367,"commentCount":0,"image":{"@id":"https:\/\/quehacerpolitico.mx\/?p=36107#primaryimage"},"thumbnailUrl":"","articleSection":["Noticias"],"inLanguage":"es","potentialAction":[{"@type":"CommentAction","name":"Comment","target":["https:\/\/quehacerpolitico.mx\/?p=36107#respond"]}]},{"@type":"WebPage","@id":"https:\/\/quehacerpolitico.mx\/?p=36107","url":"https:\/\/quehacerpolitico.mx\/?p=36107","name":"L\u00f3pez Obrador prepara recurso por amparos contra aeropuerto de Santa Luc\u00eda -","isPartOf":{"@id":"https:\/\/quehacerpolitico.mx\/#website"},"primaryImageOfPage":{"@id":"https:\/\/quehacerpolitico.mx\/?p=36107#primaryimage"},"image":{"@id":"https:\/\/quehacerpolitico.mx\/?p=36107#primaryimage"},"thumbnailUrl":"","datePublished":"2019-08-23T21:33:31+00:00","author":{"@id":"https:\/\/quehacerpolitico.mx\/#\/schema\/person\/496d8ad2d1d3f8036101dca7ee39e585"},"breadcrumb":{"@id":"https:\/\/quehacerpolitico.mx\/?p=36107#breadcrumb"},"inLanguage":"es","potentialAction":[{"@type":"ReadAction","target":["https:\/\/quehacerpolitico.mx\/?p=36107"]}]},{"@type":"ImageObject","inLanguage":"es","@id":"https:\/\/quehacerpolitico.mx\/?p=36107#primaryimage","url":"","contentUrl":""},{"@type":"BreadcrumbList","@id":"https:\/\/quehacerpolitico.mx\/?p=36107#breadcrumb","itemListElement":[{"@type":"ListItem","position":1,"name":"Inicio","item":"https:\/\/quehacerpolitico.mx\/"},{"@type":"ListItem","position":2,"name":"L\u00f3pez Obrador prepara recurso por amparos contra aeropuerto de Santa Luc\u00eda"}]},{"@type":"WebSite","@id":"https:\/\/quehacerpolitico.mx\/#website","url":"https:\/\/quehacerpolitico.mx\/","name":"","description":"","potentialAction":[{"@type":"SearchAction","target":{"@type":"EntryPoint","urlTemplate":"https:\/\/quehacerpolitico.mx\/?s={search_term_string}"},"query-input":{"@type":"PropertyValueSpecification","valueRequired":true,"valueName":"search_term_string"}}],"inLanguage":"es"},{"@type":"Person","@id":"https:\/\/quehacerpolitico.mx\/#\/schema\/person\/496d8ad2d1d3f8036101dca7ee39e585","name":"Redacci\u00f3n QP","image":{"@type":"ImageObject","inLanguage":"es","@id":"https:\/\/secure.gravatar.com\/avatar\/c7164ed6fdec453195284ad24a5ae5b6e1eed2b848477fa2a4787ba9adf39a41?s=96&d=mm&r=g","url":"https:\/\/secure.gravatar.com\/avatar\/c7164ed6fdec453195284ad24a5ae5b6e1eed2b848477fa2a4787ba9adf39a41?s=96&d=mm&r=g","contentUrl":"https:\/\/secure.gravatar.com\/avatar\/c7164ed6fdec453195284ad24a5ae5b6e1eed2b848477fa2a4787ba9adf39a41?s=96&d=mm&r=g","caption":"Redacci\u00f3n QP"},"url":"https:\/\/quehacerpolitico.mx\/?author=2"}]}},"featured_image_urls":{"full":"","thumbnail":"","medium":"","medium_large":"","large":"","1536x1536":"","2048x2048":"","covernews-featured":"","covernews-medium":""},"author_info":{"display_name":"Redacci\u00f3n QP","author_link":"https:\/\/quehacerpolitico.mx\/?author=2"},"category_info":"<a href=\"https:\/\/quehacerpolitico.mx\/?cat=2\" rel=\"category\">Noticias<\/a>","tag_info":"Noticias","comment_count":"0","_links":{"self":[{"href":"https:\/\/quehacerpolitico.mx\/index.php?rest_route=\/wp\/v2\/posts\/36107","targetHints":{"allow":["GET"]}}],"collection":[{"href":"https:\/\/quehacerpolitico.mx\/index.php?rest_route=\/wp\/v2\/posts"}],"about":[{"href":"https:\/\/quehacerpolitico.mx\/index.php?rest_route=\/wp\/v2\/types\/post"}],"author":[{"embeddable":true,"href":"https:\/\/quehacerpolitico.mx\/index.php?rest_route=\/wp\/v2\/users\/2"}],"replies":[{"embeddable":true,"href":"https:\/\/quehacerpolitico.mx\/index.php?rest_route=%2Fwp%2Fv2%2Fcomments&post=36107"}],"version-history":[{"count":0,"href":"https:\/\/quehacerpolitico.mx\/index.php?rest_route=\/wp\/v2\/posts\/36107\/revisions"}],"wp:featuredmedia":[{"embeddable":true,"href":"https:\/\/quehacerpolitico.mx\/index.php?rest_route=\/"}],"wp:attachment":[{"href":"https:\/\/quehacerpolitico.mx\/index.php?rest_route=%2Fwp%2Fv2%2Fmedia&parent=36107"}],"wp:term":[{"taxonomy":"category","embeddable":true,"href":"https:\/\/quehacerpolitico.mx\/index.php?rest_route=%2Fwp%2Fv2%2Fcategories&post=36107"},{"taxonomy":"post_tag","embeddable":true,"href":"https:\/\/quehacerpolitico.mx\/index.php?rest_route=%2Fwp%2Fv2%2Ftags&post=36107"}],"curies":[{"name":"wp","href":"https:\/\/api.w.org\/{rel}","templated":true}]}}