{"id":36082,"date":"2019-08-23T14:04:34","date_gmt":"2019-08-23T14:04:34","guid":{"rendered":"http:\/\/quehacerpolitico.mx\/?p=36082"},"modified":"2019-08-23T14:04:34","modified_gmt":"2019-08-23T14:04:34","slug":"internacionales-carolina-alonso-romei-brasil-sin-fondos-para-combatir-los-incendios-en-el-amazonas","status":"publish","type":"post","link":"https:\/\/quehacerpolitico.mx\/?p=36082","title":{"rendered":"Internacionales\/\/\/Carolina Alonso Romei\/\/\/Brasil, sin fondos para combatir los incendios en el Amazonas"},"content":{"rendered":"<h1 class=\"news-title\">Brasil, sin fondos para combatir los incendios en el Amazonas<\/h1>\n<p>Por Carolina Alonso Romei<\/p>\n<p>Internacionalista<\/p>\n<header class=\"news-header\">\n<div class=\"news-subtitle\">\n<p>Jair Bolsonaro se\u00f1ala que su pa\u00eds no tiene la capacidad suficiente para paliar el fuego; el Ministerio P\u00fablico brasile\u00f1o investiga causas del aumento de los siniestros<\/p>\n<\/div>\n<\/header>\n<div class=\"news-content\">\n<div class=\"news-body row\">\n<p>El Gobierno brasile\u00f1o carece de los recursos para combatir los incendios en el Amazonas, reconoci\u00f3 el presidente Jair Bolsonaro, al reiterar su sospecha de que Organizaciones No Gubernamentales (ONG) pudieran ser las responsables.<\/p>\n<p>El mandatario indic\u00f3 que<strong> \u201cel Gobierno no pod\u00eda lograr que el Ministerio del Interior enviara a 40 hombres para combatir un incendio\u201d.<\/strong>Bolsonaro, un esc\u00e9ptico del cambio clim\u00e1tico, tambi\u00e9n acus\u00f3 de crear una \u201cpsicosis ambiental\u201d a las ONGs. \u201cEsa psicosis ambiental no deja hacer nada. Yo no quiero acabar con el medio ambiente, quiero salvar a Brasil\u201d.<\/p>\n<p>Por otra parte, <strong>el Ministerio P\u00fablico brasile\u00f1o investiga si una menor fiscalizaci\u00f3n ambiental y el retiro de apoyo a organizaciones ambientales, por parte del Gobierno de JairBolsonaro, favorecieron la propagaci\u00f3n de incendios<\/strong> en vastas regiones de la Amazon\u00eda.<\/p>\n<p>La Fiscal\u00eda General investiga una posible relaci\u00f3n entre la reducci\u00f3n de la fiscalizaci\u00f3n ambiental y el crecimiento de la deforestaci\u00f3n y de las \u00e1reas alcanzadas por el fuego, una \u201cdevastaci\u00f3n de varias porciones de la floresta amaz\u00f3nica\u201d.<\/p>\n<p>Los especialistas conducen sus investigaciones en el estado de Par\u00e1, regi\u00f3n donde los incendios crecieron 198% con relaci\u00f3n al a\u00f1o anterior. \u201cEl enfrentamiento de la deforestaci\u00f3n y de los incendios no es facultad del poder p\u00fablico. \u00a1Es un deber!\u201d, se\u00f1al\u00f3 el procurador federal Cam\u00f5es Boaventura.<\/p>\n<p>De acuerdo con especialistas, <strong>la multiplicaci\u00f3n de los siniestros se da en un marco de avance r\u00e1pido de la deforestaci\u00f3n en la regi\u00f3n amaz\u00f3nica, que en julio se cuadruplic\u00f3 respecto al mismo mes de 2018.<\/strong><\/p>\n<div>\n<figure class=\"image\"><img decoding=\"async\" title=\"\" src=\"https:\/\/www.informador.mx\/export\/sites\/elinformador\/img\/2019\/08\/23\/bolsonaro_reitera_que_x31344196x.jpg_347421144.jpg\" alt=\"\" hspace=\"5\" vspace=\"5\" data-height=\"466\" data-size=\"w:6000,h:4000\" data-width=\"700\" \/><figcaption>La niebla, producida por el humo de los incendios, llega a diversas ciudades brasile\u00f1as. EFE\/R. Carvalho<\/figcaption><\/figure>\n<\/div>\n<h4>Bolivia y Paraguay unen esfuerzos para apagar fuegos<\/h4>\n<p>Bolivia y Paraguay acordaron unir esfuerzos para combatir el gigantesco incendio forestal que alcanza a ambos territorios y depreda flora y fauna, inform\u00f3 el ministro boliviano de Medioambiente y Agua, Carlos Ortu\u00f1o.<\/p>\n<p><strong>La superficie afectada por el fuego en el departamento boliviano de Santa Cruz alcanza a 654 mil hect\u00e1reas; en Paraguay no han sido todav\u00eda cuantificados.<\/strong><\/p>\n<p>\u201cHemos estado en contacto con nuestros pares de Paraguay, tenemos un compromiso de trabajo conjunto de los dos pa\u00edses, tanto en el territorio boliviano como en el territorio paraguayo\u201d, dijo Ortu\u00f1o.<\/p>\n<p>El funcionario agreg\u00f3 que las autoridades de ambos pa\u00edses est\u00e1n \u201cen plena implementaci\u00f3n de las medidas\u201d de contingencia.<\/p>\n<p>Los focos de fuego fueron ocasionados en Bolivia por la quema de campos de cultivo, pr\u00e1ctica ancestral llamada localmente \u201cchaqueo\u201d, que afirma que la ceniza mejora la calidad de la tierra para la siembra.<\/p>\n<div>\n<figure class=\"image\"><img decoding=\"async\" title=\"\" src=\"https:\/\/www.informador.mx\/export\/sites\/elinformador\/img\/2019\/08\/23\/images_of_wildfires_i_x31348663x.jpg_351115228.jpg\" alt=\"\" hspace=\"5\" vspace=\"5\" data-height=\"462\" data-size=\"w:3500,h:2312\" data-width=\"700\" \/><figcaption>La superficie afectada por el fuego en el departamento boliviano de Santa Cruz alcanza a 654 mil hect\u00e1reas. AFP<\/figcaption><\/figure>\n<\/div>\n<h4>Sube presi\u00f3n internacional por tragedia medioambiental<\/h4>\n<p>Los incendios en la Amazon\u00eda cobraron resonancia internacional, con llamados de la Organizaci\u00f3n de las Naciones Unidas (ONU) y de l\u00edderes mundiales para \u201cproteger\u201d el pulm\u00f3n del planeta y con convocatorias a manifestaciones en varios pa\u00edses contra el presidente de Brasil, Jair Bolsonaro.<\/p>\n<p>\u201cEstoy profundamente preocupado por los incendios en la Amazon\u00eda. En medio de la crisis clim\u00e1tica mundial, no podemos permitirnos m\u00e1s da\u00f1o a una gran fuente de ox\u00edgeno y biodiversidad. La Amazonia debe ser protegida\u201d, se\u00f1al\u00f3 el secretario general de la ONU, Antonio Guterres.<\/p>\n<p>El presidente franc\u00e9s Emmanuel Macron afirm\u00f3 que el mundo estaba confrontado a una \u201ccrisis internacional\u201d y <strong>cit\u00f3 a los miembros del G7 de las principales econom\u00edas mundiales para \u201chablar de esta urgencia\u201d que golpea la cuenca del Amazonas,<\/strong> que representa 60% del territorio brasile\u00f1o.<\/p>\n<p><strong>Per\u00fa decret\u00f3 el alerta,<\/strong> ante la probabilidad de que se propague un incendio que desde hace m\u00e1s de dos semanas consume la selva de su vecino.<\/p>\n<p>El viernes, grupos ambientalistas llamaron a protestas en todo el mundo por el cuidado de la selva. El movimiento de la joven sueca Greta Thunberg, promotora de un movimiento mundial de lucha contra el cambio clim\u00e1tico, llam\u00f3 a concentraciones frente a embajadas y consulados de Brasil.<\/p>\n<p>La causa moviliz\u00f3 a figuras del espect\u00e1culo y el deporte, como Madonna, el actor Mark Hamill o el futbolista Cristiano Ronaldo.<\/p>\n<\/div>\n<\/div>\n","protected":false},"excerpt":{"rendered":"<p>Brasil, sin fondos para combatir los incendios en el Amazonas Por Carolina Alonso Romei Internacionalista&#8230;<\/p>\n","protected":false},"author":2,"featured_media":36084,"comment_status":"open","ping_status":"open","sticky":false,"template":"","format":"standard","meta":{"_monsterinsights_skip_tracking":false,"_monsterinsights_sitenote_active":false,"_monsterinsights_sitenote_note":"","_monsterinsights_sitenote_category":0,"footnotes":""},"categories":[1],"tags":[],"class_list":["post-36082","post","type-post","status-publish","format-standard","has-post-thumbnail","hentry","category-sin-categoria"],"yoast_head":"<!-- This site is optimized with the Yoast SEO plugin v27.3 - https:\/\/yoast.com\/product\/yoast-seo-wordpress\/ -->\n<title>Internacionales\/\/\/Carolina Alonso Romei\/\/\/Brasil, sin fondos para combatir los incendios en el Amazonas -<\/title>\n<meta name=\"robots\" content=\"index, follow, max-snippet:-1, max-image-preview:large, max-video-preview:-1\" \/>\n<link rel=\"canonical\" href=\"https:\/\/quehacerpolitico.mx\/?p=36082\" \/>\n<meta property=\"og:locale\" content=\"es_MX\" \/>\n<meta property=\"og:type\" content=\"article\" \/>\n<meta property=\"og:title\" content=\"Internacionales\/\/\/Carolina Alonso Romei\/\/\/Brasil, sin fondos para combatir los incendios en el Amazonas -\" \/>\n<meta property=\"og:description\" content=\"Brasil, sin fondos para combatir los incendios en el Amazonas Por Carolina Alonso Romei Internacionalista...\" \/>\n<meta property=\"og:url\" content=\"https:\/\/quehacerpolitico.mx\/?p=36082\" \/>\n<meta property=\"article:published_time\" content=\"2019-08-23T14:04:34+00:00\" \/>\n<meta name=\"author\" content=\"Redacci\u00f3n QP\" \/>\n<meta name=\"twitter:card\" content=\"summary_large_image\" \/>\n<meta name=\"twitter:label1\" content=\"Escrito por\" \/>\n\t<meta name=\"twitter:data1\" content=\"Redacci\u00f3n QP\" \/>\n\t<meta name=\"twitter:label2\" content=\"Tiempo de lectura\" \/>\n\t<meta name=\"twitter:data2\" content=\"4 minutos\" \/>\n<script type=\"application\/ld+json\" class=\"yoast-schema-graph\">{\"@context\":\"https:\\\/\\\/schema.org\",\"@graph\":[{\"@type\":\"Article\",\"@id\":\"https:\\\/\\\/quehacerpolitico.mx\\\/?p=36082#article\",\"isPartOf\":{\"@id\":\"https:\\\/\\\/quehacerpolitico.mx\\\/?p=36082\"},\"author\":{\"name\":\"Redacci\u00f3n QP\",\"@id\":\"https:\\\/\\\/quehacerpolitico.mx\\\/#\\\/schema\\\/person\\\/496d8ad2d1d3f8036101dca7ee39e585\"},\"headline\":\"Internacionales\\\/\\\/\\\/Carolina Alonso Romei\\\/\\\/\\\/Brasil, sin fondos para combatir los incendios en el Amazonas\",\"datePublished\":\"2019-08-23T14:04:34+00:00\",\"mainEntityOfPage\":{\"@id\":\"https:\\\/\\\/quehacerpolitico.mx\\\/?p=36082\"},\"wordCount\":769,\"commentCount\":0,\"image\":{\"@id\":\"https:\\\/\\\/quehacerpolitico.mx\\\/?p=36082#primaryimage\"},\"thumbnailUrl\":\"\",\"articleSection\":[\"Internacionales\"],\"inLanguage\":\"es\",\"potentialAction\":[{\"@type\":\"CommentAction\",\"name\":\"Comment\",\"target\":[\"https:\\\/\\\/quehacerpolitico.mx\\\/?p=36082#respond\"]}]},{\"@type\":\"WebPage\",\"@id\":\"https:\\\/\\\/quehacerpolitico.mx\\\/?p=36082\",\"url\":\"https:\\\/\\\/quehacerpolitico.mx\\\/?p=36082\",\"name\":\"Internacionales\\\/\\\/\\\/Carolina Alonso Romei\\\/\\\/\\\/Brasil, sin fondos para combatir los incendios en el Amazonas -\",\"isPartOf\":{\"@id\":\"https:\\\/\\\/quehacerpolitico.mx\\\/#website\"},\"primaryImageOfPage\":{\"@id\":\"https:\\\/\\\/quehacerpolitico.mx\\\/?p=36082#primaryimage\"},\"image\":{\"@id\":\"https:\\\/\\\/quehacerpolitico.mx\\\/?p=36082#primaryimage\"},\"thumbnailUrl\":\"\",\"datePublished\":\"2019-08-23T14:04:34+00:00\",\"author\":{\"@id\":\"https:\\\/\\\/quehacerpolitico.mx\\\/#\\\/schema\\\/person\\\/496d8ad2d1d3f8036101dca7ee39e585\"},\"breadcrumb\":{\"@id\":\"https:\\\/\\\/quehacerpolitico.mx\\\/?p=36082#breadcrumb\"},\"inLanguage\":\"es\",\"potentialAction\":[{\"@type\":\"ReadAction\",\"target\":[\"https:\\\/\\\/quehacerpolitico.mx\\\/?p=36082\"]}]},{\"@type\":\"ImageObject\",\"inLanguage\":\"es\",\"@id\":\"https:\\\/\\\/quehacerpolitico.mx\\\/?p=36082#primaryimage\",\"url\":\"\",\"contentUrl\":\"\"},{\"@type\":\"BreadcrumbList\",\"@id\":\"https:\\\/\\\/quehacerpolitico.mx\\\/?p=36082#breadcrumb\",\"itemListElement\":[{\"@type\":\"ListItem\",\"position\":1,\"name\":\"Inicio\",\"item\":\"https:\\\/\\\/quehacerpolitico.mx\\\/\"},{\"@type\":\"ListItem\",\"position\":2,\"name\":\"Internacionales\\\/\\\/\\\/Carolina Alonso Romei\\\/\\\/\\\/Brasil, sin fondos para combatir los incendios en el Amazonas\"}]},{\"@type\":\"WebSite\",\"@id\":\"https:\\\/\\\/quehacerpolitico.mx\\\/#website\",\"url\":\"https:\\\/\\\/quehacerpolitico.mx\\\/\",\"name\":\"\",\"description\":\"\",\"potentialAction\":[{\"@type\":\"SearchAction\",\"target\":{\"@type\":\"EntryPoint\",\"urlTemplate\":\"https:\\\/\\\/quehacerpolitico.mx\\\/?s={search_term_string}\"},\"query-input\":{\"@type\":\"PropertyValueSpecification\",\"valueRequired\":true,\"valueName\":\"search_term_string\"}}],\"inLanguage\":\"es\"},{\"@type\":\"Person\",\"@id\":\"https:\\\/\\\/quehacerpolitico.mx\\\/#\\\/schema\\\/person\\\/496d8ad2d1d3f8036101dca7ee39e585\",\"name\":\"Redacci\u00f3n QP\",\"image\":{\"@type\":\"ImageObject\",\"inLanguage\":\"es\",\"@id\":\"https:\\\/\\\/secure.gravatar.com\\\/avatar\\\/c7164ed6fdec453195284ad24a5ae5b6e1eed2b848477fa2a4787ba9adf39a41?s=96&d=mm&r=g\",\"url\":\"https:\\\/\\\/secure.gravatar.com\\\/avatar\\\/c7164ed6fdec453195284ad24a5ae5b6e1eed2b848477fa2a4787ba9adf39a41?s=96&d=mm&r=g\",\"contentUrl\":\"https:\\\/\\\/secure.gravatar.com\\\/avatar\\\/c7164ed6fdec453195284ad24a5ae5b6e1eed2b848477fa2a4787ba9adf39a41?s=96&d=mm&r=g\",\"caption\":\"Redacci\u00f3n QP\"},\"url\":\"https:\\\/\\\/quehacerpolitico.mx\\\/?author=2\"}]}<\/script>\n<!-- \/ Yoast SEO plugin. -->","yoast_head_json":{"title":"Internacionales\/\/\/Carolina Alonso Romei\/\/\/Brasil, sin fondos para combatir los incendios en el Amazonas -","robots":{"index":"index","follow":"follow","max-snippet":"max-snippet:-1","max-image-preview":"max-image-preview:large","max-video-preview":"max-video-preview:-1"},"canonical":"https:\/\/quehacerpolitico.mx\/?p=36082","og_locale":"es_MX","og_type":"article","og_title":"Internacionales\/\/\/Carolina Alonso Romei\/\/\/Brasil, sin fondos para combatir los incendios en el Amazonas -","og_description":"Brasil, sin fondos para combatir los incendios en el Amazonas Por Carolina Alonso Romei Internacionalista...","og_url":"https:\/\/quehacerpolitico.mx\/?p=36082","article_published_time":"2019-08-23T14:04:34+00:00","author":"Redacci\u00f3n QP","twitter_card":"summary_large_image","twitter_misc":{"Escrito por":"Redacci\u00f3n QP","Tiempo de lectura":"4 minutos"},"schema":{"@context":"https:\/\/schema.org","@graph":[{"@type":"Article","@id":"https:\/\/quehacerpolitico.mx\/?p=36082#article","isPartOf":{"@id":"https:\/\/quehacerpolitico.mx\/?p=36082"},"author":{"name":"Redacci\u00f3n QP","@id":"https:\/\/quehacerpolitico.mx\/#\/schema\/person\/496d8ad2d1d3f8036101dca7ee39e585"},"headline":"Internacionales\/\/\/Carolina Alonso Romei\/\/\/Brasil, sin fondos para combatir los incendios en el Amazonas","datePublished":"2019-08-23T14:04:34+00:00","mainEntityOfPage":{"@id":"https:\/\/quehacerpolitico.mx\/?p=36082"},"wordCount":769,"commentCount":0,"image":{"@id":"https:\/\/quehacerpolitico.mx\/?p=36082#primaryimage"},"thumbnailUrl":"","articleSection":["Internacionales"],"inLanguage":"es","potentialAction":[{"@type":"CommentAction","name":"Comment","target":["https:\/\/quehacerpolitico.mx\/?p=36082#respond"]}]},{"@type":"WebPage","@id":"https:\/\/quehacerpolitico.mx\/?p=36082","url":"https:\/\/quehacerpolitico.mx\/?p=36082","name":"Internacionales\/\/\/Carolina Alonso Romei\/\/\/Brasil, sin fondos para combatir los incendios en el Amazonas -","isPartOf":{"@id":"https:\/\/quehacerpolitico.mx\/#website"},"primaryImageOfPage":{"@id":"https:\/\/quehacerpolitico.mx\/?p=36082#primaryimage"},"image":{"@id":"https:\/\/quehacerpolitico.mx\/?p=36082#primaryimage"},"thumbnailUrl":"","datePublished":"2019-08-23T14:04:34+00:00","author":{"@id":"https:\/\/quehacerpolitico.mx\/#\/schema\/person\/496d8ad2d1d3f8036101dca7ee39e585"},"breadcrumb":{"@id":"https:\/\/quehacerpolitico.mx\/?p=36082#breadcrumb"},"inLanguage":"es","potentialAction":[{"@type":"ReadAction","target":["https:\/\/quehacerpolitico.mx\/?p=36082"]}]},{"@type":"ImageObject","inLanguage":"es","@id":"https:\/\/quehacerpolitico.mx\/?p=36082#primaryimage","url":"","contentUrl":""},{"@type":"BreadcrumbList","@id":"https:\/\/quehacerpolitico.mx\/?p=36082#breadcrumb","itemListElement":[{"@type":"ListItem","position":1,"name":"Inicio","item":"https:\/\/quehacerpolitico.mx\/"},{"@type":"ListItem","position":2,"name":"Internacionales\/\/\/Carolina Alonso Romei\/\/\/Brasil, sin fondos para combatir los incendios en el Amazonas"}]},{"@type":"WebSite","@id":"https:\/\/quehacerpolitico.mx\/#website","url":"https:\/\/quehacerpolitico.mx\/","name":"","description":"","potentialAction":[{"@type":"SearchAction","target":{"@type":"EntryPoint","urlTemplate":"https:\/\/quehacerpolitico.mx\/?s={search_term_string}"},"query-input":{"@type":"PropertyValueSpecification","valueRequired":true,"valueName":"search_term_string"}}],"inLanguage":"es"},{"@type":"Person","@id":"https:\/\/quehacerpolitico.mx\/#\/schema\/person\/496d8ad2d1d3f8036101dca7ee39e585","name":"Redacci\u00f3n QP","image":{"@type":"ImageObject","inLanguage":"es","@id":"https:\/\/secure.gravatar.com\/avatar\/c7164ed6fdec453195284ad24a5ae5b6e1eed2b848477fa2a4787ba9adf39a41?s=96&d=mm&r=g","url":"https:\/\/secure.gravatar.com\/avatar\/c7164ed6fdec453195284ad24a5ae5b6e1eed2b848477fa2a4787ba9adf39a41?s=96&d=mm&r=g","contentUrl":"https:\/\/secure.gravatar.com\/avatar\/c7164ed6fdec453195284ad24a5ae5b6e1eed2b848477fa2a4787ba9adf39a41?s=96&d=mm&r=g","caption":"Redacci\u00f3n QP"},"url":"https:\/\/quehacerpolitico.mx\/?author=2"}]}},"featured_image_urls":{"full":"","thumbnail":"","medium":"","medium_large":"","large":"","1536x1536":"","2048x2048":"","covernews-featured":"","covernews-medium":""},"author_info":{"display_name":"Redacci\u00f3n QP","author_link":"https:\/\/quehacerpolitico.mx\/?author=2"},"category_info":"<a href=\"https:\/\/quehacerpolitico.mx\/?cat=1\" rel=\"category\">Internacionales<\/a>","tag_info":"Internacionales","comment_count":"0","_links":{"self":[{"href":"https:\/\/quehacerpolitico.mx\/index.php?rest_route=\/wp\/v2\/posts\/36082","targetHints":{"allow":["GET"]}}],"collection":[{"href":"https:\/\/quehacerpolitico.mx\/index.php?rest_route=\/wp\/v2\/posts"}],"about":[{"href":"https:\/\/quehacerpolitico.mx\/index.php?rest_route=\/wp\/v2\/types\/post"}],"author":[{"embeddable":true,"href":"https:\/\/quehacerpolitico.mx\/index.php?rest_route=\/wp\/v2\/users\/2"}],"replies":[{"embeddable":true,"href":"https:\/\/quehacerpolitico.mx\/index.php?rest_route=%2Fwp%2Fv2%2Fcomments&post=36082"}],"version-history":[{"count":0,"href":"https:\/\/quehacerpolitico.mx\/index.php?rest_route=\/wp\/v2\/posts\/36082\/revisions"}],"wp:featuredmedia":[{"embeddable":true,"href":"https:\/\/quehacerpolitico.mx\/index.php?rest_route=\/"}],"wp:attachment":[{"href":"https:\/\/quehacerpolitico.mx\/index.php?rest_route=%2Fwp%2Fv2%2Fmedia&parent=36082"}],"wp:term":[{"taxonomy":"category","embeddable":true,"href":"https:\/\/quehacerpolitico.mx\/index.php?rest_route=%2Fwp%2Fv2%2Fcategories&post=36082"},{"taxonomy":"post_tag","embeddable":true,"href":"https:\/\/quehacerpolitico.mx\/index.php?rest_route=%2Fwp%2Fv2%2Ftags&post=36082"}],"curies":[{"name":"wp","href":"https:\/\/api.w.org\/{rel}","templated":true}]}}