{"id":36054,"date":"2019-08-23T03:15:23","date_gmt":"2019-08-23T03:15:23","guid":{"rendered":"http:\/\/quehacerpolitico.mx\/?p=36054"},"modified":"2019-08-23T03:15:23","modified_gmt":"2019-08-23T03:15:23","slug":"huachicol-en-iztacalco","status":"publish","type":"post","link":"https:\/\/quehacerpolitico.mx\/?p=36054","title":{"rendered":"Huachicol en Iztacalco"},"content":{"rendered":"<p>Huachicol en Iztacalco<\/p>\n<p>Por Redacci\u00f3n QP<\/p>\n<p>Versiones preliminares indican que una mujer de la tercera edad report\u00f3 un fuerte olor a gasolina en el 364 de la avenida A\u00f1il, colonia Granjas M\u00e9xico<\/p>\n<p>La tarde de este jueves, elementos de la <strong>Secretar\u00eda de Seguridad Ciudadana<\/strong> (<strong>SSC<\/strong>) y de <strong>Protecci\u00f3n Civil<\/strong> encontraron una toma clandestina de hidrocarburo en la alcald\u00eda <strong>Iztacalco<\/strong>.<\/p>\n<p>A trav\u00e9s de su cuenta de Twitter, la alcald\u00eda indic\u00f3 que, <strong>Armando Quintero Mart\u00ednez<\/strong>, titular de la demarcaci\u00f3n y personal de Protecci\u00f3n Civil acudieron al n\u00famero 364 de la calle de A\u00f1il tras recibir el reporte de un fuerte olor a combustible.<\/p>\n<blockquote class=\"twitter-tweet\" data-width=\"550\" data-dnt=\"true\">\n<p lang=\"es\" dir=\"ltr\">Esta tarde acude el Alcalde <a href=\"https:\/\/twitter.com\/QuinteroxIztac?ref_src=twsrc%5Etfw\">@QuinteroxIztac<\/a>  a emergencia reportada a la Base de Protecci\u00f3n Civil de la Alcald\u00eda <a href=\"https:\/\/twitter.com\/hashtag\/Iztacalco?src=hash&amp;ref_src=twsrc%5Etfw\">#Iztacalco<\/a> en Calle A\u00f1il  364 en la que se descubri\u00f3 una toma clandestina de combustible. En este momento se coordinan acciones con <a href=\"https:\/\/twitter.com\/SGIRPC_CDMX?ref_src=twsrc%5Etfw\">@SGIRPC_CDMX<\/a>, <a href=\"https:\/\/twitter.com\/UCS_GCDMX?ref_src=twsrc%5Etfw\">@UCS_GCDMX<\/a>  y la <a href=\"https:\/\/twitter.com\/hashtag\/GN?src=hash&amp;ref_src=twsrc%5Etfw\">#GN<\/a>. <a href=\"https:\/\/t.co\/mP2ZPU7bIi\">pic.twitter.com\/mP2ZPU7bIi<\/a><\/p>\n<p>&mdash; Alcald\u00eda Iztacalco (@IztacalcoAl) <a href=\"https:\/\/twitter.com\/IztacalcoAl\/status\/1164642008427745285?ref_src=twsrc%5Etfw\">August 22, 2019<\/a><\/p><\/blockquote>\n<p><script async src=\"https:\/\/platform.twitter.com\/widgets.js\" charset=\"utf-8\"><\/script><\/p>\n<p>El hecho ocurri\u00f3 alrededor de las 3:00 de la tarde del jueves, y de inmediato, la zona fue resguardada por elementos de la Secretar\u00eda de Seguridad Ciudadana y la Guardia Nacional.<\/p>\n<blockquote class=\"twitter-tweet\" data-width=\"550\" data-dnt=\"true\">\n<p lang=\"es\" dir=\"ltr\">\u26fd\ud83d\udd34 Hallan toma clandestina en <a href=\"https:\/\/twitter.com\/IztacalcoAl?ref_src=twsrc%5Etfw\">@IztacalcoAl<\/a><br \/>Vecinos reportaron un fuerte olor a combustible, autoridades llegaron y realizaron el hallazgo.<\/p>\n<p>M\u00e1s informaci\u00f3n en <a href=\"https:\/\/t.co\/kA4xK84nCH\">https:\/\/t.co\/kA4xK84nCH<\/a> <a href=\"https:\/\/t.co\/l6k8mUh9KA\">pic.twitter.com\/l6k8mUh9KA<\/a><\/p>\n<p>&mdash; @telediario (@telediario) <a href=\"https:\/\/twitter.com\/telediario\/status\/1164707387577528323?ref_src=twsrc%5Etfw\">August 23, 2019<\/a><\/p><\/blockquote>\n<p><script async src=\"https:\/\/platform.twitter.com\/widgets.js\" charset=\"utf-8\"><\/script><\/p>\n<p>En el predio ubicado cerca de una zona de distribuci\u00f3n de <strong>Petr\u00f3leos Mexicanos (Pemex)<\/strong> se hallaron bidones con combustible, una manguera y un t\u00fanel con una escalera.<\/p>\n<p>https:\/\/twitter.com\/mreldiablo8\/status\/1164625047786524672?s=21<\/p>\n<p>https:\/\/twitter.com\/mreldiablo8\/status\/1164647536789020685?s=21<\/p>\n<p>Casi cuatro horas despu\u00e9s, la situaci\u00f3n fue controlada y las autoridades correspondientes ya investigan el origen de esa toma clandestina, as\u00ed como la identidad y paradero de los probables responsables.<\/p>\n","protected":false},"excerpt":{"rendered":"<p>Huachicol en Iztacalco Por Redacci\u00f3n QP Versiones preliminares indican que una mujer de la tercera&#8230;<\/p>\n","protected":false},"author":2,"featured_media":36059,"comment_status":"open","ping_status":"open","sticky":false,"template":"","format":"standard","meta":{"_monsterinsights_skip_tracking":false,"_monsterinsights_sitenote_active":false,"_monsterinsights_sitenote_note":"","_monsterinsights_sitenote_category":0,"footnotes":""},"categories":[55],"tags":[],"class_list":["post-36054","post","type-post","status-publish","format-standard","has-post-thumbnail","hentry","category-cdmx"],"yoast_head":"<!-- This site is optimized with the Yoast SEO plugin v27.3 - https:\/\/yoast.com\/product\/yoast-seo-wordpress\/ -->\n<title>Huachicol en Iztacalco -<\/title>\n<meta name=\"robots\" content=\"index, follow, max-snippet:-1, max-image-preview:large, max-video-preview:-1\" \/>\n<link rel=\"canonical\" href=\"https:\/\/quehacerpolitico.mx\/?p=36054\" \/>\n<meta property=\"og:locale\" content=\"es_MX\" \/>\n<meta property=\"og:type\" content=\"article\" \/>\n<meta property=\"og:title\" content=\"Huachicol en Iztacalco -\" \/>\n<meta property=\"og:description\" content=\"Huachicol en Iztacalco Por Redacci\u00f3n QP Versiones preliminares indican que una mujer de la tercera...\" \/>\n<meta property=\"og:url\" content=\"https:\/\/quehacerpolitico.mx\/?p=36054\" \/>\n<meta property=\"article:published_time\" content=\"2019-08-23T03:15:23+00:00\" \/>\n<meta name=\"author\" content=\"Redacci\u00f3n QP\" \/>\n<meta name=\"twitter:card\" content=\"summary_large_image\" \/>\n<meta name=\"twitter:label1\" content=\"Escrito por\" \/>\n\t<meta name=\"twitter:data1\" content=\"Redacci\u00f3n QP\" \/>\n\t<meta name=\"twitter:label2\" content=\"Tiempo de lectura\" \/>\n\t<meta name=\"twitter:data2\" content=\"1 minuto\" \/>\n<script type=\"application\/ld+json\" class=\"yoast-schema-graph\">{\"@context\":\"https:\\\/\\\/schema.org\",\"@graph\":[{\"@type\":\"Article\",\"@id\":\"https:\\\/\\\/quehacerpolitico.mx\\\/?p=36054#article\",\"isPartOf\":{\"@id\":\"https:\\\/\\\/quehacerpolitico.mx\\\/?p=36054\"},\"author\":{\"name\":\"Redacci\u00f3n QP\",\"@id\":\"https:\\\/\\\/quehacerpolitico.mx\\\/#\\\/schema\\\/person\\\/496d8ad2d1d3f8036101dca7ee39e585\"},\"headline\":\"Huachicol en Iztacalco\",\"datePublished\":\"2019-08-23T03:15:23+00:00\",\"mainEntityOfPage\":{\"@id\":\"https:\\\/\\\/quehacerpolitico.mx\\\/?p=36054\"},\"wordCount\":232,\"commentCount\":0,\"image\":{\"@id\":\"https:\\\/\\\/quehacerpolitico.mx\\\/?p=36054#primaryimage\"},\"thumbnailUrl\":\"\",\"articleSection\":[\"CDMX\"],\"inLanguage\":\"es\",\"potentialAction\":[{\"@type\":\"CommentAction\",\"name\":\"Comment\",\"target\":[\"https:\\\/\\\/quehacerpolitico.mx\\\/?p=36054#respond\"]}]},{\"@type\":\"WebPage\",\"@id\":\"https:\\\/\\\/quehacerpolitico.mx\\\/?p=36054\",\"url\":\"https:\\\/\\\/quehacerpolitico.mx\\\/?p=36054\",\"name\":\"Huachicol en Iztacalco -\",\"isPartOf\":{\"@id\":\"https:\\\/\\\/quehacerpolitico.mx\\\/#website\"},\"primaryImageOfPage\":{\"@id\":\"https:\\\/\\\/quehacerpolitico.mx\\\/?p=36054#primaryimage\"},\"image\":{\"@id\":\"https:\\\/\\\/quehacerpolitico.mx\\\/?p=36054#primaryimage\"},\"thumbnailUrl\":\"\",\"datePublished\":\"2019-08-23T03:15:23+00:00\",\"author\":{\"@id\":\"https:\\\/\\\/quehacerpolitico.mx\\\/#\\\/schema\\\/person\\\/496d8ad2d1d3f8036101dca7ee39e585\"},\"breadcrumb\":{\"@id\":\"https:\\\/\\\/quehacerpolitico.mx\\\/?p=36054#breadcrumb\"},\"inLanguage\":\"es\",\"potentialAction\":[{\"@type\":\"ReadAction\",\"target\":[\"https:\\\/\\\/quehacerpolitico.mx\\\/?p=36054\"]}]},{\"@type\":\"ImageObject\",\"inLanguage\":\"es\",\"@id\":\"https:\\\/\\\/quehacerpolitico.mx\\\/?p=36054#primaryimage\",\"url\":\"\",\"contentUrl\":\"\"},{\"@type\":\"BreadcrumbList\",\"@id\":\"https:\\\/\\\/quehacerpolitico.mx\\\/?p=36054#breadcrumb\",\"itemListElement\":[{\"@type\":\"ListItem\",\"position\":1,\"name\":\"Inicio\",\"item\":\"https:\\\/\\\/quehacerpolitico.mx\\\/\"},{\"@type\":\"ListItem\",\"position\":2,\"name\":\"Huachicol en Iztacalco\"}]},{\"@type\":\"WebSite\",\"@id\":\"https:\\\/\\\/quehacerpolitico.mx\\\/#website\",\"url\":\"https:\\\/\\\/quehacerpolitico.mx\\\/\",\"name\":\"\",\"description\":\"\",\"potentialAction\":[{\"@type\":\"SearchAction\",\"target\":{\"@type\":\"EntryPoint\",\"urlTemplate\":\"https:\\\/\\\/quehacerpolitico.mx\\\/?s={search_term_string}\"},\"query-input\":{\"@type\":\"PropertyValueSpecification\",\"valueRequired\":true,\"valueName\":\"search_term_string\"}}],\"inLanguage\":\"es\"},{\"@type\":\"Person\",\"@id\":\"https:\\\/\\\/quehacerpolitico.mx\\\/#\\\/schema\\\/person\\\/496d8ad2d1d3f8036101dca7ee39e585\",\"name\":\"Redacci\u00f3n QP\",\"image\":{\"@type\":\"ImageObject\",\"inLanguage\":\"es\",\"@id\":\"https:\\\/\\\/secure.gravatar.com\\\/avatar\\\/c7164ed6fdec453195284ad24a5ae5b6e1eed2b848477fa2a4787ba9adf39a41?s=96&d=mm&r=g\",\"url\":\"https:\\\/\\\/secure.gravatar.com\\\/avatar\\\/c7164ed6fdec453195284ad24a5ae5b6e1eed2b848477fa2a4787ba9adf39a41?s=96&d=mm&r=g\",\"contentUrl\":\"https:\\\/\\\/secure.gravatar.com\\\/avatar\\\/c7164ed6fdec453195284ad24a5ae5b6e1eed2b848477fa2a4787ba9adf39a41?s=96&d=mm&r=g\",\"caption\":\"Redacci\u00f3n QP\"},\"url\":\"https:\\\/\\\/quehacerpolitico.mx\\\/?author=2\"}]}<\/script>\n<!-- \/ Yoast SEO plugin. -->","yoast_head_json":{"title":"Huachicol en Iztacalco -","robots":{"index":"index","follow":"follow","max-snippet":"max-snippet:-1","max-image-preview":"max-image-preview:large","max-video-preview":"max-video-preview:-1"},"canonical":"https:\/\/quehacerpolitico.mx\/?p=36054","og_locale":"es_MX","og_type":"article","og_title":"Huachicol en Iztacalco -","og_description":"Huachicol en Iztacalco Por Redacci\u00f3n QP Versiones preliminares indican que una mujer de la tercera...","og_url":"https:\/\/quehacerpolitico.mx\/?p=36054","article_published_time":"2019-08-23T03:15:23+00:00","author":"Redacci\u00f3n QP","twitter_card":"summary_large_image","twitter_misc":{"Escrito por":"Redacci\u00f3n QP","Tiempo de lectura":"1 minuto"},"schema":{"@context":"https:\/\/schema.org","@graph":[{"@type":"Article","@id":"https:\/\/quehacerpolitico.mx\/?p=36054#article","isPartOf":{"@id":"https:\/\/quehacerpolitico.mx\/?p=36054"},"author":{"name":"Redacci\u00f3n QP","@id":"https:\/\/quehacerpolitico.mx\/#\/schema\/person\/496d8ad2d1d3f8036101dca7ee39e585"},"headline":"Huachicol en Iztacalco","datePublished":"2019-08-23T03:15:23+00:00","mainEntityOfPage":{"@id":"https:\/\/quehacerpolitico.mx\/?p=36054"},"wordCount":232,"commentCount":0,"image":{"@id":"https:\/\/quehacerpolitico.mx\/?p=36054#primaryimage"},"thumbnailUrl":"","articleSection":["CDMX"],"inLanguage":"es","potentialAction":[{"@type":"CommentAction","name":"Comment","target":["https:\/\/quehacerpolitico.mx\/?p=36054#respond"]}]},{"@type":"WebPage","@id":"https:\/\/quehacerpolitico.mx\/?p=36054","url":"https:\/\/quehacerpolitico.mx\/?p=36054","name":"Huachicol en Iztacalco -","isPartOf":{"@id":"https:\/\/quehacerpolitico.mx\/#website"},"primaryImageOfPage":{"@id":"https:\/\/quehacerpolitico.mx\/?p=36054#primaryimage"},"image":{"@id":"https:\/\/quehacerpolitico.mx\/?p=36054#primaryimage"},"thumbnailUrl":"","datePublished":"2019-08-23T03:15:23+00:00","author":{"@id":"https:\/\/quehacerpolitico.mx\/#\/schema\/person\/496d8ad2d1d3f8036101dca7ee39e585"},"breadcrumb":{"@id":"https:\/\/quehacerpolitico.mx\/?p=36054#breadcrumb"},"inLanguage":"es","potentialAction":[{"@type":"ReadAction","target":["https:\/\/quehacerpolitico.mx\/?p=36054"]}]},{"@type":"ImageObject","inLanguage":"es","@id":"https:\/\/quehacerpolitico.mx\/?p=36054#primaryimage","url":"","contentUrl":""},{"@type":"BreadcrumbList","@id":"https:\/\/quehacerpolitico.mx\/?p=36054#breadcrumb","itemListElement":[{"@type":"ListItem","position":1,"name":"Inicio","item":"https:\/\/quehacerpolitico.mx\/"},{"@type":"ListItem","position":2,"name":"Huachicol en Iztacalco"}]},{"@type":"WebSite","@id":"https:\/\/quehacerpolitico.mx\/#website","url":"https:\/\/quehacerpolitico.mx\/","name":"","description":"","potentialAction":[{"@type":"SearchAction","target":{"@type":"EntryPoint","urlTemplate":"https:\/\/quehacerpolitico.mx\/?s={search_term_string}"},"query-input":{"@type":"PropertyValueSpecification","valueRequired":true,"valueName":"search_term_string"}}],"inLanguage":"es"},{"@type":"Person","@id":"https:\/\/quehacerpolitico.mx\/#\/schema\/person\/496d8ad2d1d3f8036101dca7ee39e585","name":"Redacci\u00f3n QP","image":{"@type":"ImageObject","inLanguage":"es","@id":"https:\/\/secure.gravatar.com\/avatar\/c7164ed6fdec453195284ad24a5ae5b6e1eed2b848477fa2a4787ba9adf39a41?s=96&d=mm&r=g","url":"https:\/\/secure.gravatar.com\/avatar\/c7164ed6fdec453195284ad24a5ae5b6e1eed2b848477fa2a4787ba9adf39a41?s=96&d=mm&r=g","contentUrl":"https:\/\/secure.gravatar.com\/avatar\/c7164ed6fdec453195284ad24a5ae5b6e1eed2b848477fa2a4787ba9adf39a41?s=96&d=mm&r=g","caption":"Redacci\u00f3n QP"},"url":"https:\/\/quehacerpolitico.mx\/?author=2"}]}},"featured_image_urls":{"full":"","thumbnail":"","medium":"","medium_large":"","large":"","1536x1536":"","2048x2048":"","covernews-featured":"","covernews-medium":""},"author_info":{"display_name":"Redacci\u00f3n QP","author_link":"https:\/\/quehacerpolitico.mx\/?author=2"},"category_info":"<a href=\"https:\/\/quehacerpolitico.mx\/?cat=55\" rel=\"category\">CDMX<\/a>","tag_info":"CDMX","comment_count":"0","_links":{"self":[{"href":"https:\/\/quehacerpolitico.mx\/index.php?rest_route=\/wp\/v2\/posts\/36054","targetHints":{"allow":["GET"]}}],"collection":[{"href":"https:\/\/quehacerpolitico.mx\/index.php?rest_route=\/wp\/v2\/posts"}],"about":[{"href":"https:\/\/quehacerpolitico.mx\/index.php?rest_route=\/wp\/v2\/types\/post"}],"author":[{"embeddable":true,"href":"https:\/\/quehacerpolitico.mx\/index.php?rest_route=\/wp\/v2\/users\/2"}],"replies":[{"embeddable":true,"href":"https:\/\/quehacerpolitico.mx\/index.php?rest_route=%2Fwp%2Fv2%2Fcomments&post=36054"}],"version-history":[{"count":0,"href":"https:\/\/quehacerpolitico.mx\/index.php?rest_route=\/wp\/v2\/posts\/36054\/revisions"}],"wp:featuredmedia":[{"embeddable":true,"href":"https:\/\/quehacerpolitico.mx\/index.php?rest_route=\/"}],"wp:attachment":[{"href":"https:\/\/quehacerpolitico.mx\/index.php?rest_route=%2Fwp%2Fv2%2Fmedia&parent=36054"}],"wp:term":[{"taxonomy":"category","embeddable":true,"href":"https:\/\/quehacerpolitico.mx\/index.php?rest_route=%2Fwp%2Fv2%2Fcategories&post=36054"},{"taxonomy":"post_tag","embeddable":true,"href":"https:\/\/quehacerpolitico.mx\/index.php?rest_route=%2Fwp%2Fv2%2Ftags&post=36054"}],"curies":[{"name":"wp","href":"https:\/\/api.w.org\/{rel}","templated":true}]}}