{"id":36019,"date":"2019-08-23T01:14:38","date_gmt":"2019-08-23T01:14:38","guid":{"rendered":"http:\/\/quehacerpolitico.mx\/?p=36019"},"modified":"2019-08-23T01:14:38","modified_gmt":"2019-08-23T01:14:38","slug":"desde-el-curul-exhorta-morena-a-crear-reglamento-de-la-ley-de-victimas-de-la-ciudad-de-mexico","status":"publish","type":"post","link":"https:\/\/quehacerpolitico.mx\/?p=36019","title":{"rendered":"Desde el Curul\/\/\/Exhorta morena a crear reglamento de la Ley de V\u00edctimas de la Ciudad de M\u00e9xico"},"content":{"rendered":"<p>Exhorta morena a crear reglamento de la Ley de V\u00edctimas de la Ciudad de M\u00e9xico<\/p>\n<p>Por Redacci\u00f3n QP<\/p>\n<p>* Debemos asumir la responsabilidad que la poblaci\u00f3n nos asign\u00f3 al votar por nosotros el 1 de julio de 2018<br \/>\n*La Comisi\u00f3n de V\u00edctimas de la Ciudad M\u00e9xico no cuenta con su respectivo reglamento, limitando al mismo tiempo sus actuaciones y limitando el derecho a las v\u00edctimas de violaciones a sus derechos a la reparaci\u00f3n integral del da\u00f1o<\/p>\n<p>El Vicecoordinador del grupo parlamentario de Morena, Jos\u00e9 Luis Rodr\u00edguez D\u00edaz de Le\u00f3n, propuso exhortar al titular de la Comisi\u00f3n Ejecutiva de Atenci\u00f3n a V\u00edctimas de la Ciudad de M\u00e9xico, Armando Ocampo Zambrano, para que concretara el Estatuto Org\u00e1nico de la Comisi\u00f3n de V\u00edctimas.<\/p>\n<p>El exhorto fue aprobado por el pleno del congreso el d\u00eda de hoy y de igual manera se acord\u00f3 pedir a Armando Ocampo que proponga el proyecto del Reglamento de la Ley de V\u00edctimas de la Ciudad.<\/p>\n<p>De acuerdo con la diputada Leticia Estrada, quien present\u00f3 el punto de acuerdo en representaci\u00f3n de Jos\u00e9 Luis Rodr\u00edguez Diaz de Le\u00f3n, \u201cen los \u00faltimos d\u00edas se ha visibilizado la violencia ejercida hist\u00f3ricamente en contra de las mujeres por razones de g\u00e9nero\u201d.<\/p>\n<p>Por lo tanto, y ante dicha situaci\u00f3n dijo que \u201cno podemos ser omisos, necesitamos trabajar en todos los \u00e1mbitos para regenerar la confianza en las autoridades encargadas de la procuraci\u00f3n e impartici\u00f3n de justicia\u201d.<\/p>\n<p>\u201cLas manifestaciones que se han vivido en la ciudad deben ser tomadas como un recordatorio de los pendientes que tenemos con las personas que han sido v\u00edctimas de violencia y delitos en la capital\u201d coment\u00f3.<\/p>\n<p>Asimismo, record\u00f3 que desde el \u00e1mbito legislativo se debe \u201caportar y sumar esfuerzos para que se tengan todos los instrumentos jur\u00eddicos necesarios que nos permitan estar a la altura de la realidad y las exigencias de la ciudadan\u00eda\u201d.<\/p>\n<p>La Ley de V\u00edctimas de la Ciudad de M\u00e9xico fue publicada el 19 de febrero de 2018 y sent\u00f3 un precedente que dio origen a la Comisi\u00f3n de V\u00edctimas de la Ciudad de M\u00e9xico, la cual est\u00e1 encargada de garantizar la protecci\u00f3n, ayuda, asistencia, atenci\u00f3n, acceso a la justicia, a la verdad y a la reparaci\u00f3n integral a las v\u00edctimas.<\/p>\n<p>No obstante, hasta la fecha no cuenta con un proyecto de ley reglamentaria que d\u00e9 un andamiaje legal adecuado para su correcto fundamento.<\/p>\n<p>Por ello, el Vicecoordinador de Morena consider\u00f3 que es necesario que el titular de la Comisi\u00f3n Ejecutiva de Atenci\u00f3n a V\u00edctimas proponga dicho instrumento normativo tal como lo establece la fracci\u00f3n XVII de la Ley de Victimas para la Ciudad de M\u00e9xico.<\/p>\n","protected":false},"excerpt":{"rendered":"<p>Exhorta morena a crear reglamento de la Ley de V\u00edctimas de la Ciudad de M\u00e9xico&#8230;<\/p>\n","protected":false},"author":2,"featured_media":36020,"comment_status":"open","ping_status":"open","sticky":false,"template":"","format":"standard","meta":{"_monsterinsights_skip_tracking":false,"_monsterinsights_sitenote_active":false,"_monsterinsights_sitenote_note":"","_monsterinsights_sitenote_category":0,"footnotes":""},"categories":[55],"tags":[68,74,26],"class_list":["post-36019","post","type-post","status-publish","format-standard","has-post-thumbnail","hentry","category-cdmx","tag-congreso-cdmx","tag-grupo-parlamentario-morena-cdmx","tag-jose-luis-rodriguez-diaz-de-leon"],"yoast_head":"<!-- This site is optimized with the Yoast SEO plugin v27.3 - https:\/\/yoast.com\/product\/yoast-seo-wordpress\/ -->\n<title>Desde el Curul\/\/\/Exhorta morena a crear reglamento de la Ley de V\u00edctimas de la Ciudad de M\u00e9xico -<\/title>\n<meta name=\"robots\" content=\"index, follow, max-snippet:-1, max-image-preview:large, max-video-preview:-1\" \/>\n<link rel=\"canonical\" href=\"https:\/\/quehacerpolitico.mx\/?p=36019\" \/>\n<meta property=\"og:locale\" content=\"es_MX\" \/>\n<meta property=\"og:type\" content=\"article\" \/>\n<meta property=\"og:title\" content=\"Desde el Curul\/\/\/Exhorta morena a crear reglamento de la Ley de V\u00edctimas de la Ciudad de M\u00e9xico -\" \/>\n<meta property=\"og:description\" content=\"Exhorta morena a crear reglamento de la Ley de V\u00edctimas de la Ciudad de M\u00e9xico...\" \/>\n<meta property=\"og:url\" content=\"https:\/\/quehacerpolitico.mx\/?p=36019\" \/>\n<meta property=\"article:published_time\" content=\"2019-08-23T01:14:38+00:00\" \/>\n<meta name=\"author\" content=\"Redacci\u00f3n QP\" \/>\n<meta name=\"twitter:card\" content=\"summary_large_image\" \/>\n<meta name=\"twitter:label1\" content=\"Escrito por\" \/>\n\t<meta name=\"twitter:data1\" content=\"Redacci\u00f3n QP\" \/>\n\t<meta name=\"twitter:label2\" content=\"Tiempo de lectura\" \/>\n\t<meta name=\"twitter:data2\" content=\"2 minutos\" \/>\n<script type=\"application\/ld+json\" class=\"yoast-schema-graph\">{\"@context\":\"https:\\\/\\\/schema.org\",\"@graph\":[{\"@type\":\"Article\",\"@id\":\"https:\\\/\\\/quehacerpolitico.mx\\\/?p=36019#article\",\"isPartOf\":{\"@id\":\"https:\\\/\\\/quehacerpolitico.mx\\\/?p=36019\"},\"author\":{\"name\":\"Redacci\u00f3n QP\",\"@id\":\"https:\\\/\\\/quehacerpolitico.mx\\\/#\\\/schema\\\/person\\\/496d8ad2d1d3f8036101dca7ee39e585\"},\"headline\":\"Desde el Curul\\\/\\\/\\\/Exhorta morena a crear reglamento de la Ley de V\u00edctimas de la Ciudad de M\u00e9xico\",\"datePublished\":\"2019-08-23T01:14:38+00:00\",\"mainEntityOfPage\":{\"@id\":\"https:\\\/\\\/quehacerpolitico.mx\\\/?p=36019\"},\"wordCount\":494,\"commentCount\":0,\"image\":{\"@id\":\"https:\\\/\\\/quehacerpolitico.mx\\\/?p=36019#primaryimage\"},\"thumbnailUrl\":\"\",\"keywords\":[\"congreso Cdmx\",\"grupo parlamentario morena CDMX\",\"Jose Luis Rodriguez Diaz de Leon\"],\"articleSection\":[\"CDMX\"],\"inLanguage\":\"es\",\"potentialAction\":[{\"@type\":\"CommentAction\",\"name\":\"Comment\",\"target\":[\"https:\\\/\\\/quehacerpolitico.mx\\\/?p=36019#respond\"]}]},{\"@type\":\"WebPage\",\"@id\":\"https:\\\/\\\/quehacerpolitico.mx\\\/?p=36019\",\"url\":\"https:\\\/\\\/quehacerpolitico.mx\\\/?p=36019\",\"name\":\"Desde el Curul\\\/\\\/\\\/Exhorta morena a crear reglamento de la Ley de V\u00edctimas de la Ciudad de M\u00e9xico -\",\"isPartOf\":{\"@id\":\"https:\\\/\\\/quehacerpolitico.mx\\\/#website\"},\"primaryImageOfPage\":{\"@id\":\"https:\\\/\\\/quehacerpolitico.mx\\\/?p=36019#primaryimage\"},\"image\":{\"@id\":\"https:\\\/\\\/quehacerpolitico.mx\\\/?p=36019#primaryimage\"},\"thumbnailUrl\":\"\",\"datePublished\":\"2019-08-23T01:14:38+00:00\",\"author\":{\"@id\":\"https:\\\/\\\/quehacerpolitico.mx\\\/#\\\/schema\\\/person\\\/496d8ad2d1d3f8036101dca7ee39e585\"},\"breadcrumb\":{\"@id\":\"https:\\\/\\\/quehacerpolitico.mx\\\/?p=36019#breadcrumb\"},\"inLanguage\":\"es\",\"potentialAction\":[{\"@type\":\"ReadAction\",\"target\":[\"https:\\\/\\\/quehacerpolitico.mx\\\/?p=36019\"]}]},{\"@type\":\"ImageObject\",\"inLanguage\":\"es\",\"@id\":\"https:\\\/\\\/quehacerpolitico.mx\\\/?p=36019#primaryimage\",\"url\":\"\",\"contentUrl\":\"\"},{\"@type\":\"BreadcrumbList\",\"@id\":\"https:\\\/\\\/quehacerpolitico.mx\\\/?p=36019#breadcrumb\",\"itemListElement\":[{\"@type\":\"ListItem\",\"position\":1,\"name\":\"Inicio\",\"item\":\"https:\\\/\\\/quehacerpolitico.mx\\\/\"},{\"@type\":\"ListItem\",\"position\":2,\"name\":\"Desde el Curul\\\/\\\/\\\/Exhorta morena a crear reglamento de la Ley de V\u00edctimas de la Ciudad de M\u00e9xico\"}]},{\"@type\":\"WebSite\",\"@id\":\"https:\\\/\\\/quehacerpolitico.mx\\\/#website\",\"url\":\"https:\\\/\\\/quehacerpolitico.mx\\\/\",\"name\":\"\",\"description\":\"\",\"potentialAction\":[{\"@type\":\"SearchAction\",\"target\":{\"@type\":\"EntryPoint\",\"urlTemplate\":\"https:\\\/\\\/quehacerpolitico.mx\\\/?s={search_term_string}\"},\"query-input\":{\"@type\":\"PropertyValueSpecification\",\"valueRequired\":true,\"valueName\":\"search_term_string\"}}],\"inLanguage\":\"es\"},{\"@type\":\"Person\",\"@id\":\"https:\\\/\\\/quehacerpolitico.mx\\\/#\\\/schema\\\/person\\\/496d8ad2d1d3f8036101dca7ee39e585\",\"name\":\"Redacci\u00f3n QP\",\"image\":{\"@type\":\"ImageObject\",\"inLanguage\":\"es\",\"@id\":\"https:\\\/\\\/secure.gravatar.com\\\/avatar\\\/c7164ed6fdec453195284ad24a5ae5b6e1eed2b848477fa2a4787ba9adf39a41?s=96&d=mm&r=g\",\"url\":\"https:\\\/\\\/secure.gravatar.com\\\/avatar\\\/c7164ed6fdec453195284ad24a5ae5b6e1eed2b848477fa2a4787ba9adf39a41?s=96&d=mm&r=g\",\"contentUrl\":\"https:\\\/\\\/secure.gravatar.com\\\/avatar\\\/c7164ed6fdec453195284ad24a5ae5b6e1eed2b848477fa2a4787ba9adf39a41?s=96&d=mm&r=g\",\"caption\":\"Redacci\u00f3n QP\"},\"url\":\"https:\\\/\\\/quehacerpolitico.mx\\\/?author=2\"}]}<\/script>\n<!-- \/ Yoast SEO plugin. -->","yoast_head_json":{"title":"Desde el Curul\/\/\/Exhorta morena a crear reglamento de la Ley de V\u00edctimas de la Ciudad de M\u00e9xico -","robots":{"index":"index","follow":"follow","max-snippet":"max-snippet:-1","max-image-preview":"max-image-preview:large","max-video-preview":"max-video-preview:-1"},"canonical":"https:\/\/quehacerpolitico.mx\/?p=36019","og_locale":"es_MX","og_type":"article","og_title":"Desde el Curul\/\/\/Exhorta morena a crear reglamento de la Ley de V\u00edctimas de la Ciudad de M\u00e9xico -","og_description":"Exhorta morena a crear reglamento de la Ley de V\u00edctimas de la Ciudad de M\u00e9xico...","og_url":"https:\/\/quehacerpolitico.mx\/?p=36019","article_published_time":"2019-08-23T01:14:38+00:00","author":"Redacci\u00f3n QP","twitter_card":"summary_large_image","twitter_misc":{"Escrito por":"Redacci\u00f3n QP","Tiempo de lectura":"2 minutos"},"schema":{"@context":"https:\/\/schema.org","@graph":[{"@type":"Article","@id":"https:\/\/quehacerpolitico.mx\/?p=36019#article","isPartOf":{"@id":"https:\/\/quehacerpolitico.mx\/?p=36019"},"author":{"name":"Redacci\u00f3n QP","@id":"https:\/\/quehacerpolitico.mx\/#\/schema\/person\/496d8ad2d1d3f8036101dca7ee39e585"},"headline":"Desde el Curul\/\/\/Exhorta morena a crear reglamento de la Ley de V\u00edctimas de la Ciudad de M\u00e9xico","datePublished":"2019-08-23T01:14:38+00:00","mainEntityOfPage":{"@id":"https:\/\/quehacerpolitico.mx\/?p=36019"},"wordCount":494,"commentCount":0,"image":{"@id":"https:\/\/quehacerpolitico.mx\/?p=36019#primaryimage"},"thumbnailUrl":"","keywords":["congreso Cdmx","grupo parlamentario morena CDMX","Jose Luis Rodriguez Diaz de Leon"],"articleSection":["CDMX"],"inLanguage":"es","potentialAction":[{"@type":"CommentAction","name":"Comment","target":["https:\/\/quehacerpolitico.mx\/?p=36019#respond"]}]},{"@type":"WebPage","@id":"https:\/\/quehacerpolitico.mx\/?p=36019","url":"https:\/\/quehacerpolitico.mx\/?p=36019","name":"Desde el Curul\/\/\/Exhorta morena a crear reglamento de la Ley de V\u00edctimas de la Ciudad de M\u00e9xico -","isPartOf":{"@id":"https:\/\/quehacerpolitico.mx\/#website"},"primaryImageOfPage":{"@id":"https:\/\/quehacerpolitico.mx\/?p=36019#primaryimage"},"image":{"@id":"https:\/\/quehacerpolitico.mx\/?p=36019#primaryimage"},"thumbnailUrl":"","datePublished":"2019-08-23T01:14:38+00:00","author":{"@id":"https:\/\/quehacerpolitico.mx\/#\/schema\/person\/496d8ad2d1d3f8036101dca7ee39e585"},"breadcrumb":{"@id":"https:\/\/quehacerpolitico.mx\/?p=36019#breadcrumb"},"inLanguage":"es","potentialAction":[{"@type":"ReadAction","target":["https:\/\/quehacerpolitico.mx\/?p=36019"]}]},{"@type":"ImageObject","inLanguage":"es","@id":"https:\/\/quehacerpolitico.mx\/?p=36019#primaryimage","url":"","contentUrl":""},{"@type":"BreadcrumbList","@id":"https:\/\/quehacerpolitico.mx\/?p=36019#breadcrumb","itemListElement":[{"@type":"ListItem","position":1,"name":"Inicio","item":"https:\/\/quehacerpolitico.mx\/"},{"@type":"ListItem","position":2,"name":"Desde el Curul\/\/\/Exhorta morena a crear reglamento de la Ley de V\u00edctimas de la Ciudad de M\u00e9xico"}]},{"@type":"WebSite","@id":"https:\/\/quehacerpolitico.mx\/#website","url":"https:\/\/quehacerpolitico.mx\/","name":"","description":"","potentialAction":[{"@type":"SearchAction","target":{"@type":"EntryPoint","urlTemplate":"https:\/\/quehacerpolitico.mx\/?s={search_term_string}"},"query-input":{"@type":"PropertyValueSpecification","valueRequired":true,"valueName":"search_term_string"}}],"inLanguage":"es"},{"@type":"Person","@id":"https:\/\/quehacerpolitico.mx\/#\/schema\/person\/496d8ad2d1d3f8036101dca7ee39e585","name":"Redacci\u00f3n QP","image":{"@type":"ImageObject","inLanguage":"es","@id":"https:\/\/secure.gravatar.com\/avatar\/c7164ed6fdec453195284ad24a5ae5b6e1eed2b848477fa2a4787ba9adf39a41?s=96&d=mm&r=g","url":"https:\/\/secure.gravatar.com\/avatar\/c7164ed6fdec453195284ad24a5ae5b6e1eed2b848477fa2a4787ba9adf39a41?s=96&d=mm&r=g","contentUrl":"https:\/\/secure.gravatar.com\/avatar\/c7164ed6fdec453195284ad24a5ae5b6e1eed2b848477fa2a4787ba9adf39a41?s=96&d=mm&r=g","caption":"Redacci\u00f3n QP"},"url":"https:\/\/quehacerpolitico.mx\/?author=2"}]}},"featured_image_urls":{"full":"","thumbnail":"","medium":"","medium_large":"","large":"","1536x1536":"","2048x2048":"","covernews-featured":"","covernews-medium":""},"author_info":{"display_name":"Redacci\u00f3n QP","author_link":"https:\/\/quehacerpolitico.mx\/?author=2"},"category_info":"<a href=\"https:\/\/quehacerpolitico.mx\/?cat=55\" rel=\"category\">CDMX<\/a>","tag_info":"CDMX","comment_count":"0","_links":{"self":[{"href":"https:\/\/quehacerpolitico.mx\/index.php?rest_route=\/wp\/v2\/posts\/36019","targetHints":{"allow":["GET"]}}],"collection":[{"href":"https:\/\/quehacerpolitico.mx\/index.php?rest_route=\/wp\/v2\/posts"}],"about":[{"href":"https:\/\/quehacerpolitico.mx\/index.php?rest_route=\/wp\/v2\/types\/post"}],"author":[{"embeddable":true,"href":"https:\/\/quehacerpolitico.mx\/index.php?rest_route=\/wp\/v2\/users\/2"}],"replies":[{"embeddable":true,"href":"https:\/\/quehacerpolitico.mx\/index.php?rest_route=%2Fwp%2Fv2%2Fcomments&post=36019"}],"version-history":[{"count":0,"href":"https:\/\/quehacerpolitico.mx\/index.php?rest_route=\/wp\/v2\/posts\/36019\/revisions"}],"wp:featuredmedia":[{"embeddable":true,"href":"https:\/\/quehacerpolitico.mx\/index.php?rest_route=\/"}],"wp:attachment":[{"href":"https:\/\/quehacerpolitico.mx\/index.php?rest_route=%2Fwp%2Fv2%2Fmedia&parent=36019"}],"wp:term":[{"taxonomy":"category","embeddable":true,"href":"https:\/\/quehacerpolitico.mx\/index.php?rest_route=%2Fwp%2Fv2%2Fcategories&post=36019"},{"taxonomy":"post_tag","embeddable":true,"href":"https:\/\/quehacerpolitico.mx\/index.php?rest_route=%2Fwp%2Fv2%2Ftags&post=36019"}],"curies":[{"name":"wp","href":"https:\/\/api.w.org\/{rel}","templated":true}]}}