{"id":36014,"date":"2019-08-22T20:49:05","date_gmt":"2019-08-22T20:49:05","guid":{"rendered":"http:\/\/quehacerpolitico.mx\/alcaldias-instalan-el-consejo-de-prevencion-social-del-delito-y-la-violencia-en-cuauhtemoc\/"},"modified":"2019-08-22T20:49:05","modified_gmt":"2019-08-22T20:49:05","slug":"alcaldias-instalan-el-consejo-de-prevencion-social-del-delito-y-la-violencia-en-cuauhtemoc","status":"publish","type":"post","link":"https:\/\/quehacerpolitico.mx\/?p=36014","title":{"rendered":"Alcald\u00edas\/\/\/Instalan el Consejo de Prevenci\u00f3n Social del Delito y la Violencia en Cuauht\u00e9moc"},"content":{"rendered":"<p>Instalan el Consejo de Prevenci\u00f3n Social del Delito y la Violencia en Cuauht\u00e9moc<\/p>\n<p>Por Redacci\u00f3n QP<\/p>\n<div class=\"s13\"><span class=\"s11\">\u2022 <\/span><span class=\"s12\"><span class=\"bumpedFont15\">Han disminuido en la demarcaci\u00f3n los 13 delitos de alto impacto, inform\u00f3 el alcalde N\u00e9stor N\u00fa\u00f1ez L\u00f3pez.<\/span><\/span><\/div>\n<div class=\"s13\"><span class=\"s11\">\u2022 <\/span><span class=\"s12\"><span class=\"bumpedFont15\">Lo que deber\u00edamos <\/span><\/span><span class=\"s12\"><span class=\"bumpedFont15\">buscar <\/span><\/span><a name=\"_GoBack\"><\/a><span class=\"s12\"><span class=\"bumpedFont15\">es que no se cometan delitos y eso tiene que ver con la prevenci\u00f3n, dijo.<\/span><\/span><\/div>\n<p class=\"s8\"><span class=\"s12\"><span class=\"bumpedFont15\">Con el fin de generar un instrumento que permita hacer un diagn\u00f3stico y estad\u00edsticas sobre la incidencia delictiva, para generar programas, pol\u00edticas p\u00fablicas y estrategias para la prevenci\u00f3n de la violencia, fue instalado este d\u00eda el <\/span><\/span><span class=\"s12\"><span class=\"bumpedFont15\">Consejo de Prevenci\u00f3n Social del Delito y la Violencia<\/span><\/span><span class=\"s12\"><span class=\"bumpedFont15\"> en Cuauht\u00e9moc. <\/span><\/span><\/p>\n<p class=\"s8\"><span class=\"s12\"><span class=\"bumpedFont15\">Lo que deber\u00edamos estar buscando es que no se cometan delitos y eso tiene que ver con la prevenci\u00f3n, por eso queremos que este consejo no sea de<\/span><\/span><span class=\"s12\"><span class=\"bumpedFont15\"> papel o para cumplir con la Ley, dijo el alcalde de Cuauht\u00e9moc y tambi\u00e9n presidente del Consejo, N\u00e9stor N\u00fa\u00f1ez L\u00f3pez<\/span><\/span><span class=\"s12\"><span class=\"bumpedFont15\">.<\/span><\/span><\/p>\n<p class=\"s8\"><span class=\"s12\"><span class=\"bumpedFont15\">\u201cEn<\/span><\/span><span class=\"s12\"><span class=\"bumpedFont15\"> la Cuauht\u00e9moc se ha logrado disminuir los 13 delitos de alto impacto en conjunto con la Polic\u00eda Auxiliar y la Procuradur\u00eda<\/span><\/span><span class=\"s12\"><span class=\"bumpedFont15\">\u201d,<\/span><\/span><span class=\"s12\"><span class=\"bumpedFont15\"> destac\u00f3 <\/span><\/span><span class=\"s12\"><span class=\"bumpedFont15\">el edil <\/span><\/span><span class=\"s12\"><span class=\"bumpedFont15\">sobre los avances que se han dado en el tema. <\/span><\/span><\/p>\n<p class=\"s8\"><span class=\"s12\"><span class=\"bumpedFont15\">Adem\u00e1s explic\u00f3 que por<\/span><\/span><span class=\"s12\"><span class=\"bumpedFont15\"> eso es necesario invertir en deporte, educaci\u00f3n y cultura, pero tambi\u00e9n es importante informar a la ciudadan\u00eda sobre las acciones de prevenci\u00f3n que se hacen.<\/span><\/span><\/p>\n<p class=\"s8\"><span class=\"s12\"><span class=\"bumpedFont15\">Despu\u00e9s de tomar protesta a los integrantes del Consejo, el titular de la alcald\u00eda dijo que debe darse una orientaci\u00f3n<\/span><\/span><span class=\"s12\"><span class=\"bumpedFont15\">distinta<\/span><\/span><span class=\"s12\"><span class=\"bumpedFont15\"> al combate a la inseguridad y que es necesaria <\/span><\/span><span class=\"s12\"><span class=\"bumpedFont15\">la <\/span><\/span><span class=\"s12\"><span class=\"bumpedFont15\">participaci\u00f3n de los vecinos, porque a pesar de que la denuncia es la estad\u00edstica m\u00e1s seria y contundente para poder elaborar un mapa delictivo<\/span><\/span><span class=\"s12\"><span class=\"bumpedFont15\">,<\/span><\/span><span class=\"s12\"><span class=\"bumpedFont15\"> tambi\u00e9n se sabe<\/span><\/span><span class=\"s12\"><span class=\"bumpedFont15\"> que hay una cifra negra por el temor a denunciar<\/span><\/span><span class=\"s12\"><span class=\"bumpedFont15\">.<\/span><\/span><\/p>\n<p class=\"s8\"><span class=\"s12\"><span class=\"bumpedFont15\">\u201cS<\/span><\/span><span class=\"s12\"><span class=\"bumpedFont15\">abemos que hay un enojo vecinal para con las instituciones de prevenci\u00f3n <\/span><\/span><span class=\"s12\"><span class=\"bumpedFont15\">y procuraci\u00f3n de justicia, asumiendo la parte que <\/span><\/span><span class=\"s12\"><span class=\"bumpedFont15\">nos toca como orden de gobierno, pero la <\/span><\/span><span class=\"s12\"><span class=\"bumpedFont15\">vinculaci\u00f3n con la sociedad es la \u00fanica posibilidad real que tenemos de generar un cambio en el tema de la seguridad<\/span><\/span><span class=\"s12\"><span class=\"bumpedFont15\">\u201d, afirm\u00f3<\/span><\/span><span class=\"s12\"><span class=\"bumpedFont15\">.<\/span><\/span><\/p>\n<p class=\"s8\"><span class=\"s12\"><span class=\"bumpedFont15\">Destac\u00f3 que d<\/span><\/span><span class=\"s12\"><span class=\"bumpedFont15\">e las cinco estrategias planteadas por el Gobierno de la ciudad de M\u00e9xico, la \u00faltima tiene que ver con la persecuci\u00f3n del delito, mientras que las primeras hablan de medidas de prevenci\u00f3n. <\/span><\/span><\/p>\n<p class=\"s8\"><span class=\"s12\"><span class=\"bumpedFont15\">\u201c<\/span><\/span><span class=\"s12\"><span class=\"bumpedFont15\">En la Cuauht\u00e9moc coincidimos con la estrategia de la Jefa de Gobierno<\/span><\/span><span class=\"s12\"><span class=\"bumpedFont15\">, Claudia <\/span><\/span><span class=\"s12\"><span class=\"bumpedFont15\">Sheinbaum<\/span><\/span><span class=\"s12\"><span class=\"bumpedFont15\">. N<\/span><\/span><span class=\"s12\"><span class=\"bumpedFont15\">os hemos sumado a ella desde el primer d\u00eda de gobierno, desde la estrategia de cuadrantes, relevos, cambios y ajustes en la Procuradur\u00eda, la Consejer\u00eda Jur\u00eddica en los Juzgados C\u00edvicos, entre otros<\/span><\/span><span class=\"s12\"><span class=\"bumpedFont15\">\u201d, mencion\u00f3<\/span><\/span><span class=\"s12\"><span class=\"bumpedFont15\">.<\/span><\/span><\/p>\n<p class=\"s8\"><span class=\"s12\"><span class=\"bumpedFont15\">Estuvieron presentes en el evento, <\/span><\/span><span class=\"s12\"><span class=\"bumpedFont15\">la directora general de Seguridad Ciudadana y Protecci\u00f3n Civil de la alcald\u00eda, <\/span><\/span><span class=\"s12\"><span class=\"bumpedFont15\">y <\/span><\/span><span class=\"s12\"><span class=\"bumpedFont15\">Rebeca Montiel Campos, directora general de Servicios a la Comunidad<\/span><\/span><span class=\"s12\"><span class=\"bumpedFont15\"> del Gobierno de la Ciudad de M\u00e9xico; adem\u00e1s de integrantes del Gabinete de <\/span><\/span><span class=\"s12\"><span class=\"bumpedFont15\">Cuauht\u00e9moc<\/span><\/span><span class=\"s12\"><span class=\"bumpedFont15\"> y Concejales.<\/span><\/span><\/p>\n<p>https:\/\/www.facebook.com\/AlcCuauhtemocMx\/videos\/464473617437384\/<\/p>\n","protected":false},"excerpt":{"rendered":"<p>Instalan el Consejo de Prevenci\u00f3n Social del Delito y la Violencia en Cuauht\u00e9moc<br \/>\nPor Redacci\u00f3n QP<\/p>\n","protected":false},"author":2,"featured_media":36013,"comment_status":"open","ping_status":"open","sticky":false,"template":"","format":"standard","meta":{"_monsterinsights_skip_tracking":false,"_monsterinsights_sitenote_active":false,"_monsterinsights_sitenote_note":"","_monsterinsights_sitenote_category":0,"footnotes":""},"categories":[55],"tags":[],"class_list":["post-36014","post","type-post","status-publish","format-standard","has-post-thumbnail","hentry","category-cdmx"],"yoast_head":"<!-- This site is optimized with the Yoast SEO plugin v27.3 - https:\/\/yoast.com\/product\/yoast-seo-wordpress\/ -->\n<title>Alcald\u00edas\/\/\/Instalan el Consejo de Prevenci\u00f3n Social del Delito y la Violencia en Cuauht\u00e9moc -<\/title>\n<meta name=\"robots\" content=\"index, follow, max-snippet:-1, max-image-preview:large, max-video-preview:-1\" \/>\n<link rel=\"canonical\" href=\"https:\/\/quehacerpolitico.mx\/?p=36014\" \/>\n<meta property=\"og:locale\" content=\"es_MX\" \/>\n<meta property=\"og:type\" content=\"article\" \/>\n<meta property=\"og:title\" content=\"Alcald\u00edas\/\/\/Instalan el Consejo de Prevenci\u00f3n Social del Delito y la Violencia en Cuauht\u00e9moc -\" \/>\n<meta property=\"og:description\" content=\"Instalan el Consejo de Prevenci\u00f3n Social del Delito y la Violencia en Cuauht\u00e9moc Por Redacci\u00f3n QP\" \/>\n<meta property=\"og:url\" content=\"https:\/\/quehacerpolitico.mx\/?p=36014\" \/>\n<meta property=\"article:published_time\" content=\"2019-08-22T20:49:05+00:00\" \/>\n<meta name=\"author\" content=\"Redacci\u00f3n QP\" \/>\n<meta name=\"twitter:card\" content=\"summary_large_image\" \/>\n<meta name=\"twitter:label1\" content=\"Escrito por\" \/>\n\t<meta name=\"twitter:data1\" content=\"Redacci\u00f3n QP\" \/>\n\t<meta name=\"twitter:label2\" content=\"Tiempo de lectura\" \/>\n\t<meta name=\"twitter:data2\" content=\"3 minutos\" \/>\n<script type=\"application\/ld+json\" class=\"yoast-schema-graph\">{\"@context\":\"https:\\\/\\\/schema.org\",\"@graph\":[{\"@type\":\"Article\",\"@id\":\"https:\\\/\\\/quehacerpolitico.mx\\\/?p=36014#article\",\"isPartOf\":{\"@id\":\"https:\\\/\\\/quehacerpolitico.mx\\\/?p=36014\"},\"author\":{\"name\":\"Redacci\u00f3n QP\",\"@id\":\"https:\\\/\\\/quehacerpolitico.mx\\\/#\\\/schema\\\/person\\\/496d8ad2d1d3f8036101dca7ee39e585\"},\"headline\":\"Alcald\u00edas\\\/\\\/\\\/Instalan el Consejo de Prevenci\u00f3n Social del Delito y la Violencia en Cuauht\u00e9moc\",\"datePublished\":\"2019-08-22T20:49:05+00:00\",\"mainEntityOfPage\":{\"@id\":\"https:\\\/\\\/quehacerpolitico.mx\\\/?p=36014\"},\"wordCount\":534,\"commentCount\":0,\"image\":{\"@id\":\"https:\\\/\\\/quehacerpolitico.mx\\\/?p=36014#primaryimage\"},\"thumbnailUrl\":\"\",\"articleSection\":[\"CDMX\"],\"inLanguage\":\"es\",\"potentialAction\":[{\"@type\":\"CommentAction\",\"name\":\"Comment\",\"target\":[\"https:\\\/\\\/quehacerpolitico.mx\\\/?p=36014#respond\"]}]},{\"@type\":\"WebPage\",\"@id\":\"https:\\\/\\\/quehacerpolitico.mx\\\/?p=36014\",\"url\":\"https:\\\/\\\/quehacerpolitico.mx\\\/?p=36014\",\"name\":\"Alcald\u00edas\\\/\\\/\\\/Instalan el Consejo de Prevenci\u00f3n Social del Delito y la Violencia en Cuauht\u00e9moc -\",\"isPartOf\":{\"@id\":\"https:\\\/\\\/quehacerpolitico.mx\\\/#website\"},\"primaryImageOfPage\":{\"@id\":\"https:\\\/\\\/quehacerpolitico.mx\\\/?p=36014#primaryimage\"},\"image\":{\"@id\":\"https:\\\/\\\/quehacerpolitico.mx\\\/?p=36014#primaryimage\"},\"thumbnailUrl\":\"\",\"datePublished\":\"2019-08-22T20:49:05+00:00\",\"author\":{\"@id\":\"https:\\\/\\\/quehacerpolitico.mx\\\/#\\\/schema\\\/person\\\/496d8ad2d1d3f8036101dca7ee39e585\"},\"breadcrumb\":{\"@id\":\"https:\\\/\\\/quehacerpolitico.mx\\\/?p=36014#breadcrumb\"},\"inLanguage\":\"es\",\"potentialAction\":[{\"@type\":\"ReadAction\",\"target\":[\"https:\\\/\\\/quehacerpolitico.mx\\\/?p=36014\"]}]},{\"@type\":\"ImageObject\",\"inLanguage\":\"es\",\"@id\":\"https:\\\/\\\/quehacerpolitico.mx\\\/?p=36014#primaryimage\",\"url\":\"\",\"contentUrl\":\"\"},{\"@type\":\"BreadcrumbList\",\"@id\":\"https:\\\/\\\/quehacerpolitico.mx\\\/?p=36014#breadcrumb\",\"itemListElement\":[{\"@type\":\"ListItem\",\"position\":1,\"name\":\"Inicio\",\"item\":\"https:\\\/\\\/quehacerpolitico.mx\\\/\"},{\"@type\":\"ListItem\",\"position\":2,\"name\":\"Alcald\u00edas\\\/\\\/\\\/Instalan el Consejo de Prevenci\u00f3n Social del Delito y la Violencia en Cuauht\u00e9moc\"}]},{\"@type\":\"WebSite\",\"@id\":\"https:\\\/\\\/quehacerpolitico.mx\\\/#website\",\"url\":\"https:\\\/\\\/quehacerpolitico.mx\\\/\",\"name\":\"\",\"description\":\"\",\"potentialAction\":[{\"@type\":\"SearchAction\",\"target\":{\"@type\":\"EntryPoint\",\"urlTemplate\":\"https:\\\/\\\/quehacerpolitico.mx\\\/?s={search_term_string}\"},\"query-input\":{\"@type\":\"PropertyValueSpecification\",\"valueRequired\":true,\"valueName\":\"search_term_string\"}}],\"inLanguage\":\"es\"},{\"@type\":\"Person\",\"@id\":\"https:\\\/\\\/quehacerpolitico.mx\\\/#\\\/schema\\\/person\\\/496d8ad2d1d3f8036101dca7ee39e585\",\"name\":\"Redacci\u00f3n QP\",\"image\":{\"@type\":\"ImageObject\",\"inLanguage\":\"es\",\"@id\":\"https:\\\/\\\/secure.gravatar.com\\\/avatar\\\/c7164ed6fdec453195284ad24a5ae5b6e1eed2b848477fa2a4787ba9adf39a41?s=96&d=mm&r=g\",\"url\":\"https:\\\/\\\/secure.gravatar.com\\\/avatar\\\/c7164ed6fdec453195284ad24a5ae5b6e1eed2b848477fa2a4787ba9adf39a41?s=96&d=mm&r=g\",\"contentUrl\":\"https:\\\/\\\/secure.gravatar.com\\\/avatar\\\/c7164ed6fdec453195284ad24a5ae5b6e1eed2b848477fa2a4787ba9adf39a41?s=96&d=mm&r=g\",\"caption\":\"Redacci\u00f3n QP\"},\"url\":\"https:\\\/\\\/quehacerpolitico.mx\\\/?author=2\"}]}<\/script>\n<!-- \/ Yoast SEO plugin. -->","yoast_head_json":{"title":"Alcald\u00edas\/\/\/Instalan el Consejo de Prevenci\u00f3n Social del Delito y la Violencia en Cuauht\u00e9moc -","robots":{"index":"index","follow":"follow","max-snippet":"max-snippet:-1","max-image-preview":"max-image-preview:large","max-video-preview":"max-video-preview:-1"},"canonical":"https:\/\/quehacerpolitico.mx\/?p=36014","og_locale":"es_MX","og_type":"article","og_title":"Alcald\u00edas\/\/\/Instalan el Consejo de Prevenci\u00f3n Social del Delito y la Violencia en Cuauht\u00e9moc -","og_description":"Instalan el Consejo de Prevenci\u00f3n Social del Delito y la Violencia en Cuauht\u00e9moc Por Redacci\u00f3n QP","og_url":"https:\/\/quehacerpolitico.mx\/?p=36014","article_published_time":"2019-08-22T20:49:05+00:00","author":"Redacci\u00f3n QP","twitter_card":"summary_large_image","twitter_misc":{"Escrito por":"Redacci\u00f3n QP","Tiempo de lectura":"3 minutos"},"schema":{"@context":"https:\/\/schema.org","@graph":[{"@type":"Article","@id":"https:\/\/quehacerpolitico.mx\/?p=36014#article","isPartOf":{"@id":"https:\/\/quehacerpolitico.mx\/?p=36014"},"author":{"name":"Redacci\u00f3n QP","@id":"https:\/\/quehacerpolitico.mx\/#\/schema\/person\/496d8ad2d1d3f8036101dca7ee39e585"},"headline":"Alcald\u00edas\/\/\/Instalan el Consejo de Prevenci\u00f3n Social del Delito y la Violencia en Cuauht\u00e9moc","datePublished":"2019-08-22T20:49:05+00:00","mainEntityOfPage":{"@id":"https:\/\/quehacerpolitico.mx\/?p=36014"},"wordCount":534,"commentCount":0,"image":{"@id":"https:\/\/quehacerpolitico.mx\/?p=36014#primaryimage"},"thumbnailUrl":"","articleSection":["CDMX"],"inLanguage":"es","potentialAction":[{"@type":"CommentAction","name":"Comment","target":["https:\/\/quehacerpolitico.mx\/?p=36014#respond"]}]},{"@type":"WebPage","@id":"https:\/\/quehacerpolitico.mx\/?p=36014","url":"https:\/\/quehacerpolitico.mx\/?p=36014","name":"Alcald\u00edas\/\/\/Instalan el Consejo de Prevenci\u00f3n Social del Delito y la Violencia en Cuauht\u00e9moc -","isPartOf":{"@id":"https:\/\/quehacerpolitico.mx\/#website"},"primaryImageOfPage":{"@id":"https:\/\/quehacerpolitico.mx\/?p=36014#primaryimage"},"image":{"@id":"https:\/\/quehacerpolitico.mx\/?p=36014#primaryimage"},"thumbnailUrl":"","datePublished":"2019-08-22T20:49:05+00:00","author":{"@id":"https:\/\/quehacerpolitico.mx\/#\/schema\/person\/496d8ad2d1d3f8036101dca7ee39e585"},"breadcrumb":{"@id":"https:\/\/quehacerpolitico.mx\/?p=36014#breadcrumb"},"inLanguage":"es","potentialAction":[{"@type":"ReadAction","target":["https:\/\/quehacerpolitico.mx\/?p=36014"]}]},{"@type":"ImageObject","inLanguage":"es","@id":"https:\/\/quehacerpolitico.mx\/?p=36014#primaryimage","url":"","contentUrl":""},{"@type":"BreadcrumbList","@id":"https:\/\/quehacerpolitico.mx\/?p=36014#breadcrumb","itemListElement":[{"@type":"ListItem","position":1,"name":"Inicio","item":"https:\/\/quehacerpolitico.mx\/"},{"@type":"ListItem","position":2,"name":"Alcald\u00edas\/\/\/Instalan el Consejo de Prevenci\u00f3n Social del Delito y la Violencia en Cuauht\u00e9moc"}]},{"@type":"WebSite","@id":"https:\/\/quehacerpolitico.mx\/#website","url":"https:\/\/quehacerpolitico.mx\/","name":"","description":"","potentialAction":[{"@type":"SearchAction","target":{"@type":"EntryPoint","urlTemplate":"https:\/\/quehacerpolitico.mx\/?s={search_term_string}"},"query-input":{"@type":"PropertyValueSpecification","valueRequired":true,"valueName":"search_term_string"}}],"inLanguage":"es"},{"@type":"Person","@id":"https:\/\/quehacerpolitico.mx\/#\/schema\/person\/496d8ad2d1d3f8036101dca7ee39e585","name":"Redacci\u00f3n QP","image":{"@type":"ImageObject","inLanguage":"es","@id":"https:\/\/secure.gravatar.com\/avatar\/c7164ed6fdec453195284ad24a5ae5b6e1eed2b848477fa2a4787ba9adf39a41?s=96&d=mm&r=g","url":"https:\/\/secure.gravatar.com\/avatar\/c7164ed6fdec453195284ad24a5ae5b6e1eed2b848477fa2a4787ba9adf39a41?s=96&d=mm&r=g","contentUrl":"https:\/\/secure.gravatar.com\/avatar\/c7164ed6fdec453195284ad24a5ae5b6e1eed2b848477fa2a4787ba9adf39a41?s=96&d=mm&r=g","caption":"Redacci\u00f3n QP"},"url":"https:\/\/quehacerpolitico.mx\/?author=2"}]}},"featured_image_urls":{"full":"","thumbnail":"","medium":"","medium_large":"","large":"","1536x1536":"","2048x2048":"","covernews-featured":"","covernews-medium":""},"author_info":{"display_name":"Redacci\u00f3n QP","author_link":"https:\/\/quehacerpolitico.mx\/?author=2"},"category_info":"<a href=\"https:\/\/quehacerpolitico.mx\/?cat=55\" rel=\"category\">CDMX<\/a>","tag_info":"CDMX","comment_count":"0","_links":{"self":[{"href":"https:\/\/quehacerpolitico.mx\/index.php?rest_route=\/wp\/v2\/posts\/36014","targetHints":{"allow":["GET"]}}],"collection":[{"href":"https:\/\/quehacerpolitico.mx\/index.php?rest_route=\/wp\/v2\/posts"}],"about":[{"href":"https:\/\/quehacerpolitico.mx\/index.php?rest_route=\/wp\/v2\/types\/post"}],"author":[{"embeddable":true,"href":"https:\/\/quehacerpolitico.mx\/index.php?rest_route=\/wp\/v2\/users\/2"}],"replies":[{"embeddable":true,"href":"https:\/\/quehacerpolitico.mx\/index.php?rest_route=%2Fwp%2Fv2%2Fcomments&post=36014"}],"version-history":[{"count":0,"href":"https:\/\/quehacerpolitico.mx\/index.php?rest_route=\/wp\/v2\/posts\/36014\/revisions"}],"wp:featuredmedia":[{"embeddable":true,"href":"https:\/\/quehacerpolitico.mx\/index.php?rest_route=\/"}],"wp:attachment":[{"href":"https:\/\/quehacerpolitico.mx\/index.php?rest_route=%2Fwp%2Fv2%2Fmedia&parent=36014"}],"wp:term":[{"taxonomy":"category","embeddable":true,"href":"https:\/\/quehacerpolitico.mx\/index.php?rest_route=%2Fwp%2Fv2%2Fcategories&post=36014"},{"taxonomy":"post_tag","embeddable":true,"href":"https:\/\/quehacerpolitico.mx\/index.php?rest_route=%2Fwp%2Fv2%2Ftags&post=36014"}],"curies":[{"name":"wp","href":"https:\/\/api.w.org\/{rel}","templated":true}]}}