{"id":36011,"date":"2019-08-22T20:39:54","date_gmt":"2019-08-22T20:39:54","guid":{"rendered":"http:\/\/quehacerpolitico.mx\/desde-el-curul-el-diputado-jose-luis-rodriguez-propone-consolidar-la-representacion-de-las-mujeres-en-la-ley-de-victimas\/"},"modified":"2019-08-22T20:39:54","modified_gmt":"2019-08-22T20:39:54","slug":"desde-el-curul-el-diputado-jose-luis-rodriguez-propone-consolidar-la-representacion-de-las-mujeres-en-la-ley-de-victimas","status":"publish","type":"post","link":"https:\/\/quehacerpolitico.mx\/?p=36011","title":{"rendered":"Desde el Curul\/\/\/El diputado Jos\u00e9 Luis Rodr\u00edguez propone consolidar la representaci\u00f3n de las mujeres en la Ley de V\u00edctimas"},"content":{"rendered":"<p><span class=\"s8\"><span class=\"bumpedFont15\">El diputado Jos\u00e9 Luis Rodr\u00edguez propone <\/span><\/span><span class=\"s8\"><span class=\"bumpedFont15\">consolidar la representaci\u00f3n de las mujeres en la Ley de V\u00edctimas<\/span><\/span><\/p>\n<p>Por Redacci\u00f3n QP<\/p>\n<div class=\"s13\"><span class=\"s11\">\u2022 <\/span><span class=\"s12\"><span class=\"bumpedFont15\">S<\/span><\/span><span class=\"s12\"><span class=\"bumpedFont15\">e busca que la Secretar\u00eda de las Mujeres del gobierno de la ciudad se integre como \u00d3rgano de Representaci\u00f3n con voz y voto a la Junta de Gobierno de la Comisi\u00f3n de Atenci\u00f3n a V\u00edctimas de la CDMX<\/span><\/span><\/div>\n<div class=\"s13\"><span class=\"s11\">\u2022 <\/span><span class=\"s14\"><span class=\"bumpedFont15\">Diputados de MORENA, proponen armonizaci\u00f3n de leyes en materia de protecci\u00f3n civil<\/span><\/span><\/div>\n<p class=\"s10\"><span class=\"s15\"><span class=\"bumpedFont15\">Por considerar que es necesario consolidar la representaci\u00f3n de las mujeres en la actual Ley de V\u00edctimas, el diputado <\/span><\/span><span class=\"s15\"><span class=\"bumpedFont15\">local <\/span><\/span><span class=\"s15\"><span class=\"bumpedFont15\">Jos\u00e9 Luis Rodr\u00edguez<\/span><\/span><span class=\"s15\"><span class=\"bumpedFont15\"> D\u00edaz de Le\u00f3n<\/span><\/span><span class=\"s15\"><span class=\"bumpedFont15\">,<\/span><\/span> <span class=\"s15\"><span class=\"bumpedFont15\">propuso <\/span><\/span><span class=\"s15\"><span class=\"bumpedFont15\">una<\/span><\/span><span class=\"s15\"><span class=\"bumpedFont15\"> iniciativa con proyecto de decreto, reformar los art\u00edculos 22, 80, 82, 86, 91, 93, 102, 118, 119 y 139, de dicho ordenamiento jur\u00eddico<\/span><\/span><span class=\"s15\"><span class=\"bumpedFont15\">.<\/span><\/span><\/p>\n<p class=\"s10\"><span class=\"s15\"><span class=\"bumpedFont15\">L<\/span><\/span><span class=\"s15\"><span class=\"bumpedFont15\">a iniciativa<\/span><\/span><span class=\"s15\"><span class=\"bumpedFont15\"> del legislador de MORENA<\/span><\/span><span class=\"s15\"><span class=\"bumpedFont15\"> indica que en su <\/span><\/span><span class=\"s15\"><span class=\"bumpedFont15\">art\u00edculo 118<\/span><\/span><span class=\"s15\"><span class=\"bumpedFont15\"> en<\/span><\/span> <span class=\"s15\"><span class=\"bumpedFont15\">\u201c<\/span><\/span><span class=\"s15\"><span class=\"bumpedFont15\">la Ley de V\u00edctimas, no se contempla ning\u00fan organismo de representaci\u00f3n de mujeres ante la Junta <\/span><\/span><span class=\"s15\"><span class=\"bumpedFont15\">de Gobierno. E<\/span><\/span><span class=\"s15\"><span class=\"bumpedFont15\">n este contexto<\/span><\/span><span class=\"s15\"><span class=\"bumpedFont15\">, solo el art\u00edculo 119<\/span><\/span><span class=\"s15\"><span class=\"bumpedFont15\"> enlista al Instituto de las Mujeres como un \u00d3<\/span><\/span><span class=\"s15\"><span class=\"bumpedFont15\">rgano parcialmente representado. Dicha i<\/span><\/span><span class=\"s15\"><span class=\"bumpedFont15\">nstituci\u00f3n solo ten\u00eda derecho a voz pero no a voto<\/span><\/span><span class=\"s15\"><span class=\"bumpedFont15\">. A<\/span><\/span><span class=\"s15\"><span class=\"bumpedFont15\">simismo<\/span><\/span><span class=\"s15\"><span class=\"bumpedFont15\">,<\/span><\/span><span class=\"s15\"><span class=\"bumpedFont15\"> el Instituto de las Mujeres actualmente ya no se encuentra legalm<\/span><\/span><span class=\"s15\"><span class=\"bumpedFont15\">ente constituido en ninguna ley\u201d.<\/span><\/span><\/p>\n<p class=\"s10\"><span class=\"s15\"><span class=\"bumpedFont15\">Por lo <\/span><\/span><span class=\"s15\"><span class=\"bumpedFont15\">anterior, se busca <\/span><\/span><span class=\"s15\"><span class=\"bumpedFont15\">que la <\/span><\/span><span class=\"s15\"><span class=\"bumpedFont15\">Secretar\u00eda<\/span><\/span><span class=\"s15\"><span class=\"bumpedFont15\"> de las Mujeres<\/span><\/span><span class=\"s15\"><span class=\"bumpedFont15\"> del gobierno de la ciudad<\/span><\/span><span class=\"s15\"><span class=\"bumpedFont15\"> se integre como \u00d3rgano de Representaci\u00f3n con voz y voto a la Junta de Gobierno de la <\/span><\/span><span class=\"s15\"><span class=\"bumpedFont15\">Comisi\u00f3n de Atenci\u00f3n a V\u00edctimas de la Ciudad de M\u00e9xico.<\/span><\/span><\/p>\n<p class=\"s10\"><span class=\"s15\"><span class=\"bumpedFont15\">De la misma manera<\/span><\/span><span class=\"s15\"><span class=\"bumpedFont15\">, parte de las reformas<\/span><\/span><span class=\"s15\"><span class=\"bumpedFont15\"> que<\/span><\/span><span class=\"s15\"><span class=\"bumpedFont15\"> se<\/span><\/span><span class=\"s15\"><span class=\"bumpedFont15\">pretenden <\/span><\/span><span class=\"s15\"><span class=\"bumpedFont15\">realizar<\/span><\/span><span class=\"s15\"><span class=\"bumpedFont15\"> incluyen la actualizaci\u00f3n de<\/span><\/span><span class=\"s15\"><span class=\"bumpedFont15\"> la nomenclatura de aquellas s<\/span><\/span><span class=\"s15\"><span class=\"bumpedFont15\">ecretar\u00edas que han cambiado de nombre<\/span><\/span><span class=\"s15\"><span class=\"bumpedFont15\">.<\/span><\/span> <span class=\"s15\"><span class=\"bumpedFont15\">P<\/span><\/span><span class=\"s15\"><span class=\"bumpedFont15\">or ejemplo<\/span><\/span><span class=\"s15\"><span class=\"bumpedFont15\">,<\/span><\/span><span class=\"s15\"><span class=\"bumpedFont15\"> se cita la Secretar\u00eda de Desarrollo Social, que ahora se denomina Secretar\u00eda de Inclusi\u00f3n y<\/span><\/span> <span class=\"s15\"><span class=\"bumpedFont15\">Bienestar Social<\/span><\/span><span class=\"s15\"><span class=\"bumpedFont15\">.<\/span><\/span><\/p>\n<p class=\"s10\"><span class=\"s8\"><span class=\"bumpedFont15\">A<\/span><\/span><span class=\"s8\"><span class=\"bumpedFont15\">rmonizaci\u00f3n de leyes <\/span><\/span><span class=\"s8\"><span class=\"bumpedFont15\">sobre<\/span><\/span><span class=\"s8\"><span class=\"bumpedFont15\"> protecci\u00f3n civil<\/span><\/span><\/p>\n<p class=\"s10\"><span class=\"s15\"><span class=\"bumpedFont15\">Por otra parte, l<\/span><\/span><span class=\"s15\"><span class=\"bumpedFont15\">os <\/span><\/span><span class=\"s15\"><span class=\"bumpedFont15\">diputados <\/span><\/span><span class=\"s15\"><span class=\"bumpedFont15\">integrantes del grupo parlamentario de MORENA, Esperanza Villalobos y Jos\u00e9 Luis D\u00edaz de Le\u00f3n, propusieron reformar la fracci\u00f3n XVI del art\u00edculo 33 de la Ley Org\u00e1nica del Poder Ejecutivo y de la Administraci\u00f3n P\u00fablica Local, para armonizarla con la Ley de Gesti\u00f3n Integral de Riesgos y Protecci\u00f3n Civil de la Ciudad de M\u00e9xico, que fue aprobada por este \u00f3rgano legislativo el 21 de mayo pasado.<\/span><\/span><\/p>\n<p class=\"s10\"><span class=\"s15\"><span class=\"bumpedFont15\">Lo anterior, c<\/span><\/span><span class=\"s15\"><span class=\"bumpedFont15\">on <\/span><\/span><span class=\"s15\"><span class=\"bumpedFont15\">la finalidad<\/span><\/span><span class=\"s15\"><span class=\"bumpedFont15\"> de garantizar que <\/span><\/span><span class=\"s15\"><span class=\"bumpedFont15\">se cumplan<\/span><\/span><span class=\"s15\"><span class=\"bumpedFont15\"> todos<\/span><\/span><span class=\"s15\"><span class=\"bumpedFont15\"> los objetivos en cuanto a la Gesti\u00f3n Integral de Riesgos y Protecci\u00f3n Civil<\/span><\/span><span class=\"s15\"><span class=\"bumpedFont15\">.<\/span><\/span> <span class=\"s15\"><span class=\"bumpedFont15\">P<\/span><\/span><span class=\"s15\"><span class=\"bumpedFont15\">ara ello <\/span><\/span><span class=\"s15\"><span class=\"bumpedFont15\">plantean<\/span><\/span><span class=\"s15\"><span class=\"bumpedFont15\"> eliminar la leyenda que indica que la Secretar\u00eda en la materia deber\u00e1 ordenar y practicar visitas en conjunto de las alcald\u00edas, para verificar el cumplimiento de la normativa correspondiente.<\/span><\/span><\/p>\n<p class=\"s10\"><span class=\"s15\"><span class=\"bumpedFont15\">De aceptarse esta <\/span><\/span><span class=\"s15\"><span class=\"bumpedFont15\">propuesta<\/span><\/span><span class=\"s15\"><span class=\"bumpedFont15\">,<\/span><\/span><span class=\"s15\"><span class=\"bumpedFont15\"> durante el an\u00e1lisis de las Comisiones Unidas de Ad<\/span><\/span><span class=\"s15\"><span class=\"bumpedFont15\">ministraci\u00f3n P\u00fablica Local, y<\/span><\/span><span class=\"s15\"><span class=\"bumpedFont15\">de Normatividad, Estudios y Pr\u00e1cticas Parlamentarias<\/span><\/span><span class=\"s15\"><span class=\"bumpedFont15\">, la redacci\u00f3n quedar\u00eda de la siguiente manera: <\/span><\/span><\/p>\n<p class=\"s10\"><span class=\"s14\"><span class=\"bumpedFont15\">\u201c<\/span><\/span><span class=\"s14\"><span class=\"bumpedFont15\">Ordenar y practicar visitas para verificar el cumplimiento de las Leyes, Reglamentos, Normas Oficiales Mexicanas, T\u00e9rminos de Referencia y Normas T\u00e9cnicas en materia de protecci\u00f3n civil en establecimientos mercantiles diferentes a los de bajo impacto, en t\u00e9rminos de la Ley de Establecimientos Mercantiles del Distrito Federal<\/span><\/span><span class=\"s14\"><span class=\"bumpedFont15\">\u201d<\/span><\/span><span class=\"s15\"><span class=\"bumpedFont15\">.<\/span><\/span><\/p>\n","protected":false},"excerpt":{"rendered":"<p>El diputado Jos\u00e9 Luis Rodr\u00edguez propone consolidar la representaci\u00f3n de las mujeres en la Ley de V\u00edctimas<br \/>\nPor Redacci\u00f3n QP<\/p>\n","protected":false},"author":2,"featured_media":36010,"comment_status":"open","ping_status":"open","sticky":false,"template":"","format":"standard","meta":{"_monsterinsights_skip_tracking":false,"_monsterinsights_sitenote_active":false,"_monsterinsights_sitenote_note":"","_monsterinsights_sitenote_category":0,"footnotes":""},"categories":[55],"tags":[],"class_list":["post-36011","post","type-post","status-publish","format-standard","has-post-thumbnail","hentry","category-cdmx"],"yoast_head":"<!-- This site is optimized with the Yoast SEO plugin v27.3 - https:\/\/yoast.com\/product\/yoast-seo-wordpress\/ -->\n<title>Desde el Curul\/\/\/El diputado Jos\u00e9 Luis Rodr\u00edguez propone consolidar la representaci\u00f3n de las mujeres en la Ley de V\u00edctimas -<\/title>\n<meta name=\"robots\" content=\"index, follow, max-snippet:-1, max-image-preview:large, max-video-preview:-1\" \/>\n<link rel=\"canonical\" href=\"https:\/\/quehacerpolitico.mx\/?p=36011\" \/>\n<meta property=\"og:locale\" content=\"es_MX\" \/>\n<meta property=\"og:type\" content=\"article\" \/>\n<meta property=\"og:title\" content=\"Desde el Curul\/\/\/El diputado Jos\u00e9 Luis Rodr\u00edguez propone consolidar la representaci\u00f3n de las mujeres en la Ley de V\u00edctimas -\" \/>\n<meta property=\"og:description\" content=\"El diputado Jos\u00e9 Luis Rodr\u00edguez propone consolidar la representaci\u00f3n de las mujeres en la Ley de V\u00edctimas Por Redacci\u00f3n QP\" \/>\n<meta property=\"og:url\" content=\"https:\/\/quehacerpolitico.mx\/?p=36011\" \/>\n<meta property=\"article:published_time\" content=\"2019-08-22T20:39:54+00:00\" \/>\n<meta name=\"author\" content=\"Redacci\u00f3n QP\" \/>\n<meta name=\"twitter:card\" content=\"summary_large_image\" \/>\n<meta name=\"twitter:label1\" content=\"Escrito por\" \/>\n\t<meta name=\"twitter:data1\" content=\"Redacci\u00f3n QP\" \/>\n\t<meta name=\"twitter:label2\" content=\"Tiempo de lectura\" \/>\n\t<meta name=\"twitter:data2\" content=\"3 minutos\" \/>\n<script type=\"application\/ld+json\" class=\"yoast-schema-graph\">{\"@context\":\"https:\\\/\\\/schema.org\",\"@graph\":[{\"@type\":\"Article\",\"@id\":\"https:\\\/\\\/quehacerpolitico.mx\\\/?p=36011#article\",\"isPartOf\":{\"@id\":\"https:\\\/\\\/quehacerpolitico.mx\\\/?p=36011\"},\"author\":{\"name\":\"Redacci\u00f3n QP\",\"@id\":\"https:\\\/\\\/quehacerpolitico.mx\\\/#\\\/schema\\\/person\\\/496d8ad2d1d3f8036101dca7ee39e585\"},\"headline\":\"Desde el Curul\\\/\\\/\\\/El diputado Jos\u00e9 Luis Rodr\u00edguez propone consolidar la representaci\u00f3n de las mujeres en la Ley de V\u00edctimas\",\"datePublished\":\"2019-08-22T20:39:54+00:00\",\"mainEntityOfPage\":{\"@id\":\"https:\\\/\\\/quehacerpolitico.mx\\\/?p=36011\"},\"wordCount\":576,\"commentCount\":0,\"image\":{\"@id\":\"https:\\\/\\\/quehacerpolitico.mx\\\/?p=36011#primaryimage\"},\"thumbnailUrl\":\"\",\"articleSection\":[\"CDMX\"],\"inLanguage\":\"es\",\"potentialAction\":[{\"@type\":\"CommentAction\",\"name\":\"Comment\",\"target\":[\"https:\\\/\\\/quehacerpolitico.mx\\\/?p=36011#respond\"]}]},{\"@type\":\"WebPage\",\"@id\":\"https:\\\/\\\/quehacerpolitico.mx\\\/?p=36011\",\"url\":\"https:\\\/\\\/quehacerpolitico.mx\\\/?p=36011\",\"name\":\"Desde el Curul\\\/\\\/\\\/El diputado Jos\u00e9 Luis Rodr\u00edguez propone consolidar la representaci\u00f3n de las mujeres en la Ley de V\u00edctimas -\",\"isPartOf\":{\"@id\":\"https:\\\/\\\/quehacerpolitico.mx\\\/#website\"},\"primaryImageOfPage\":{\"@id\":\"https:\\\/\\\/quehacerpolitico.mx\\\/?p=36011#primaryimage\"},\"image\":{\"@id\":\"https:\\\/\\\/quehacerpolitico.mx\\\/?p=36011#primaryimage\"},\"thumbnailUrl\":\"\",\"datePublished\":\"2019-08-22T20:39:54+00:00\",\"author\":{\"@id\":\"https:\\\/\\\/quehacerpolitico.mx\\\/#\\\/schema\\\/person\\\/496d8ad2d1d3f8036101dca7ee39e585\"},\"breadcrumb\":{\"@id\":\"https:\\\/\\\/quehacerpolitico.mx\\\/?p=36011#breadcrumb\"},\"inLanguage\":\"es\",\"potentialAction\":[{\"@type\":\"ReadAction\",\"target\":[\"https:\\\/\\\/quehacerpolitico.mx\\\/?p=36011\"]}]},{\"@type\":\"ImageObject\",\"inLanguage\":\"es\",\"@id\":\"https:\\\/\\\/quehacerpolitico.mx\\\/?p=36011#primaryimage\",\"url\":\"\",\"contentUrl\":\"\"},{\"@type\":\"BreadcrumbList\",\"@id\":\"https:\\\/\\\/quehacerpolitico.mx\\\/?p=36011#breadcrumb\",\"itemListElement\":[{\"@type\":\"ListItem\",\"position\":1,\"name\":\"Inicio\",\"item\":\"https:\\\/\\\/quehacerpolitico.mx\\\/\"},{\"@type\":\"ListItem\",\"position\":2,\"name\":\"Desde el Curul\\\/\\\/\\\/El diputado Jos\u00e9 Luis Rodr\u00edguez propone consolidar la representaci\u00f3n de las mujeres en la Ley de V\u00edctimas\"}]},{\"@type\":\"WebSite\",\"@id\":\"https:\\\/\\\/quehacerpolitico.mx\\\/#website\",\"url\":\"https:\\\/\\\/quehacerpolitico.mx\\\/\",\"name\":\"\",\"description\":\"\",\"potentialAction\":[{\"@type\":\"SearchAction\",\"target\":{\"@type\":\"EntryPoint\",\"urlTemplate\":\"https:\\\/\\\/quehacerpolitico.mx\\\/?s={search_term_string}\"},\"query-input\":{\"@type\":\"PropertyValueSpecification\",\"valueRequired\":true,\"valueName\":\"search_term_string\"}}],\"inLanguage\":\"es\"},{\"@type\":\"Person\",\"@id\":\"https:\\\/\\\/quehacerpolitico.mx\\\/#\\\/schema\\\/person\\\/496d8ad2d1d3f8036101dca7ee39e585\",\"name\":\"Redacci\u00f3n QP\",\"image\":{\"@type\":\"ImageObject\",\"inLanguage\":\"es\",\"@id\":\"https:\\\/\\\/secure.gravatar.com\\\/avatar\\\/c7164ed6fdec453195284ad24a5ae5b6e1eed2b848477fa2a4787ba9adf39a41?s=96&d=mm&r=g\",\"url\":\"https:\\\/\\\/secure.gravatar.com\\\/avatar\\\/c7164ed6fdec453195284ad24a5ae5b6e1eed2b848477fa2a4787ba9adf39a41?s=96&d=mm&r=g\",\"contentUrl\":\"https:\\\/\\\/secure.gravatar.com\\\/avatar\\\/c7164ed6fdec453195284ad24a5ae5b6e1eed2b848477fa2a4787ba9adf39a41?s=96&d=mm&r=g\",\"caption\":\"Redacci\u00f3n QP\"},\"url\":\"https:\\\/\\\/quehacerpolitico.mx\\\/?author=2\"}]}<\/script>\n<!-- \/ Yoast SEO plugin. -->","yoast_head_json":{"title":"Desde el Curul\/\/\/El diputado Jos\u00e9 Luis Rodr\u00edguez propone consolidar la representaci\u00f3n de las mujeres en la Ley de V\u00edctimas -","robots":{"index":"index","follow":"follow","max-snippet":"max-snippet:-1","max-image-preview":"max-image-preview:large","max-video-preview":"max-video-preview:-1"},"canonical":"https:\/\/quehacerpolitico.mx\/?p=36011","og_locale":"es_MX","og_type":"article","og_title":"Desde el Curul\/\/\/El diputado Jos\u00e9 Luis Rodr\u00edguez propone consolidar la representaci\u00f3n de las mujeres en la Ley de V\u00edctimas -","og_description":"El diputado Jos\u00e9 Luis Rodr\u00edguez propone consolidar la representaci\u00f3n de las mujeres en la Ley de V\u00edctimas Por Redacci\u00f3n QP","og_url":"https:\/\/quehacerpolitico.mx\/?p=36011","article_published_time":"2019-08-22T20:39:54+00:00","author":"Redacci\u00f3n QP","twitter_card":"summary_large_image","twitter_misc":{"Escrito por":"Redacci\u00f3n QP","Tiempo de lectura":"3 minutos"},"schema":{"@context":"https:\/\/schema.org","@graph":[{"@type":"Article","@id":"https:\/\/quehacerpolitico.mx\/?p=36011#article","isPartOf":{"@id":"https:\/\/quehacerpolitico.mx\/?p=36011"},"author":{"name":"Redacci\u00f3n QP","@id":"https:\/\/quehacerpolitico.mx\/#\/schema\/person\/496d8ad2d1d3f8036101dca7ee39e585"},"headline":"Desde el Curul\/\/\/El diputado Jos\u00e9 Luis Rodr\u00edguez propone consolidar la representaci\u00f3n de las mujeres en la Ley de V\u00edctimas","datePublished":"2019-08-22T20:39:54+00:00","mainEntityOfPage":{"@id":"https:\/\/quehacerpolitico.mx\/?p=36011"},"wordCount":576,"commentCount":0,"image":{"@id":"https:\/\/quehacerpolitico.mx\/?p=36011#primaryimage"},"thumbnailUrl":"","articleSection":["CDMX"],"inLanguage":"es","potentialAction":[{"@type":"CommentAction","name":"Comment","target":["https:\/\/quehacerpolitico.mx\/?p=36011#respond"]}]},{"@type":"WebPage","@id":"https:\/\/quehacerpolitico.mx\/?p=36011","url":"https:\/\/quehacerpolitico.mx\/?p=36011","name":"Desde el Curul\/\/\/El diputado Jos\u00e9 Luis Rodr\u00edguez propone consolidar la representaci\u00f3n de las mujeres en la Ley de V\u00edctimas -","isPartOf":{"@id":"https:\/\/quehacerpolitico.mx\/#website"},"primaryImageOfPage":{"@id":"https:\/\/quehacerpolitico.mx\/?p=36011#primaryimage"},"image":{"@id":"https:\/\/quehacerpolitico.mx\/?p=36011#primaryimage"},"thumbnailUrl":"","datePublished":"2019-08-22T20:39:54+00:00","author":{"@id":"https:\/\/quehacerpolitico.mx\/#\/schema\/person\/496d8ad2d1d3f8036101dca7ee39e585"},"breadcrumb":{"@id":"https:\/\/quehacerpolitico.mx\/?p=36011#breadcrumb"},"inLanguage":"es","potentialAction":[{"@type":"ReadAction","target":["https:\/\/quehacerpolitico.mx\/?p=36011"]}]},{"@type":"ImageObject","inLanguage":"es","@id":"https:\/\/quehacerpolitico.mx\/?p=36011#primaryimage","url":"","contentUrl":""},{"@type":"BreadcrumbList","@id":"https:\/\/quehacerpolitico.mx\/?p=36011#breadcrumb","itemListElement":[{"@type":"ListItem","position":1,"name":"Inicio","item":"https:\/\/quehacerpolitico.mx\/"},{"@type":"ListItem","position":2,"name":"Desde el Curul\/\/\/El diputado Jos\u00e9 Luis Rodr\u00edguez propone consolidar la representaci\u00f3n de las mujeres en la Ley de V\u00edctimas"}]},{"@type":"WebSite","@id":"https:\/\/quehacerpolitico.mx\/#website","url":"https:\/\/quehacerpolitico.mx\/","name":"","description":"","potentialAction":[{"@type":"SearchAction","target":{"@type":"EntryPoint","urlTemplate":"https:\/\/quehacerpolitico.mx\/?s={search_term_string}"},"query-input":{"@type":"PropertyValueSpecification","valueRequired":true,"valueName":"search_term_string"}}],"inLanguage":"es"},{"@type":"Person","@id":"https:\/\/quehacerpolitico.mx\/#\/schema\/person\/496d8ad2d1d3f8036101dca7ee39e585","name":"Redacci\u00f3n QP","image":{"@type":"ImageObject","inLanguage":"es","@id":"https:\/\/secure.gravatar.com\/avatar\/c7164ed6fdec453195284ad24a5ae5b6e1eed2b848477fa2a4787ba9adf39a41?s=96&d=mm&r=g","url":"https:\/\/secure.gravatar.com\/avatar\/c7164ed6fdec453195284ad24a5ae5b6e1eed2b848477fa2a4787ba9adf39a41?s=96&d=mm&r=g","contentUrl":"https:\/\/secure.gravatar.com\/avatar\/c7164ed6fdec453195284ad24a5ae5b6e1eed2b848477fa2a4787ba9adf39a41?s=96&d=mm&r=g","caption":"Redacci\u00f3n QP"},"url":"https:\/\/quehacerpolitico.mx\/?author=2"}]}},"featured_image_urls":{"full":"","thumbnail":"","medium":"","medium_large":"","large":"","1536x1536":"","2048x2048":"","covernews-featured":"","covernews-medium":""},"author_info":{"display_name":"Redacci\u00f3n QP","author_link":"https:\/\/quehacerpolitico.mx\/?author=2"},"category_info":"<a href=\"https:\/\/quehacerpolitico.mx\/?cat=55\" rel=\"category\">CDMX<\/a>","tag_info":"CDMX","comment_count":"0","_links":{"self":[{"href":"https:\/\/quehacerpolitico.mx\/index.php?rest_route=\/wp\/v2\/posts\/36011","targetHints":{"allow":["GET"]}}],"collection":[{"href":"https:\/\/quehacerpolitico.mx\/index.php?rest_route=\/wp\/v2\/posts"}],"about":[{"href":"https:\/\/quehacerpolitico.mx\/index.php?rest_route=\/wp\/v2\/types\/post"}],"author":[{"embeddable":true,"href":"https:\/\/quehacerpolitico.mx\/index.php?rest_route=\/wp\/v2\/users\/2"}],"replies":[{"embeddable":true,"href":"https:\/\/quehacerpolitico.mx\/index.php?rest_route=%2Fwp%2Fv2%2Fcomments&post=36011"}],"version-history":[{"count":0,"href":"https:\/\/quehacerpolitico.mx\/index.php?rest_route=\/wp\/v2\/posts\/36011\/revisions"}],"wp:featuredmedia":[{"embeddable":true,"href":"https:\/\/quehacerpolitico.mx\/index.php?rest_route=\/"}],"wp:attachment":[{"href":"https:\/\/quehacerpolitico.mx\/index.php?rest_route=%2Fwp%2Fv2%2Fmedia&parent=36011"}],"wp:term":[{"taxonomy":"category","embeddable":true,"href":"https:\/\/quehacerpolitico.mx\/index.php?rest_route=%2Fwp%2Fv2%2Fcategories&post=36011"},{"taxonomy":"post_tag","embeddable":true,"href":"https:\/\/quehacerpolitico.mx\/index.php?rest_route=%2Fwp%2Fv2%2Ftags&post=36011"}],"curies":[{"name":"wp","href":"https:\/\/api.w.org\/{rel}","templated":true}]}}