{"id":35838,"date":"2019-08-21T14:55:09","date_gmt":"2019-08-21T14:55:09","guid":{"rendered":"http:\/\/quehacerpolitico.mx\/internacionales-carolina-alonso-romei-maduro-y-trump-confirman-contacto-entre-sus-gobiernos\/"},"modified":"2019-08-21T14:55:09","modified_gmt":"2019-08-21T14:55:09","slug":"internacionales-carolina-alonso-romei-maduro-y-trump-confirman-contacto-entre-sus-gobiernos","status":"publish","type":"post","link":"https:\/\/quehacerpolitico.mx\/?p=35838","title":{"rendered":"Internacionales\/\/\/Carolina Alonso Romei\/\/\/Maduro y Trump confirman contacto entre sus gobiernos"},"content":{"rendered":"<h1 class=\"news-title\">Maduro y Trump confirman contacto entre sus gobiernos<\/h1>\n<p>Por Carolina Alonso Romei\u00a0<\/p>\n<p>Internacionalista\u00a0<\/p>\n<header class=\"news-header\">\n<div class=\"news-subtitle\">\n<p>Los mandatarios se\u00f1alan que hay incipientes charlas de \u201cmuy alto nivel\u201d<\/p>\n<\/div>\n<\/header>\n<div class=\"news-content\">\n<div class=\"news-body row\">\n<p>El presidente de Estados Unidos, Donald Trump, dijo que su Gobierno mantiene conversaciones \u201ca nivel muy alto\u201d con funcionarios de Venezuela, aunque Washington desconoce la legitimidad de Nicol\u00e1s Maduro.<\/p>\n<p><strong>\u201cEstamos en contacto, estamos hablando con varios representantes en Venezuela. No quiero decir qui\u00e9n, pero estamos hablando a un nivel muy alto.<\/strong> Nos mantenemos al margen, pero estamos ayudando. Venezuela necesita mucha ayuda. Hace 15 a\u00f1os era uno de los pa\u00edses m\u00e1s ricos, ahora es uno de los pa\u00edses m\u00e1s pobres\u201d, apunt\u00f3 Trump.<\/p>\n<p>Por su parte, Nicol\u00e1s Maduro tambi\u00e9n ratific\u00f3 los contactos, avalando las declaraciones ofrecidas por su hom\u00f3logo estadounidense, Donald Trump.<\/p>\n<p><strong>\u201cConfirmo que desde hace meses hay contactos de altos funcionarios del Gobierno de Estados Unidos, de Donald Trump, y del Gobierno bolivariano que yo presido bajo mi autorizaci\u00f3n expresa, directa, varios contactos, varias v\u00edas, para buscar regular este conflicto\u201d, dijo Maduro.<\/strong><\/p>\n<p>La agencia de noticias Associated Press adelant\u00f3 que Diosdado Cabello, el segundo hombre al mando de Venezuela, se reuni\u00f3 el mes pasado en Caracas con una persona en contacto cercano con el Gobierno de Trump y que se est\u00e1 organizando un segundo encuentro.<\/p>\n<p>Estados Unidos y medio centenar de pa\u00edses reconocen al l\u00edder opositor y jefe parlamentario Juan Guaid\u00f3 como presidente interino de Venezuela, y promueven la partida de Maduro, cuya administraci\u00f3n consideran una \u201cdictadura\u201d, y la realizaci\u00f3n de nuevas elecciones libres y transparentes.<\/p>\n<h4>Pide Unicef 70 MDD de ayuda para ni\u00f1os venezolanos<\/h4>\n<p>El Fondo de las Naciones Unidas para la Infancia (Unicef) lanz\u00f3 un llamado para recaudar 70 millones de d\u00f3lares (MDD) con la intenci\u00f3n de proveer ayuda imprescindible para la supervivencia a 900 mil ni\u00f1os en distintas partes de Venezuela, de aqu\u00ed a finales de a\u00f1o.<\/p>\n<p><strong>\u201cEn torno a 3.2 millones de ni\u00f1os en Venezuela necesitan ayuda humanitaria mientras las condiciones en el pa\u00eds contin\u00faan deterior\u00e1ndose\u201d,<\/strong> asegur\u00f3 la directora de Unicef, Henrietta Fore.<\/p>\n<p>La Unicef considera que las pr\u00f3ximas semanas son \u201cesenciales\u201d para el organismo y sus socios de cara a satisfacer las necesidades humanitarias de ni\u00f1os y familias en la naci\u00f3n chavista.<\/p>\n<p>De acuerdo con Fore, la organizaci\u00f3n est\u00e1 incrementando su trabajo para ayudar a las \u00a0\u201cpersonas que sufren escasez de alimentos y acceso limitado a servicios esenciales como salud, agua potable y educaci\u00f3n\u201d.<\/p>\n<p>Unicef calcula que 4.3 millones de personas en Venezuela <strong>no tienen agua potable ni vacunas contra diversas enfermedades como la difteria y el sarampi\u00f3n, mientras males como la fiebre y la malaria aumentan.<\/strong><\/p>\n<p>Adem\u00e1s, estima que 1.3 millones de ni\u00f1os necesitan servicios de protecci\u00f3n y otro mill\u00f3n de menores no est\u00e1 escolarizado.<\/p>\n<\/div>\n<\/div>\n","protected":false},"excerpt":{"rendered":"<p>Maduro y Trump confirman contacto entre sus gobiernos<br \/>\nPor Carolina Alonso Romei<br \/>\nInternacionalista<\/p>\n","protected":false},"author":2,"featured_media":35837,"comment_status":"open","ping_status":"open","sticky":false,"template":"","format":"standard","meta":{"_monsterinsights_skip_tracking":false,"_monsterinsights_sitenote_active":false,"_monsterinsights_sitenote_note":"","_monsterinsights_sitenote_category":0,"footnotes":""},"categories":[1],"tags":[],"class_list":["post-35838","post","type-post","status-publish","format-standard","has-post-thumbnail","hentry","category-sin-categoria"],"yoast_head":"<!-- This site is optimized with the Yoast SEO plugin v27.3 - https:\/\/yoast.com\/product\/yoast-seo-wordpress\/ -->\n<title>Internacionales\/\/\/Carolina Alonso Romei\/\/\/Maduro y Trump confirman contacto entre sus gobiernos -<\/title>\n<meta name=\"robots\" content=\"index, follow, max-snippet:-1, max-image-preview:large, max-video-preview:-1\" \/>\n<link rel=\"canonical\" href=\"https:\/\/quehacerpolitico.mx\/?p=35838\" \/>\n<meta property=\"og:locale\" content=\"es_MX\" \/>\n<meta property=\"og:type\" content=\"article\" \/>\n<meta property=\"og:title\" content=\"Internacionales\/\/\/Carolina Alonso Romei\/\/\/Maduro y Trump confirman contacto entre sus gobiernos -\" \/>\n<meta property=\"og:description\" content=\"Maduro y Trump confirman contacto entre sus gobiernos Por Carolina Alonso Romei Internacionalista\" \/>\n<meta property=\"og:url\" content=\"https:\/\/quehacerpolitico.mx\/?p=35838\" \/>\n<meta property=\"article:published_time\" content=\"2019-08-21T14:55:09+00:00\" \/>\n<meta name=\"author\" content=\"Redacci\u00f3n QP\" \/>\n<meta name=\"twitter:card\" content=\"summary_large_image\" \/>\n<meta name=\"twitter:label1\" content=\"Escrito por\" \/>\n\t<meta name=\"twitter:data1\" content=\"Redacci\u00f3n QP\" \/>\n\t<meta name=\"twitter:label2\" content=\"Tiempo de lectura\" \/>\n\t<meta name=\"twitter:data2\" content=\"2 minutos\" \/>\n<script type=\"application\/ld+json\" class=\"yoast-schema-graph\">{\"@context\":\"https:\\\/\\\/schema.org\",\"@graph\":[{\"@type\":\"Article\",\"@id\":\"https:\\\/\\\/quehacerpolitico.mx\\\/?p=35838#article\",\"isPartOf\":{\"@id\":\"https:\\\/\\\/quehacerpolitico.mx\\\/?p=35838\"},\"author\":{\"name\":\"Redacci\u00f3n QP\",\"@id\":\"https:\\\/\\\/quehacerpolitico.mx\\\/#\\\/schema\\\/person\\\/496d8ad2d1d3f8036101dca7ee39e585\"},\"headline\":\"Internacionales\\\/\\\/\\\/Carolina Alonso Romei\\\/\\\/\\\/Maduro y Trump confirman contacto entre sus gobiernos\",\"datePublished\":\"2019-08-21T14:55:09+00:00\",\"mainEntityOfPage\":{\"@id\":\"https:\\\/\\\/quehacerpolitico.mx\\\/?p=35838\"},\"wordCount\":486,\"commentCount\":0,\"image\":{\"@id\":\"https:\\\/\\\/quehacerpolitico.mx\\\/?p=35838#primaryimage\"},\"thumbnailUrl\":\"\",\"articleSection\":[\"Internacionales\"],\"inLanguage\":\"es\",\"potentialAction\":[{\"@type\":\"CommentAction\",\"name\":\"Comment\",\"target\":[\"https:\\\/\\\/quehacerpolitico.mx\\\/?p=35838#respond\"]}]},{\"@type\":\"WebPage\",\"@id\":\"https:\\\/\\\/quehacerpolitico.mx\\\/?p=35838\",\"url\":\"https:\\\/\\\/quehacerpolitico.mx\\\/?p=35838\",\"name\":\"Internacionales\\\/\\\/\\\/Carolina Alonso Romei\\\/\\\/\\\/Maduro y Trump confirman contacto entre sus gobiernos -\",\"isPartOf\":{\"@id\":\"https:\\\/\\\/quehacerpolitico.mx\\\/#website\"},\"primaryImageOfPage\":{\"@id\":\"https:\\\/\\\/quehacerpolitico.mx\\\/?p=35838#primaryimage\"},\"image\":{\"@id\":\"https:\\\/\\\/quehacerpolitico.mx\\\/?p=35838#primaryimage\"},\"thumbnailUrl\":\"\",\"datePublished\":\"2019-08-21T14:55:09+00:00\",\"author\":{\"@id\":\"https:\\\/\\\/quehacerpolitico.mx\\\/#\\\/schema\\\/person\\\/496d8ad2d1d3f8036101dca7ee39e585\"},\"breadcrumb\":{\"@id\":\"https:\\\/\\\/quehacerpolitico.mx\\\/?p=35838#breadcrumb\"},\"inLanguage\":\"es\",\"potentialAction\":[{\"@type\":\"ReadAction\",\"target\":[\"https:\\\/\\\/quehacerpolitico.mx\\\/?p=35838\"]}]},{\"@type\":\"ImageObject\",\"inLanguage\":\"es\",\"@id\":\"https:\\\/\\\/quehacerpolitico.mx\\\/?p=35838#primaryimage\",\"url\":\"\",\"contentUrl\":\"\"},{\"@type\":\"BreadcrumbList\",\"@id\":\"https:\\\/\\\/quehacerpolitico.mx\\\/?p=35838#breadcrumb\",\"itemListElement\":[{\"@type\":\"ListItem\",\"position\":1,\"name\":\"Inicio\",\"item\":\"https:\\\/\\\/quehacerpolitico.mx\\\/\"},{\"@type\":\"ListItem\",\"position\":2,\"name\":\"Internacionales\\\/\\\/\\\/Carolina Alonso Romei\\\/\\\/\\\/Maduro y Trump confirman contacto entre sus gobiernos\"}]},{\"@type\":\"WebSite\",\"@id\":\"https:\\\/\\\/quehacerpolitico.mx\\\/#website\",\"url\":\"https:\\\/\\\/quehacerpolitico.mx\\\/\",\"name\":\"\",\"description\":\"\",\"potentialAction\":[{\"@type\":\"SearchAction\",\"target\":{\"@type\":\"EntryPoint\",\"urlTemplate\":\"https:\\\/\\\/quehacerpolitico.mx\\\/?s={search_term_string}\"},\"query-input\":{\"@type\":\"PropertyValueSpecification\",\"valueRequired\":true,\"valueName\":\"search_term_string\"}}],\"inLanguage\":\"es\"},{\"@type\":\"Person\",\"@id\":\"https:\\\/\\\/quehacerpolitico.mx\\\/#\\\/schema\\\/person\\\/496d8ad2d1d3f8036101dca7ee39e585\",\"name\":\"Redacci\u00f3n QP\",\"image\":{\"@type\":\"ImageObject\",\"inLanguage\":\"es\",\"@id\":\"https:\\\/\\\/secure.gravatar.com\\\/avatar\\\/c7164ed6fdec453195284ad24a5ae5b6e1eed2b848477fa2a4787ba9adf39a41?s=96&d=mm&r=g\",\"url\":\"https:\\\/\\\/secure.gravatar.com\\\/avatar\\\/c7164ed6fdec453195284ad24a5ae5b6e1eed2b848477fa2a4787ba9adf39a41?s=96&d=mm&r=g\",\"contentUrl\":\"https:\\\/\\\/secure.gravatar.com\\\/avatar\\\/c7164ed6fdec453195284ad24a5ae5b6e1eed2b848477fa2a4787ba9adf39a41?s=96&d=mm&r=g\",\"caption\":\"Redacci\u00f3n QP\"},\"url\":\"https:\\\/\\\/quehacerpolitico.mx\\\/?author=2\"}]}<\/script>\n<!-- \/ Yoast SEO plugin. -->","yoast_head_json":{"title":"Internacionales\/\/\/Carolina Alonso Romei\/\/\/Maduro y Trump confirman contacto entre sus gobiernos -","robots":{"index":"index","follow":"follow","max-snippet":"max-snippet:-1","max-image-preview":"max-image-preview:large","max-video-preview":"max-video-preview:-1"},"canonical":"https:\/\/quehacerpolitico.mx\/?p=35838","og_locale":"es_MX","og_type":"article","og_title":"Internacionales\/\/\/Carolina Alonso Romei\/\/\/Maduro y Trump confirman contacto entre sus gobiernos -","og_description":"Maduro y Trump confirman contacto entre sus gobiernos Por Carolina Alonso Romei Internacionalista","og_url":"https:\/\/quehacerpolitico.mx\/?p=35838","article_published_time":"2019-08-21T14:55:09+00:00","author":"Redacci\u00f3n QP","twitter_card":"summary_large_image","twitter_misc":{"Escrito por":"Redacci\u00f3n QP","Tiempo de lectura":"2 minutos"},"schema":{"@context":"https:\/\/schema.org","@graph":[{"@type":"Article","@id":"https:\/\/quehacerpolitico.mx\/?p=35838#article","isPartOf":{"@id":"https:\/\/quehacerpolitico.mx\/?p=35838"},"author":{"name":"Redacci\u00f3n QP","@id":"https:\/\/quehacerpolitico.mx\/#\/schema\/person\/496d8ad2d1d3f8036101dca7ee39e585"},"headline":"Internacionales\/\/\/Carolina Alonso Romei\/\/\/Maduro y Trump confirman contacto entre sus gobiernos","datePublished":"2019-08-21T14:55:09+00:00","mainEntityOfPage":{"@id":"https:\/\/quehacerpolitico.mx\/?p=35838"},"wordCount":486,"commentCount":0,"image":{"@id":"https:\/\/quehacerpolitico.mx\/?p=35838#primaryimage"},"thumbnailUrl":"","articleSection":["Internacionales"],"inLanguage":"es","potentialAction":[{"@type":"CommentAction","name":"Comment","target":["https:\/\/quehacerpolitico.mx\/?p=35838#respond"]}]},{"@type":"WebPage","@id":"https:\/\/quehacerpolitico.mx\/?p=35838","url":"https:\/\/quehacerpolitico.mx\/?p=35838","name":"Internacionales\/\/\/Carolina Alonso Romei\/\/\/Maduro y Trump confirman contacto entre sus gobiernos -","isPartOf":{"@id":"https:\/\/quehacerpolitico.mx\/#website"},"primaryImageOfPage":{"@id":"https:\/\/quehacerpolitico.mx\/?p=35838#primaryimage"},"image":{"@id":"https:\/\/quehacerpolitico.mx\/?p=35838#primaryimage"},"thumbnailUrl":"","datePublished":"2019-08-21T14:55:09+00:00","author":{"@id":"https:\/\/quehacerpolitico.mx\/#\/schema\/person\/496d8ad2d1d3f8036101dca7ee39e585"},"breadcrumb":{"@id":"https:\/\/quehacerpolitico.mx\/?p=35838#breadcrumb"},"inLanguage":"es","potentialAction":[{"@type":"ReadAction","target":["https:\/\/quehacerpolitico.mx\/?p=35838"]}]},{"@type":"ImageObject","inLanguage":"es","@id":"https:\/\/quehacerpolitico.mx\/?p=35838#primaryimage","url":"","contentUrl":""},{"@type":"BreadcrumbList","@id":"https:\/\/quehacerpolitico.mx\/?p=35838#breadcrumb","itemListElement":[{"@type":"ListItem","position":1,"name":"Inicio","item":"https:\/\/quehacerpolitico.mx\/"},{"@type":"ListItem","position":2,"name":"Internacionales\/\/\/Carolina Alonso Romei\/\/\/Maduro y Trump confirman contacto entre sus gobiernos"}]},{"@type":"WebSite","@id":"https:\/\/quehacerpolitico.mx\/#website","url":"https:\/\/quehacerpolitico.mx\/","name":"","description":"","potentialAction":[{"@type":"SearchAction","target":{"@type":"EntryPoint","urlTemplate":"https:\/\/quehacerpolitico.mx\/?s={search_term_string}"},"query-input":{"@type":"PropertyValueSpecification","valueRequired":true,"valueName":"search_term_string"}}],"inLanguage":"es"},{"@type":"Person","@id":"https:\/\/quehacerpolitico.mx\/#\/schema\/person\/496d8ad2d1d3f8036101dca7ee39e585","name":"Redacci\u00f3n QP","image":{"@type":"ImageObject","inLanguage":"es","@id":"https:\/\/secure.gravatar.com\/avatar\/c7164ed6fdec453195284ad24a5ae5b6e1eed2b848477fa2a4787ba9adf39a41?s=96&d=mm&r=g","url":"https:\/\/secure.gravatar.com\/avatar\/c7164ed6fdec453195284ad24a5ae5b6e1eed2b848477fa2a4787ba9adf39a41?s=96&d=mm&r=g","contentUrl":"https:\/\/secure.gravatar.com\/avatar\/c7164ed6fdec453195284ad24a5ae5b6e1eed2b848477fa2a4787ba9adf39a41?s=96&d=mm&r=g","caption":"Redacci\u00f3n QP"},"url":"https:\/\/quehacerpolitico.mx\/?author=2"}]}},"featured_image_urls":{"full":"","thumbnail":"","medium":"","medium_large":"","large":"","1536x1536":"","2048x2048":"","covernews-featured":"","covernews-medium":""},"author_info":{"display_name":"Redacci\u00f3n QP","author_link":"https:\/\/quehacerpolitico.mx\/?author=2"},"category_info":"<a href=\"https:\/\/quehacerpolitico.mx\/?cat=1\" rel=\"category\">Internacionales<\/a>","tag_info":"Internacionales","comment_count":"0","_links":{"self":[{"href":"https:\/\/quehacerpolitico.mx\/index.php?rest_route=\/wp\/v2\/posts\/35838","targetHints":{"allow":["GET"]}}],"collection":[{"href":"https:\/\/quehacerpolitico.mx\/index.php?rest_route=\/wp\/v2\/posts"}],"about":[{"href":"https:\/\/quehacerpolitico.mx\/index.php?rest_route=\/wp\/v2\/types\/post"}],"author":[{"embeddable":true,"href":"https:\/\/quehacerpolitico.mx\/index.php?rest_route=\/wp\/v2\/users\/2"}],"replies":[{"embeddable":true,"href":"https:\/\/quehacerpolitico.mx\/index.php?rest_route=%2Fwp%2Fv2%2Fcomments&post=35838"}],"version-history":[{"count":0,"href":"https:\/\/quehacerpolitico.mx\/index.php?rest_route=\/wp\/v2\/posts\/35838\/revisions"}],"wp:featuredmedia":[{"embeddable":true,"href":"https:\/\/quehacerpolitico.mx\/index.php?rest_route=\/"}],"wp:attachment":[{"href":"https:\/\/quehacerpolitico.mx\/index.php?rest_route=%2Fwp%2Fv2%2Fmedia&parent=35838"}],"wp:term":[{"taxonomy":"category","embeddable":true,"href":"https:\/\/quehacerpolitico.mx\/index.php?rest_route=%2Fwp%2Fv2%2Fcategories&post=35838"},{"taxonomy":"post_tag","embeddable":true,"href":"https:\/\/quehacerpolitico.mx\/index.php?rest_route=%2Fwp%2Fv2%2Ftags&post=35838"}],"curies":[{"name":"wp","href":"https:\/\/api.w.org\/{rel}","templated":true}]}}