{"id":35823,"date":"2019-08-21T13:46:30","date_gmt":"2019-08-21T13:46:30","guid":{"rendered":"http:\/\/quehacerpolitico.mx\/batres-impugnara-proceso-ante-morena-pero-no-ante-instancias-judiciales\/"},"modified":"2019-08-21T13:46:30","modified_gmt":"2019-08-21T13:46:30","slug":"batres-impugnara-proceso-ante-morena-pero-no-ante-instancias-judiciales","status":"publish","type":"post","link":"https:\/\/quehacerpolitico.mx\/?p=35823","title":{"rendered":"Batres impugnar\u00e1 proceso ante Morena, pero no ante instancias judiciales"},"content":{"rendered":"<h1 class=\"news-title\">Batres impugnar\u00e1 proceso ante Morena, pero no ante instancias judiciales<\/h1>\n<p>Por Redacci\u00f3n QP<\/p>\n<header class=\"news-header\">\n<div class=\"news-subtitle\">\n<p>Acudir\u00e1 a\u00a0la Comisi\u00f3n Nacional de Honor y Justicia de Morena para denunciar le fraude que, afirma, existi\u00f3 en la\u00a0la elecci\u00f3n de la Mesa Directiva del Senado<\/p>\n<\/div>\n<\/header>\n<div class=\"news-content\">\n<div class=\"news-body row\">\n<p>El senador <strong>Mart\u00ed Batres presentar\u00e1 ante la Comisi\u00f3n Nacional de Honor y Justicia de Morena una impugnaci\u00f3n contra el procedimiento para la elecci\u00f3n de la Mesa Directiva del Segundo A\u00f1o de la LXIVLegislatura federal<\/strong> por presuntas irregularidades, pero descart\u00f3 judicializar el asunto luego de que Ricardo Monreal lo llamo a presentar una denuncia penal<\/p>\n<p>En conferencia de prensa el a\u00fan presidente del Senado, quien manifest\u00f3 siempre su deseo de continuar en ese cargo, indic\u00f3 que el prop\u00f3sito de la impugnaci\u00f3n que presentar\u00e1 en breve es <strong>que se reponga el proceso debido a que, seg\u00fan \u00e9l, hubo fraude y no se respetaron los t\u00e9rminos de la convocatoria.<\/strong><\/p>\n<p>Rechazo definir qu\u00e9 tipos de amenazas, chantajes, presiones y &#8220;ca\u00f1onazos&#8221; recibieron algunos de los senadores que habr\u00edan votaron en esa elecci\u00f3n, pues dijo que no ten\u00eda la autorizaci\u00f3n de los propios compa\u00f1eros para exponerlos y que cada quien escribir\u00e1 su historia y se sabr\u00e1n con el tiempo.<\/p>\n<p>Aclar\u00f3 que no judicializar\u00e1 esta situaci\u00f3n luego del exhorto que hizo el coordinador de Morena en el Senado, Ricardo Monreal \u00c1vila, en el sentido de que si hay pruebas de esas acusaciones tan graves deber\u00eda de presentar una denuncia penal, pues esas cosas no se pueden pasar por alto.<\/p>\n<p>&#8220;No me interesa penalizar el tema y cada quien conoce las historias y cada quien en su momento contar\u00e1 su historia. Eso lo dejo ya al ejercicio de cada uno de los compa\u00f1eros y compa\u00f1eras&#8221;, dijo.<\/p>\n<p>Reiter\u00f3 el agradecimiento a\u00a0los senadores que lo favorecieron con su voto para que continuar\u00e1 en la Mesa Directiva.<\/p>\n<p>Batres Guadarrama hizo un llamado a todos para unirse en torno a la agenda legislativa de transformaci\u00f3n para el pa\u00eds, que se discutir\u00e1 y votar\u00e1 en el periodo ordinario de sesiones que inicia el 1 de septiembre.<\/p>\n<p>Batres Guadarrama afirm\u00f3 que \u00e9l ha sido un luchador por la democracia y contra el fraude electoral desde los 14 a\u00f1os.<\/p>\n<p>Record\u00f3 que producto de todas esas batallas se reform\u00f3 la Constituci\u00f3n para considerar el fraude electoral como delito grave, por lo que recomend\u00f3 ser muy escrupuloso de la legalidad.<\/p>\n<p>&#8220;Entonces se tienen que transformar las conductas, se tienen que respetar los procedimientos, se tiene que respetar la imparcialidad, se tiene que actuar de manera legal. Eso no ocurri\u00f3 desgraciadamente en el proceso que se llev\u00f3 a cabo el d\u00eda de ayer&#8221;, reiter\u00f3.<\/p>\n<p>Aclar\u00f3 que a \u00e9l no le interesan los cargos p\u00fablicos y que no son un fin de s\u00ed mismo, y apunt\u00f3 los espacios de decisi\u00f3n pueden ser muy \u00fatiles para impulsar transformaciones y \u00e9l puede ser el Presidente del Senado o un senador raso y no tiene ning\u00fan problema.<\/p>\n<p>&#8220;Lo que no puedo aceptar es la injusticia, es el fraude, es la manipulaci\u00f3n, de ninguna manera. Lo que no puedo aceptar es un atropello, atropello de las normas, de los principios de Morena y atropello contra mi propia persona.<\/p>\n<p>&#8220;Ser\u00eda indigno de m\u00ed mismo aceptar un atropello as\u00ed, naturalmente que si se comete tengo que denunciarlo y tengo que decirlo&#8221;, afirm\u00f3.<\/p>\n<p><strong>&#8220;Ning\u00fan adversario de una fuerza pol\u00edtica me ha tratado as\u00ed, ninguno, como me ha tratado el senador Monreal. Impresionante \u00bfno? Todos los d\u00edas mandando columnas para estarme calumniando, ni siquiera dice las cosas de frente.<\/strong><\/p>\n<p>&#8220;No, no, no me merec\u00eda esto, no me lo merezco y tengo aprecio por la dignidad de las personas y por mi propia dignidad. Pero no estoy yo presionando para que me den ning\u00fan otro cargo, mi planteamiento es muy sencillo, lo que quiero es que haya legalidad, punto&#8221;.<\/p>\n<\/div>\n<\/div>\n","protected":false},"excerpt":{"rendered":"<p>Batres impugnar\u00e1 proceso ante Morena, pero no ante instancias judiciales<br \/>\nPor Redacci\u00f3n QP<\/p>\n","protected":false},"author":2,"featured_media":35822,"comment_status":"open","ping_status":"open","sticky":false,"template":"","format":"standard","meta":{"_monsterinsights_skip_tracking":false,"_monsterinsights_sitenote_active":false,"_monsterinsights_sitenote_note":"","_monsterinsights_sitenote_category":0,"footnotes":""},"categories":[2],"tags":[],"class_list":["post-35823","post","type-post","status-publish","format-standard","has-post-thumbnail","hentry","category-noticias"],"yoast_head":"<!-- This site is optimized with the Yoast SEO plugin v27.3 - https:\/\/yoast.com\/product\/yoast-seo-wordpress\/ -->\n<title>Batres impugnar\u00e1 proceso ante Morena, pero no ante instancias judiciales -<\/title>\n<meta name=\"robots\" content=\"index, follow, max-snippet:-1, max-image-preview:large, max-video-preview:-1\" \/>\n<link rel=\"canonical\" href=\"https:\/\/quehacerpolitico.mx\/?p=35823\" \/>\n<meta property=\"og:locale\" content=\"es_MX\" \/>\n<meta property=\"og:type\" content=\"article\" \/>\n<meta property=\"og:title\" content=\"Batres impugnar\u00e1 proceso ante Morena, pero no ante instancias judiciales -\" \/>\n<meta property=\"og:description\" content=\"Batres impugnar\u00e1 proceso ante Morena, pero no ante instancias judiciales Por Redacci\u00f3n QP\" \/>\n<meta property=\"og:url\" content=\"https:\/\/quehacerpolitico.mx\/?p=35823\" \/>\n<meta property=\"article:published_time\" content=\"2019-08-21T13:46:30+00:00\" \/>\n<meta name=\"author\" content=\"Redacci\u00f3n QP\" \/>\n<meta name=\"twitter:card\" content=\"summary_large_image\" \/>\n<meta name=\"twitter:label1\" content=\"Escrito por\" \/>\n\t<meta name=\"twitter:data1\" content=\"Redacci\u00f3n QP\" \/>\n\t<meta name=\"twitter:label2\" content=\"Tiempo de lectura\" \/>\n\t<meta name=\"twitter:data2\" content=\"3 minutos\" \/>\n<script type=\"application\/ld+json\" class=\"yoast-schema-graph\">{\"@context\":\"https:\\\/\\\/schema.org\",\"@graph\":[{\"@type\":\"Article\",\"@id\":\"https:\\\/\\\/quehacerpolitico.mx\\\/?p=35823#article\",\"isPartOf\":{\"@id\":\"https:\\\/\\\/quehacerpolitico.mx\\\/?p=35823\"},\"author\":{\"name\":\"Redacci\u00f3n QP\",\"@id\":\"https:\\\/\\\/quehacerpolitico.mx\\\/#\\\/schema\\\/person\\\/496d8ad2d1d3f8036101dca7ee39e585\"},\"headline\":\"Batres impugnar\u00e1 proceso ante Morena, pero no ante instancias judiciales\",\"datePublished\":\"2019-08-21T13:46:30+00:00\",\"mainEntityOfPage\":{\"@id\":\"https:\\\/\\\/quehacerpolitico.mx\\\/?p=35823\"},\"wordCount\":669,\"commentCount\":0,\"image\":{\"@id\":\"https:\\\/\\\/quehacerpolitico.mx\\\/?p=35823#primaryimage\"},\"thumbnailUrl\":\"\",\"articleSection\":[\"Noticias\"],\"inLanguage\":\"es\",\"potentialAction\":[{\"@type\":\"CommentAction\",\"name\":\"Comment\",\"target\":[\"https:\\\/\\\/quehacerpolitico.mx\\\/?p=35823#respond\"]}]},{\"@type\":\"WebPage\",\"@id\":\"https:\\\/\\\/quehacerpolitico.mx\\\/?p=35823\",\"url\":\"https:\\\/\\\/quehacerpolitico.mx\\\/?p=35823\",\"name\":\"Batres impugnar\u00e1 proceso ante Morena, pero no ante instancias judiciales -\",\"isPartOf\":{\"@id\":\"https:\\\/\\\/quehacerpolitico.mx\\\/#website\"},\"primaryImageOfPage\":{\"@id\":\"https:\\\/\\\/quehacerpolitico.mx\\\/?p=35823#primaryimage\"},\"image\":{\"@id\":\"https:\\\/\\\/quehacerpolitico.mx\\\/?p=35823#primaryimage\"},\"thumbnailUrl\":\"\",\"datePublished\":\"2019-08-21T13:46:30+00:00\",\"author\":{\"@id\":\"https:\\\/\\\/quehacerpolitico.mx\\\/#\\\/schema\\\/person\\\/496d8ad2d1d3f8036101dca7ee39e585\"},\"breadcrumb\":{\"@id\":\"https:\\\/\\\/quehacerpolitico.mx\\\/?p=35823#breadcrumb\"},\"inLanguage\":\"es\",\"potentialAction\":[{\"@type\":\"ReadAction\",\"target\":[\"https:\\\/\\\/quehacerpolitico.mx\\\/?p=35823\"]}]},{\"@type\":\"ImageObject\",\"inLanguage\":\"es\",\"@id\":\"https:\\\/\\\/quehacerpolitico.mx\\\/?p=35823#primaryimage\",\"url\":\"\",\"contentUrl\":\"\"},{\"@type\":\"BreadcrumbList\",\"@id\":\"https:\\\/\\\/quehacerpolitico.mx\\\/?p=35823#breadcrumb\",\"itemListElement\":[{\"@type\":\"ListItem\",\"position\":1,\"name\":\"Inicio\",\"item\":\"https:\\\/\\\/quehacerpolitico.mx\\\/\"},{\"@type\":\"ListItem\",\"position\":2,\"name\":\"Batres impugnar\u00e1 proceso ante Morena, pero no ante instancias judiciales\"}]},{\"@type\":\"WebSite\",\"@id\":\"https:\\\/\\\/quehacerpolitico.mx\\\/#website\",\"url\":\"https:\\\/\\\/quehacerpolitico.mx\\\/\",\"name\":\"\",\"description\":\"\",\"potentialAction\":[{\"@type\":\"SearchAction\",\"target\":{\"@type\":\"EntryPoint\",\"urlTemplate\":\"https:\\\/\\\/quehacerpolitico.mx\\\/?s={search_term_string}\"},\"query-input\":{\"@type\":\"PropertyValueSpecification\",\"valueRequired\":true,\"valueName\":\"search_term_string\"}}],\"inLanguage\":\"es\"},{\"@type\":\"Person\",\"@id\":\"https:\\\/\\\/quehacerpolitico.mx\\\/#\\\/schema\\\/person\\\/496d8ad2d1d3f8036101dca7ee39e585\",\"name\":\"Redacci\u00f3n QP\",\"image\":{\"@type\":\"ImageObject\",\"inLanguage\":\"es\",\"@id\":\"https:\\\/\\\/secure.gravatar.com\\\/avatar\\\/c7164ed6fdec453195284ad24a5ae5b6e1eed2b848477fa2a4787ba9adf39a41?s=96&d=mm&r=g\",\"url\":\"https:\\\/\\\/secure.gravatar.com\\\/avatar\\\/c7164ed6fdec453195284ad24a5ae5b6e1eed2b848477fa2a4787ba9adf39a41?s=96&d=mm&r=g\",\"contentUrl\":\"https:\\\/\\\/secure.gravatar.com\\\/avatar\\\/c7164ed6fdec453195284ad24a5ae5b6e1eed2b848477fa2a4787ba9adf39a41?s=96&d=mm&r=g\",\"caption\":\"Redacci\u00f3n QP\"},\"url\":\"https:\\\/\\\/quehacerpolitico.mx\\\/?author=2\"}]}<\/script>\n<!-- \/ Yoast SEO plugin. -->","yoast_head_json":{"title":"Batres impugnar\u00e1 proceso ante Morena, pero no ante instancias judiciales -","robots":{"index":"index","follow":"follow","max-snippet":"max-snippet:-1","max-image-preview":"max-image-preview:large","max-video-preview":"max-video-preview:-1"},"canonical":"https:\/\/quehacerpolitico.mx\/?p=35823","og_locale":"es_MX","og_type":"article","og_title":"Batres impugnar\u00e1 proceso ante Morena, pero no ante instancias judiciales -","og_description":"Batres impugnar\u00e1 proceso ante Morena, pero no ante instancias judiciales Por Redacci\u00f3n QP","og_url":"https:\/\/quehacerpolitico.mx\/?p=35823","article_published_time":"2019-08-21T13:46:30+00:00","author":"Redacci\u00f3n QP","twitter_card":"summary_large_image","twitter_misc":{"Escrito por":"Redacci\u00f3n QP","Tiempo de lectura":"3 minutos"},"schema":{"@context":"https:\/\/schema.org","@graph":[{"@type":"Article","@id":"https:\/\/quehacerpolitico.mx\/?p=35823#article","isPartOf":{"@id":"https:\/\/quehacerpolitico.mx\/?p=35823"},"author":{"name":"Redacci\u00f3n QP","@id":"https:\/\/quehacerpolitico.mx\/#\/schema\/person\/496d8ad2d1d3f8036101dca7ee39e585"},"headline":"Batres impugnar\u00e1 proceso ante Morena, pero no ante instancias judiciales","datePublished":"2019-08-21T13:46:30+00:00","mainEntityOfPage":{"@id":"https:\/\/quehacerpolitico.mx\/?p=35823"},"wordCount":669,"commentCount":0,"image":{"@id":"https:\/\/quehacerpolitico.mx\/?p=35823#primaryimage"},"thumbnailUrl":"","articleSection":["Noticias"],"inLanguage":"es","potentialAction":[{"@type":"CommentAction","name":"Comment","target":["https:\/\/quehacerpolitico.mx\/?p=35823#respond"]}]},{"@type":"WebPage","@id":"https:\/\/quehacerpolitico.mx\/?p=35823","url":"https:\/\/quehacerpolitico.mx\/?p=35823","name":"Batres impugnar\u00e1 proceso ante Morena, pero no ante instancias judiciales -","isPartOf":{"@id":"https:\/\/quehacerpolitico.mx\/#website"},"primaryImageOfPage":{"@id":"https:\/\/quehacerpolitico.mx\/?p=35823#primaryimage"},"image":{"@id":"https:\/\/quehacerpolitico.mx\/?p=35823#primaryimage"},"thumbnailUrl":"","datePublished":"2019-08-21T13:46:30+00:00","author":{"@id":"https:\/\/quehacerpolitico.mx\/#\/schema\/person\/496d8ad2d1d3f8036101dca7ee39e585"},"breadcrumb":{"@id":"https:\/\/quehacerpolitico.mx\/?p=35823#breadcrumb"},"inLanguage":"es","potentialAction":[{"@type":"ReadAction","target":["https:\/\/quehacerpolitico.mx\/?p=35823"]}]},{"@type":"ImageObject","inLanguage":"es","@id":"https:\/\/quehacerpolitico.mx\/?p=35823#primaryimage","url":"","contentUrl":""},{"@type":"BreadcrumbList","@id":"https:\/\/quehacerpolitico.mx\/?p=35823#breadcrumb","itemListElement":[{"@type":"ListItem","position":1,"name":"Inicio","item":"https:\/\/quehacerpolitico.mx\/"},{"@type":"ListItem","position":2,"name":"Batres impugnar\u00e1 proceso ante Morena, pero no ante instancias judiciales"}]},{"@type":"WebSite","@id":"https:\/\/quehacerpolitico.mx\/#website","url":"https:\/\/quehacerpolitico.mx\/","name":"","description":"","potentialAction":[{"@type":"SearchAction","target":{"@type":"EntryPoint","urlTemplate":"https:\/\/quehacerpolitico.mx\/?s={search_term_string}"},"query-input":{"@type":"PropertyValueSpecification","valueRequired":true,"valueName":"search_term_string"}}],"inLanguage":"es"},{"@type":"Person","@id":"https:\/\/quehacerpolitico.mx\/#\/schema\/person\/496d8ad2d1d3f8036101dca7ee39e585","name":"Redacci\u00f3n QP","image":{"@type":"ImageObject","inLanguage":"es","@id":"https:\/\/secure.gravatar.com\/avatar\/c7164ed6fdec453195284ad24a5ae5b6e1eed2b848477fa2a4787ba9adf39a41?s=96&d=mm&r=g","url":"https:\/\/secure.gravatar.com\/avatar\/c7164ed6fdec453195284ad24a5ae5b6e1eed2b848477fa2a4787ba9adf39a41?s=96&d=mm&r=g","contentUrl":"https:\/\/secure.gravatar.com\/avatar\/c7164ed6fdec453195284ad24a5ae5b6e1eed2b848477fa2a4787ba9adf39a41?s=96&d=mm&r=g","caption":"Redacci\u00f3n QP"},"url":"https:\/\/quehacerpolitico.mx\/?author=2"}]}},"featured_image_urls":{"full":"","thumbnail":"","medium":"","medium_large":"","large":"","1536x1536":"","2048x2048":"","covernews-featured":"","covernews-medium":""},"author_info":{"display_name":"Redacci\u00f3n QP","author_link":"https:\/\/quehacerpolitico.mx\/?author=2"},"category_info":"<a href=\"https:\/\/quehacerpolitico.mx\/?cat=2\" rel=\"category\">Noticias<\/a>","tag_info":"Noticias","comment_count":"0","_links":{"self":[{"href":"https:\/\/quehacerpolitico.mx\/index.php?rest_route=\/wp\/v2\/posts\/35823","targetHints":{"allow":["GET"]}}],"collection":[{"href":"https:\/\/quehacerpolitico.mx\/index.php?rest_route=\/wp\/v2\/posts"}],"about":[{"href":"https:\/\/quehacerpolitico.mx\/index.php?rest_route=\/wp\/v2\/types\/post"}],"author":[{"embeddable":true,"href":"https:\/\/quehacerpolitico.mx\/index.php?rest_route=\/wp\/v2\/users\/2"}],"replies":[{"embeddable":true,"href":"https:\/\/quehacerpolitico.mx\/index.php?rest_route=%2Fwp%2Fv2%2Fcomments&post=35823"}],"version-history":[{"count":0,"href":"https:\/\/quehacerpolitico.mx\/index.php?rest_route=\/wp\/v2\/posts\/35823\/revisions"}],"wp:featuredmedia":[{"embeddable":true,"href":"https:\/\/quehacerpolitico.mx\/index.php?rest_route=\/"}],"wp:attachment":[{"href":"https:\/\/quehacerpolitico.mx\/index.php?rest_route=%2Fwp%2Fv2%2Fmedia&parent=35823"}],"wp:term":[{"taxonomy":"category","embeddable":true,"href":"https:\/\/quehacerpolitico.mx\/index.php?rest_route=%2Fwp%2Fv2%2Fcategories&post=35823"},{"taxonomy":"post_tag","embeddable":true,"href":"https:\/\/quehacerpolitico.mx\/index.php?rest_route=%2Fwp%2Fv2%2Ftags&post=35823"}],"curies":[{"name":"wp","href":"https:\/\/api.w.org\/{rel}","templated":true}]}}