{"id":35814,"date":"2019-08-21T13:02:31","date_gmt":"2019-08-21T13:02:31","guid":{"rendered":"http:\/\/quehacerpolitico.mx\/detienen-a-agresor-de-reportero-en-marcha-feminista\/"},"modified":"2019-08-21T13:02:31","modified_gmt":"2019-08-21T13:02:31","slug":"detienen-a-agresor-de-reportero-en-marcha-feminista","status":"publish","type":"post","link":"https:\/\/quehacerpolitico.mx\/?p=35814","title":{"rendered":"Detienen a agresor de reportero en marcha feminista"},"content":{"rendered":"<h1 class=\"news-title\">Detienen a agresor de reportero en marcha feminista<\/h1>\n<p>Por Redacci\u00f3n QP<\/p>\n<header class=\"news-header\">\n<div class=\"news-subtitle\">\n<p>El director general de adn40 detall\u00f3 que en las pr\u00f3ximas horas se dar\u00e1 m\u00e1s informaci\u00f3n sobre la detenci\u00f3n<\/p>\n<\/div>\n<\/header>\n<div class=\"news-content\">\n<div class=\"news-body row\">\n<p>El director general de adn40, Luciano Pascoe, confirm\u00f3 la ma\u00f1ana de este mi\u00e9rcoles que el sujeto que agredi\u00f3 al reportero, Juan Manuel Jim\u00e9nez durante la marcha feminista que se realiz\u00f3 el pasado viernes en la Ciudad de M\u00e9xico fue detenido.<\/p>\n<p>A trav\u00e9s de su cuenta de Twitter, <strong>Pascoe detall\u00f3 que ser\u00e1 en las pr\u00f3ximas horas cuando se den m\u00e1s detalles sobre la detenci\u00f3n, adem\u00e1s agradeci\u00f3 a la jefa de Gobierno, Claudia Sheinbaum por su compromiso contra la impunidad<\/strong>.<\/p>\n<blockquote class=\"twitter-tweet\" data-width=\"550\" data-dnt=\"true\">\n<p lang=\"es\" dir=\"ltr\">Confirmado: El gobierno de la CDMX ya tiene en custodia al infiltrado que agredi\u00f3 a <a href=\"https:\/\/twitter.com\/juanmapregunta?ref_src=twsrc%5Etfw\">@juanmapregunta<\/a> de <a href=\"https:\/\/twitter.com\/adn40?ref_src=twsrc%5Etfw\">@adn40<\/a> y que en las pr\u00f3ximas horas dar\u00e1 a conocer m\u00e1s informaci\u00f3n del caso. Gracias a <a href=\"https:\/\/twitter.com\/Claudiashein?ref_src=twsrc%5Etfw\">@Claudiashein<\/a> por su compromiso contra la impunidad y a favor de la libertad de prensa.<\/p>\n<p>&mdash; Luciano Pascoe (@lucianopascoe) <a href=\"https:\/\/twitter.com\/lucianopascoe\/status\/1164146819598901248?ref_src=twsrc%5Etfw\">August 21, 2019<\/a><\/p><\/blockquote>\n<p><script async src=\"https:\/\/platform.twitter.com\/widgets.js\" charset=\"utf-8\"><\/script><\/p>\n<p>\u201cConfirmado: El gobierno de la CDMX ya tiene en custodia al infiltrado que agredi\u00f3 a @juanmapregunta de @adn40 y que en las pr\u00f3ximas horas dar\u00e1 a conocer m\u00e1s informaci\u00f3n del caso. Gracias a @Claudiashein por su compromiso contra la impunidad y a favor de la libertad de prensa\u201d, escribi\u00f3 en la red social.<\/p>\n<blockquote class=\"twitter-tweet\" data-width=\"550\" data-dnt=\"true\">\n<p lang=\"es\" dir=\"ltr\"><a href=\"https:\/\/twitter.com\/hashtag\/%C3%9ALTIMAHORA?src=hash&amp;ref_src=twsrc%5Etfw\">#\u00daLTIMAHORA<\/a> Luis \u201cN\u201d de 24 a\u00f1os, es detenido como probable responsable de la agresi\u00f3n que recib\u00ed el viernes pasado en la marcha <a href=\"https:\/\/twitter.com\/hashtag\/NoMeCuidanMeViolan?src=hash&amp;ref_src=twsrc%5Etfw\">#NoMeCuidanMeViolan<\/a> <\/p>\n<p>\ud83d\ude4f\ud83c\udffd <a href=\"https:\/\/t.co\/z1QObITeaS\">pic.twitter.com\/z1QObITeaS<\/a><\/p>\n<p>&mdash; Juan Manuel Jim\u00e9nez (@juanmapregunta) <a href=\"https:\/\/twitter.com\/juanmapregunta\/status\/1164155556656865280?ref_src=twsrc%5Etfw\">August 21, 2019<\/a><\/p><\/blockquote>\n<p><script async src=\"https:\/\/platform.twitter.com\/widgets.js\" charset=\"utf-8\"><\/script><\/p>\n<p><strong>El pasado viernes, Juan Manuel Jim\u00e9nez fue agredido mientras hac\u00eda una transmisi\u00f3n en vivo por un sujeto que supuestamente pertenece a un grupo de choque denominado &#8220;Los Buitres&#8221;<\/strong>, que est\u00e1 relacionado con otros hechos de violencia registrados en manifestaciones o m\u00edtines pol\u00edticos. \u00a0<\/p>\n<blockquote class=\"twitter-tweet\" data-width=\"550\" data-dnt=\"true\">\n<p lang=\"es\" dir=\"ltr\">\ud83d\udd34 <a href=\"https:\/\/twitter.com\/hashtag\/Lo%C3%9Altimo?src=hash&amp;ref_src=twsrc%5Etfw\">#Lo\u00daltimo<\/a> | Detienen a Luis \u201cN\u201d, agresor de Juan Manuel Jim\u00e9nez (<a href=\"https:\/\/twitter.com\/juanmapregunta?ref_src=twsrc%5Etfw\">@juanmapregunta<\/a>), periodista que fue golpeado durante la marcha <a href=\"https:\/\/twitter.com\/hashtag\/NoMeCuidanMeViolan?src=hash&amp;ref_src=twsrc%5Etfw\">#NoMeCuidanMeViolan<\/a><a href=\"https:\/\/twitter.com\/hashtag\/TelediarioEnEl6?src=hash&amp;ref_src=twsrc%5Etfw\">#TelediarioEnEl6<\/a> con <a href=\"https:\/\/twitter.com\/deividmedrano?ref_src=twsrc%5Etfw\">@deividmedrano<\/a> | \ud83d\udc47 <a href=\"https:\/\/t.co\/VqUPqVgacF\">https:\/\/t.co\/VqUPqVgacF<\/a> <a href=\"https:\/\/t.co\/GG3A4meYgv\">pic.twitter.com\/GG3A4meYgv<\/a><\/p>\n<p>&mdash; @telediario (@telediario) <a href=\"https:\/\/twitter.com\/telediario\/status\/1164157424112001034?ref_src=twsrc%5Etfw\">August 21, 2019<\/a><\/p><\/blockquote>\n<p><script async src=\"https:\/\/platform.twitter.com\/widgets.js\" charset=\"utf-8\"><\/script><\/p>\n<\/div>\n<\/div>\n","protected":false},"excerpt":{"rendered":"<p>Detienen a agresor de reportero en marcha feminista<br \/>\nPor Redacci\u00f3n QP<\/p>\n","protected":false},"author":2,"featured_media":35813,"comment_status":"open","ping_status":"open","sticky":false,"template":"","format":"standard","meta":{"_monsterinsights_skip_tracking":false,"_monsterinsights_sitenote_active":false,"_monsterinsights_sitenote_note":"","_monsterinsights_sitenote_category":0,"footnotes":""},"categories":[55],"tags":[],"class_list":["post-35814","post","type-post","status-publish","format-standard","has-post-thumbnail","hentry","category-cdmx"],"yoast_head":"<!-- This site is optimized with the Yoast SEO plugin v27.3 - https:\/\/yoast.com\/product\/yoast-seo-wordpress\/ -->\n<title>Detienen a agresor de reportero en marcha feminista -<\/title>\n<meta name=\"robots\" content=\"index, follow, max-snippet:-1, max-image-preview:large, max-video-preview:-1\" \/>\n<link rel=\"canonical\" href=\"https:\/\/quehacerpolitico.mx\/?p=35814\" \/>\n<meta property=\"og:locale\" content=\"es_MX\" \/>\n<meta property=\"og:type\" content=\"article\" \/>\n<meta property=\"og:title\" content=\"Detienen a agresor de reportero en marcha feminista -\" \/>\n<meta property=\"og:description\" content=\"Detienen a agresor de reportero en marcha feminista Por Redacci\u00f3n QP\" \/>\n<meta property=\"og:url\" content=\"https:\/\/quehacerpolitico.mx\/?p=35814\" \/>\n<meta property=\"article:published_time\" content=\"2019-08-21T13:02:31+00:00\" \/>\n<meta name=\"author\" content=\"Redacci\u00f3n QP\" \/>\n<meta name=\"twitter:card\" content=\"summary_large_image\" \/>\n<meta name=\"twitter:label1\" content=\"Escrito por\" \/>\n\t<meta name=\"twitter:data1\" content=\"Redacci\u00f3n QP\" \/>\n\t<meta name=\"twitter:label2\" content=\"Tiempo de lectura\" \/>\n\t<meta name=\"twitter:data2\" content=\"1 minuto\" \/>\n<script type=\"application\/ld+json\" class=\"yoast-schema-graph\">{\"@context\":\"https:\\\/\\\/schema.org\",\"@graph\":[{\"@type\":\"Article\",\"@id\":\"https:\\\/\\\/quehacerpolitico.mx\\\/?p=35814#article\",\"isPartOf\":{\"@id\":\"https:\\\/\\\/quehacerpolitico.mx\\\/?p=35814\"},\"author\":{\"name\":\"Redacci\u00f3n QP\",\"@id\":\"https:\\\/\\\/quehacerpolitico.mx\\\/#\\\/schema\\\/person\\\/496d8ad2d1d3f8036101dca7ee39e585\"},\"headline\":\"Detienen a agresor de reportero en marcha feminista\",\"datePublished\":\"2019-08-21T13:02:31+00:00\",\"mainEntityOfPage\":{\"@id\":\"https:\\\/\\\/quehacerpolitico.mx\\\/?p=35814\"},\"wordCount\":250,\"commentCount\":0,\"image\":{\"@id\":\"https:\\\/\\\/quehacerpolitico.mx\\\/?p=35814#primaryimage\"},\"thumbnailUrl\":\"\",\"articleSection\":[\"CDMX\"],\"inLanguage\":\"es\",\"potentialAction\":[{\"@type\":\"CommentAction\",\"name\":\"Comment\",\"target\":[\"https:\\\/\\\/quehacerpolitico.mx\\\/?p=35814#respond\"]}]},{\"@type\":\"WebPage\",\"@id\":\"https:\\\/\\\/quehacerpolitico.mx\\\/?p=35814\",\"url\":\"https:\\\/\\\/quehacerpolitico.mx\\\/?p=35814\",\"name\":\"Detienen a agresor de reportero en marcha feminista -\",\"isPartOf\":{\"@id\":\"https:\\\/\\\/quehacerpolitico.mx\\\/#website\"},\"primaryImageOfPage\":{\"@id\":\"https:\\\/\\\/quehacerpolitico.mx\\\/?p=35814#primaryimage\"},\"image\":{\"@id\":\"https:\\\/\\\/quehacerpolitico.mx\\\/?p=35814#primaryimage\"},\"thumbnailUrl\":\"\",\"datePublished\":\"2019-08-21T13:02:31+00:00\",\"author\":{\"@id\":\"https:\\\/\\\/quehacerpolitico.mx\\\/#\\\/schema\\\/person\\\/496d8ad2d1d3f8036101dca7ee39e585\"},\"breadcrumb\":{\"@id\":\"https:\\\/\\\/quehacerpolitico.mx\\\/?p=35814#breadcrumb\"},\"inLanguage\":\"es\",\"potentialAction\":[{\"@type\":\"ReadAction\",\"target\":[\"https:\\\/\\\/quehacerpolitico.mx\\\/?p=35814\"]}]},{\"@type\":\"ImageObject\",\"inLanguage\":\"es\",\"@id\":\"https:\\\/\\\/quehacerpolitico.mx\\\/?p=35814#primaryimage\",\"url\":\"\",\"contentUrl\":\"\"},{\"@type\":\"BreadcrumbList\",\"@id\":\"https:\\\/\\\/quehacerpolitico.mx\\\/?p=35814#breadcrumb\",\"itemListElement\":[{\"@type\":\"ListItem\",\"position\":1,\"name\":\"Inicio\",\"item\":\"https:\\\/\\\/quehacerpolitico.mx\\\/\"},{\"@type\":\"ListItem\",\"position\":2,\"name\":\"Detienen a agresor de reportero en marcha feminista\"}]},{\"@type\":\"WebSite\",\"@id\":\"https:\\\/\\\/quehacerpolitico.mx\\\/#website\",\"url\":\"https:\\\/\\\/quehacerpolitico.mx\\\/\",\"name\":\"\",\"description\":\"\",\"potentialAction\":[{\"@type\":\"SearchAction\",\"target\":{\"@type\":\"EntryPoint\",\"urlTemplate\":\"https:\\\/\\\/quehacerpolitico.mx\\\/?s={search_term_string}\"},\"query-input\":{\"@type\":\"PropertyValueSpecification\",\"valueRequired\":true,\"valueName\":\"search_term_string\"}}],\"inLanguage\":\"es\"},{\"@type\":\"Person\",\"@id\":\"https:\\\/\\\/quehacerpolitico.mx\\\/#\\\/schema\\\/person\\\/496d8ad2d1d3f8036101dca7ee39e585\",\"name\":\"Redacci\u00f3n QP\",\"image\":{\"@type\":\"ImageObject\",\"inLanguage\":\"es\",\"@id\":\"https:\\\/\\\/secure.gravatar.com\\\/avatar\\\/c7164ed6fdec453195284ad24a5ae5b6e1eed2b848477fa2a4787ba9adf39a41?s=96&d=mm&r=g\",\"url\":\"https:\\\/\\\/secure.gravatar.com\\\/avatar\\\/c7164ed6fdec453195284ad24a5ae5b6e1eed2b848477fa2a4787ba9adf39a41?s=96&d=mm&r=g\",\"contentUrl\":\"https:\\\/\\\/secure.gravatar.com\\\/avatar\\\/c7164ed6fdec453195284ad24a5ae5b6e1eed2b848477fa2a4787ba9adf39a41?s=96&d=mm&r=g\",\"caption\":\"Redacci\u00f3n QP\"},\"url\":\"https:\\\/\\\/quehacerpolitico.mx\\\/?author=2\"}]}<\/script>\n<!-- \/ Yoast SEO plugin. -->","yoast_head_json":{"title":"Detienen a agresor de reportero en marcha feminista -","robots":{"index":"index","follow":"follow","max-snippet":"max-snippet:-1","max-image-preview":"max-image-preview:large","max-video-preview":"max-video-preview:-1"},"canonical":"https:\/\/quehacerpolitico.mx\/?p=35814","og_locale":"es_MX","og_type":"article","og_title":"Detienen a agresor de reportero en marcha feminista -","og_description":"Detienen a agresor de reportero en marcha feminista Por Redacci\u00f3n QP","og_url":"https:\/\/quehacerpolitico.mx\/?p=35814","article_published_time":"2019-08-21T13:02:31+00:00","author":"Redacci\u00f3n QP","twitter_card":"summary_large_image","twitter_misc":{"Escrito por":"Redacci\u00f3n QP","Tiempo de lectura":"1 minuto"},"schema":{"@context":"https:\/\/schema.org","@graph":[{"@type":"Article","@id":"https:\/\/quehacerpolitico.mx\/?p=35814#article","isPartOf":{"@id":"https:\/\/quehacerpolitico.mx\/?p=35814"},"author":{"name":"Redacci\u00f3n QP","@id":"https:\/\/quehacerpolitico.mx\/#\/schema\/person\/496d8ad2d1d3f8036101dca7ee39e585"},"headline":"Detienen a agresor de reportero en marcha feminista","datePublished":"2019-08-21T13:02:31+00:00","mainEntityOfPage":{"@id":"https:\/\/quehacerpolitico.mx\/?p=35814"},"wordCount":250,"commentCount":0,"image":{"@id":"https:\/\/quehacerpolitico.mx\/?p=35814#primaryimage"},"thumbnailUrl":"","articleSection":["CDMX"],"inLanguage":"es","potentialAction":[{"@type":"CommentAction","name":"Comment","target":["https:\/\/quehacerpolitico.mx\/?p=35814#respond"]}]},{"@type":"WebPage","@id":"https:\/\/quehacerpolitico.mx\/?p=35814","url":"https:\/\/quehacerpolitico.mx\/?p=35814","name":"Detienen a agresor de reportero en marcha feminista -","isPartOf":{"@id":"https:\/\/quehacerpolitico.mx\/#website"},"primaryImageOfPage":{"@id":"https:\/\/quehacerpolitico.mx\/?p=35814#primaryimage"},"image":{"@id":"https:\/\/quehacerpolitico.mx\/?p=35814#primaryimage"},"thumbnailUrl":"","datePublished":"2019-08-21T13:02:31+00:00","author":{"@id":"https:\/\/quehacerpolitico.mx\/#\/schema\/person\/496d8ad2d1d3f8036101dca7ee39e585"},"breadcrumb":{"@id":"https:\/\/quehacerpolitico.mx\/?p=35814#breadcrumb"},"inLanguage":"es","potentialAction":[{"@type":"ReadAction","target":["https:\/\/quehacerpolitico.mx\/?p=35814"]}]},{"@type":"ImageObject","inLanguage":"es","@id":"https:\/\/quehacerpolitico.mx\/?p=35814#primaryimage","url":"","contentUrl":""},{"@type":"BreadcrumbList","@id":"https:\/\/quehacerpolitico.mx\/?p=35814#breadcrumb","itemListElement":[{"@type":"ListItem","position":1,"name":"Inicio","item":"https:\/\/quehacerpolitico.mx\/"},{"@type":"ListItem","position":2,"name":"Detienen a agresor de reportero en marcha feminista"}]},{"@type":"WebSite","@id":"https:\/\/quehacerpolitico.mx\/#website","url":"https:\/\/quehacerpolitico.mx\/","name":"","description":"","potentialAction":[{"@type":"SearchAction","target":{"@type":"EntryPoint","urlTemplate":"https:\/\/quehacerpolitico.mx\/?s={search_term_string}"},"query-input":{"@type":"PropertyValueSpecification","valueRequired":true,"valueName":"search_term_string"}}],"inLanguage":"es"},{"@type":"Person","@id":"https:\/\/quehacerpolitico.mx\/#\/schema\/person\/496d8ad2d1d3f8036101dca7ee39e585","name":"Redacci\u00f3n QP","image":{"@type":"ImageObject","inLanguage":"es","@id":"https:\/\/secure.gravatar.com\/avatar\/c7164ed6fdec453195284ad24a5ae5b6e1eed2b848477fa2a4787ba9adf39a41?s=96&d=mm&r=g","url":"https:\/\/secure.gravatar.com\/avatar\/c7164ed6fdec453195284ad24a5ae5b6e1eed2b848477fa2a4787ba9adf39a41?s=96&d=mm&r=g","contentUrl":"https:\/\/secure.gravatar.com\/avatar\/c7164ed6fdec453195284ad24a5ae5b6e1eed2b848477fa2a4787ba9adf39a41?s=96&d=mm&r=g","caption":"Redacci\u00f3n QP"},"url":"https:\/\/quehacerpolitico.mx\/?author=2"}]}},"featured_image_urls":{"full":"","thumbnail":"","medium":"","medium_large":"","large":"","1536x1536":"","2048x2048":"","covernews-featured":"","covernews-medium":""},"author_info":{"display_name":"Redacci\u00f3n QP","author_link":"https:\/\/quehacerpolitico.mx\/?author=2"},"category_info":"<a href=\"https:\/\/quehacerpolitico.mx\/?cat=55\" rel=\"category\">CDMX<\/a>","tag_info":"CDMX","comment_count":"0","_links":{"self":[{"href":"https:\/\/quehacerpolitico.mx\/index.php?rest_route=\/wp\/v2\/posts\/35814","targetHints":{"allow":["GET"]}}],"collection":[{"href":"https:\/\/quehacerpolitico.mx\/index.php?rest_route=\/wp\/v2\/posts"}],"about":[{"href":"https:\/\/quehacerpolitico.mx\/index.php?rest_route=\/wp\/v2\/types\/post"}],"author":[{"embeddable":true,"href":"https:\/\/quehacerpolitico.mx\/index.php?rest_route=\/wp\/v2\/users\/2"}],"replies":[{"embeddable":true,"href":"https:\/\/quehacerpolitico.mx\/index.php?rest_route=%2Fwp%2Fv2%2Fcomments&post=35814"}],"version-history":[{"count":0,"href":"https:\/\/quehacerpolitico.mx\/index.php?rest_route=\/wp\/v2\/posts\/35814\/revisions"}],"wp:featuredmedia":[{"embeddable":true,"href":"https:\/\/quehacerpolitico.mx\/index.php?rest_route=\/"}],"wp:attachment":[{"href":"https:\/\/quehacerpolitico.mx\/index.php?rest_route=%2Fwp%2Fv2%2Fmedia&parent=35814"}],"wp:term":[{"taxonomy":"category","embeddable":true,"href":"https:\/\/quehacerpolitico.mx\/index.php?rest_route=%2Fwp%2Fv2%2Fcategories&post=35814"},{"taxonomy":"post_tag","embeddable":true,"href":"https:\/\/quehacerpolitico.mx\/index.php?rest_route=%2Fwp%2Fv2%2Ftags&post=35814"}],"curies":[{"name":"wp","href":"https:\/\/api.w.org\/{rel}","templated":true}]}}