{"id":35805,"date":"2019-08-21T03:39:01","date_gmt":"2019-08-21T03:39:01","guid":{"rendered":"http:\/\/quehacerpolitico.mx\/nuevo-hackeo-a-cuenta-de-gobierno-ahora-fue-a-la-alcaldia-coyoacan\/"},"modified":"2019-08-21T03:39:01","modified_gmt":"2019-08-21T03:39:01","slug":"nuevo-hackeo-a-cuenta-de-gobierno-ahora-fue-a-la-alcaldia-coyoacan","status":"publish","type":"post","link":"https:\/\/quehacerpolitico.mx\/?p=35805","title":{"rendered":"Nuevo hackeo a cuenta de gobierno, ahora fue a la alcald\u00eda Coyoac\u00e1n"},"content":{"rendered":"<p>Nuevo hackeo a cuenta de gobierno, ahora fue a la alcald\u00eda Coyoac\u00e1n<\/p>\n<p>Por Redacci\u00f3n QP<\/p>\n<p>La alcald\u00eda de Coyoac\u00e1n sostuvo que iniciar\u00e1 las investigaciones correspondientes para dar con los responsables de estas publicaciones<\/p>\n<p>La cuenta en <strong>Twitter<\/strong> de la alcald\u00eda <strong>Coyoac\u00e1n<\/strong> fue hackeada, como tambi\u00e9n lo han sido cuentas de gobierno en otras entidades del pa\u00eds y personajes p\u00fablicos.<\/p>\n<blockquote class=\"twitter-tweet\" data-width=\"550\" data-dnt=\"true\">\n<p lang=\"es\" dir=\"ltr\">Ahora le toc\u00f3 hackeo a la alcald\u00eda de Coyoac\u00e1n. \ud83d\ude31<\/p>\n<p>Como en las ocasiones anteriores, tomaron el control de la cuenta para publicar mensajes contra L\u00f3pez Obrador. <a href=\"https:\/\/t.co\/W6a6i3rcM1\">pic.twitter.com\/W6a6i3rcM1<\/a><\/p>\n<p>&mdash; Ruido en la Red (@RuidoEnLaRed) <a href=\"https:\/\/twitter.com\/RuidoEnLaRed\/status\/1163977116398096384?ref_src=twsrc%5Etfw\">August 21, 2019<\/a><\/p><\/blockquote>\n<p><script async src=\"https:\/\/platform.twitter.com\/widgets.js\" charset=\"utf-8\"><\/script><\/p>\n<p>En la cuenta @Alcaldia_Coy, que fue suspendida por personal de la demarcaci\u00f3n, aparece la misma imagen que en otros Twitter hackeados, de una mano sosteniendo un fajo de billetes y 12 mensajes con insultos y amenazas<\/p>\n<blockquote class=\"twitter-tweet\" data-width=\"550\" data-dnt=\"true\">\n<p lang=\"es\" dir=\"ltr\">Hackean cuenta de la alcald\u00eda Coyoac\u00e1n y lanzan amenazas contra AMLO<\/p>\n<p>\u25b6<a href=\"https:\/\/t.co\/dIZzrew11k\">https:\/\/t.co\/dIZzrew11k<\/a>\u25c0 <a href=\"https:\/\/t.co\/0untNr62gq\">pic.twitter.com\/0untNr62gq<\/a><\/p>\n<p>&mdash; Grupo F\u00f3rmula (@Radio_Formula) <a href=\"https:\/\/twitter.com\/Radio_Formula\/status\/1163975573720489984?ref_src=twsrc%5Etfw\">August 21, 2019<\/a><\/p><\/blockquote>\n<p><script async src=\"https:\/\/platform.twitter.com\/widgets.js\" charset=\"utf-8\"><\/script><\/p>\n<p>Posteriormente, en un comunicado, la alcald\u00eda Coyoac\u00e1n rechaz\u00f3 categ\u00f3ricamente ser el origen de los mensajes publicados en su cuenta, en tanto no recupere su control, y conden\u00f3 estos ataques que, sostuvo, representan un atentado a la libertad de informaci\u00f3n.<\/p>\n<p>\u00a0<\/p>\n<p><img loading=\"lazy\" decoding=\"async\" class=\"alignnone size-medium wp-image-1381387\" src=\"https:\/\/www.24-horas.mx\/wp-content\/uploads\/2019\/08\/hackers-twitter-300x168.jpg\" sizes=\"auto, (max-width: 300px) 100vw, 300px\" srcset=\"https:\/\/www.24-horas.mx\/wp-content\/uploads\/2019\/08\/hackers-twitter-300x168.jpg 300w, https:\/\/www.24-horas.mx\/wp-content\/uploads\/2019\/08\/hackers-twitter-400x225.jpg 400w, https:\/\/www.24-horas.mx\/wp-content\/uploads\/2019\/08\/hackers-twitter-632x356.jpg 632w, https:\/\/www.24-horas.mx\/wp-content\/uploads\/2019\/08\/hackers-twitter.jpg 635w\" alt=\"\" width=\"300\" height=\"168\" \/><\/p>\n<p>\u00a0<\/p>\n<p>Destac\u00f3 que su cuenta @Alcaldia_Coy ha sufrido el ataque de un hacker, cuya intenci\u00f3n es perjudicar a esta administraci\u00f3n, por ello la <strong>Polic\u00eda Cibern\u00e9tica<\/strong> ya interviene para restablecer el control de la misma e iniciar las investigaciones pertinentes.<\/p>\n<blockquote class=\"twitter-tweet\" data-width=\"550\" data-dnt=\"true\">\n<p lang=\"es\" dir=\"ltr\">\ud83d\udcfa | Tumban la cuenta de <a href=\"https:\/\/twitter.com\/hashtag\/Twitter?src=hash&amp;ref_src=twsrc%5Etfw\">#Twitter<\/a> de la alcald\u00eda <a href=\"https:\/\/twitter.com\/hashtag\/Coyoac%C3%A1n?src=hash&amp;ref_src=twsrc%5Etfw\">#Coyoac\u00e1n<\/a> luego de publicar amenazas de muerte contra el Presidente <a href=\"https:\/\/twitter.com\/hashtag\/AMLO?src=hash&amp;ref_src=twsrc%5Etfw\">#AMLO<\/a>. Autoridades de la demarcaci\u00f3n afirmaron que sufrieron un ataque cibern\u00e9tico <a href=\"https:\/\/twitter.com\/hashtag\/TelediarioEnEl6?src=hash&amp;ref_src=twsrc%5Etfw\">#TelediarioEnEl6<\/a> con <a href=\"https:\/\/twitter.com\/Carloszup?ref_src=twsrc%5Etfw\">@Carloszup<\/a> y <a href=\"https:\/\/twitter.com\/paobarquet?ref_src=twsrc%5Etfw\">@paobarquet<\/a> <a href=\"https:\/\/t.co\/VqUPqVgacF\">https:\/\/t.co\/VqUPqVgacF<\/a> \ud83d\udc47 <a href=\"https:\/\/t.co\/9fdF24l0G8\">pic.twitter.com\/9fdF24l0G8<\/a><\/p>\n<p>&mdash; @telediario (@telediario) <a href=\"https:\/\/twitter.com\/telediario\/status\/1163973439704539137?ref_src=twsrc%5Etfw\">August 21, 2019<\/a><\/p><\/blockquote>\n<p><script async src=\"https:\/\/platform.twitter.com\/widgets.js\" charset=\"utf-8\"><\/script><\/p>\n<p>La alcald\u00eda de Coyoac\u00e1n sostuvo que iniciar\u00e1 las investigaciones correspondientes para dar con los responsables de estas publicaciones.<\/p>\n<p>Con Informaci\u00f3n de NTX\u00a0<\/p>\n","protected":false},"excerpt":{"rendered":"<p>Nuevo hackeo a cuenta de gobierno, ahora fue a la alcald\u00eda Coyoac\u00e1n<br \/>\nPor Redacci\u00f3n QP<\/p>\n","protected":false},"author":2,"featured_media":35804,"comment_status":"open","ping_status":"open","sticky":false,"template":"","format":"standard","meta":{"_monsterinsights_skip_tracking":false,"_monsterinsights_sitenote_active":false,"_monsterinsights_sitenote_note":"","_monsterinsights_sitenote_category":0,"footnotes":""},"categories":[55],"tags":[],"class_list":["post-35805","post","type-post","status-publish","format-standard","has-post-thumbnail","hentry","category-cdmx"],"yoast_head":"<!-- This site is optimized with the Yoast SEO plugin v27.3 - https:\/\/yoast.com\/product\/yoast-seo-wordpress\/ -->\n<title>Nuevo hackeo a cuenta de gobierno, ahora fue a la alcald\u00eda Coyoac\u00e1n -<\/title>\n<meta name=\"robots\" content=\"index, follow, max-snippet:-1, max-image-preview:large, max-video-preview:-1\" \/>\n<link rel=\"canonical\" href=\"https:\/\/quehacerpolitico.mx\/?p=35805\" \/>\n<meta property=\"og:locale\" content=\"es_MX\" \/>\n<meta property=\"og:type\" content=\"article\" \/>\n<meta property=\"og:title\" content=\"Nuevo hackeo a cuenta de gobierno, ahora fue a la alcald\u00eda Coyoac\u00e1n -\" \/>\n<meta property=\"og:description\" content=\"Nuevo hackeo a cuenta de gobierno, ahora fue a la alcald\u00eda Coyoac\u00e1n Por Redacci\u00f3n QP\" \/>\n<meta property=\"og:url\" content=\"https:\/\/quehacerpolitico.mx\/?p=35805\" \/>\n<meta property=\"article:published_time\" content=\"2019-08-21T03:39:01+00:00\" \/>\n<meta name=\"author\" content=\"Redacci\u00f3n QP\" \/>\n<meta name=\"twitter:card\" content=\"summary_large_image\" \/>\n<meta name=\"twitter:label1\" content=\"Escrito por\" \/>\n\t<meta name=\"twitter:data1\" content=\"Redacci\u00f3n QP\" \/>\n\t<meta name=\"twitter:label2\" content=\"Tiempo de lectura\" \/>\n\t<meta name=\"twitter:data2\" content=\"1 minuto\" \/>\n<script type=\"application\/ld+json\" class=\"yoast-schema-graph\">{\"@context\":\"https:\\\/\\\/schema.org\",\"@graph\":[{\"@type\":\"Article\",\"@id\":\"https:\\\/\\\/quehacerpolitico.mx\\\/?p=35805#article\",\"isPartOf\":{\"@id\":\"https:\\\/\\\/quehacerpolitico.mx\\\/?p=35805\"},\"author\":{\"name\":\"Redacci\u00f3n QP\",\"@id\":\"https:\\\/\\\/quehacerpolitico.mx\\\/#\\\/schema\\\/person\\\/496d8ad2d1d3f8036101dca7ee39e585\"},\"headline\":\"Nuevo hackeo a cuenta de gobierno, ahora fue a la alcald\u00eda Coyoac\u00e1n\",\"datePublished\":\"2019-08-21T03:39:01+00:00\",\"mainEntityOfPage\":{\"@id\":\"https:\\\/\\\/quehacerpolitico.mx\\\/?p=35805\"},\"wordCount\":250,\"commentCount\":0,\"image\":{\"@id\":\"https:\\\/\\\/quehacerpolitico.mx\\\/?p=35805#primaryimage\"},\"thumbnailUrl\":\"\",\"articleSection\":[\"CDMX\"],\"inLanguage\":\"es\",\"potentialAction\":[{\"@type\":\"CommentAction\",\"name\":\"Comment\",\"target\":[\"https:\\\/\\\/quehacerpolitico.mx\\\/?p=35805#respond\"]}]},{\"@type\":\"WebPage\",\"@id\":\"https:\\\/\\\/quehacerpolitico.mx\\\/?p=35805\",\"url\":\"https:\\\/\\\/quehacerpolitico.mx\\\/?p=35805\",\"name\":\"Nuevo hackeo a cuenta de gobierno, ahora fue a la alcald\u00eda Coyoac\u00e1n -\",\"isPartOf\":{\"@id\":\"https:\\\/\\\/quehacerpolitico.mx\\\/#website\"},\"primaryImageOfPage\":{\"@id\":\"https:\\\/\\\/quehacerpolitico.mx\\\/?p=35805#primaryimage\"},\"image\":{\"@id\":\"https:\\\/\\\/quehacerpolitico.mx\\\/?p=35805#primaryimage\"},\"thumbnailUrl\":\"\",\"datePublished\":\"2019-08-21T03:39:01+00:00\",\"author\":{\"@id\":\"https:\\\/\\\/quehacerpolitico.mx\\\/#\\\/schema\\\/person\\\/496d8ad2d1d3f8036101dca7ee39e585\"},\"breadcrumb\":{\"@id\":\"https:\\\/\\\/quehacerpolitico.mx\\\/?p=35805#breadcrumb\"},\"inLanguage\":\"es\",\"potentialAction\":[{\"@type\":\"ReadAction\",\"target\":[\"https:\\\/\\\/quehacerpolitico.mx\\\/?p=35805\"]}]},{\"@type\":\"ImageObject\",\"inLanguage\":\"es\",\"@id\":\"https:\\\/\\\/quehacerpolitico.mx\\\/?p=35805#primaryimage\",\"url\":\"\",\"contentUrl\":\"\"},{\"@type\":\"BreadcrumbList\",\"@id\":\"https:\\\/\\\/quehacerpolitico.mx\\\/?p=35805#breadcrumb\",\"itemListElement\":[{\"@type\":\"ListItem\",\"position\":1,\"name\":\"Inicio\",\"item\":\"https:\\\/\\\/quehacerpolitico.mx\\\/\"},{\"@type\":\"ListItem\",\"position\":2,\"name\":\"Nuevo hackeo a cuenta de gobierno, ahora fue a la alcald\u00eda Coyoac\u00e1n\"}]},{\"@type\":\"WebSite\",\"@id\":\"https:\\\/\\\/quehacerpolitico.mx\\\/#website\",\"url\":\"https:\\\/\\\/quehacerpolitico.mx\\\/\",\"name\":\"\",\"description\":\"\",\"potentialAction\":[{\"@type\":\"SearchAction\",\"target\":{\"@type\":\"EntryPoint\",\"urlTemplate\":\"https:\\\/\\\/quehacerpolitico.mx\\\/?s={search_term_string}\"},\"query-input\":{\"@type\":\"PropertyValueSpecification\",\"valueRequired\":true,\"valueName\":\"search_term_string\"}}],\"inLanguage\":\"es\"},{\"@type\":\"Person\",\"@id\":\"https:\\\/\\\/quehacerpolitico.mx\\\/#\\\/schema\\\/person\\\/496d8ad2d1d3f8036101dca7ee39e585\",\"name\":\"Redacci\u00f3n QP\",\"image\":{\"@type\":\"ImageObject\",\"inLanguage\":\"es\",\"@id\":\"https:\\\/\\\/secure.gravatar.com\\\/avatar\\\/c7164ed6fdec453195284ad24a5ae5b6e1eed2b848477fa2a4787ba9adf39a41?s=96&d=mm&r=g\",\"url\":\"https:\\\/\\\/secure.gravatar.com\\\/avatar\\\/c7164ed6fdec453195284ad24a5ae5b6e1eed2b848477fa2a4787ba9adf39a41?s=96&d=mm&r=g\",\"contentUrl\":\"https:\\\/\\\/secure.gravatar.com\\\/avatar\\\/c7164ed6fdec453195284ad24a5ae5b6e1eed2b848477fa2a4787ba9adf39a41?s=96&d=mm&r=g\",\"caption\":\"Redacci\u00f3n QP\"},\"url\":\"https:\\\/\\\/quehacerpolitico.mx\\\/?author=2\"}]}<\/script>\n<!-- \/ Yoast SEO plugin. -->","yoast_head_json":{"title":"Nuevo hackeo a cuenta de gobierno, ahora fue a la alcald\u00eda Coyoac\u00e1n -","robots":{"index":"index","follow":"follow","max-snippet":"max-snippet:-1","max-image-preview":"max-image-preview:large","max-video-preview":"max-video-preview:-1"},"canonical":"https:\/\/quehacerpolitico.mx\/?p=35805","og_locale":"es_MX","og_type":"article","og_title":"Nuevo hackeo a cuenta de gobierno, ahora fue a la alcald\u00eda Coyoac\u00e1n -","og_description":"Nuevo hackeo a cuenta de gobierno, ahora fue a la alcald\u00eda Coyoac\u00e1n Por Redacci\u00f3n QP","og_url":"https:\/\/quehacerpolitico.mx\/?p=35805","article_published_time":"2019-08-21T03:39:01+00:00","author":"Redacci\u00f3n QP","twitter_card":"summary_large_image","twitter_misc":{"Escrito por":"Redacci\u00f3n QP","Tiempo de lectura":"1 minuto"},"schema":{"@context":"https:\/\/schema.org","@graph":[{"@type":"Article","@id":"https:\/\/quehacerpolitico.mx\/?p=35805#article","isPartOf":{"@id":"https:\/\/quehacerpolitico.mx\/?p=35805"},"author":{"name":"Redacci\u00f3n QP","@id":"https:\/\/quehacerpolitico.mx\/#\/schema\/person\/496d8ad2d1d3f8036101dca7ee39e585"},"headline":"Nuevo hackeo a cuenta de gobierno, ahora fue a la alcald\u00eda Coyoac\u00e1n","datePublished":"2019-08-21T03:39:01+00:00","mainEntityOfPage":{"@id":"https:\/\/quehacerpolitico.mx\/?p=35805"},"wordCount":250,"commentCount":0,"image":{"@id":"https:\/\/quehacerpolitico.mx\/?p=35805#primaryimage"},"thumbnailUrl":"","articleSection":["CDMX"],"inLanguage":"es","potentialAction":[{"@type":"CommentAction","name":"Comment","target":["https:\/\/quehacerpolitico.mx\/?p=35805#respond"]}]},{"@type":"WebPage","@id":"https:\/\/quehacerpolitico.mx\/?p=35805","url":"https:\/\/quehacerpolitico.mx\/?p=35805","name":"Nuevo hackeo a cuenta de gobierno, ahora fue a la alcald\u00eda Coyoac\u00e1n -","isPartOf":{"@id":"https:\/\/quehacerpolitico.mx\/#website"},"primaryImageOfPage":{"@id":"https:\/\/quehacerpolitico.mx\/?p=35805#primaryimage"},"image":{"@id":"https:\/\/quehacerpolitico.mx\/?p=35805#primaryimage"},"thumbnailUrl":"","datePublished":"2019-08-21T03:39:01+00:00","author":{"@id":"https:\/\/quehacerpolitico.mx\/#\/schema\/person\/496d8ad2d1d3f8036101dca7ee39e585"},"breadcrumb":{"@id":"https:\/\/quehacerpolitico.mx\/?p=35805#breadcrumb"},"inLanguage":"es","potentialAction":[{"@type":"ReadAction","target":["https:\/\/quehacerpolitico.mx\/?p=35805"]}]},{"@type":"ImageObject","inLanguage":"es","@id":"https:\/\/quehacerpolitico.mx\/?p=35805#primaryimage","url":"","contentUrl":""},{"@type":"BreadcrumbList","@id":"https:\/\/quehacerpolitico.mx\/?p=35805#breadcrumb","itemListElement":[{"@type":"ListItem","position":1,"name":"Inicio","item":"https:\/\/quehacerpolitico.mx\/"},{"@type":"ListItem","position":2,"name":"Nuevo hackeo a cuenta de gobierno, ahora fue a la alcald\u00eda Coyoac\u00e1n"}]},{"@type":"WebSite","@id":"https:\/\/quehacerpolitico.mx\/#website","url":"https:\/\/quehacerpolitico.mx\/","name":"","description":"","potentialAction":[{"@type":"SearchAction","target":{"@type":"EntryPoint","urlTemplate":"https:\/\/quehacerpolitico.mx\/?s={search_term_string}"},"query-input":{"@type":"PropertyValueSpecification","valueRequired":true,"valueName":"search_term_string"}}],"inLanguage":"es"},{"@type":"Person","@id":"https:\/\/quehacerpolitico.mx\/#\/schema\/person\/496d8ad2d1d3f8036101dca7ee39e585","name":"Redacci\u00f3n QP","image":{"@type":"ImageObject","inLanguage":"es","@id":"https:\/\/secure.gravatar.com\/avatar\/c7164ed6fdec453195284ad24a5ae5b6e1eed2b848477fa2a4787ba9adf39a41?s=96&d=mm&r=g","url":"https:\/\/secure.gravatar.com\/avatar\/c7164ed6fdec453195284ad24a5ae5b6e1eed2b848477fa2a4787ba9adf39a41?s=96&d=mm&r=g","contentUrl":"https:\/\/secure.gravatar.com\/avatar\/c7164ed6fdec453195284ad24a5ae5b6e1eed2b848477fa2a4787ba9adf39a41?s=96&d=mm&r=g","caption":"Redacci\u00f3n QP"},"url":"https:\/\/quehacerpolitico.mx\/?author=2"}]}},"featured_image_urls":{"full":"","thumbnail":"","medium":"","medium_large":"","large":"","1536x1536":"","2048x2048":"","covernews-featured":"","covernews-medium":""},"author_info":{"display_name":"Redacci\u00f3n QP","author_link":"https:\/\/quehacerpolitico.mx\/?author=2"},"category_info":"<a href=\"https:\/\/quehacerpolitico.mx\/?cat=55\" rel=\"category\">CDMX<\/a>","tag_info":"CDMX","comment_count":"0","_links":{"self":[{"href":"https:\/\/quehacerpolitico.mx\/index.php?rest_route=\/wp\/v2\/posts\/35805","targetHints":{"allow":["GET"]}}],"collection":[{"href":"https:\/\/quehacerpolitico.mx\/index.php?rest_route=\/wp\/v2\/posts"}],"about":[{"href":"https:\/\/quehacerpolitico.mx\/index.php?rest_route=\/wp\/v2\/types\/post"}],"author":[{"embeddable":true,"href":"https:\/\/quehacerpolitico.mx\/index.php?rest_route=\/wp\/v2\/users\/2"}],"replies":[{"embeddable":true,"href":"https:\/\/quehacerpolitico.mx\/index.php?rest_route=%2Fwp%2Fv2%2Fcomments&post=35805"}],"version-history":[{"count":0,"href":"https:\/\/quehacerpolitico.mx\/index.php?rest_route=\/wp\/v2\/posts\/35805\/revisions"}],"wp:featuredmedia":[{"embeddable":true,"href":"https:\/\/quehacerpolitico.mx\/index.php?rest_route=\/"}],"wp:attachment":[{"href":"https:\/\/quehacerpolitico.mx\/index.php?rest_route=%2Fwp%2Fv2%2Fmedia&parent=35805"}],"wp:term":[{"taxonomy":"category","embeddable":true,"href":"https:\/\/quehacerpolitico.mx\/index.php?rest_route=%2Fwp%2Fv2%2Fcategories&post=35805"},{"taxonomy":"post_tag","embeddable":true,"href":"https:\/\/quehacerpolitico.mx\/index.php?rest_route=%2Fwp%2Fv2%2Ftags&post=35805"}],"curies":[{"name":"wp","href":"https:\/\/api.w.org\/{rel}","templated":true}]}}