{"id":35799,"date":"2019-08-21T03:07:45","date_gmt":"2019-08-21T03:07:45","guid":{"rendered":"http:\/\/quehacerpolitico.mx\/dialogo-es-con-autodefensas-no-con-crimen-organizado-segob\/"},"modified":"2019-08-21T03:07:45","modified_gmt":"2019-08-21T03:07:45","slug":"dialogo-es-con-autodefensas-no-con-crimen-organizado-segob","status":"publish","type":"post","link":"https:\/\/quehacerpolitico.mx\/?p=35799","title":{"rendered":"Di\u00e1logo es con autodefensas, no con crimen organizado: Segob"},"content":{"rendered":"<h1 class=\"news-title\">Di\u00e1logo es con autodefensas, no con crimen organizado: Segob<\/h1>\n<p>Por Redacci\u00f3n QP<\/p>\n<header class=\"news-header\">\n<div class=\"news-subtitle\">\n<p>La dependencia aclara que el di\u00e1logo es con organizaciones de autodefensa en diferentes puntos del pa\u00eds<\/p>\n<\/div>\n<\/header>\n<div class=\"news-content\">\n<div class=\"news-body row\">\n<p>La Secretar\u00eda de Gobernaci\u00f3n comunic\u00f3 que el gobierno federal no dialoga ni dialogar\u00e1 con el crimen organizado, sino con organizaciones &#8220;aut\u00e9nticas&#8221; de autodefensa, luego de que su titular expresara que hay grupos armados que desean caminar hacia la pacificaci\u00f3n del pa\u00eds.<\/p>\n<p>En una serie de tres tuits la dependencia afirma que <strong>la secretaria &#8220;expres\u00f3 la voluntad de di\u00e1logo con aut\u00e9nticas organizaciones de auto defensa, para alcanzar la pacificaci\u00f3n de algunas zonas del pa\u00eds.<\/strong> El desarme de esas organizaciones y de quienes las integran, para beneficio de sus comunidades y municipios&#8221;. \u00a0<\/p>\n<blockquote class=\"twitter-tweet\" data-width=\"550\" data-dnt=\"true\">\n<p lang=\"es\" dir=\"ltr\">producto de una lamentable edici\u00f3n de declaraciones vertidas el d\u00eda de hoy por la secretaria de Gobernaci\u00f3n, en las que expres\u00f3 la voluntad de di\u00e1logo con aut\u00e9nticas organizaciones de auto defensa, para alcanzar la pacificaci\u00f3n de algunas zonas del pa\u00eds, (2\/3)<\/p>\n<p>&mdash; Gobernaci\u00f3n (@SEGOB_mx) <a href=\"https:\/\/twitter.com\/SEGOB_mx\/status\/1163952066328485889?ref_src=twsrc%5Etfw\">August 20, 2019<\/a><\/p><\/blockquote>\n<p><script async src=\"https:\/\/platform.twitter.com\/widgets.js\" charset=\"utf-8\"><\/script><\/p>\n<p>&#8220;El Gobierno Federal no tiene ni tendr\u00e1 di\u00e1logo con ning\u00fan grupo del crimen organizado&#8221;, remata el \u00faltimo tuit. \u00a0S\u00e1nchez Cordero asisti\u00f3 por la ma\u00f1ana de este martes a una reuni\u00f3n de la Alianza para el Gobierno Abierto, iniciativa que busca combatir la corrupci\u00f3n y promover la transparencia. \u00a0Durante su discurso, S\u00e1nchez Cordero dijo: \u00a0&#8220;Compartirles tambi\u00e9n que hemos estado en zonas de Guerrero, Tamaulipas y La Huacana, en Michoac\u00e1n, tratando y conviviendo para poder avanzar en la pacificaci\u00f3n del pa\u00eds que entre otras cuestiones, que es muy importante, ya estos grupos que al final del d\u00eda se han estado combatiendo unos a otros, y han estado cometi\u00e9ndose los homicidios de un grupo contra los otros, pues ya no quieren m\u00e1s muerte, ya quieren avanzar hacia la paz y no quieren ya estar en esta situaci\u00f3n que en este momento se encuentran&#8221;. \u00a0<\/p>\n<p>La dependencia precis\u00f3 que <strong>la secretaria se refiri\u00f3 a un programa de di\u00e1logo con autodefensas en distintos puntos del pa\u00eds<\/strong>, encabezado por el subsecretario Ricardo Peralta.<\/p>\n<p>Al salir ante medios de comunicaci\u00f3n, S\u00e1nchez Cordero respondi\u00f3 una pregunta sobre una posible tregua con el crimen organizado en Guerrero: <strong>&#8220;No. Estamos dialogando, ahorita. Estamos dialogando con muchos grupos<\/strong>, y nos han manifestado ya que no quieren seguir en esta violencia. Ellos quieren deponer las armas y caminar hacia la paz&#8221;, dijo.<\/p>\n<p>Con Informaci\u00f3n de SUN<\/p>\n<\/div>\n<\/div>\n","protected":false},"excerpt":{"rendered":"<p>Di\u00e1logo es con autodefensas, no con crimen organizado: Segob<br \/>\nPor Redacci\u00f3n QP<\/p>\n","protected":false},"author":2,"featured_media":35798,"comment_status":"open","ping_status":"open","sticky":false,"template":"","format":"standard","meta":{"_monsterinsights_skip_tracking":false,"_monsterinsights_sitenote_active":false,"_monsterinsights_sitenote_note":"","_monsterinsights_sitenote_category":0,"footnotes":""},"categories":[2],"tags":[],"class_list":["post-35799","post","type-post","status-publish","format-standard","has-post-thumbnail","hentry","category-noticias"],"yoast_head":"<!-- This site is optimized with the Yoast SEO plugin v27.3 - https:\/\/yoast.com\/product\/yoast-seo-wordpress\/ -->\n<title>Di\u00e1logo es con autodefensas, no con crimen organizado: Segob -<\/title>\n<meta name=\"robots\" content=\"index, follow, max-snippet:-1, max-image-preview:large, max-video-preview:-1\" \/>\n<link rel=\"canonical\" href=\"https:\/\/quehacerpolitico.mx\/?p=35799\" \/>\n<meta property=\"og:locale\" content=\"es_MX\" \/>\n<meta property=\"og:type\" content=\"article\" \/>\n<meta property=\"og:title\" content=\"Di\u00e1logo es con autodefensas, no con crimen organizado: Segob -\" \/>\n<meta property=\"og:description\" content=\"Di\u00e1logo es con autodefensas, no con crimen organizado: Segob Por Redacci\u00f3n QP\" \/>\n<meta property=\"og:url\" content=\"https:\/\/quehacerpolitico.mx\/?p=35799\" \/>\n<meta property=\"article:published_time\" content=\"2019-08-21T03:07:45+00:00\" \/>\n<meta name=\"author\" content=\"Redacci\u00f3n QP\" \/>\n<meta name=\"twitter:card\" content=\"summary_large_image\" \/>\n<meta name=\"twitter:label1\" content=\"Escrito por\" \/>\n\t<meta name=\"twitter:data1\" content=\"Redacci\u00f3n QP\" \/>\n\t<meta name=\"twitter:label2\" content=\"Tiempo de lectura\" \/>\n\t<meta name=\"twitter:data2\" content=\"2 minutos\" \/>\n<script type=\"application\/ld+json\" class=\"yoast-schema-graph\">{\"@context\":\"https:\\\/\\\/schema.org\",\"@graph\":[{\"@type\":\"Article\",\"@id\":\"https:\\\/\\\/quehacerpolitico.mx\\\/?p=35799#article\",\"isPartOf\":{\"@id\":\"https:\\\/\\\/quehacerpolitico.mx\\\/?p=35799\"},\"author\":{\"name\":\"Redacci\u00f3n QP\",\"@id\":\"https:\\\/\\\/quehacerpolitico.mx\\\/#\\\/schema\\\/person\\\/496d8ad2d1d3f8036101dca7ee39e585\"},\"headline\":\"Di\u00e1logo es con autodefensas, no con crimen organizado: Segob\",\"datePublished\":\"2019-08-21T03:07:45+00:00\",\"mainEntityOfPage\":{\"@id\":\"https:\\\/\\\/quehacerpolitico.mx\\\/?p=35799\"},\"wordCount\":391,\"commentCount\":0,\"image\":{\"@id\":\"https:\\\/\\\/quehacerpolitico.mx\\\/?p=35799#primaryimage\"},\"thumbnailUrl\":\"\",\"articleSection\":[\"Noticias\"],\"inLanguage\":\"es\",\"potentialAction\":[{\"@type\":\"CommentAction\",\"name\":\"Comment\",\"target\":[\"https:\\\/\\\/quehacerpolitico.mx\\\/?p=35799#respond\"]}]},{\"@type\":\"WebPage\",\"@id\":\"https:\\\/\\\/quehacerpolitico.mx\\\/?p=35799\",\"url\":\"https:\\\/\\\/quehacerpolitico.mx\\\/?p=35799\",\"name\":\"Di\u00e1logo es con autodefensas, no con crimen organizado: Segob -\",\"isPartOf\":{\"@id\":\"https:\\\/\\\/quehacerpolitico.mx\\\/#website\"},\"primaryImageOfPage\":{\"@id\":\"https:\\\/\\\/quehacerpolitico.mx\\\/?p=35799#primaryimage\"},\"image\":{\"@id\":\"https:\\\/\\\/quehacerpolitico.mx\\\/?p=35799#primaryimage\"},\"thumbnailUrl\":\"\",\"datePublished\":\"2019-08-21T03:07:45+00:00\",\"author\":{\"@id\":\"https:\\\/\\\/quehacerpolitico.mx\\\/#\\\/schema\\\/person\\\/496d8ad2d1d3f8036101dca7ee39e585\"},\"breadcrumb\":{\"@id\":\"https:\\\/\\\/quehacerpolitico.mx\\\/?p=35799#breadcrumb\"},\"inLanguage\":\"es\",\"potentialAction\":[{\"@type\":\"ReadAction\",\"target\":[\"https:\\\/\\\/quehacerpolitico.mx\\\/?p=35799\"]}]},{\"@type\":\"ImageObject\",\"inLanguage\":\"es\",\"@id\":\"https:\\\/\\\/quehacerpolitico.mx\\\/?p=35799#primaryimage\",\"url\":\"\",\"contentUrl\":\"\"},{\"@type\":\"BreadcrumbList\",\"@id\":\"https:\\\/\\\/quehacerpolitico.mx\\\/?p=35799#breadcrumb\",\"itemListElement\":[{\"@type\":\"ListItem\",\"position\":1,\"name\":\"Inicio\",\"item\":\"https:\\\/\\\/quehacerpolitico.mx\\\/\"},{\"@type\":\"ListItem\",\"position\":2,\"name\":\"Di\u00e1logo es con autodefensas, no con crimen organizado: Segob\"}]},{\"@type\":\"WebSite\",\"@id\":\"https:\\\/\\\/quehacerpolitico.mx\\\/#website\",\"url\":\"https:\\\/\\\/quehacerpolitico.mx\\\/\",\"name\":\"\",\"description\":\"\",\"potentialAction\":[{\"@type\":\"SearchAction\",\"target\":{\"@type\":\"EntryPoint\",\"urlTemplate\":\"https:\\\/\\\/quehacerpolitico.mx\\\/?s={search_term_string}\"},\"query-input\":{\"@type\":\"PropertyValueSpecification\",\"valueRequired\":true,\"valueName\":\"search_term_string\"}}],\"inLanguage\":\"es\"},{\"@type\":\"Person\",\"@id\":\"https:\\\/\\\/quehacerpolitico.mx\\\/#\\\/schema\\\/person\\\/496d8ad2d1d3f8036101dca7ee39e585\",\"name\":\"Redacci\u00f3n QP\",\"image\":{\"@type\":\"ImageObject\",\"inLanguage\":\"es\",\"@id\":\"https:\\\/\\\/secure.gravatar.com\\\/avatar\\\/c7164ed6fdec453195284ad24a5ae5b6e1eed2b848477fa2a4787ba9adf39a41?s=96&d=mm&r=g\",\"url\":\"https:\\\/\\\/secure.gravatar.com\\\/avatar\\\/c7164ed6fdec453195284ad24a5ae5b6e1eed2b848477fa2a4787ba9adf39a41?s=96&d=mm&r=g\",\"contentUrl\":\"https:\\\/\\\/secure.gravatar.com\\\/avatar\\\/c7164ed6fdec453195284ad24a5ae5b6e1eed2b848477fa2a4787ba9adf39a41?s=96&d=mm&r=g\",\"caption\":\"Redacci\u00f3n QP\"},\"url\":\"https:\\\/\\\/quehacerpolitico.mx\\\/?author=2\"}]}<\/script>\n<!-- \/ Yoast SEO plugin. -->","yoast_head_json":{"title":"Di\u00e1logo es con autodefensas, no con crimen organizado: Segob -","robots":{"index":"index","follow":"follow","max-snippet":"max-snippet:-1","max-image-preview":"max-image-preview:large","max-video-preview":"max-video-preview:-1"},"canonical":"https:\/\/quehacerpolitico.mx\/?p=35799","og_locale":"es_MX","og_type":"article","og_title":"Di\u00e1logo es con autodefensas, no con crimen organizado: Segob -","og_description":"Di\u00e1logo es con autodefensas, no con crimen organizado: Segob Por Redacci\u00f3n QP","og_url":"https:\/\/quehacerpolitico.mx\/?p=35799","article_published_time":"2019-08-21T03:07:45+00:00","author":"Redacci\u00f3n QP","twitter_card":"summary_large_image","twitter_misc":{"Escrito por":"Redacci\u00f3n QP","Tiempo de lectura":"2 minutos"},"schema":{"@context":"https:\/\/schema.org","@graph":[{"@type":"Article","@id":"https:\/\/quehacerpolitico.mx\/?p=35799#article","isPartOf":{"@id":"https:\/\/quehacerpolitico.mx\/?p=35799"},"author":{"name":"Redacci\u00f3n QP","@id":"https:\/\/quehacerpolitico.mx\/#\/schema\/person\/496d8ad2d1d3f8036101dca7ee39e585"},"headline":"Di\u00e1logo es con autodefensas, no con crimen organizado: Segob","datePublished":"2019-08-21T03:07:45+00:00","mainEntityOfPage":{"@id":"https:\/\/quehacerpolitico.mx\/?p=35799"},"wordCount":391,"commentCount":0,"image":{"@id":"https:\/\/quehacerpolitico.mx\/?p=35799#primaryimage"},"thumbnailUrl":"","articleSection":["Noticias"],"inLanguage":"es","potentialAction":[{"@type":"CommentAction","name":"Comment","target":["https:\/\/quehacerpolitico.mx\/?p=35799#respond"]}]},{"@type":"WebPage","@id":"https:\/\/quehacerpolitico.mx\/?p=35799","url":"https:\/\/quehacerpolitico.mx\/?p=35799","name":"Di\u00e1logo es con autodefensas, no con crimen organizado: Segob -","isPartOf":{"@id":"https:\/\/quehacerpolitico.mx\/#website"},"primaryImageOfPage":{"@id":"https:\/\/quehacerpolitico.mx\/?p=35799#primaryimage"},"image":{"@id":"https:\/\/quehacerpolitico.mx\/?p=35799#primaryimage"},"thumbnailUrl":"","datePublished":"2019-08-21T03:07:45+00:00","author":{"@id":"https:\/\/quehacerpolitico.mx\/#\/schema\/person\/496d8ad2d1d3f8036101dca7ee39e585"},"breadcrumb":{"@id":"https:\/\/quehacerpolitico.mx\/?p=35799#breadcrumb"},"inLanguage":"es","potentialAction":[{"@type":"ReadAction","target":["https:\/\/quehacerpolitico.mx\/?p=35799"]}]},{"@type":"ImageObject","inLanguage":"es","@id":"https:\/\/quehacerpolitico.mx\/?p=35799#primaryimage","url":"","contentUrl":""},{"@type":"BreadcrumbList","@id":"https:\/\/quehacerpolitico.mx\/?p=35799#breadcrumb","itemListElement":[{"@type":"ListItem","position":1,"name":"Inicio","item":"https:\/\/quehacerpolitico.mx\/"},{"@type":"ListItem","position":2,"name":"Di\u00e1logo es con autodefensas, no con crimen organizado: Segob"}]},{"@type":"WebSite","@id":"https:\/\/quehacerpolitico.mx\/#website","url":"https:\/\/quehacerpolitico.mx\/","name":"","description":"","potentialAction":[{"@type":"SearchAction","target":{"@type":"EntryPoint","urlTemplate":"https:\/\/quehacerpolitico.mx\/?s={search_term_string}"},"query-input":{"@type":"PropertyValueSpecification","valueRequired":true,"valueName":"search_term_string"}}],"inLanguage":"es"},{"@type":"Person","@id":"https:\/\/quehacerpolitico.mx\/#\/schema\/person\/496d8ad2d1d3f8036101dca7ee39e585","name":"Redacci\u00f3n QP","image":{"@type":"ImageObject","inLanguage":"es","@id":"https:\/\/secure.gravatar.com\/avatar\/c7164ed6fdec453195284ad24a5ae5b6e1eed2b848477fa2a4787ba9adf39a41?s=96&d=mm&r=g","url":"https:\/\/secure.gravatar.com\/avatar\/c7164ed6fdec453195284ad24a5ae5b6e1eed2b848477fa2a4787ba9adf39a41?s=96&d=mm&r=g","contentUrl":"https:\/\/secure.gravatar.com\/avatar\/c7164ed6fdec453195284ad24a5ae5b6e1eed2b848477fa2a4787ba9adf39a41?s=96&d=mm&r=g","caption":"Redacci\u00f3n QP"},"url":"https:\/\/quehacerpolitico.mx\/?author=2"}]}},"featured_image_urls":{"full":"","thumbnail":"","medium":"","medium_large":"","large":"","1536x1536":"","2048x2048":"","covernews-featured":"","covernews-medium":""},"author_info":{"display_name":"Redacci\u00f3n QP","author_link":"https:\/\/quehacerpolitico.mx\/?author=2"},"category_info":"<a href=\"https:\/\/quehacerpolitico.mx\/?cat=2\" rel=\"category\">Noticias<\/a>","tag_info":"Noticias","comment_count":"0","_links":{"self":[{"href":"https:\/\/quehacerpolitico.mx\/index.php?rest_route=\/wp\/v2\/posts\/35799","targetHints":{"allow":["GET"]}}],"collection":[{"href":"https:\/\/quehacerpolitico.mx\/index.php?rest_route=\/wp\/v2\/posts"}],"about":[{"href":"https:\/\/quehacerpolitico.mx\/index.php?rest_route=\/wp\/v2\/types\/post"}],"author":[{"embeddable":true,"href":"https:\/\/quehacerpolitico.mx\/index.php?rest_route=\/wp\/v2\/users\/2"}],"replies":[{"embeddable":true,"href":"https:\/\/quehacerpolitico.mx\/index.php?rest_route=%2Fwp%2Fv2%2Fcomments&post=35799"}],"version-history":[{"count":0,"href":"https:\/\/quehacerpolitico.mx\/index.php?rest_route=\/wp\/v2\/posts\/35799\/revisions"}],"wp:featuredmedia":[{"embeddable":true,"href":"https:\/\/quehacerpolitico.mx\/index.php?rest_route=\/"}],"wp:attachment":[{"href":"https:\/\/quehacerpolitico.mx\/index.php?rest_route=%2Fwp%2Fv2%2Fmedia&parent=35799"}],"wp:term":[{"taxonomy":"category","embeddable":true,"href":"https:\/\/quehacerpolitico.mx\/index.php?rest_route=%2Fwp%2Fv2%2Fcategories&post=35799"},{"taxonomy":"post_tag","embeddable":true,"href":"https:\/\/quehacerpolitico.mx\/index.php?rest_route=%2Fwp%2Fv2%2Ftags&post=35799"}],"curies":[{"name":"wp","href":"https:\/\/api.w.org\/{rel}","templated":true}]}}