{"id":35790,"date":"2019-08-21T02:49:28","date_gmt":"2019-08-21T02:49:28","guid":{"rendered":"http:\/\/quehacerpolitico.mx\/la-uif-presentara-una-nueva-denuncia-contra-rosario-robles\/"},"modified":"2019-08-21T02:49:28","modified_gmt":"2019-08-21T02:49:28","slug":"la-uif-presentara-una-nueva-denuncia-contra-rosario-robles","status":"publish","type":"post","link":"https:\/\/quehacerpolitico.mx\/?p=35790","title":{"rendered":"La UIF presentar\u00e1 una nueva denuncia contra Rosario Robles"},"content":{"rendered":"<h1 class=\"news-title\">La UIF presentar\u00e1 una nueva denuncia contra Rosario Robles<\/h1>\n<p>Por Redacci\u00f3n QP<\/p>\n<header class=\"news-header\">\n<div class=\"news-subtitle\">\n<p>Santiago Nieto revela que un ex funcionario de Secretar\u00eda de Gobernaci\u00f3n est\u00e1 relacionado con lavado de dinero<\/p>\n<\/div>\n<\/header>\n<div class=\"news-content\">\n<div class=\"news-body row\">\n<p>En una semana, la Unidad de Inteligencia Financiera (UIF), de la Secretar\u00eda de Hacienda, presentar\u00e1 una nueva denuncia contra Rosario Robles Berlanga, quien se encuentra en prisi\u00f3n por su presunta participaci\u00f3n en la llamada &#8220;Estafa Maestra&#8221;.<\/p>\n<blockquote>\n<p>&#8220;Vamos a presentar una nueva denuncia contra Rosario Robles, en una semana&#8221;<\/p>\n<\/blockquote>\n<p>&#8220;Vamos a presentar una nueva denuncia contra Rosario Robles, en una semana&#8221;, dijo el titular de la UIF, Santiago Nieto Castillo, quien explic\u00f3 que trabaja en el tema con la Secretar\u00eda de Desarrollo Agrario, Territorial y Urbano (Sedatu) <strong>sobre los terrenos federales que eran vendidos a empresas fachada.<\/strong><\/p>\n<p>En el marco de su participaci\u00f3n en el foro &#8220;Sistemas anticorrupci\u00f3n. Retos, perspectivas, experiencias&#8221;, dijo que con el caso de &#8220;La Estafa Maestra&#8221; se hicieron hasta ahora seis bloqueos de cuentas bancarias contra servidores p\u00fablicos y, en este momento, se generaron ocho relacionadas con empresas vinculadas y se analizan 105 convenios de colaboraci\u00f3n que fueron presentados por la Secretar\u00eda del Bienestar a la UIF.<\/p>\n<p>Detall\u00f3 que esto \u00faltimo es para efecto de determinar cu\u00e1ntas empresas fachadas fueron utilizadas en la misma metodolog\u00eda que fue descubierta por la Auditor\u00eda Superior de la Federaci\u00f3n en el caso de &#8220;La Estafa Maestra&#8221;.<\/p>\n<p>Nieto Castillo inform\u00f3 tambi\u00e9n que se present\u00f3 ante la Fiscal\u00eda General de la Rep\u00fablica (FGR) una denuncia <strong>en contra del ex titular de la Unidad de Finanzas y Administraci\u00f3n de la Secretar\u00eda de Gobernaci\u00f3n, Juan Manuel Flores Athi\u00e9, por el tema de lavado de dinero relacionado con corrupci\u00f3n.<\/strong><\/p>\n<p>&#8220;S\u00ed se gener\u00f3 un caso, a partir de una denuncia relacionada con el se\u00f1or Athi\u00e9 y eso llev\u00f3 al congelamiento de cuentas; hay algunas empresas relacionadas con este caso y ah\u00ed por protecci\u00f3n de los derechos de los trabajadores se congelaron las cuentas en donde se pagaban los sueldos de los trabajadores, pero por lo dem\u00e1s seguimos operando en el caso y se ha presentado la denuncia&#8221;.<\/p>\n<p>Durante el cierre del foro, el funcionario coment\u00f3 que entre los retos en la materia es tener sanciones ejemplares, porque &#8220;de nada sirve sancionar al jefe de Departamento si no se sanciona al secretario o la secretaria que orden\u00f3 la operaci\u00f3n, aunque no haya firmado&#8221;.<\/p>\n<p>Hay una corresponsabilidad de comisi\u00f3n por omisi\u00f3n y en este caso, cuando tienen una calidad de garante como servidores p\u00fablicos para incumplimiento de las normas, al ser omisos e incumplir con esa calidad de garante, amerita una sanci\u00f3n que es lo que sucedi\u00f3 recientemente en el caso de &#8220;La Estafa Maestra&#8221;, argument\u00f3.<\/p>\n<p>Dijo que otros retos son la recuperaci\u00f3n de activos y en ese sentido, debe haber un debate fundamental sobre la Extinci\u00f3n de Dominio, as\u00ed como fortalecer a las instituciones y la coordinaci\u00f3n con base en datos y la cultura de la legalidad, entre otros temas.<\/p>\n<p>Con Informaci\u00f3n de NTX\u00a0<\/p>\n<\/div>\n<\/div>\n","protected":false},"excerpt":{"rendered":"<p>La UIF presentar\u00e1 una nueva denuncia contra Rosario Robles<br \/>\nPor Redacci\u00f3n QP<\/p>\n","protected":false},"author":2,"featured_media":35789,"comment_status":"open","ping_status":"open","sticky":false,"template":"","format":"standard","meta":{"_monsterinsights_skip_tracking":false,"_monsterinsights_sitenote_active":false,"_monsterinsights_sitenote_note":"","_monsterinsights_sitenote_category":0,"footnotes":""},"categories":[2],"tags":[],"class_list":["post-35790","post","type-post","status-publish","format-standard","has-post-thumbnail","hentry","category-noticias"],"yoast_head":"<!-- This site is optimized with the Yoast SEO plugin v27.3 - https:\/\/yoast.com\/product\/yoast-seo-wordpress\/ -->\n<title>La UIF presentar\u00e1 una nueva denuncia contra Rosario Robles -<\/title>\n<meta name=\"robots\" content=\"index, follow, max-snippet:-1, max-image-preview:large, max-video-preview:-1\" \/>\n<link rel=\"canonical\" href=\"https:\/\/quehacerpolitico.mx\/?p=35790\" \/>\n<meta property=\"og:locale\" content=\"es_MX\" \/>\n<meta property=\"og:type\" content=\"article\" \/>\n<meta property=\"og:title\" content=\"La UIF presentar\u00e1 una nueva denuncia contra Rosario Robles -\" \/>\n<meta property=\"og:description\" content=\"La UIF presentar\u00e1 una nueva denuncia contra Rosario Robles Por Redacci\u00f3n QP\" \/>\n<meta property=\"og:url\" content=\"https:\/\/quehacerpolitico.mx\/?p=35790\" \/>\n<meta property=\"article:published_time\" content=\"2019-08-21T02:49:28+00:00\" \/>\n<meta name=\"author\" content=\"Redacci\u00f3n QP\" \/>\n<meta name=\"twitter:card\" content=\"summary_large_image\" \/>\n<meta name=\"twitter:label1\" content=\"Escrito por\" \/>\n\t<meta name=\"twitter:data1\" content=\"Redacci\u00f3n QP\" \/>\n\t<meta name=\"twitter:label2\" content=\"Tiempo de lectura\" \/>\n\t<meta name=\"twitter:data2\" content=\"3 minutos\" \/>\n<script type=\"application\/ld+json\" class=\"yoast-schema-graph\">{\"@context\":\"https:\\\/\\\/schema.org\",\"@graph\":[{\"@type\":\"Article\",\"@id\":\"https:\\\/\\\/quehacerpolitico.mx\\\/?p=35790#article\",\"isPartOf\":{\"@id\":\"https:\\\/\\\/quehacerpolitico.mx\\\/?p=35790\"},\"author\":{\"name\":\"Redacci\u00f3n QP\",\"@id\":\"https:\\\/\\\/quehacerpolitico.mx\\\/#\\\/schema\\\/person\\\/496d8ad2d1d3f8036101dca7ee39e585\"},\"headline\":\"La UIF presentar\u00e1 una nueva denuncia contra Rosario Robles\",\"datePublished\":\"2019-08-21T02:49:28+00:00\",\"mainEntityOfPage\":{\"@id\":\"https:\\\/\\\/quehacerpolitico.mx\\\/?p=35790\"},\"wordCount\":528,\"commentCount\":0,\"image\":{\"@id\":\"https:\\\/\\\/quehacerpolitico.mx\\\/?p=35790#primaryimage\"},\"thumbnailUrl\":\"\",\"articleSection\":[\"Noticias\"],\"inLanguage\":\"es\",\"potentialAction\":[{\"@type\":\"CommentAction\",\"name\":\"Comment\",\"target\":[\"https:\\\/\\\/quehacerpolitico.mx\\\/?p=35790#respond\"]}]},{\"@type\":\"WebPage\",\"@id\":\"https:\\\/\\\/quehacerpolitico.mx\\\/?p=35790\",\"url\":\"https:\\\/\\\/quehacerpolitico.mx\\\/?p=35790\",\"name\":\"La UIF presentar\u00e1 una nueva denuncia contra Rosario Robles -\",\"isPartOf\":{\"@id\":\"https:\\\/\\\/quehacerpolitico.mx\\\/#website\"},\"primaryImageOfPage\":{\"@id\":\"https:\\\/\\\/quehacerpolitico.mx\\\/?p=35790#primaryimage\"},\"image\":{\"@id\":\"https:\\\/\\\/quehacerpolitico.mx\\\/?p=35790#primaryimage\"},\"thumbnailUrl\":\"\",\"datePublished\":\"2019-08-21T02:49:28+00:00\",\"author\":{\"@id\":\"https:\\\/\\\/quehacerpolitico.mx\\\/#\\\/schema\\\/person\\\/496d8ad2d1d3f8036101dca7ee39e585\"},\"breadcrumb\":{\"@id\":\"https:\\\/\\\/quehacerpolitico.mx\\\/?p=35790#breadcrumb\"},\"inLanguage\":\"es\",\"potentialAction\":[{\"@type\":\"ReadAction\",\"target\":[\"https:\\\/\\\/quehacerpolitico.mx\\\/?p=35790\"]}]},{\"@type\":\"ImageObject\",\"inLanguage\":\"es\",\"@id\":\"https:\\\/\\\/quehacerpolitico.mx\\\/?p=35790#primaryimage\",\"url\":\"\",\"contentUrl\":\"\"},{\"@type\":\"BreadcrumbList\",\"@id\":\"https:\\\/\\\/quehacerpolitico.mx\\\/?p=35790#breadcrumb\",\"itemListElement\":[{\"@type\":\"ListItem\",\"position\":1,\"name\":\"Inicio\",\"item\":\"https:\\\/\\\/quehacerpolitico.mx\\\/\"},{\"@type\":\"ListItem\",\"position\":2,\"name\":\"La UIF presentar\u00e1 una nueva denuncia contra Rosario Robles\"}]},{\"@type\":\"WebSite\",\"@id\":\"https:\\\/\\\/quehacerpolitico.mx\\\/#website\",\"url\":\"https:\\\/\\\/quehacerpolitico.mx\\\/\",\"name\":\"\",\"description\":\"\",\"potentialAction\":[{\"@type\":\"SearchAction\",\"target\":{\"@type\":\"EntryPoint\",\"urlTemplate\":\"https:\\\/\\\/quehacerpolitico.mx\\\/?s={search_term_string}\"},\"query-input\":{\"@type\":\"PropertyValueSpecification\",\"valueRequired\":true,\"valueName\":\"search_term_string\"}}],\"inLanguage\":\"es\"},{\"@type\":\"Person\",\"@id\":\"https:\\\/\\\/quehacerpolitico.mx\\\/#\\\/schema\\\/person\\\/496d8ad2d1d3f8036101dca7ee39e585\",\"name\":\"Redacci\u00f3n QP\",\"image\":{\"@type\":\"ImageObject\",\"inLanguage\":\"es\",\"@id\":\"https:\\\/\\\/secure.gravatar.com\\\/avatar\\\/c7164ed6fdec453195284ad24a5ae5b6e1eed2b848477fa2a4787ba9adf39a41?s=96&d=mm&r=g\",\"url\":\"https:\\\/\\\/secure.gravatar.com\\\/avatar\\\/c7164ed6fdec453195284ad24a5ae5b6e1eed2b848477fa2a4787ba9adf39a41?s=96&d=mm&r=g\",\"contentUrl\":\"https:\\\/\\\/secure.gravatar.com\\\/avatar\\\/c7164ed6fdec453195284ad24a5ae5b6e1eed2b848477fa2a4787ba9adf39a41?s=96&d=mm&r=g\",\"caption\":\"Redacci\u00f3n QP\"},\"url\":\"https:\\\/\\\/quehacerpolitico.mx\\\/?author=2\"}]}<\/script>\n<!-- \/ Yoast SEO plugin. -->","yoast_head_json":{"title":"La UIF presentar\u00e1 una nueva denuncia contra Rosario Robles -","robots":{"index":"index","follow":"follow","max-snippet":"max-snippet:-1","max-image-preview":"max-image-preview:large","max-video-preview":"max-video-preview:-1"},"canonical":"https:\/\/quehacerpolitico.mx\/?p=35790","og_locale":"es_MX","og_type":"article","og_title":"La UIF presentar\u00e1 una nueva denuncia contra Rosario Robles -","og_description":"La UIF presentar\u00e1 una nueva denuncia contra Rosario Robles Por Redacci\u00f3n QP","og_url":"https:\/\/quehacerpolitico.mx\/?p=35790","article_published_time":"2019-08-21T02:49:28+00:00","author":"Redacci\u00f3n QP","twitter_card":"summary_large_image","twitter_misc":{"Escrito por":"Redacci\u00f3n QP","Tiempo de lectura":"3 minutos"},"schema":{"@context":"https:\/\/schema.org","@graph":[{"@type":"Article","@id":"https:\/\/quehacerpolitico.mx\/?p=35790#article","isPartOf":{"@id":"https:\/\/quehacerpolitico.mx\/?p=35790"},"author":{"name":"Redacci\u00f3n QP","@id":"https:\/\/quehacerpolitico.mx\/#\/schema\/person\/496d8ad2d1d3f8036101dca7ee39e585"},"headline":"La UIF presentar\u00e1 una nueva denuncia contra Rosario Robles","datePublished":"2019-08-21T02:49:28+00:00","mainEntityOfPage":{"@id":"https:\/\/quehacerpolitico.mx\/?p=35790"},"wordCount":528,"commentCount":0,"image":{"@id":"https:\/\/quehacerpolitico.mx\/?p=35790#primaryimage"},"thumbnailUrl":"","articleSection":["Noticias"],"inLanguage":"es","potentialAction":[{"@type":"CommentAction","name":"Comment","target":["https:\/\/quehacerpolitico.mx\/?p=35790#respond"]}]},{"@type":"WebPage","@id":"https:\/\/quehacerpolitico.mx\/?p=35790","url":"https:\/\/quehacerpolitico.mx\/?p=35790","name":"La UIF presentar\u00e1 una nueva denuncia contra Rosario Robles -","isPartOf":{"@id":"https:\/\/quehacerpolitico.mx\/#website"},"primaryImageOfPage":{"@id":"https:\/\/quehacerpolitico.mx\/?p=35790#primaryimage"},"image":{"@id":"https:\/\/quehacerpolitico.mx\/?p=35790#primaryimage"},"thumbnailUrl":"","datePublished":"2019-08-21T02:49:28+00:00","author":{"@id":"https:\/\/quehacerpolitico.mx\/#\/schema\/person\/496d8ad2d1d3f8036101dca7ee39e585"},"breadcrumb":{"@id":"https:\/\/quehacerpolitico.mx\/?p=35790#breadcrumb"},"inLanguage":"es","potentialAction":[{"@type":"ReadAction","target":["https:\/\/quehacerpolitico.mx\/?p=35790"]}]},{"@type":"ImageObject","inLanguage":"es","@id":"https:\/\/quehacerpolitico.mx\/?p=35790#primaryimage","url":"","contentUrl":""},{"@type":"BreadcrumbList","@id":"https:\/\/quehacerpolitico.mx\/?p=35790#breadcrumb","itemListElement":[{"@type":"ListItem","position":1,"name":"Inicio","item":"https:\/\/quehacerpolitico.mx\/"},{"@type":"ListItem","position":2,"name":"La UIF presentar\u00e1 una nueva denuncia contra Rosario Robles"}]},{"@type":"WebSite","@id":"https:\/\/quehacerpolitico.mx\/#website","url":"https:\/\/quehacerpolitico.mx\/","name":"","description":"","potentialAction":[{"@type":"SearchAction","target":{"@type":"EntryPoint","urlTemplate":"https:\/\/quehacerpolitico.mx\/?s={search_term_string}"},"query-input":{"@type":"PropertyValueSpecification","valueRequired":true,"valueName":"search_term_string"}}],"inLanguage":"es"},{"@type":"Person","@id":"https:\/\/quehacerpolitico.mx\/#\/schema\/person\/496d8ad2d1d3f8036101dca7ee39e585","name":"Redacci\u00f3n QP","image":{"@type":"ImageObject","inLanguage":"es","@id":"https:\/\/secure.gravatar.com\/avatar\/c7164ed6fdec453195284ad24a5ae5b6e1eed2b848477fa2a4787ba9adf39a41?s=96&d=mm&r=g","url":"https:\/\/secure.gravatar.com\/avatar\/c7164ed6fdec453195284ad24a5ae5b6e1eed2b848477fa2a4787ba9adf39a41?s=96&d=mm&r=g","contentUrl":"https:\/\/secure.gravatar.com\/avatar\/c7164ed6fdec453195284ad24a5ae5b6e1eed2b848477fa2a4787ba9adf39a41?s=96&d=mm&r=g","caption":"Redacci\u00f3n QP"},"url":"https:\/\/quehacerpolitico.mx\/?author=2"}]}},"featured_image_urls":{"full":"","thumbnail":"","medium":"","medium_large":"","large":"","1536x1536":"","2048x2048":"","covernews-featured":"","covernews-medium":""},"author_info":{"display_name":"Redacci\u00f3n QP","author_link":"https:\/\/quehacerpolitico.mx\/?author=2"},"category_info":"<a href=\"https:\/\/quehacerpolitico.mx\/?cat=2\" rel=\"category\">Noticias<\/a>","tag_info":"Noticias","comment_count":"0","_links":{"self":[{"href":"https:\/\/quehacerpolitico.mx\/index.php?rest_route=\/wp\/v2\/posts\/35790","targetHints":{"allow":["GET"]}}],"collection":[{"href":"https:\/\/quehacerpolitico.mx\/index.php?rest_route=\/wp\/v2\/posts"}],"about":[{"href":"https:\/\/quehacerpolitico.mx\/index.php?rest_route=\/wp\/v2\/types\/post"}],"author":[{"embeddable":true,"href":"https:\/\/quehacerpolitico.mx\/index.php?rest_route=\/wp\/v2\/users\/2"}],"replies":[{"embeddable":true,"href":"https:\/\/quehacerpolitico.mx\/index.php?rest_route=%2Fwp%2Fv2%2Fcomments&post=35790"}],"version-history":[{"count":0,"href":"https:\/\/quehacerpolitico.mx\/index.php?rest_route=\/wp\/v2\/posts\/35790\/revisions"}],"wp:featuredmedia":[{"embeddable":true,"href":"https:\/\/quehacerpolitico.mx\/index.php?rest_route=\/"}],"wp:attachment":[{"href":"https:\/\/quehacerpolitico.mx\/index.php?rest_route=%2Fwp%2Fv2%2Fmedia&parent=35790"}],"wp:term":[{"taxonomy":"category","embeddable":true,"href":"https:\/\/quehacerpolitico.mx\/index.php?rest_route=%2Fwp%2Fv2%2Fcategories&post=35790"},{"taxonomy":"post_tag","embeddable":true,"href":"https:\/\/quehacerpolitico.mx\/index.php?rest_route=%2Fwp%2Fv2%2Ftags&post=35790"}],"curies":[{"name":"wp","href":"https:\/\/api.w.org\/{rel}","templated":true}]}}