{"id":35611,"date":"2019-08-19T19:08:41","date_gmt":"2019-08-19T19:08:41","guid":{"rendered":"http:\/\/quehacerpolitico.mx\/alcaldias-presenta-nestor-nunez-segunda-temporada-del-circuito-cultural-cuauhtemoc\/"},"modified":"2019-08-19T19:08:41","modified_gmt":"2019-08-19T19:08:41","slug":"alcaldias-presenta-nestor-nunez-segunda-temporada-del-circuito-cultural-cuauhtemoc","status":"publish","type":"post","link":"https:\/\/quehacerpolitico.mx\/?p=35611","title":{"rendered":"Alcald\u00edas\/\/\/Presenta N\u00e9stor N\u00fa\u00f1ez segunda temporada del Circuito Cultural Cuauht\u00e9moc"},"content":{"rendered":"<p>Presenta N\u00e9stor N\u00fa\u00f1ez segunda temporada del Circuito Cultural Cuauht\u00e9moc<\/p>\n<p>Por Redacci\u00f3n QP<\/p>\n<div class=\"s12\"><span class=\"s10\">\u2022 <\/span><span class=\"s11\"><span class=\"bumpedFont15\">La primera etapa cont\u00f3 con la asistencia de 17,060 personas, la participaci\u00f3n de <\/span><\/span><span class=\"s11\"><span class=\"bumpedFont15\">288 elencos y 447 artesanos.<\/span><\/span><\/div>\n<div class=\"s14\"><span class=\"s10\">\u2022 <\/span><span class=\"s13\"><span class=\"bumpedFont15\">Esta \u00a0segunda temporada tendr\u00e1 13 festivales territoriales y 4 tem\u00e1ticos, la cual arrancar\u00e1 el viernes 23 de agosto y<\/span><\/span><span class=\"s13\"><span class=\"bumpedFont15\"> concluir\u00e1 el 22 de diciembre<\/span><\/span><span class=\"s13\"><span class=\"bumpedFont15\">. <\/span><\/span><\/div>\n<p class=\"s15\"><span class=\"s13\"><span class=\"bumpedFont15\">Como parte de una estrategia de recuperaci\u00f3n del espacio p\u00fablico y acceso a la cultura de manera gratuita, <\/span><\/span><span class=\"s13\"><span class=\"bumpedFont15\">y debido al \u00e9xito que tuvo la primera edici\u00f3n, <\/span><\/span><span class=\"s13\"><span class=\"bumpedFont15\">el alcalde de Cuauht\u00e9moc, N\u00e9stor N\u00fa\u00f1ez L\u00f3pez <\/span><\/span><span class=\"s13\"><span class=\"bumpedFont15\">anunci\u00f3 <\/span><\/span><span class=\"s13\"><span class=\"bumpedFont15\">la segunda temporada del Circuito Cultural Cuauht\u00e9moc<\/span><\/span><span class=\"s13\"><span class=\"bumpedFont15\"> (CCC)<\/span><\/span><span class=\"s13\"><span class=\"bumpedFont15\">, <\/span><\/span><span class=\"s13\"><span class=\"bumpedFont15\">en la que se real<\/span><\/span><span class=\"s13\"><span class=\"bumpedFont15\">izar\u00e1<\/span><\/span><span class=\"s13\"><span class=\"bumpedFont15\">n<\/span><\/span><span class=\"s13\"><span class=\"bumpedFont15\">33 festivales<\/span><\/span><a name=\"_GoBack\"><\/a><span class=\"s13\"><span class=\"bumpedFont15\">.<\/span><\/span><\/p>\n<p class=\"s16\"><span class=\"s13\"><span class=\"bumpedFont15\">En conferencia de prensa, el funcionario s<\/span><\/span><span class=\"s13\"><span class=\"bumpedFont15\">e\u00f1al\u00f3 que la <\/span><\/span><span class=\"s13\"><span class=\"bumpedFont15\">segu<\/span><\/span><span class=\"s13\"><span class=\"bumpedFont15\">nda temporada<\/span><\/span><span class=\"s13\"><span class=\"bumpedFont15\"> a realizarse del <\/span><\/span><span class=\"s13\"><span class=\"bumpedFont15\">23 de agosto al 22 de diciembre de 2019,<\/span><\/span><span class=\"s13\"><span class=\"bumpedFont15\"> es m\u00e1s ambiciosa. <\/span><\/span><span class=\"s13\"><span class=\"bumpedFont15\">T<\/span><\/span><span class=\"s13\"><span class=\"bumpedFont15\">endr\u00e1 13 festivales territoriales y cuatro tem\u00e1ticos, visitando 25 colonias y el mismo n\u00famero de plazas.<\/span><\/span><\/p>\n<p class=\"s16\"><span class=\"s11\"><span class=\"bumpedFont15\">Los festivales culturales \u201cs<\/span><\/span><span class=\"s11\"><span class=\"bumpedFont15\">on probablemente, hasta hoy, lo mejor que hemos hecho como administraci\u00f3n y estamos muy orgullosos con este ejercicio.<\/span><\/span><span class=\"s11\"><span class=\"bumpedFont15\"> Est<\/span><\/span><span class=\"s11\"><span class=\"bumpedFont15\">a segunda temporada promete mucho. Las administraciones pasadas abandonaron el tema de cultura<\/span><\/span><span class=\"s11\"><span class=\"bumpedFont15\">\u201d, mencion\u00f3<\/span><\/span><span class=\"s11\"><span class=\"bumpedFont15\">.<\/span><\/span><\/p>\n<p class=\"s16\"><span class=\"s13\"><span class=\"bumpedFont15\">La<\/span><\/span><span class=\"s11\"><span class=\"bumpedFont15\"> primera etapa<\/span><\/span><span class=\"s11\"><span class=\"bumpedFont15\"> del CCC, inform\u00f3,<\/span><\/span><span class=\"s11\"><span class=\"bumpedFont15\"> cont\u00f3 con la asistencia de 17,060 personas, la participaci\u00f3n de 288 elencos y 447 artesanos<\/span><\/span><span class=\"s11\"><span class=\"bumpedFont15\">, detall\u00f3 el alcalde, a la vez que dijo que la participaci\u00f3n de las embajadas, los estados de la Rep\u00fablica y grupos culturales ha sido fundamental para el \u00e9xito que ha tenido el proyecto.<\/span><\/span><\/p>\n<p class=\"s15\"><span class=\"s13\"><span class=\"bumpedFont15\">Con este proyecto se busca la participaci\u00f3n activa de todos los habitantes y visitantes de las colonias de la alcald\u00eda en la vida cultural de su comunidad, indic\u00f3 Areli Castilla, Directora General de los Derechos Culturales, Recreativos y Educativos.<\/span><\/span><\/p>\n<p class=\"s15\"><span class=\"s13\"><span class=\"bumpedFont15\">Pero e<\/span><\/span><span class=\"s13\"><span class=\"bumpedFont15\">l C<\/span><\/span><span class=\"s13\"><span class=\"bumpedFont15\">ircuito Cultural Cuauht\u00e9moc n<\/span><\/span><span class=\"s13\"><span class=\"bumpedFont15\">o solo son festivales, tambi\u00e9n hay vinculaci\u00f3n con casas de cultura y algunas instituciones donde tambi\u00e9n podr\u00e1n participar los colectivos<\/span><\/span><span class=\"s13\"><span class=\"bumpedFont15\">, precis\u00f3 el titular en Cuauht\u00e9moc<\/span><\/span><span class=\"s13\"><span class=\"bumpedFont15\">.<\/span><\/span><\/p>\n<p class=\"s15\">https:\/\/www.facebook.com\/AlcCuauhtemocMx\/videos\/473161406598138\/<\/p>\n<p class=\"s15\"><span class=\"s13\"><span class=\"bumpedFont15\">Hizo \u00e9nfasis en <\/span><\/span><span class=\"s13\"><span class=\"bumpedFont15\">la colaboraci\u00f3n de instituciones como la Secretar\u00eda de Mujeres de la Ciudad de M\u00e9xico; Comisi\u00f3n Nacional de Derechos Humanos (CNDH); Consejo para Prevenir y Eliminar la Discriminaci\u00f3n de la Ciudad de M\u00e9xico \u00a0(COPRED); El Consejo Nacional para Preveni<\/span><\/span><span class=\"s13\"><span class=\"bumpedFont15\">r la Discriminaci\u00f3n (CONAPRED) y la <\/span><\/span><span class=\"s13\"><span class=\"bumpedFont15\">Fonoteca Nacional. <\/span><\/span><\/p>\n<p class=\"s15\"><span class=\"s13\"><span class=\"bumpedFont15\">Tambi\u00e9n estar\u00e1 presente la cultura de pa\u00edses como Rep\u00fablica Dominicana, Bolivia, Cuba, Egipto, Corea, Rusia, Uruguay, Finlandia, Per\u00fa, Chile, China y L\u00edbano; y estados de la Rep\u00fablica como Colima, Zacatecas, Chihuahua, Coahuila, Tabasco, Estado De M\u00e9xico y Veracruz.<\/span><\/span><\/p>\n<p class=\"s15\"><span class=\"s13\"><span class=\"bumpedFont15\">N\u00e9stor N\u00fa\u00f1ez L\u00f3pez \u00a0explic\u00f3 que durante la primera temporada, del 8 de febrero al pasado 8 de julio, se realizaron 16 de 33 festivales culturales proyectados en el a\u00f1o, de <\/span><\/span><span class=\"s13\"><span class=\"bumpedFont15\">los <\/span><\/span><span class=\"s13\"><span class=\"bumpedFont15\">cuales cuatro fueron tem\u00e1ticos y 12 territoriales, visitando 15 colonias y el mismo n\u00famero de plazas p\u00fablicas de la demarcaci\u00f3n. <\/span><\/span><\/p>\n<p class=\"s15\"><span class=\"s13\"><span class=\"bumpedFont15\">Adem\u00e1s, se cont\u00f3 con la colaboraci\u00f3n \u00a0de 12 Embajadas e institutos culturales de pa\u00edses participantes, ocho representaciones de Estados de la Rep\u00fablica en la Ciudad de M\u00e9xico y ocho instituciones de la sociedad civil.<\/span><\/span><\/p>\n<p class=\"s15\"><span class=\"s13\"><span class=\"bumpedFont15\">En la conferencia de prensa<\/span><\/span><span class=\"s13\"><span class=\"bumpedFont15\"> estuvieron presentes representantes de instituciones como la Fonoteca Nacional, la Comunidad Boliviana en M\u00e9xico, la Asociaci\u00f3n de Cubanos residentes en M\u00e9xico, <\/span><\/span><span class=\"s13\"><span class=\"bumpedFont15\">el <\/span><\/span><span class=\"s13\"><span class=\"bumpedFont15\">Centro Cultural Universitario Tlatelolco, Sal\u00f3n Los \u00c1ngeles y el Museo de la Memoria y la Tolerancia.<\/span><\/span><\/p>\n","protected":false},"excerpt":{"rendered":"<p>Presenta N\u00e9stor N\u00fa\u00f1ez segunda temporada del Circuito Cultural Cuauht\u00e9moc<br \/>\nPor Redacci\u00f3n QP<\/p>\n","protected":false},"author":2,"featured_media":35610,"comment_status":"open","ping_status":"open","sticky":false,"template":"","format":"standard","meta":{"_monsterinsights_skip_tracking":false,"_monsterinsights_sitenote_active":false,"_monsterinsights_sitenote_note":"","_monsterinsights_sitenote_category":0,"footnotes":""},"categories":[55],"tags":[],"class_list":["post-35611","post","type-post","status-publish","format-standard","has-post-thumbnail","hentry","category-cdmx"],"yoast_head":"<!-- This site is optimized with the Yoast SEO plugin v27.3 - https:\/\/yoast.com\/product\/yoast-seo-wordpress\/ -->\n<title>Alcald\u00edas\/\/\/Presenta N\u00e9stor N\u00fa\u00f1ez segunda temporada del Circuito Cultural Cuauht\u00e9moc -<\/title>\n<meta name=\"robots\" content=\"index, follow, max-snippet:-1, max-image-preview:large, max-video-preview:-1\" \/>\n<link rel=\"canonical\" href=\"https:\/\/quehacerpolitico.mx\/?p=35611\" \/>\n<meta property=\"og:locale\" content=\"es_MX\" \/>\n<meta property=\"og:type\" content=\"article\" \/>\n<meta property=\"og:title\" content=\"Alcald\u00edas\/\/\/Presenta N\u00e9stor N\u00fa\u00f1ez segunda temporada del Circuito Cultural Cuauht\u00e9moc -\" \/>\n<meta property=\"og:description\" content=\"Presenta N\u00e9stor N\u00fa\u00f1ez segunda temporada del Circuito Cultural Cuauht\u00e9moc Por Redacci\u00f3n QP\" \/>\n<meta property=\"og:url\" content=\"https:\/\/quehacerpolitico.mx\/?p=35611\" \/>\n<meta property=\"article:published_time\" content=\"2019-08-19T19:08:41+00:00\" \/>\n<meta name=\"author\" content=\"Redacci\u00f3n QP\" \/>\n<meta name=\"twitter:card\" content=\"summary_large_image\" \/>\n<meta name=\"twitter:label1\" content=\"Escrito por\" \/>\n\t<meta name=\"twitter:data1\" content=\"Redacci\u00f3n QP\" \/>\n\t<meta name=\"twitter:label2\" content=\"Tiempo de lectura\" \/>\n\t<meta name=\"twitter:data2\" content=\"3 minutos\" \/>\n<script type=\"application\/ld+json\" class=\"yoast-schema-graph\">{\"@context\":\"https:\\\/\\\/schema.org\",\"@graph\":[{\"@type\":\"Article\",\"@id\":\"https:\\\/\\\/quehacerpolitico.mx\\\/?p=35611#article\",\"isPartOf\":{\"@id\":\"https:\\\/\\\/quehacerpolitico.mx\\\/?p=35611\"},\"author\":{\"name\":\"Redacci\u00f3n QP\",\"@id\":\"https:\\\/\\\/quehacerpolitico.mx\\\/#\\\/schema\\\/person\\\/496d8ad2d1d3f8036101dca7ee39e585\"},\"headline\":\"Alcald\u00edas\\\/\\\/\\\/Presenta N\u00e9stor N\u00fa\u00f1ez segunda temporada del Circuito Cultural Cuauht\u00e9moc\",\"datePublished\":\"2019-08-19T19:08:41+00:00\",\"mainEntityOfPage\":{\"@id\":\"https:\\\/\\\/quehacerpolitico.mx\\\/?p=35611\"},\"wordCount\":586,\"commentCount\":0,\"image\":{\"@id\":\"https:\\\/\\\/quehacerpolitico.mx\\\/?p=35611#primaryimage\"},\"thumbnailUrl\":\"\",\"articleSection\":[\"CDMX\"],\"inLanguage\":\"es\",\"potentialAction\":[{\"@type\":\"CommentAction\",\"name\":\"Comment\",\"target\":[\"https:\\\/\\\/quehacerpolitico.mx\\\/?p=35611#respond\"]}]},{\"@type\":\"WebPage\",\"@id\":\"https:\\\/\\\/quehacerpolitico.mx\\\/?p=35611\",\"url\":\"https:\\\/\\\/quehacerpolitico.mx\\\/?p=35611\",\"name\":\"Alcald\u00edas\\\/\\\/\\\/Presenta N\u00e9stor N\u00fa\u00f1ez segunda temporada del Circuito Cultural Cuauht\u00e9moc -\",\"isPartOf\":{\"@id\":\"https:\\\/\\\/quehacerpolitico.mx\\\/#website\"},\"primaryImageOfPage\":{\"@id\":\"https:\\\/\\\/quehacerpolitico.mx\\\/?p=35611#primaryimage\"},\"image\":{\"@id\":\"https:\\\/\\\/quehacerpolitico.mx\\\/?p=35611#primaryimage\"},\"thumbnailUrl\":\"\",\"datePublished\":\"2019-08-19T19:08:41+00:00\",\"author\":{\"@id\":\"https:\\\/\\\/quehacerpolitico.mx\\\/#\\\/schema\\\/person\\\/496d8ad2d1d3f8036101dca7ee39e585\"},\"breadcrumb\":{\"@id\":\"https:\\\/\\\/quehacerpolitico.mx\\\/?p=35611#breadcrumb\"},\"inLanguage\":\"es\",\"potentialAction\":[{\"@type\":\"ReadAction\",\"target\":[\"https:\\\/\\\/quehacerpolitico.mx\\\/?p=35611\"]}]},{\"@type\":\"ImageObject\",\"inLanguage\":\"es\",\"@id\":\"https:\\\/\\\/quehacerpolitico.mx\\\/?p=35611#primaryimage\",\"url\":\"\",\"contentUrl\":\"\"},{\"@type\":\"BreadcrumbList\",\"@id\":\"https:\\\/\\\/quehacerpolitico.mx\\\/?p=35611#breadcrumb\",\"itemListElement\":[{\"@type\":\"ListItem\",\"position\":1,\"name\":\"Inicio\",\"item\":\"https:\\\/\\\/quehacerpolitico.mx\\\/\"},{\"@type\":\"ListItem\",\"position\":2,\"name\":\"Alcald\u00edas\\\/\\\/\\\/Presenta N\u00e9stor N\u00fa\u00f1ez segunda temporada del Circuito Cultural Cuauht\u00e9moc\"}]},{\"@type\":\"WebSite\",\"@id\":\"https:\\\/\\\/quehacerpolitico.mx\\\/#website\",\"url\":\"https:\\\/\\\/quehacerpolitico.mx\\\/\",\"name\":\"\",\"description\":\"\",\"potentialAction\":[{\"@type\":\"SearchAction\",\"target\":{\"@type\":\"EntryPoint\",\"urlTemplate\":\"https:\\\/\\\/quehacerpolitico.mx\\\/?s={search_term_string}\"},\"query-input\":{\"@type\":\"PropertyValueSpecification\",\"valueRequired\":true,\"valueName\":\"search_term_string\"}}],\"inLanguage\":\"es\"},{\"@type\":\"Person\",\"@id\":\"https:\\\/\\\/quehacerpolitico.mx\\\/#\\\/schema\\\/person\\\/496d8ad2d1d3f8036101dca7ee39e585\",\"name\":\"Redacci\u00f3n QP\",\"image\":{\"@type\":\"ImageObject\",\"inLanguage\":\"es\",\"@id\":\"https:\\\/\\\/secure.gravatar.com\\\/avatar\\\/c7164ed6fdec453195284ad24a5ae5b6e1eed2b848477fa2a4787ba9adf39a41?s=96&d=mm&r=g\",\"url\":\"https:\\\/\\\/secure.gravatar.com\\\/avatar\\\/c7164ed6fdec453195284ad24a5ae5b6e1eed2b848477fa2a4787ba9adf39a41?s=96&d=mm&r=g\",\"contentUrl\":\"https:\\\/\\\/secure.gravatar.com\\\/avatar\\\/c7164ed6fdec453195284ad24a5ae5b6e1eed2b848477fa2a4787ba9adf39a41?s=96&d=mm&r=g\",\"caption\":\"Redacci\u00f3n QP\"},\"url\":\"https:\\\/\\\/quehacerpolitico.mx\\\/?author=2\"}]}<\/script>\n<!-- \/ Yoast SEO plugin. -->","yoast_head_json":{"title":"Alcald\u00edas\/\/\/Presenta N\u00e9stor N\u00fa\u00f1ez segunda temporada del Circuito Cultural Cuauht\u00e9moc -","robots":{"index":"index","follow":"follow","max-snippet":"max-snippet:-1","max-image-preview":"max-image-preview:large","max-video-preview":"max-video-preview:-1"},"canonical":"https:\/\/quehacerpolitico.mx\/?p=35611","og_locale":"es_MX","og_type":"article","og_title":"Alcald\u00edas\/\/\/Presenta N\u00e9stor N\u00fa\u00f1ez segunda temporada del Circuito Cultural Cuauht\u00e9moc -","og_description":"Presenta N\u00e9stor N\u00fa\u00f1ez segunda temporada del Circuito Cultural Cuauht\u00e9moc Por Redacci\u00f3n QP","og_url":"https:\/\/quehacerpolitico.mx\/?p=35611","article_published_time":"2019-08-19T19:08:41+00:00","author":"Redacci\u00f3n QP","twitter_card":"summary_large_image","twitter_misc":{"Escrito por":"Redacci\u00f3n QP","Tiempo de lectura":"3 minutos"},"schema":{"@context":"https:\/\/schema.org","@graph":[{"@type":"Article","@id":"https:\/\/quehacerpolitico.mx\/?p=35611#article","isPartOf":{"@id":"https:\/\/quehacerpolitico.mx\/?p=35611"},"author":{"name":"Redacci\u00f3n QP","@id":"https:\/\/quehacerpolitico.mx\/#\/schema\/person\/496d8ad2d1d3f8036101dca7ee39e585"},"headline":"Alcald\u00edas\/\/\/Presenta N\u00e9stor N\u00fa\u00f1ez segunda temporada del Circuito Cultural Cuauht\u00e9moc","datePublished":"2019-08-19T19:08:41+00:00","mainEntityOfPage":{"@id":"https:\/\/quehacerpolitico.mx\/?p=35611"},"wordCount":586,"commentCount":0,"image":{"@id":"https:\/\/quehacerpolitico.mx\/?p=35611#primaryimage"},"thumbnailUrl":"","articleSection":["CDMX"],"inLanguage":"es","potentialAction":[{"@type":"CommentAction","name":"Comment","target":["https:\/\/quehacerpolitico.mx\/?p=35611#respond"]}]},{"@type":"WebPage","@id":"https:\/\/quehacerpolitico.mx\/?p=35611","url":"https:\/\/quehacerpolitico.mx\/?p=35611","name":"Alcald\u00edas\/\/\/Presenta N\u00e9stor N\u00fa\u00f1ez segunda temporada del Circuito Cultural Cuauht\u00e9moc -","isPartOf":{"@id":"https:\/\/quehacerpolitico.mx\/#website"},"primaryImageOfPage":{"@id":"https:\/\/quehacerpolitico.mx\/?p=35611#primaryimage"},"image":{"@id":"https:\/\/quehacerpolitico.mx\/?p=35611#primaryimage"},"thumbnailUrl":"","datePublished":"2019-08-19T19:08:41+00:00","author":{"@id":"https:\/\/quehacerpolitico.mx\/#\/schema\/person\/496d8ad2d1d3f8036101dca7ee39e585"},"breadcrumb":{"@id":"https:\/\/quehacerpolitico.mx\/?p=35611#breadcrumb"},"inLanguage":"es","potentialAction":[{"@type":"ReadAction","target":["https:\/\/quehacerpolitico.mx\/?p=35611"]}]},{"@type":"ImageObject","inLanguage":"es","@id":"https:\/\/quehacerpolitico.mx\/?p=35611#primaryimage","url":"","contentUrl":""},{"@type":"BreadcrumbList","@id":"https:\/\/quehacerpolitico.mx\/?p=35611#breadcrumb","itemListElement":[{"@type":"ListItem","position":1,"name":"Inicio","item":"https:\/\/quehacerpolitico.mx\/"},{"@type":"ListItem","position":2,"name":"Alcald\u00edas\/\/\/Presenta N\u00e9stor N\u00fa\u00f1ez segunda temporada del Circuito Cultural Cuauht\u00e9moc"}]},{"@type":"WebSite","@id":"https:\/\/quehacerpolitico.mx\/#website","url":"https:\/\/quehacerpolitico.mx\/","name":"","description":"","potentialAction":[{"@type":"SearchAction","target":{"@type":"EntryPoint","urlTemplate":"https:\/\/quehacerpolitico.mx\/?s={search_term_string}"},"query-input":{"@type":"PropertyValueSpecification","valueRequired":true,"valueName":"search_term_string"}}],"inLanguage":"es"},{"@type":"Person","@id":"https:\/\/quehacerpolitico.mx\/#\/schema\/person\/496d8ad2d1d3f8036101dca7ee39e585","name":"Redacci\u00f3n QP","image":{"@type":"ImageObject","inLanguage":"es","@id":"https:\/\/secure.gravatar.com\/avatar\/c7164ed6fdec453195284ad24a5ae5b6e1eed2b848477fa2a4787ba9adf39a41?s=96&d=mm&r=g","url":"https:\/\/secure.gravatar.com\/avatar\/c7164ed6fdec453195284ad24a5ae5b6e1eed2b848477fa2a4787ba9adf39a41?s=96&d=mm&r=g","contentUrl":"https:\/\/secure.gravatar.com\/avatar\/c7164ed6fdec453195284ad24a5ae5b6e1eed2b848477fa2a4787ba9adf39a41?s=96&d=mm&r=g","caption":"Redacci\u00f3n QP"},"url":"https:\/\/quehacerpolitico.mx\/?author=2"}]}},"featured_image_urls":{"full":"","thumbnail":"","medium":"","medium_large":"","large":"","1536x1536":"","2048x2048":"","covernews-featured":"","covernews-medium":""},"author_info":{"display_name":"Redacci\u00f3n QP","author_link":"https:\/\/quehacerpolitico.mx\/?author=2"},"category_info":"<a href=\"https:\/\/quehacerpolitico.mx\/?cat=55\" rel=\"category\">CDMX<\/a>","tag_info":"CDMX","comment_count":"0","_links":{"self":[{"href":"https:\/\/quehacerpolitico.mx\/index.php?rest_route=\/wp\/v2\/posts\/35611","targetHints":{"allow":["GET"]}}],"collection":[{"href":"https:\/\/quehacerpolitico.mx\/index.php?rest_route=\/wp\/v2\/posts"}],"about":[{"href":"https:\/\/quehacerpolitico.mx\/index.php?rest_route=\/wp\/v2\/types\/post"}],"author":[{"embeddable":true,"href":"https:\/\/quehacerpolitico.mx\/index.php?rest_route=\/wp\/v2\/users\/2"}],"replies":[{"embeddable":true,"href":"https:\/\/quehacerpolitico.mx\/index.php?rest_route=%2Fwp%2Fv2%2Fcomments&post=35611"}],"version-history":[{"count":0,"href":"https:\/\/quehacerpolitico.mx\/index.php?rest_route=\/wp\/v2\/posts\/35611\/revisions"}],"wp:featuredmedia":[{"embeddable":true,"href":"https:\/\/quehacerpolitico.mx\/index.php?rest_route=\/"}],"wp:attachment":[{"href":"https:\/\/quehacerpolitico.mx\/index.php?rest_route=%2Fwp%2Fv2%2Fmedia&parent=35611"}],"wp:term":[{"taxonomy":"category","embeddable":true,"href":"https:\/\/quehacerpolitico.mx\/index.php?rest_route=%2Fwp%2Fv2%2Fcategories&post=35611"},{"taxonomy":"post_tag","embeddable":true,"href":"https:\/\/quehacerpolitico.mx\/index.php?rest_route=%2Fwp%2Fv2%2Ftags&post=35611"}],"curies":[{"name":"wp","href":"https:\/\/api.w.org\/{rel}","templated":true}]}}