{"id":35608,"date":"2019-08-19T18:59:55","date_gmt":"2019-08-19T18:59:55","guid":{"rendered":"http:\/\/quehacerpolitico.mx\/opinion-israel-mendoza-cicatrizar-al-pri\/"},"modified":"2019-08-19T18:59:55","modified_gmt":"2019-08-19T18:59:55","slug":"opinion-israel-mendoza-cicatrizar-al-pri","status":"publish","type":"post","link":"https:\/\/quehacerpolitico.mx\/?p=35608","title":{"rendered":"Opini\u00f3n\/\/\/Israel Mendoza\/\/\/Cicatrizar al PRI"},"content":{"rendered":"<h1 class=\"fSize30\">Cicatrizar al PRI<\/h1>\n<p>Por Israel Mendoza<\/p>\n<p>La operaci\u00f3n cicatriz a la que Moreno C\u00e1rdenas debe someter al revolucionario institucional no inici\u00f3 desde ayer.<\/p>\n<p>Con un partido ubicado como tercera fuerza pol\u00edtica y un bono electoral de 1 mill\u00f3n 603 mil 725 votos, el PRI inicia la \u00e9poca de <b>Alejandro Moreno C\u00e1rdenas<\/b>. Sin embargo, por culpa de\u00a0<b>Lorenzo C\u00f3rdova Vianello<\/b>, el partido concluy\u00f3 su proceso interno golpeteado en sus propias entra\u00f1as y dividido.<\/p>\n<p>La operaci\u00f3n cicatriz a la que Moreno C\u00e1rdenas debe someter al revolucionario institucional no inici\u00f3 desde ayer. La fractura que trae viene desde julio de 2018, cuando el partido volvi\u00f3 por segunda ocasi\u00f3n, en su historia, a quedar en la orfandada pol\u00edtica. Pero lo debe resolver de inmediato. Comenzar a juntar los pedazos del tricolor y unirlo es la tarea tit\u00e1nica. Adem\u00e1s de trazar la estrategia electoral que se avecina.<\/p>\n<blockquote>\n<p><em>\u201cEl PRI ser\u00e1 la oposici\u00f3n m\u00e1s digna de este pa\u00eds, una oposici\u00f3n que triunfe moralmente por sus ideas y electoralmente por la fuerza de su militancia y la fuerza de los ciudadanos\u201d, expres\u00f3 en su primer discurso como dirigente nacional.<\/em><\/p>\n<\/blockquote>\n<p>El escenario pol\u00edtico no es como en el a\u00f1o 2000, a final de cuentas,\u00a0<b>Vicente Fox <\/b>no ten\u00eda un proyecto transexenal de gobierno. Y conforme avanz\u00f3 su sexenio se desconfigur\u00f3 su objetivo inicial ya que no pudo dar el campanazo de tener \u201cpeces gordos\u201d en prisi\u00f3n. Adem\u00e1s, el PRI se encontraba en una situaci\u00f3n de mayor agresividad electoral.<\/p>\n<p><img loading=\"lazy\" decoding=\"async\" class=\"wp-image-101507 alignleft\" src=\"https:\/\/i1.wp.com\/www.efekto.tv\/wp-content\/uploads\/2019\/08\/ECRk19vUEAAFuDW-300x225.jpeg?zoom=3&amp;resize=379%2C400\" srcset=\"https:\/\/i1.wp.com\/www.efekto.tv\/wp-content\/uploads\/2019\/08\/ECRk19vUEAAFuDW-300x225.jpeg?zoom=3&amp;resize=379%2C400\" alt=\"Cicatrizar al PRI\" width=\"379\" height=\"400\" \/><\/p>\n<p>Ahora, por no resolver, a tiempo, el caso de la impugnaci\u00f3n hecha por\u00a0<b>Benjamin Russek<\/b>, uno de los aspirantes rechazados, los organizadores de la elecci\u00f3n y C\u00f3rdova Vianello, le dejan a\u00a0<i>Alito<\/i>\u00a0un conflicto interno pendiente y que tiene un componente de riesgo como es la denuncia ante la Fiscal\u00eda Especializada para la Atenci\u00f3n de Delitos Electorales (Fepade).<\/p>\n<p>Con el n\u00famero de carpeta de investigaci\u00f3n CI\/FED\/FEPADE\/ONAI\/384\/2019, el INE y la falta de rigor de C\u00f3rdova Vianello arrastran al PRI a un conflicto postelectoral no previsto en la agenda de la nueva dirigencia del PRI. La b\u00fasqueda de olvidar rencores priistas a\u00fan no concluye y se corre el riesgo de prolongarla.<\/p>\n<p>El INE distorsion\u00f3 sus principios de darle certeza a los partidos ya que en la ampliaci\u00f3n de la denuncia se se\u00f1ala: \u201cel INE se encontraba obligado a realizar una auditor\u00eda al padr\u00f3n de militantes del partido revolucionario institucional, y no solo a validar que sus militantes no se encontraran registrados en otros partidos, ya que el padr\u00f3n federal electoral est\u00e1 protegido por la ley general de datos personales\u201d.<\/p>\n<p>Adem\u00e1s seg\u00fan la queja de Russek de Garay se argumenta que la impugnaci\u00f3n contra el proceso interno del PRI se debe a que se viol\u00f3 \u201cen mi perjuicio el art. 25 de la Ley General de Partidos Pol\u00edticos, inciso a) que establece las obligaciones de los Partidos Pol\u00edticos de conducir sus actividades dentro de los cauces legales y ajustar su conducta y la de sus militante al estado democr\u00e1tico\u201d.<\/p>\n<p>Alejandro Moreno ya lleg\u00f3 a la silla m\u00e1xima del priismo. El conflicto interno crece a su alrededor y los priistas que lo saben no se han atrevido a decirle al nuevo dirigente que no se trata de fuego amigo. Sino que fueron una serie de pifias de origen y que la autoridad electoral contribuy\u00f3 al desastre.<\/p>\n","protected":false},"excerpt":{"rendered":"<p>Cicatrizar al PRI<br \/>\nPor Israel Mendoza<\/p>\n","protected":false},"author":2,"featured_media":35607,"comment_status":"open","ping_status":"open","sticky":false,"template":"","format":"standard","meta":{"_monsterinsights_skip_tracking":false,"_monsterinsights_sitenote_active":false,"_monsterinsights_sitenote_note":"","_monsterinsights_sitenote_category":0,"footnotes":""},"categories":[2],"tags":[],"class_list":["post-35608","post","type-post","status-publish","format-standard","has-post-thumbnail","hentry","category-noticias"],"yoast_head":"<!-- This site is optimized with the Yoast SEO plugin v27.3 - https:\/\/yoast.com\/product\/yoast-seo-wordpress\/ -->\n<title>Opini\u00f3n\/\/\/Israel Mendoza\/\/\/Cicatrizar al PRI -<\/title>\n<meta name=\"robots\" content=\"index, follow, max-snippet:-1, max-image-preview:large, max-video-preview:-1\" \/>\n<link rel=\"canonical\" href=\"https:\/\/quehacerpolitico.mx\/?p=35608\" \/>\n<meta property=\"og:locale\" content=\"es_MX\" \/>\n<meta property=\"og:type\" content=\"article\" \/>\n<meta property=\"og:title\" content=\"Opini\u00f3n\/\/\/Israel Mendoza\/\/\/Cicatrizar al PRI -\" \/>\n<meta property=\"og:description\" content=\"Cicatrizar al PRI Por Israel Mendoza\" \/>\n<meta property=\"og:url\" content=\"https:\/\/quehacerpolitico.mx\/?p=35608\" \/>\n<meta property=\"article:published_time\" content=\"2019-08-19T18:59:55+00:00\" \/>\n<meta name=\"author\" content=\"Redacci\u00f3n QP\" \/>\n<meta name=\"twitter:card\" content=\"summary_large_image\" \/>\n<meta name=\"twitter:label1\" content=\"Escrito por\" \/>\n\t<meta name=\"twitter:data1\" content=\"Redacci\u00f3n QP\" \/>\n\t<meta name=\"twitter:label2\" content=\"Tiempo de lectura\" \/>\n\t<meta name=\"twitter:data2\" content=\"3 minutos\" \/>\n<script type=\"application\/ld+json\" class=\"yoast-schema-graph\">{\"@context\":\"https:\\\/\\\/schema.org\",\"@graph\":[{\"@type\":\"Article\",\"@id\":\"https:\\\/\\\/quehacerpolitico.mx\\\/?p=35608#article\",\"isPartOf\":{\"@id\":\"https:\\\/\\\/quehacerpolitico.mx\\\/?p=35608\"},\"author\":{\"name\":\"Redacci\u00f3n QP\",\"@id\":\"https:\\\/\\\/quehacerpolitico.mx\\\/#\\\/schema\\\/person\\\/496d8ad2d1d3f8036101dca7ee39e585\"},\"headline\":\"Opini\u00f3n\\\/\\\/\\\/Israel Mendoza\\\/\\\/\\\/Cicatrizar al PRI\",\"datePublished\":\"2019-08-19T18:59:55+00:00\",\"mainEntityOfPage\":{\"@id\":\"https:\\\/\\\/quehacerpolitico.mx\\\/?p=35608\"},\"wordCount\":592,\"commentCount\":0,\"image\":{\"@id\":\"https:\\\/\\\/quehacerpolitico.mx\\\/?p=35608#primaryimage\"},\"thumbnailUrl\":\"\",\"articleSection\":[\"Noticias\"],\"inLanguage\":\"es\",\"potentialAction\":[{\"@type\":\"CommentAction\",\"name\":\"Comment\",\"target\":[\"https:\\\/\\\/quehacerpolitico.mx\\\/?p=35608#respond\"]}]},{\"@type\":\"WebPage\",\"@id\":\"https:\\\/\\\/quehacerpolitico.mx\\\/?p=35608\",\"url\":\"https:\\\/\\\/quehacerpolitico.mx\\\/?p=35608\",\"name\":\"Opini\u00f3n\\\/\\\/\\\/Israel Mendoza\\\/\\\/\\\/Cicatrizar al PRI -\",\"isPartOf\":{\"@id\":\"https:\\\/\\\/quehacerpolitico.mx\\\/#website\"},\"primaryImageOfPage\":{\"@id\":\"https:\\\/\\\/quehacerpolitico.mx\\\/?p=35608#primaryimage\"},\"image\":{\"@id\":\"https:\\\/\\\/quehacerpolitico.mx\\\/?p=35608#primaryimage\"},\"thumbnailUrl\":\"\",\"datePublished\":\"2019-08-19T18:59:55+00:00\",\"author\":{\"@id\":\"https:\\\/\\\/quehacerpolitico.mx\\\/#\\\/schema\\\/person\\\/496d8ad2d1d3f8036101dca7ee39e585\"},\"breadcrumb\":{\"@id\":\"https:\\\/\\\/quehacerpolitico.mx\\\/?p=35608#breadcrumb\"},\"inLanguage\":\"es\",\"potentialAction\":[{\"@type\":\"ReadAction\",\"target\":[\"https:\\\/\\\/quehacerpolitico.mx\\\/?p=35608\"]}]},{\"@type\":\"ImageObject\",\"inLanguage\":\"es\",\"@id\":\"https:\\\/\\\/quehacerpolitico.mx\\\/?p=35608#primaryimage\",\"url\":\"\",\"contentUrl\":\"\"},{\"@type\":\"BreadcrumbList\",\"@id\":\"https:\\\/\\\/quehacerpolitico.mx\\\/?p=35608#breadcrumb\",\"itemListElement\":[{\"@type\":\"ListItem\",\"position\":1,\"name\":\"Inicio\",\"item\":\"https:\\\/\\\/quehacerpolitico.mx\\\/\"},{\"@type\":\"ListItem\",\"position\":2,\"name\":\"Opini\u00f3n\\\/\\\/\\\/Israel Mendoza\\\/\\\/\\\/Cicatrizar al PRI\"}]},{\"@type\":\"WebSite\",\"@id\":\"https:\\\/\\\/quehacerpolitico.mx\\\/#website\",\"url\":\"https:\\\/\\\/quehacerpolitico.mx\\\/\",\"name\":\"\",\"description\":\"\",\"potentialAction\":[{\"@type\":\"SearchAction\",\"target\":{\"@type\":\"EntryPoint\",\"urlTemplate\":\"https:\\\/\\\/quehacerpolitico.mx\\\/?s={search_term_string}\"},\"query-input\":{\"@type\":\"PropertyValueSpecification\",\"valueRequired\":true,\"valueName\":\"search_term_string\"}}],\"inLanguage\":\"es\"},{\"@type\":\"Person\",\"@id\":\"https:\\\/\\\/quehacerpolitico.mx\\\/#\\\/schema\\\/person\\\/496d8ad2d1d3f8036101dca7ee39e585\",\"name\":\"Redacci\u00f3n QP\",\"image\":{\"@type\":\"ImageObject\",\"inLanguage\":\"es\",\"@id\":\"https:\\\/\\\/secure.gravatar.com\\\/avatar\\\/c7164ed6fdec453195284ad24a5ae5b6e1eed2b848477fa2a4787ba9adf39a41?s=96&d=mm&r=g\",\"url\":\"https:\\\/\\\/secure.gravatar.com\\\/avatar\\\/c7164ed6fdec453195284ad24a5ae5b6e1eed2b848477fa2a4787ba9adf39a41?s=96&d=mm&r=g\",\"contentUrl\":\"https:\\\/\\\/secure.gravatar.com\\\/avatar\\\/c7164ed6fdec453195284ad24a5ae5b6e1eed2b848477fa2a4787ba9adf39a41?s=96&d=mm&r=g\",\"caption\":\"Redacci\u00f3n QP\"},\"url\":\"https:\\\/\\\/quehacerpolitico.mx\\\/?author=2\"}]}<\/script>\n<!-- \/ Yoast SEO plugin. -->","yoast_head_json":{"title":"Opini\u00f3n\/\/\/Israel Mendoza\/\/\/Cicatrizar al PRI -","robots":{"index":"index","follow":"follow","max-snippet":"max-snippet:-1","max-image-preview":"max-image-preview:large","max-video-preview":"max-video-preview:-1"},"canonical":"https:\/\/quehacerpolitico.mx\/?p=35608","og_locale":"es_MX","og_type":"article","og_title":"Opini\u00f3n\/\/\/Israel Mendoza\/\/\/Cicatrizar al PRI -","og_description":"Cicatrizar al PRI Por Israel Mendoza","og_url":"https:\/\/quehacerpolitico.mx\/?p=35608","article_published_time":"2019-08-19T18:59:55+00:00","author":"Redacci\u00f3n QP","twitter_card":"summary_large_image","twitter_misc":{"Escrito por":"Redacci\u00f3n QP","Tiempo de lectura":"3 minutos"},"schema":{"@context":"https:\/\/schema.org","@graph":[{"@type":"Article","@id":"https:\/\/quehacerpolitico.mx\/?p=35608#article","isPartOf":{"@id":"https:\/\/quehacerpolitico.mx\/?p=35608"},"author":{"name":"Redacci\u00f3n QP","@id":"https:\/\/quehacerpolitico.mx\/#\/schema\/person\/496d8ad2d1d3f8036101dca7ee39e585"},"headline":"Opini\u00f3n\/\/\/Israel Mendoza\/\/\/Cicatrizar al PRI","datePublished":"2019-08-19T18:59:55+00:00","mainEntityOfPage":{"@id":"https:\/\/quehacerpolitico.mx\/?p=35608"},"wordCount":592,"commentCount":0,"image":{"@id":"https:\/\/quehacerpolitico.mx\/?p=35608#primaryimage"},"thumbnailUrl":"","articleSection":["Noticias"],"inLanguage":"es","potentialAction":[{"@type":"CommentAction","name":"Comment","target":["https:\/\/quehacerpolitico.mx\/?p=35608#respond"]}]},{"@type":"WebPage","@id":"https:\/\/quehacerpolitico.mx\/?p=35608","url":"https:\/\/quehacerpolitico.mx\/?p=35608","name":"Opini\u00f3n\/\/\/Israel Mendoza\/\/\/Cicatrizar al PRI -","isPartOf":{"@id":"https:\/\/quehacerpolitico.mx\/#website"},"primaryImageOfPage":{"@id":"https:\/\/quehacerpolitico.mx\/?p=35608#primaryimage"},"image":{"@id":"https:\/\/quehacerpolitico.mx\/?p=35608#primaryimage"},"thumbnailUrl":"","datePublished":"2019-08-19T18:59:55+00:00","author":{"@id":"https:\/\/quehacerpolitico.mx\/#\/schema\/person\/496d8ad2d1d3f8036101dca7ee39e585"},"breadcrumb":{"@id":"https:\/\/quehacerpolitico.mx\/?p=35608#breadcrumb"},"inLanguage":"es","potentialAction":[{"@type":"ReadAction","target":["https:\/\/quehacerpolitico.mx\/?p=35608"]}]},{"@type":"ImageObject","inLanguage":"es","@id":"https:\/\/quehacerpolitico.mx\/?p=35608#primaryimage","url":"","contentUrl":""},{"@type":"BreadcrumbList","@id":"https:\/\/quehacerpolitico.mx\/?p=35608#breadcrumb","itemListElement":[{"@type":"ListItem","position":1,"name":"Inicio","item":"https:\/\/quehacerpolitico.mx\/"},{"@type":"ListItem","position":2,"name":"Opini\u00f3n\/\/\/Israel Mendoza\/\/\/Cicatrizar al PRI"}]},{"@type":"WebSite","@id":"https:\/\/quehacerpolitico.mx\/#website","url":"https:\/\/quehacerpolitico.mx\/","name":"","description":"","potentialAction":[{"@type":"SearchAction","target":{"@type":"EntryPoint","urlTemplate":"https:\/\/quehacerpolitico.mx\/?s={search_term_string}"},"query-input":{"@type":"PropertyValueSpecification","valueRequired":true,"valueName":"search_term_string"}}],"inLanguage":"es"},{"@type":"Person","@id":"https:\/\/quehacerpolitico.mx\/#\/schema\/person\/496d8ad2d1d3f8036101dca7ee39e585","name":"Redacci\u00f3n QP","image":{"@type":"ImageObject","inLanguage":"es","@id":"https:\/\/secure.gravatar.com\/avatar\/c7164ed6fdec453195284ad24a5ae5b6e1eed2b848477fa2a4787ba9adf39a41?s=96&d=mm&r=g","url":"https:\/\/secure.gravatar.com\/avatar\/c7164ed6fdec453195284ad24a5ae5b6e1eed2b848477fa2a4787ba9adf39a41?s=96&d=mm&r=g","contentUrl":"https:\/\/secure.gravatar.com\/avatar\/c7164ed6fdec453195284ad24a5ae5b6e1eed2b848477fa2a4787ba9adf39a41?s=96&d=mm&r=g","caption":"Redacci\u00f3n QP"},"url":"https:\/\/quehacerpolitico.mx\/?author=2"}]}},"featured_image_urls":{"full":"","thumbnail":"","medium":"","medium_large":"","large":"","1536x1536":"","2048x2048":"","covernews-featured":"","covernews-medium":""},"author_info":{"display_name":"Redacci\u00f3n QP","author_link":"https:\/\/quehacerpolitico.mx\/?author=2"},"category_info":"<a href=\"https:\/\/quehacerpolitico.mx\/?cat=2\" rel=\"category\">Noticias<\/a>","tag_info":"Noticias","comment_count":"0","_links":{"self":[{"href":"https:\/\/quehacerpolitico.mx\/index.php?rest_route=\/wp\/v2\/posts\/35608","targetHints":{"allow":["GET"]}}],"collection":[{"href":"https:\/\/quehacerpolitico.mx\/index.php?rest_route=\/wp\/v2\/posts"}],"about":[{"href":"https:\/\/quehacerpolitico.mx\/index.php?rest_route=\/wp\/v2\/types\/post"}],"author":[{"embeddable":true,"href":"https:\/\/quehacerpolitico.mx\/index.php?rest_route=\/wp\/v2\/users\/2"}],"replies":[{"embeddable":true,"href":"https:\/\/quehacerpolitico.mx\/index.php?rest_route=%2Fwp%2Fv2%2Fcomments&post=35608"}],"version-history":[{"count":0,"href":"https:\/\/quehacerpolitico.mx\/index.php?rest_route=\/wp\/v2\/posts\/35608\/revisions"}],"wp:featuredmedia":[{"embeddable":true,"href":"https:\/\/quehacerpolitico.mx\/index.php?rest_route=\/"}],"wp:attachment":[{"href":"https:\/\/quehacerpolitico.mx\/index.php?rest_route=%2Fwp%2Fv2%2Fmedia&parent=35608"}],"wp:term":[{"taxonomy":"category","embeddable":true,"href":"https:\/\/quehacerpolitico.mx\/index.php?rest_route=%2Fwp%2Fv2%2Fcategories&post=35608"},{"taxonomy":"post_tag","embeddable":true,"href":"https:\/\/quehacerpolitico.mx\/index.php?rest_route=%2Fwp%2Fv2%2Ftags&post=35608"}],"curies":[{"name":"wp","href":"https:\/\/api.w.org\/{rel}","templated":true}]}}