{"id":35561,"date":"2019-08-19T13:53:44","date_gmt":"2019-08-19T13:53:44","guid":{"rendered":"http:\/\/quehacerpolitico.mx\/internacionales-carolina-alonso-romei-argentina-debe-renegociar-deuda-con-el-fmi-alberto-fernandez\/"},"modified":"2019-08-19T13:53:44","modified_gmt":"2019-08-19T13:53:44","slug":"internacionales-carolina-alonso-romei-argentina-debe-renegociar-deuda-con-el-fmi-alberto-fernandez","status":"publish","type":"post","link":"https:\/\/quehacerpolitico.mx\/?p=35561","title":{"rendered":"Internacionales\/\/\/Carolina Alonso Romei\/\/\/Argentina debe renegociar deuda con el FMI: Alberto Fern\u00e1ndez"},"content":{"rendered":"<h1 class=\"news-title\">Argentina debe renegociar deuda con el FMI: Alberto Fern\u00e1ndez<\/h1>\n<p>Por Carolina Alonso Romei\u00a0<\/p>\n<p>Internacionalista\u00a0<\/p>\n<header class=\"news-header\">\n<div class=\"news-subtitle\">\n<p>El candidato puntero para las elecciones advierte un \u201cdefault virtual\u201d por impagos\u00a0<\/p>\n<\/div>\n<\/header>\n<div class=\"news-content\">\n<div class=\"news-body row\">\n<p>El candidato favorito a la presidencia de Argentina, Alberto Fern\u00e1ndez, advirti\u00f3 que su pa\u00eds est\u00e1 \u201cvirtualmente\u201d en <em>default;<\/em> \u00a0mencion\u00f3 que debe \u201crenegociar\u201d su acuerdo con el Fondo Monetario Internacional (FMI) y prometi\u00f3 no cerrar la econom\u00eda como teme Brasil.<\/p>\n<p>\u201cYo dir\u00eda que hay una sola realidad incontrastable y es que Argentina en estas condiciones no est\u00e1 pudiendo pagar las obligaciones crediticias que asumi\u00f3\u201d, dijo sobre el <strong>acuerdo que el Gobierno negoci\u00f3 con el FMI por 56 mil millones de d\u00f3lares para intentar estabilizar el mercado.<\/strong><\/p>\n<p>\u201cTenemos que entender que estamos virtualmente en condiciones de <em>default<\/em>, y por eso los bonos argentinos valen lo que valen, porque el mundo se da cuenta que no se puede pagar\u201d.<\/p>\n<p>Fern\u00e1ndez, el postulante m\u00e1s votado en las elecciones primarias y quien se presenta junto a la ex presidenta Cristina Kirchner por la coalici\u00f3n Frente de Todos, tambi\u00e9n asegur\u00f3 que el acuerdo de libre comercio Mercosur-Uni\u00f3n Europea (UE) a\u00fan \u201cno existe\u201d; critic\u00f3 la \u201cprepotencia\u201d del mandatario brasile\u00f1o Jair Bolsonaro y dijo que el presidente Mauricio Macri le hizo \u201cda\u00f1o a los argentinos\u201d.<\/p>\n<p>La tormenta que gener\u00f3 su victoria electoral no solo sacudi\u00f3 a los mercados con la ca\u00edda de 30% de la Bolsa de Buenos Aires y \u00a0la depreciaci\u00f3n de casi 20% de la moneda. Tambi\u00e9n provoc\u00f3 la renuncia del ministro Nicol\u00e1s Dujovne y su reemplazo por el economista Hern\u00e1n Lacunza, respetado por los mercados y con v\u00ednculos con todos los sectores pol\u00edticos de un pa\u00eds sumido en la turbulencia en plena campa\u00f1a electoral.<\/p>\n<p>El candidato critic\u00f3 el acuerdo entre el Mercosur y la UE alcanzado tras 20 a\u00f1os de negociaciones. \u201cEl tratado no existe, lo que existe es una serie de puntos a acordar que va a demandar dos a\u00f1os de negociaci\u00f3n\u201d, se\u00f1al\u00f3 sobre el pacto que promueve una desgravaci\u00f3n arancelaria de alrededor de 90% y que requerir\u00e1 aprobaci\u00f3n de todos los parlamentos europeos y de los dem\u00e1s socios del Mercosur.<\/p>\n<h4>Argentinos sacan \u201cen masa\u201d dinero de bancos, seg\u00fan Bolsonaro<\/h4>\n<p>El presidente de Brasil, el ultraderechista Jair Bolsonaro, asegur\u00f3 que la gente en Argentina retira \u201cen masa\u201d el dinero de los bancos por el posible triunfo de la izquierda en las elecciones de octubre.<\/p>\n<p>\u201cCon el posible retorno de la banda del Foro de Sao Paulo (que agrupa a fuerzas de izquierda de Latinoam\u00e9rica y el Caribe) en Argentina, ahora el pueblo saca en masa su dinero de los bancos\u201d.<\/p>\n<p>El mandatario brasile\u00f1o, quien <strong>mantiene una guerra dial\u00e9ctica con los l\u00edderes de la oposici\u00f3n argentina,<\/strong> ya hab\u00eda realizado un comentario similar tras conocerse los resultados de las primarias del pa\u00eds vecino: \u201cArgentina se est\u00e1 hundiendo en el caos, comienza a seguir el rumbo de Venezuela porque, en las primarias, bandidos de izquierda empezaron a volver al poder\u201d, dijo entonces.<\/p>\n<\/div>\n<\/div>\n","protected":false},"excerpt":{"rendered":"<p>Argentina debe renegociar deuda con el FMI: Alberto Fern\u00e1ndez<br \/>\nPor Carolina Alonso Romei<br \/>\nInternacionalista<\/p>\n","protected":false},"author":2,"featured_media":35560,"comment_status":"open","ping_status":"open","sticky":false,"template":"","format":"standard","meta":{"_monsterinsights_skip_tracking":false,"_monsterinsights_sitenote_active":false,"_monsterinsights_sitenote_note":"","_monsterinsights_sitenote_category":0,"footnotes":""},"categories":[1],"tags":[],"class_list":["post-35561","post","type-post","status-publish","format-standard","has-post-thumbnail","hentry","category-sin-categoria"],"yoast_head":"<!-- This site is optimized with the Yoast SEO plugin v27.3 - https:\/\/yoast.com\/product\/yoast-seo-wordpress\/ -->\n<title>Internacionales\/\/\/Carolina Alonso Romei\/\/\/Argentina debe renegociar deuda con el FMI: Alberto Fern\u00e1ndez -<\/title>\n<meta name=\"robots\" content=\"index, follow, max-snippet:-1, max-image-preview:large, max-video-preview:-1\" \/>\n<link rel=\"canonical\" href=\"https:\/\/quehacerpolitico.mx\/?p=35561\" \/>\n<meta property=\"og:locale\" content=\"es_MX\" \/>\n<meta property=\"og:type\" content=\"article\" \/>\n<meta property=\"og:title\" content=\"Internacionales\/\/\/Carolina Alonso Romei\/\/\/Argentina debe renegociar deuda con el FMI: Alberto Fern\u00e1ndez -\" \/>\n<meta property=\"og:description\" content=\"Argentina debe renegociar deuda con el FMI: Alberto Fern\u00e1ndez Por Carolina Alonso Romei Internacionalista\" \/>\n<meta property=\"og:url\" content=\"https:\/\/quehacerpolitico.mx\/?p=35561\" \/>\n<meta property=\"article:published_time\" content=\"2019-08-19T13:53:44+00:00\" \/>\n<meta name=\"author\" content=\"Redacci\u00f3n QP\" \/>\n<meta name=\"twitter:card\" content=\"summary_large_image\" \/>\n<meta name=\"twitter:label1\" content=\"Escrito por\" \/>\n\t<meta name=\"twitter:data1\" content=\"Redacci\u00f3n QP\" \/>\n\t<meta name=\"twitter:label2\" content=\"Tiempo de lectura\" \/>\n\t<meta name=\"twitter:data2\" content=\"3 minutos\" \/>\n<script type=\"application\/ld+json\" class=\"yoast-schema-graph\">{\"@context\":\"https:\\\/\\\/schema.org\",\"@graph\":[{\"@type\":\"Article\",\"@id\":\"https:\\\/\\\/quehacerpolitico.mx\\\/?p=35561#article\",\"isPartOf\":{\"@id\":\"https:\\\/\\\/quehacerpolitico.mx\\\/?p=35561\"},\"author\":{\"name\":\"Redacci\u00f3n QP\",\"@id\":\"https:\\\/\\\/quehacerpolitico.mx\\\/#\\\/schema\\\/person\\\/496d8ad2d1d3f8036101dca7ee39e585\"},\"headline\":\"Internacionales\\\/\\\/\\\/Carolina Alonso Romei\\\/\\\/\\\/Argentina debe renegociar deuda con el FMI: Alberto Fern\u00e1ndez\",\"datePublished\":\"2019-08-19T13:53:44+00:00\",\"mainEntityOfPage\":{\"@id\":\"https:\\\/\\\/quehacerpolitico.mx\\\/?p=35561\"},\"wordCount\":528,\"commentCount\":0,\"image\":{\"@id\":\"https:\\\/\\\/quehacerpolitico.mx\\\/?p=35561#primaryimage\"},\"thumbnailUrl\":\"\",\"articleSection\":[\"Internacionales\"],\"inLanguage\":\"es\",\"potentialAction\":[{\"@type\":\"CommentAction\",\"name\":\"Comment\",\"target\":[\"https:\\\/\\\/quehacerpolitico.mx\\\/?p=35561#respond\"]}]},{\"@type\":\"WebPage\",\"@id\":\"https:\\\/\\\/quehacerpolitico.mx\\\/?p=35561\",\"url\":\"https:\\\/\\\/quehacerpolitico.mx\\\/?p=35561\",\"name\":\"Internacionales\\\/\\\/\\\/Carolina Alonso Romei\\\/\\\/\\\/Argentina debe renegociar deuda con el FMI: Alberto Fern\u00e1ndez -\",\"isPartOf\":{\"@id\":\"https:\\\/\\\/quehacerpolitico.mx\\\/#website\"},\"primaryImageOfPage\":{\"@id\":\"https:\\\/\\\/quehacerpolitico.mx\\\/?p=35561#primaryimage\"},\"image\":{\"@id\":\"https:\\\/\\\/quehacerpolitico.mx\\\/?p=35561#primaryimage\"},\"thumbnailUrl\":\"\",\"datePublished\":\"2019-08-19T13:53:44+00:00\",\"author\":{\"@id\":\"https:\\\/\\\/quehacerpolitico.mx\\\/#\\\/schema\\\/person\\\/496d8ad2d1d3f8036101dca7ee39e585\"},\"breadcrumb\":{\"@id\":\"https:\\\/\\\/quehacerpolitico.mx\\\/?p=35561#breadcrumb\"},\"inLanguage\":\"es\",\"potentialAction\":[{\"@type\":\"ReadAction\",\"target\":[\"https:\\\/\\\/quehacerpolitico.mx\\\/?p=35561\"]}]},{\"@type\":\"ImageObject\",\"inLanguage\":\"es\",\"@id\":\"https:\\\/\\\/quehacerpolitico.mx\\\/?p=35561#primaryimage\",\"url\":\"\",\"contentUrl\":\"\"},{\"@type\":\"BreadcrumbList\",\"@id\":\"https:\\\/\\\/quehacerpolitico.mx\\\/?p=35561#breadcrumb\",\"itemListElement\":[{\"@type\":\"ListItem\",\"position\":1,\"name\":\"Inicio\",\"item\":\"https:\\\/\\\/quehacerpolitico.mx\\\/\"},{\"@type\":\"ListItem\",\"position\":2,\"name\":\"Internacionales\\\/\\\/\\\/Carolina Alonso Romei\\\/\\\/\\\/Argentina debe renegociar deuda con el FMI: Alberto Fern\u00e1ndez\"}]},{\"@type\":\"WebSite\",\"@id\":\"https:\\\/\\\/quehacerpolitico.mx\\\/#website\",\"url\":\"https:\\\/\\\/quehacerpolitico.mx\\\/\",\"name\":\"\",\"description\":\"\",\"potentialAction\":[{\"@type\":\"SearchAction\",\"target\":{\"@type\":\"EntryPoint\",\"urlTemplate\":\"https:\\\/\\\/quehacerpolitico.mx\\\/?s={search_term_string}\"},\"query-input\":{\"@type\":\"PropertyValueSpecification\",\"valueRequired\":true,\"valueName\":\"search_term_string\"}}],\"inLanguage\":\"es\"},{\"@type\":\"Person\",\"@id\":\"https:\\\/\\\/quehacerpolitico.mx\\\/#\\\/schema\\\/person\\\/496d8ad2d1d3f8036101dca7ee39e585\",\"name\":\"Redacci\u00f3n QP\",\"image\":{\"@type\":\"ImageObject\",\"inLanguage\":\"es\",\"@id\":\"https:\\\/\\\/secure.gravatar.com\\\/avatar\\\/c7164ed6fdec453195284ad24a5ae5b6e1eed2b848477fa2a4787ba9adf39a41?s=96&d=mm&r=g\",\"url\":\"https:\\\/\\\/secure.gravatar.com\\\/avatar\\\/c7164ed6fdec453195284ad24a5ae5b6e1eed2b848477fa2a4787ba9adf39a41?s=96&d=mm&r=g\",\"contentUrl\":\"https:\\\/\\\/secure.gravatar.com\\\/avatar\\\/c7164ed6fdec453195284ad24a5ae5b6e1eed2b848477fa2a4787ba9adf39a41?s=96&d=mm&r=g\",\"caption\":\"Redacci\u00f3n QP\"},\"url\":\"https:\\\/\\\/quehacerpolitico.mx\\\/?author=2\"}]}<\/script>\n<!-- \/ Yoast SEO plugin. -->","yoast_head_json":{"title":"Internacionales\/\/\/Carolina Alonso Romei\/\/\/Argentina debe renegociar deuda con el FMI: Alberto Fern\u00e1ndez -","robots":{"index":"index","follow":"follow","max-snippet":"max-snippet:-1","max-image-preview":"max-image-preview:large","max-video-preview":"max-video-preview:-1"},"canonical":"https:\/\/quehacerpolitico.mx\/?p=35561","og_locale":"es_MX","og_type":"article","og_title":"Internacionales\/\/\/Carolina Alonso Romei\/\/\/Argentina debe renegociar deuda con el FMI: Alberto Fern\u00e1ndez -","og_description":"Argentina debe renegociar deuda con el FMI: Alberto Fern\u00e1ndez Por Carolina Alonso Romei Internacionalista","og_url":"https:\/\/quehacerpolitico.mx\/?p=35561","article_published_time":"2019-08-19T13:53:44+00:00","author":"Redacci\u00f3n QP","twitter_card":"summary_large_image","twitter_misc":{"Escrito por":"Redacci\u00f3n QP","Tiempo de lectura":"3 minutos"},"schema":{"@context":"https:\/\/schema.org","@graph":[{"@type":"Article","@id":"https:\/\/quehacerpolitico.mx\/?p=35561#article","isPartOf":{"@id":"https:\/\/quehacerpolitico.mx\/?p=35561"},"author":{"name":"Redacci\u00f3n QP","@id":"https:\/\/quehacerpolitico.mx\/#\/schema\/person\/496d8ad2d1d3f8036101dca7ee39e585"},"headline":"Internacionales\/\/\/Carolina Alonso Romei\/\/\/Argentina debe renegociar deuda con el FMI: Alberto Fern\u00e1ndez","datePublished":"2019-08-19T13:53:44+00:00","mainEntityOfPage":{"@id":"https:\/\/quehacerpolitico.mx\/?p=35561"},"wordCount":528,"commentCount":0,"image":{"@id":"https:\/\/quehacerpolitico.mx\/?p=35561#primaryimage"},"thumbnailUrl":"","articleSection":["Internacionales"],"inLanguage":"es","potentialAction":[{"@type":"CommentAction","name":"Comment","target":["https:\/\/quehacerpolitico.mx\/?p=35561#respond"]}]},{"@type":"WebPage","@id":"https:\/\/quehacerpolitico.mx\/?p=35561","url":"https:\/\/quehacerpolitico.mx\/?p=35561","name":"Internacionales\/\/\/Carolina Alonso Romei\/\/\/Argentina debe renegociar deuda con el FMI: Alberto Fern\u00e1ndez -","isPartOf":{"@id":"https:\/\/quehacerpolitico.mx\/#website"},"primaryImageOfPage":{"@id":"https:\/\/quehacerpolitico.mx\/?p=35561#primaryimage"},"image":{"@id":"https:\/\/quehacerpolitico.mx\/?p=35561#primaryimage"},"thumbnailUrl":"","datePublished":"2019-08-19T13:53:44+00:00","author":{"@id":"https:\/\/quehacerpolitico.mx\/#\/schema\/person\/496d8ad2d1d3f8036101dca7ee39e585"},"breadcrumb":{"@id":"https:\/\/quehacerpolitico.mx\/?p=35561#breadcrumb"},"inLanguage":"es","potentialAction":[{"@type":"ReadAction","target":["https:\/\/quehacerpolitico.mx\/?p=35561"]}]},{"@type":"ImageObject","inLanguage":"es","@id":"https:\/\/quehacerpolitico.mx\/?p=35561#primaryimage","url":"","contentUrl":""},{"@type":"BreadcrumbList","@id":"https:\/\/quehacerpolitico.mx\/?p=35561#breadcrumb","itemListElement":[{"@type":"ListItem","position":1,"name":"Inicio","item":"https:\/\/quehacerpolitico.mx\/"},{"@type":"ListItem","position":2,"name":"Internacionales\/\/\/Carolina Alonso Romei\/\/\/Argentina debe renegociar deuda con el FMI: Alberto Fern\u00e1ndez"}]},{"@type":"WebSite","@id":"https:\/\/quehacerpolitico.mx\/#website","url":"https:\/\/quehacerpolitico.mx\/","name":"","description":"","potentialAction":[{"@type":"SearchAction","target":{"@type":"EntryPoint","urlTemplate":"https:\/\/quehacerpolitico.mx\/?s={search_term_string}"},"query-input":{"@type":"PropertyValueSpecification","valueRequired":true,"valueName":"search_term_string"}}],"inLanguage":"es"},{"@type":"Person","@id":"https:\/\/quehacerpolitico.mx\/#\/schema\/person\/496d8ad2d1d3f8036101dca7ee39e585","name":"Redacci\u00f3n QP","image":{"@type":"ImageObject","inLanguage":"es","@id":"https:\/\/secure.gravatar.com\/avatar\/c7164ed6fdec453195284ad24a5ae5b6e1eed2b848477fa2a4787ba9adf39a41?s=96&d=mm&r=g","url":"https:\/\/secure.gravatar.com\/avatar\/c7164ed6fdec453195284ad24a5ae5b6e1eed2b848477fa2a4787ba9adf39a41?s=96&d=mm&r=g","contentUrl":"https:\/\/secure.gravatar.com\/avatar\/c7164ed6fdec453195284ad24a5ae5b6e1eed2b848477fa2a4787ba9adf39a41?s=96&d=mm&r=g","caption":"Redacci\u00f3n QP"},"url":"https:\/\/quehacerpolitico.mx\/?author=2"}]}},"featured_image_urls":{"full":"","thumbnail":"","medium":"","medium_large":"","large":"","1536x1536":"","2048x2048":"","covernews-featured":"","covernews-medium":""},"author_info":{"display_name":"Redacci\u00f3n QP","author_link":"https:\/\/quehacerpolitico.mx\/?author=2"},"category_info":"<a href=\"https:\/\/quehacerpolitico.mx\/?cat=1\" rel=\"category\">Internacionales<\/a>","tag_info":"Internacionales","comment_count":"0","_links":{"self":[{"href":"https:\/\/quehacerpolitico.mx\/index.php?rest_route=\/wp\/v2\/posts\/35561","targetHints":{"allow":["GET"]}}],"collection":[{"href":"https:\/\/quehacerpolitico.mx\/index.php?rest_route=\/wp\/v2\/posts"}],"about":[{"href":"https:\/\/quehacerpolitico.mx\/index.php?rest_route=\/wp\/v2\/types\/post"}],"author":[{"embeddable":true,"href":"https:\/\/quehacerpolitico.mx\/index.php?rest_route=\/wp\/v2\/users\/2"}],"replies":[{"embeddable":true,"href":"https:\/\/quehacerpolitico.mx\/index.php?rest_route=%2Fwp%2Fv2%2Fcomments&post=35561"}],"version-history":[{"count":0,"href":"https:\/\/quehacerpolitico.mx\/index.php?rest_route=\/wp\/v2\/posts\/35561\/revisions"}],"wp:featuredmedia":[{"embeddable":true,"href":"https:\/\/quehacerpolitico.mx\/index.php?rest_route=\/"}],"wp:attachment":[{"href":"https:\/\/quehacerpolitico.mx\/index.php?rest_route=%2Fwp%2Fv2%2Fmedia&parent=35561"}],"wp:term":[{"taxonomy":"category","embeddable":true,"href":"https:\/\/quehacerpolitico.mx\/index.php?rest_route=%2Fwp%2Fv2%2Fcategories&post=35561"},{"taxonomy":"post_tag","embeddable":true,"href":"https:\/\/quehacerpolitico.mx\/index.php?rest_route=%2Fwp%2Fv2%2Ftags&post=35561"}],"curies":[{"name":"wp","href":"https:\/\/api.w.org\/{rel}","templated":true}]}}