{"id":35543,"date":"2019-08-19T00:18:51","date_gmt":"2019-08-19T00:18:51","guid":{"rendered":"http:\/\/quehacerpolitico.mx\/renuncia-beatriz-mojica-al-prd-tras-30-anos-de-militancia\/"},"modified":"2019-08-19T00:18:51","modified_gmt":"2019-08-19T00:18:51","slug":"renuncia-beatriz-mojica-al-prd-tras-30-anos-de-militancia","status":"publish","type":"post","link":"https:\/\/quehacerpolitico.mx\/?p=35543","title":{"rendered":"Renuncia Beatriz Mojica al PRD tras 30 a\u00f1os de militancia"},"content":{"rendered":"<h1 class=\"news-title\">Renuncia Beatriz Mojica al PRD tras 30 a\u00f1os de militancia<\/h1>\n<p>Por Redacci\u00f3n QP<\/p>\n<header class=\"news-header\">\n<div class=\"news-subtitle\">\n<p>La exsecretaria general del partido adelant\u00f3 que m\u00e1s de 100 mil perredistas en Guerrero no refrendar\u00e1n su militancia<\/p>\n<\/div>\n<\/header>\n<div class=\"news-content\">\n<div class=\"news-body row\">\n<p>La exsecretaria general del Partido de la Revoluci\u00f3n Democr\u00e1tica (PRD), Beatriz Mojica, renunci\u00f3 este domingo a 30 a\u00f1os de militancia, ante la previsi\u00f3n de que se cree una alianza entre ese partido y el PRI en su estado, Guerrero.<\/p>\n<p>En una carta que comparti\u00f3 en redes sociales, la tambi\u00e9n excandidata del PRD al gobierno guerrerense <strong>refrend\u00f3 su compromiso por trabajar de la mano del pueblo, y adelant\u00f3 que m\u00e1s de 100 mil perredistas en el estado no refrendar\u00e1n su militancia.<\/strong><\/p>\n<blockquote class=\"twitter-tweet\" data-width=\"550\" data-dnt=\"true\">\n<p lang=\"es\" dir=\"ltr\">Mensaje al pueblo de Guerrero. Esta decisi\u00f3n es personal, hoy renuncio al <a href=\"https:\/\/twitter.com\/PRDMexico?ref_src=twsrc%5Etfw\">@PRDMexico<\/a>, no me reafiliar\u00e9, y acompa\u00f1ar\u00e9 a los m\u00e1s de 100 mil perredistas guerrerenses que tampoco lo har\u00e1n. <a href=\"https:\/\/t.co\/P5HWUvpIha\">pic.twitter.com\/P5HWUvpIha<\/a><\/p>\n<p>&mdash; Beatriz Mojica Morga (@Beatriz_Mojica) <a href=\"https:\/\/twitter.com\/Beatriz_Mojica\/status\/1163142038151454720?ref_src=twsrc%5Etfw\">August 18, 2019<\/a><\/p><\/blockquote>\n<p><script async src=\"https:\/\/platform.twitter.com\/widgets.js\" charset=\"utf-8\"><\/script><\/p>\n<p>&#8220;Hay quienes plantean la posibilidad de generar una alianza con el PRI, con esa camarilla que tanto da\u00f1o le ha hecho a nuestro estado [\u2026] de ninguna manera respaldar\u00eda una alianza con el PRI, ni formal ni de facto, porque eso ser\u00eda traicionar al pueblo de Guerrero. Por eso he decidido cerrar este ciclo.\u00a0<\/p>\n<p><strong>&#8220;Esta decisi\u00f3n es personal, hoy renuncio al PRD, no me reafiliar\u00e9<\/strong>, y acompa\u00f1ar\u00e9 a los m\u00e1s de 100 mil perredistas guerrerenses que tampoco lo har\u00e1n&#8221;, se\u00f1al\u00f3 en su misiva de despedida.\u00a0<\/p>\n<p>Mojica indic\u00f3 que el sol azteca vivi\u00f3 &#8220;momentos duros, obst\u00e1culos, traiciones, mezquindad y hasta violencia pol\u00edtica de unos cuantos&#8221;, pero tambi\u00e9n encontr\u00f3 &#8220;el respaldo y las palabras de aliento de muchos militantes y dirigentes&#8221;.<\/p>\n<p><strong>&#8220;Habr\u00e1 quienes digan que el PRD me dio mucho, desde ya les respondo, yo siempre le entregu\u00e9 mi trabajo, mi lealtad y mi coraz\u00f3n.<\/strong> Mi responsabilidad con la sociedad guerrerense me obliga a tomar una decisi\u00f3n que me duele&#8221;, precis\u00f3.<\/p>\n<p>Mojica Morga se form\u00f3 como comunicadora social en la Universidad Aut\u00f3noma Metropolitana (UAM) y como maestra en pol\u00edticas p\u00fabicas por el Instituto Tecnol\u00f3gico Aut\u00f3nomo de M\u00e9xico (ITAM). Como perredista fue consejera nacional del partido, diputada federal y presidenta nacional interina.<\/p>\n<\/div>\n<\/div>\n","protected":false},"excerpt":{"rendered":"<p>Renuncia Beatriz Mojica al PRD tras 30 a\u00f1os de militancia<br \/>\nPor Redacci\u00f3n QP<\/p>\n","protected":false},"author":2,"featured_media":35542,"comment_status":"open","ping_status":"open","sticky":false,"template":"","format":"standard","meta":{"_monsterinsights_skip_tracking":false,"_monsterinsights_sitenote_active":false,"_monsterinsights_sitenote_note":"","_monsterinsights_sitenote_category":0,"footnotes":""},"categories":[2],"tags":[],"class_list":["post-35543","post","type-post","status-publish","format-standard","has-post-thumbnail","hentry","category-noticias"],"yoast_head":"<!-- This site is optimized with the Yoast SEO plugin v27.3 - https:\/\/yoast.com\/product\/yoast-seo-wordpress\/ -->\n<title>Renuncia Beatriz Mojica al PRD tras 30 a\u00f1os de militancia -<\/title>\n<meta name=\"robots\" content=\"index, follow, max-snippet:-1, max-image-preview:large, max-video-preview:-1\" \/>\n<link rel=\"canonical\" href=\"https:\/\/quehacerpolitico.mx\/?p=35543\" \/>\n<meta property=\"og:locale\" content=\"es_MX\" \/>\n<meta property=\"og:type\" content=\"article\" \/>\n<meta property=\"og:title\" content=\"Renuncia Beatriz Mojica al PRD tras 30 a\u00f1os de militancia -\" \/>\n<meta property=\"og:description\" content=\"Renuncia Beatriz Mojica al PRD tras 30 a\u00f1os de militancia Por Redacci\u00f3n QP\" \/>\n<meta property=\"og:url\" content=\"https:\/\/quehacerpolitico.mx\/?p=35543\" \/>\n<meta property=\"article:published_time\" content=\"2019-08-19T00:18:51+00:00\" \/>\n<meta name=\"author\" content=\"Redacci\u00f3n QP\" \/>\n<meta name=\"twitter:card\" content=\"summary_large_image\" \/>\n<meta name=\"twitter:label1\" content=\"Escrito por\" \/>\n\t<meta name=\"twitter:data1\" content=\"Redacci\u00f3n QP\" \/>\n\t<meta name=\"twitter:label2\" content=\"Tiempo de lectura\" \/>\n\t<meta name=\"twitter:data2\" content=\"2 minutos\" \/>\n<script type=\"application\/ld+json\" class=\"yoast-schema-graph\">{\"@context\":\"https:\\\/\\\/schema.org\",\"@graph\":[{\"@type\":\"Article\",\"@id\":\"https:\\\/\\\/quehacerpolitico.mx\\\/?p=35543#article\",\"isPartOf\":{\"@id\":\"https:\\\/\\\/quehacerpolitico.mx\\\/?p=35543\"},\"author\":{\"name\":\"Redacci\u00f3n QP\",\"@id\":\"https:\\\/\\\/quehacerpolitico.mx\\\/#\\\/schema\\\/person\\\/496d8ad2d1d3f8036101dca7ee39e585\"},\"headline\":\"Renuncia Beatriz Mojica al PRD tras 30 a\u00f1os de militancia\",\"datePublished\":\"2019-08-19T00:18:51+00:00\",\"mainEntityOfPage\":{\"@id\":\"https:\\\/\\\/quehacerpolitico.mx\\\/?p=35543\"},\"wordCount\":351,\"commentCount\":0,\"image\":{\"@id\":\"https:\\\/\\\/quehacerpolitico.mx\\\/?p=35543#primaryimage\"},\"thumbnailUrl\":\"\",\"articleSection\":[\"Noticias\"],\"inLanguage\":\"es\",\"potentialAction\":[{\"@type\":\"CommentAction\",\"name\":\"Comment\",\"target\":[\"https:\\\/\\\/quehacerpolitico.mx\\\/?p=35543#respond\"]}]},{\"@type\":\"WebPage\",\"@id\":\"https:\\\/\\\/quehacerpolitico.mx\\\/?p=35543\",\"url\":\"https:\\\/\\\/quehacerpolitico.mx\\\/?p=35543\",\"name\":\"Renuncia Beatriz Mojica al PRD tras 30 a\u00f1os de militancia -\",\"isPartOf\":{\"@id\":\"https:\\\/\\\/quehacerpolitico.mx\\\/#website\"},\"primaryImageOfPage\":{\"@id\":\"https:\\\/\\\/quehacerpolitico.mx\\\/?p=35543#primaryimage\"},\"image\":{\"@id\":\"https:\\\/\\\/quehacerpolitico.mx\\\/?p=35543#primaryimage\"},\"thumbnailUrl\":\"\",\"datePublished\":\"2019-08-19T00:18:51+00:00\",\"author\":{\"@id\":\"https:\\\/\\\/quehacerpolitico.mx\\\/#\\\/schema\\\/person\\\/496d8ad2d1d3f8036101dca7ee39e585\"},\"breadcrumb\":{\"@id\":\"https:\\\/\\\/quehacerpolitico.mx\\\/?p=35543#breadcrumb\"},\"inLanguage\":\"es\",\"potentialAction\":[{\"@type\":\"ReadAction\",\"target\":[\"https:\\\/\\\/quehacerpolitico.mx\\\/?p=35543\"]}]},{\"@type\":\"ImageObject\",\"inLanguage\":\"es\",\"@id\":\"https:\\\/\\\/quehacerpolitico.mx\\\/?p=35543#primaryimage\",\"url\":\"\",\"contentUrl\":\"\"},{\"@type\":\"BreadcrumbList\",\"@id\":\"https:\\\/\\\/quehacerpolitico.mx\\\/?p=35543#breadcrumb\",\"itemListElement\":[{\"@type\":\"ListItem\",\"position\":1,\"name\":\"Inicio\",\"item\":\"https:\\\/\\\/quehacerpolitico.mx\\\/\"},{\"@type\":\"ListItem\",\"position\":2,\"name\":\"Renuncia Beatriz Mojica al PRD tras 30 a\u00f1os de militancia\"}]},{\"@type\":\"WebSite\",\"@id\":\"https:\\\/\\\/quehacerpolitico.mx\\\/#website\",\"url\":\"https:\\\/\\\/quehacerpolitico.mx\\\/\",\"name\":\"\",\"description\":\"\",\"potentialAction\":[{\"@type\":\"SearchAction\",\"target\":{\"@type\":\"EntryPoint\",\"urlTemplate\":\"https:\\\/\\\/quehacerpolitico.mx\\\/?s={search_term_string}\"},\"query-input\":{\"@type\":\"PropertyValueSpecification\",\"valueRequired\":true,\"valueName\":\"search_term_string\"}}],\"inLanguage\":\"es\"},{\"@type\":\"Person\",\"@id\":\"https:\\\/\\\/quehacerpolitico.mx\\\/#\\\/schema\\\/person\\\/496d8ad2d1d3f8036101dca7ee39e585\",\"name\":\"Redacci\u00f3n QP\",\"image\":{\"@type\":\"ImageObject\",\"inLanguage\":\"es\",\"@id\":\"https:\\\/\\\/secure.gravatar.com\\\/avatar\\\/c7164ed6fdec453195284ad24a5ae5b6e1eed2b848477fa2a4787ba9adf39a41?s=96&d=mm&r=g\",\"url\":\"https:\\\/\\\/secure.gravatar.com\\\/avatar\\\/c7164ed6fdec453195284ad24a5ae5b6e1eed2b848477fa2a4787ba9adf39a41?s=96&d=mm&r=g\",\"contentUrl\":\"https:\\\/\\\/secure.gravatar.com\\\/avatar\\\/c7164ed6fdec453195284ad24a5ae5b6e1eed2b848477fa2a4787ba9adf39a41?s=96&d=mm&r=g\",\"caption\":\"Redacci\u00f3n QP\"},\"url\":\"https:\\\/\\\/quehacerpolitico.mx\\\/?author=2\"}]}<\/script>\n<!-- \/ Yoast SEO plugin. -->","yoast_head_json":{"title":"Renuncia Beatriz Mojica al PRD tras 30 a\u00f1os de militancia -","robots":{"index":"index","follow":"follow","max-snippet":"max-snippet:-1","max-image-preview":"max-image-preview:large","max-video-preview":"max-video-preview:-1"},"canonical":"https:\/\/quehacerpolitico.mx\/?p=35543","og_locale":"es_MX","og_type":"article","og_title":"Renuncia Beatriz Mojica al PRD tras 30 a\u00f1os de militancia -","og_description":"Renuncia Beatriz Mojica al PRD tras 30 a\u00f1os de militancia Por Redacci\u00f3n QP","og_url":"https:\/\/quehacerpolitico.mx\/?p=35543","article_published_time":"2019-08-19T00:18:51+00:00","author":"Redacci\u00f3n QP","twitter_card":"summary_large_image","twitter_misc":{"Escrito por":"Redacci\u00f3n QP","Tiempo de lectura":"2 minutos"},"schema":{"@context":"https:\/\/schema.org","@graph":[{"@type":"Article","@id":"https:\/\/quehacerpolitico.mx\/?p=35543#article","isPartOf":{"@id":"https:\/\/quehacerpolitico.mx\/?p=35543"},"author":{"name":"Redacci\u00f3n QP","@id":"https:\/\/quehacerpolitico.mx\/#\/schema\/person\/496d8ad2d1d3f8036101dca7ee39e585"},"headline":"Renuncia Beatriz Mojica al PRD tras 30 a\u00f1os de militancia","datePublished":"2019-08-19T00:18:51+00:00","mainEntityOfPage":{"@id":"https:\/\/quehacerpolitico.mx\/?p=35543"},"wordCount":351,"commentCount":0,"image":{"@id":"https:\/\/quehacerpolitico.mx\/?p=35543#primaryimage"},"thumbnailUrl":"","articleSection":["Noticias"],"inLanguage":"es","potentialAction":[{"@type":"CommentAction","name":"Comment","target":["https:\/\/quehacerpolitico.mx\/?p=35543#respond"]}]},{"@type":"WebPage","@id":"https:\/\/quehacerpolitico.mx\/?p=35543","url":"https:\/\/quehacerpolitico.mx\/?p=35543","name":"Renuncia Beatriz Mojica al PRD tras 30 a\u00f1os de militancia -","isPartOf":{"@id":"https:\/\/quehacerpolitico.mx\/#website"},"primaryImageOfPage":{"@id":"https:\/\/quehacerpolitico.mx\/?p=35543#primaryimage"},"image":{"@id":"https:\/\/quehacerpolitico.mx\/?p=35543#primaryimage"},"thumbnailUrl":"","datePublished":"2019-08-19T00:18:51+00:00","author":{"@id":"https:\/\/quehacerpolitico.mx\/#\/schema\/person\/496d8ad2d1d3f8036101dca7ee39e585"},"breadcrumb":{"@id":"https:\/\/quehacerpolitico.mx\/?p=35543#breadcrumb"},"inLanguage":"es","potentialAction":[{"@type":"ReadAction","target":["https:\/\/quehacerpolitico.mx\/?p=35543"]}]},{"@type":"ImageObject","inLanguage":"es","@id":"https:\/\/quehacerpolitico.mx\/?p=35543#primaryimage","url":"","contentUrl":""},{"@type":"BreadcrumbList","@id":"https:\/\/quehacerpolitico.mx\/?p=35543#breadcrumb","itemListElement":[{"@type":"ListItem","position":1,"name":"Inicio","item":"https:\/\/quehacerpolitico.mx\/"},{"@type":"ListItem","position":2,"name":"Renuncia Beatriz Mojica al PRD tras 30 a\u00f1os de militancia"}]},{"@type":"WebSite","@id":"https:\/\/quehacerpolitico.mx\/#website","url":"https:\/\/quehacerpolitico.mx\/","name":"","description":"","potentialAction":[{"@type":"SearchAction","target":{"@type":"EntryPoint","urlTemplate":"https:\/\/quehacerpolitico.mx\/?s={search_term_string}"},"query-input":{"@type":"PropertyValueSpecification","valueRequired":true,"valueName":"search_term_string"}}],"inLanguage":"es"},{"@type":"Person","@id":"https:\/\/quehacerpolitico.mx\/#\/schema\/person\/496d8ad2d1d3f8036101dca7ee39e585","name":"Redacci\u00f3n QP","image":{"@type":"ImageObject","inLanguage":"es","@id":"https:\/\/secure.gravatar.com\/avatar\/c7164ed6fdec453195284ad24a5ae5b6e1eed2b848477fa2a4787ba9adf39a41?s=96&d=mm&r=g","url":"https:\/\/secure.gravatar.com\/avatar\/c7164ed6fdec453195284ad24a5ae5b6e1eed2b848477fa2a4787ba9adf39a41?s=96&d=mm&r=g","contentUrl":"https:\/\/secure.gravatar.com\/avatar\/c7164ed6fdec453195284ad24a5ae5b6e1eed2b848477fa2a4787ba9adf39a41?s=96&d=mm&r=g","caption":"Redacci\u00f3n QP"},"url":"https:\/\/quehacerpolitico.mx\/?author=2"}]}},"featured_image_urls":{"full":"","thumbnail":"","medium":"","medium_large":"","large":"","1536x1536":"","2048x2048":"","covernews-featured":"","covernews-medium":""},"author_info":{"display_name":"Redacci\u00f3n QP","author_link":"https:\/\/quehacerpolitico.mx\/?author=2"},"category_info":"<a href=\"https:\/\/quehacerpolitico.mx\/?cat=2\" rel=\"category\">Noticias<\/a>","tag_info":"Noticias","comment_count":"0","_links":{"self":[{"href":"https:\/\/quehacerpolitico.mx\/index.php?rest_route=\/wp\/v2\/posts\/35543","targetHints":{"allow":["GET"]}}],"collection":[{"href":"https:\/\/quehacerpolitico.mx\/index.php?rest_route=\/wp\/v2\/posts"}],"about":[{"href":"https:\/\/quehacerpolitico.mx\/index.php?rest_route=\/wp\/v2\/types\/post"}],"author":[{"embeddable":true,"href":"https:\/\/quehacerpolitico.mx\/index.php?rest_route=\/wp\/v2\/users\/2"}],"replies":[{"embeddable":true,"href":"https:\/\/quehacerpolitico.mx\/index.php?rest_route=%2Fwp%2Fv2%2Fcomments&post=35543"}],"version-history":[{"count":0,"href":"https:\/\/quehacerpolitico.mx\/index.php?rest_route=\/wp\/v2\/posts\/35543\/revisions"}],"wp:featuredmedia":[{"embeddable":true,"href":"https:\/\/quehacerpolitico.mx\/index.php?rest_route=\/"}],"wp:attachment":[{"href":"https:\/\/quehacerpolitico.mx\/index.php?rest_route=%2Fwp%2Fv2%2Fmedia&parent=35543"}],"wp:term":[{"taxonomy":"category","embeddable":true,"href":"https:\/\/quehacerpolitico.mx\/index.php?rest_route=%2Fwp%2Fv2%2Fcategories&post=35543"},{"taxonomy":"post_tag","embeddable":true,"href":"https:\/\/quehacerpolitico.mx\/index.php?rest_route=%2Fwp%2Fv2%2Ftags&post=35543"}],"curies":[{"name":"wp","href":"https:\/\/api.w.org\/{rel}","templated":true}]}}