{"id":35536,"date":"2019-08-18T23:18:07","date_gmt":"2019-08-18T23:18:07","guid":{"rendered":"http:\/\/quehacerpolitico.mx\/no-se-criminalizara-ninguna-manifestacion-social-sheinbaum\/"},"modified":"2019-08-18T23:18:07","modified_gmt":"2019-08-18T23:18:07","slug":"no-se-criminalizara-ninguna-manifestacion-social-sheinbaum","status":"publish","type":"post","link":"https:\/\/quehacerpolitico.mx\/?p=35536","title":{"rendered":"No se criminalizar\u00e1 ninguna manifestaci\u00f3n social: Sheinbaum"},"content":{"rendered":"<h1 class=\"news-title\">No se criminalizar\u00e1 ninguna manifestaci\u00f3n social: Sheinbaum<\/h1>\n<p>Por Redacci\u00f3n QP<\/p>\n<p>La jefa de Gobierno de CDMX afirma que trabajan en particular en la agresi\u00f3n a periodistas durante la marcha del viernes<\/p>\n<p>La jefa de Gobierno de Ciudad de M\u00e9xico\u00a0Claudia Sheinbaum, se\u00f1al\u00f3 que su administraci\u00f3n<strong> no se criminalizar\u00e1\u00a0la manifestaci\u00f3n social<\/strong>, luego de la protesta del pasado viernes contra la violencia de g\u00e9nero.<\/p>\n<p>Sheinbaum\u00a0dijo que la Procuradur\u00eda General de Justicia (PGJ)\u00a0trabaja especialmente en el tema de las agresiones contra\u00a0<strong>Periodistas registradas<\/strong>\u00a0en el marco de la manifestaci\u00f3n del 16 de agosto.<\/p>\n<p>&#8220;En particular la Procuradur\u00eda est\u00e1 trabajando en el tema de la agresi\u00f3n a periodistas y en todos los otros casos no vamos a criminalizar la manifestaci\u00f3n social lo que nos interesa es avanzar en un clima de paz y de justicia&#8221;, se\u00f1al\u00f3 Sheinbaum Pardo.<\/p>\n<p>En entrevista, luego de entregar edificios reconstruidos tras el sismo, la mandataria agreg\u00f3 que lo importante es la transformaci\u00f3n de la procuradur\u00eda a fiscal\u00eda para que haya &#8220;el <strong>acceso a la justicia de todos y de todas<\/strong>, pero en particular en el acceso a la justicia de las mujeres&#8221;.<\/p>\n<p>&#8220;Con esto poder avanzar en que una mujer que ha sido violentada pueda sentirse con toda certeza de que su carpeta de investigaci\u00f3n se va a seguir&#8221;, dijo.<\/p>\n<p>Cabe mencionar que esta ma\u00f1ana se reuni\u00f3 con un <strong>40 mujeres defensoras de los derechos humanos as\u00ed como feministas<\/strong> y se dio a conocer que la mandataria les dijo que no hay carpetas de investigaci\u00f3n iniciadas contra manifestantes por los actos violentos del pasado viernes as\u00ed como la concentraci\u00f3n del lunes en la que lanzaron diamantina contra el titular de la Secretar\u00eda de Seguridad Ciudadana, Jes\u00fas Orta.<\/p>\n<p>Sheinbaum detall\u00f3 que lo importante es avanzar a una ciudad que erradique la violencia de g\u00e9nero y que continuar\u00e1 el di\u00e1logo con organizaciones, al mismo tiempo reconoci\u00f3 que en la capital del pa\u00eds existen diversos actos de violencia contra la mujer, &#8220;no son de ahora, existen y significa que debemos fortalecer en todas la pol\u00edticas que abonen contra la violencia&#8221;.<\/p>\n<blockquote class=\"twitter-tweet\" data-width=\"550\" data-dnt=\"true\">\n<p lang=\"es\" dir=\"ltr\">.<a href=\"https:\/\/twitter.com\/Claudiashein?ref_src=twsrc%5Etfw\">@Claudiashein<\/a> inform\u00f3 que no habr\u00e1 investigaci\u00f3n por los actos de vandalismo que se registraron este viernes durante la protesta contra la violencia de g\u00e9nero. Y asegur\u00f3 que la polic\u00eda no intervino para no incrementar la violencia. <\/p>\n<p>V\u00eda: <a href=\"https:\/\/twitter.com\/Reforma?ref_src=twsrc%5Etfw\">@Reforma<\/a><a href=\"https:\/\/t.co\/R44kSsU3EI\">https:\/\/t.co\/R44kSsU3EI<\/a><\/p>\n<p>&mdash; Ruido en la Red (@RuidoEnLaRed) <a href=\"https:\/\/twitter.com\/RuidoEnLaRed\/status\/1163212861197488130?ref_src=twsrc%5Etfw\">August 18, 2019<\/a><\/p><\/blockquote>\n<p><script async src=\"https:\/\/platform.twitter.com\/widgets.js\" charset=\"utf-8\"><\/script><\/p>\n","protected":false},"excerpt":{"rendered":"<p>No se criminalizar\u00e1 ninguna manifestaci\u00f3n social: Sheinbaum<br \/>\nPor Redacci\u00f3n QP<\/p>\n","protected":false},"author":2,"featured_media":35538,"comment_status":"open","ping_status":"open","sticky":false,"template":"","format":"standard","meta":{"_monsterinsights_skip_tracking":false,"_monsterinsights_sitenote_active":false,"_monsterinsights_sitenote_note":"","_monsterinsights_sitenote_category":0,"footnotes":""},"categories":[55],"tags":[],"class_list":["post-35536","post","type-post","status-publish","format-standard","has-post-thumbnail","hentry","category-cdmx"],"yoast_head":"<!-- This site is optimized with the Yoast SEO plugin v27.3 - https:\/\/yoast.com\/product\/yoast-seo-wordpress\/ -->\n<title>No se criminalizar\u00e1 ninguna manifestaci\u00f3n social: Sheinbaum -<\/title>\n<meta name=\"robots\" content=\"index, follow, max-snippet:-1, max-image-preview:large, max-video-preview:-1\" \/>\n<link rel=\"canonical\" href=\"https:\/\/quehacerpolitico.mx\/?p=35536\" \/>\n<meta property=\"og:locale\" content=\"es_MX\" \/>\n<meta property=\"og:type\" content=\"article\" \/>\n<meta property=\"og:title\" content=\"No se criminalizar\u00e1 ninguna manifestaci\u00f3n social: Sheinbaum -\" \/>\n<meta property=\"og:description\" content=\"No se criminalizar\u00e1 ninguna manifestaci\u00f3n social: Sheinbaum Por Redacci\u00f3n QP\" \/>\n<meta property=\"og:url\" content=\"https:\/\/quehacerpolitico.mx\/?p=35536\" \/>\n<meta property=\"article:published_time\" content=\"2019-08-18T23:18:07+00:00\" \/>\n<meta name=\"author\" content=\"Redacci\u00f3n QP\" \/>\n<meta name=\"twitter:card\" content=\"summary_large_image\" \/>\n<meta name=\"twitter:label1\" content=\"Escrito por\" \/>\n\t<meta name=\"twitter:data1\" content=\"Redacci\u00f3n QP\" \/>\n\t<meta name=\"twitter:label2\" content=\"Tiempo de lectura\" \/>\n\t<meta name=\"twitter:data2\" content=\"2 minutos\" \/>\n<script type=\"application\/ld+json\" class=\"yoast-schema-graph\">{\"@context\":\"https:\\\/\\\/schema.org\",\"@graph\":[{\"@type\":\"Article\",\"@id\":\"https:\\\/\\\/quehacerpolitico.mx\\\/?p=35536#article\",\"isPartOf\":{\"@id\":\"https:\\\/\\\/quehacerpolitico.mx\\\/?p=35536\"},\"author\":{\"name\":\"Redacci\u00f3n QP\",\"@id\":\"https:\\\/\\\/quehacerpolitico.mx\\\/#\\\/schema\\\/person\\\/496d8ad2d1d3f8036101dca7ee39e585\"},\"headline\":\"No se criminalizar\u00e1 ninguna manifestaci\u00f3n social: Sheinbaum\",\"datePublished\":\"2019-08-18T23:18:07+00:00\",\"mainEntityOfPage\":{\"@id\":\"https:\\\/\\\/quehacerpolitico.mx\\\/?p=35536\"},\"wordCount\":380,\"commentCount\":0,\"image\":{\"@id\":\"https:\\\/\\\/quehacerpolitico.mx\\\/?p=35536#primaryimage\"},\"thumbnailUrl\":\"\",\"articleSection\":[\"CDMX\"],\"inLanguage\":\"es\",\"potentialAction\":[{\"@type\":\"CommentAction\",\"name\":\"Comment\",\"target\":[\"https:\\\/\\\/quehacerpolitico.mx\\\/?p=35536#respond\"]}]},{\"@type\":\"WebPage\",\"@id\":\"https:\\\/\\\/quehacerpolitico.mx\\\/?p=35536\",\"url\":\"https:\\\/\\\/quehacerpolitico.mx\\\/?p=35536\",\"name\":\"No se criminalizar\u00e1 ninguna manifestaci\u00f3n social: Sheinbaum -\",\"isPartOf\":{\"@id\":\"https:\\\/\\\/quehacerpolitico.mx\\\/#website\"},\"primaryImageOfPage\":{\"@id\":\"https:\\\/\\\/quehacerpolitico.mx\\\/?p=35536#primaryimage\"},\"image\":{\"@id\":\"https:\\\/\\\/quehacerpolitico.mx\\\/?p=35536#primaryimage\"},\"thumbnailUrl\":\"\",\"datePublished\":\"2019-08-18T23:18:07+00:00\",\"author\":{\"@id\":\"https:\\\/\\\/quehacerpolitico.mx\\\/#\\\/schema\\\/person\\\/496d8ad2d1d3f8036101dca7ee39e585\"},\"breadcrumb\":{\"@id\":\"https:\\\/\\\/quehacerpolitico.mx\\\/?p=35536#breadcrumb\"},\"inLanguage\":\"es\",\"potentialAction\":[{\"@type\":\"ReadAction\",\"target\":[\"https:\\\/\\\/quehacerpolitico.mx\\\/?p=35536\"]}]},{\"@type\":\"ImageObject\",\"inLanguage\":\"es\",\"@id\":\"https:\\\/\\\/quehacerpolitico.mx\\\/?p=35536#primaryimage\",\"url\":\"\",\"contentUrl\":\"\"},{\"@type\":\"BreadcrumbList\",\"@id\":\"https:\\\/\\\/quehacerpolitico.mx\\\/?p=35536#breadcrumb\",\"itemListElement\":[{\"@type\":\"ListItem\",\"position\":1,\"name\":\"Inicio\",\"item\":\"https:\\\/\\\/quehacerpolitico.mx\\\/\"},{\"@type\":\"ListItem\",\"position\":2,\"name\":\"No se criminalizar\u00e1 ninguna manifestaci\u00f3n social: Sheinbaum\"}]},{\"@type\":\"WebSite\",\"@id\":\"https:\\\/\\\/quehacerpolitico.mx\\\/#website\",\"url\":\"https:\\\/\\\/quehacerpolitico.mx\\\/\",\"name\":\"\",\"description\":\"\",\"potentialAction\":[{\"@type\":\"SearchAction\",\"target\":{\"@type\":\"EntryPoint\",\"urlTemplate\":\"https:\\\/\\\/quehacerpolitico.mx\\\/?s={search_term_string}\"},\"query-input\":{\"@type\":\"PropertyValueSpecification\",\"valueRequired\":true,\"valueName\":\"search_term_string\"}}],\"inLanguage\":\"es\"},{\"@type\":\"Person\",\"@id\":\"https:\\\/\\\/quehacerpolitico.mx\\\/#\\\/schema\\\/person\\\/496d8ad2d1d3f8036101dca7ee39e585\",\"name\":\"Redacci\u00f3n QP\",\"image\":{\"@type\":\"ImageObject\",\"inLanguage\":\"es\",\"@id\":\"https:\\\/\\\/secure.gravatar.com\\\/avatar\\\/c7164ed6fdec453195284ad24a5ae5b6e1eed2b848477fa2a4787ba9adf39a41?s=96&d=mm&r=g\",\"url\":\"https:\\\/\\\/secure.gravatar.com\\\/avatar\\\/c7164ed6fdec453195284ad24a5ae5b6e1eed2b848477fa2a4787ba9adf39a41?s=96&d=mm&r=g\",\"contentUrl\":\"https:\\\/\\\/secure.gravatar.com\\\/avatar\\\/c7164ed6fdec453195284ad24a5ae5b6e1eed2b848477fa2a4787ba9adf39a41?s=96&d=mm&r=g\",\"caption\":\"Redacci\u00f3n QP\"},\"url\":\"https:\\\/\\\/quehacerpolitico.mx\\\/?author=2\"}]}<\/script>\n<!-- \/ Yoast SEO plugin. -->","yoast_head_json":{"title":"No se criminalizar\u00e1 ninguna manifestaci\u00f3n social: Sheinbaum -","robots":{"index":"index","follow":"follow","max-snippet":"max-snippet:-1","max-image-preview":"max-image-preview:large","max-video-preview":"max-video-preview:-1"},"canonical":"https:\/\/quehacerpolitico.mx\/?p=35536","og_locale":"es_MX","og_type":"article","og_title":"No se criminalizar\u00e1 ninguna manifestaci\u00f3n social: Sheinbaum -","og_description":"No se criminalizar\u00e1 ninguna manifestaci\u00f3n social: Sheinbaum Por Redacci\u00f3n QP","og_url":"https:\/\/quehacerpolitico.mx\/?p=35536","article_published_time":"2019-08-18T23:18:07+00:00","author":"Redacci\u00f3n QP","twitter_card":"summary_large_image","twitter_misc":{"Escrito por":"Redacci\u00f3n QP","Tiempo de lectura":"2 minutos"},"schema":{"@context":"https:\/\/schema.org","@graph":[{"@type":"Article","@id":"https:\/\/quehacerpolitico.mx\/?p=35536#article","isPartOf":{"@id":"https:\/\/quehacerpolitico.mx\/?p=35536"},"author":{"name":"Redacci\u00f3n QP","@id":"https:\/\/quehacerpolitico.mx\/#\/schema\/person\/496d8ad2d1d3f8036101dca7ee39e585"},"headline":"No se criminalizar\u00e1 ninguna manifestaci\u00f3n social: Sheinbaum","datePublished":"2019-08-18T23:18:07+00:00","mainEntityOfPage":{"@id":"https:\/\/quehacerpolitico.mx\/?p=35536"},"wordCount":380,"commentCount":0,"image":{"@id":"https:\/\/quehacerpolitico.mx\/?p=35536#primaryimage"},"thumbnailUrl":"","articleSection":["CDMX"],"inLanguage":"es","potentialAction":[{"@type":"CommentAction","name":"Comment","target":["https:\/\/quehacerpolitico.mx\/?p=35536#respond"]}]},{"@type":"WebPage","@id":"https:\/\/quehacerpolitico.mx\/?p=35536","url":"https:\/\/quehacerpolitico.mx\/?p=35536","name":"No se criminalizar\u00e1 ninguna manifestaci\u00f3n social: Sheinbaum -","isPartOf":{"@id":"https:\/\/quehacerpolitico.mx\/#website"},"primaryImageOfPage":{"@id":"https:\/\/quehacerpolitico.mx\/?p=35536#primaryimage"},"image":{"@id":"https:\/\/quehacerpolitico.mx\/?p=35536#primaryimage"},"thumbnailUrl":"","datePublished":"2019-08-18T23:18:07+00:00","author":{"@id":"https:\/\/quehacerpolitico.mx\/#\/schema\/person\/496d8ad2d1d3f8036101dca7ee39e585"},"breadcrumb":{"@id":"https:\/\/quehacerpolitico.mx\/?p=35536#breadcrumb"},"inLanguage":"es","potentialAction":[{"@type":"ReadAction","target":["https:\/\/quehacerpolitico.mx\/?p=35536"]}]},{"@type":"ImageObject","inLanguage":"es","@id":"https:\/\/quehacerpolitico.mx\/?p=35536#primaryimage","url":"","contentUrl":""},{"@type":"BreadcrumbList","@id":"https:\/\/quehacerpolitico.mx\/?p=35536#breadcrumb","itemListElement":[{"@type":"ListItem","position":1,"name":"Inicio","item":"https:\/\/quehacerpolitico.mx\/"},{"@type":"ListItem","position":2,"name":"No se criminalizar\u00e1 ninguna manifestaci\u00f3n social: Sheinbaum"}]},{"@type":"WebSite","@id":"https:\/\/quehacerpolitico.mx\/#website","url":"https:\/\/quehacerpolitico.mx\/","name":"","description":"","potentialAction":[{"@type":"SearchAction","target":{"@type":"EntryPoint","urlTemplate":"https:\/\/quehacerpolitico.mx\/?s={search_term_string}"},"query-input":{"@type":"PropertyValueSpecification","valueRequired":true,"valueName":"search_term_string"}}],"inLanguage":"es"},{"@type":"Person","@id":"https:\/\/quehacerpolitico.mx\/#\/schema\/person\/496d8ad2d1d3f8036101dca7ee39e585","name":"Redacci\u00f3n QP","image":{"@type":"ImageObject","inLanguage":"es","@id":"https:\/\/secure.gravatar.com\/avatar\/c7164ed6fdec453195284ad24a5ae5b6e1eed2b848477fa2a4787ba9adf39a41?s=96&d=mm&r=g","url":"https:\/\/secure.gravatar.com\/avatar\/c7164ed6fdec453195284ad24a5ae5b6e1eed2b848477fa2a4787ba9adf39a41?s=96&d=mm&r=g","contentUrl":"https:\/\/secure.gravatar.com\/avatar\/c7164ed6fdec453195284ad24a5ae5b6e1eed2b848477fa2a4787ba9adf39a41?s=96&d=mm&r=g","caption":"Redacci\u00f3n QP"},"url":"https:\/\/quehacerpolitico.mx\/?author=2"}]}},"featured_image_urls":{"full":"","thumbnail":"","medium":"","medium_large":"","large":"","1536x1536":"","2048x2048":"","covernews-featured":"","covernews-medium":""},"author_info":{"display_name":"Redacci\u00f3n QP","author_link":"https:\/\/quehacerpolitico.mx\/?author=2"},"category_info":"<a href=\"https:\/\/quehacerpolitico.mx\/?cat=55\" rel=\"category\">CDMX<\/a>","tag_info":"CDMX","comment_count":"0","_links":{"self":[{"href":"https:\/\/quehacerpolitico.mx\/index.php?rest_route=\/wp\/v2\/posts\/35536","targetHints":{"allow":["GET"]}}],"collection":[{"href":"https:\/\/quehacerpolitico.mx\/index.php?rest_route=\/wp\/v2\/posts"}],"about":[{"href":"https:\/\/quehacerpolitico.mx\/index.php?rest_route=\/wp\/v2\/types\/post"}],"author":[{"embeddable":true,"href":"https:\/\/quehacerpolitico.mx\/index.php?rest_route=\/wp\/v2\/users\/2"}],"replies":[{"embeddable":true,"href":"https:\/\/quehacerpolitico.mx\/index.php?rest_route=%2Fwp%2Fv2%2Fcomments&post=35536"}],"version-history":[{"count":0,"href":"https:\/\/quehacerpolitico.mx\/index.php?rest_route=\/wp\/v2\/posts\/35536\/revisions"}],"wp:featuredmedia":[{"embeddable":true,"href":"https:\/\/quehacerpolitico.mx\/index.php?rest_route=\/"}],"wp:attachment":[{"href":"https:\/\/quehacerpolitico.mx\/index.php?rest_route=%2Fwp%2Fv2%2Fmedia&parent=35536"}],"wp:term":[{"taxonomy":"category","embeddable":true,"href":"https:\/\/quehacerpolitico.mx\/index.php?rest_route=%2Fwp%2Fv2%2Fcategories&post=35536"},{"taxonomy":"post_tag","embeddable":true,"href":"https:\/\/quehacerpolitico.mx\/index.php?rest_route=%2Fwp%2Fv2%2Ftags&post=35536"}],"curies":[{"name":"wp","href":"https:\/\/api.w.org\/{rel}","templated":true}]}}