{"id":35534,"date":"2019-08-18T22:57:38","date_gmt":"2019-08-18T22:57:38","guid":{"rendered":"http:\/\/quehacerpolitico.mx\/pumas-recupera-la-sonrisa-frente-a-un-desahuciado-veracruz\/"},"modified":"2019-08-18T22:57:38","modified_gmt":"2019-08-18T22:57:38","slug":"pumas-recupera-la-sonrisa-frente-a-un-desahuciado-veracruz","status":"publish","type":"post","link":"https:\/\/quehacerpolitico.mx\/?p=35534","title":{"rendered":"Pumas recupera la sonrisa frente a un desahuciado Veracruz"},"content":{"rendered":"<h1 class=\"news-title\">Pumas recupera la sonrisa frente a un desahuciado Veracruz<\/h1>\n<p>Por Redacci\u00f3n QP<\/p>\n<header class=\"news-header\">\n<div class=\"news-subtitle\">\n<p>Los de la UNAM aprovecharon las debilidades de su rival y vencieron 2-0 a\u00a0Tiburones Rojos<\/p>\n<\/div>\n<\/header>\n<div class=\"news-content\">\n<div class=\"news-body row\">\n<p>Pumas de la UNAM aprovech\u00f3 las debilidades de su rival para recuperar la sonrisa, luego de vencer 2-0 a un desahuciado Veracruz, en partido de la jornada cinco del Torneo Apertura 2019 de la Liga MX.<\/p>\n<p>El mediocampista V\u00edctor Ignacio Malcorra, al minuto 64, y el defensa colombiano Jeison Angulo, al 68, fueron los art\u00edfices para que los felinos volvieran al triunfo en el Ol\u00edmpico Universitario en este certamen y derrotar a unos escualos, que desde noviembre de 2015 no perd\u00edan en CU.<\/p>\n<blockquote class=\"twitter-tweet\" data-width=\"550\" data-dnt=\"true\">\n<p lang=\"es\" dir=\"ltr\">\u00a1Revive los mejores momentos del triunfo de nuestros Pumas en el Ol\u00edmpico Universitario!<a href=\"https:\/\/twitter.com\/hashtag\/Pasi%C3%B3nInfinita?src=hash&amp;ref_src=twsrc%5Etfw\">#Pasi\u00f3nInfinita<\/a> <a href=\"https:\/\/twitter.com\/hashtag\/SoyDePumas?src=hash&amp;ref_src=twsrc%5Etfw\">#SoyDePumas<\/a> <a href=\"https:\/\/t.co\/3q3JTSTruB\">pic.twitter.com\/3q3JTSTruB<\/a><\/p>\n<p>&mdash; PUMAS (@PumasMX) <a href=\"https:\/\/twitter.com\/PumasMX\/status\/1163172449724354567?ref_src=twsrc%5Etfw\">August 18, 2019<\/a><\/p><\/blockquote>\n<p><script async src=\"https:\/\/platform.twitter.com\/widgets.js\" charset=\"utf-8\"><\/script><\/p>\n<p><strong>Con este resultado, Pumas alcanz\u00f3 nueve unidades en la clasificaci\u00f3n y Tiburones Rojos se estanc\u00f3 con un punto e hilvan\u00f3 31 partidos sin ganar en Liga MX<\/strong>, su \u00faltimo triunfo data del 25 de agosto de 2018 frente a Tijuana, por lo que sino vence a San Luis la pr\u00f3xima semana cumplir\u00e1 el a\u00f1o. Peor a\u00fan sigui\u00f3 \u00faltimo en la lucha por el no descenso.<\/p>\n<p><strong>Pumas necesitaba un &#8220;vuelve a la vida&#8221; despu\u00e9s de no ganar en sus \u00faltimos dos cotejos ligueros<\/strong> y Veracruz, por su lado, quer\u00eda una bocanada de aire, algo que le resucitara debido a su larga racha negativa sin ganar.<\/p>\n<p>As\u00ed con eso se esperaba un partido abierto de ida y vuelta, pero los argumentos no le alcanzan a los jarochos para jugar as\u00ed; los auriazules tomaron la iniciativa, la responsabilidad del partido en busca de hacer valer su condici\u00f3n de local.<\/p>\n<p>Los felinos generaron el futbol, crearon jugadas de peligro, pero el tino careci\u00f3 en el primer lapso y cuando ol\u00eda la anotaci\u00f3n siempre estuvo atento Sebasti\u00e1n Jurado, el garbanzo de a libra que tiene en su plantel Tiburones Rojos.<\/p>\n<p>Jeison Angulo, el paraguayo Carlos Gonz\u00e1lez, Juan Pablo Vig\u00f3n y V\u00edctor Malcorra tuvieron en sus pies la anotaci\u00f3n de Pumas, pero ninguno pudo conseguir el festejo frente a un Veracruz aguantador en la primera parte.<\/p>\n<p>En el segundo lapso con m\u00e1s atrevimiento, los escualos por fin se acercaron un poco m\u00e1s a la meta defendida por Alfredo Sald\u00edvar, el chileno Bryan Carrasco dio el primer aviso y luego el espa\u00f1ol Abraham Gonz\u00e1lez, ex puma.<\/p>\n<p>Mientras que a los universitarios le costaba tener mayor claridad y conexi\u00f3n a la ofensiva, nada que ver con lo de la primera mitad.<\/p>\n<p>Pero el futbol demostr\u00f3 ser voluble, cuando Pumas fue mejor no anot\u00f3 y cuando Veracruz estaba en mejor momento tampoco lo hizo, en una muestra m\u00e1s de que este deporte no es de merecimientos.<\/p>\n<p>Tuvo que volver la confianza y la alegr\u00eda a los felinos gracias a una genialidad de Malcorra, quien cobr\u00f3 una falta en los linderos del \u00e1rea que se le hab\u00eda cometido al reci\u00e9n ingresado Juan Iturbe y con zurdazo super\u00f3 a Jurado en un golazo.<\/p>\n<p>As\u00ed Pumas recuper\u00f3 sus virtudes al ataque y de inmediato coloc\u00f3 el 2-0 en una buena jugada colectiva entre Malcorra, Gonz\u00e1lez y que defini\u00f3 Jeison Angulo, quien hizo su primer tanto en el futbol mexicano.<\/p>\n<p>Los dos goles en un santiam\u00e9n pr\u00e1cticamente desmoronaron a Veracruz, el partido fue de uno solo y siempre estuvo m\u00e1s cerca un tercer tanto de Pumas que el descuento de la visita. El resultado ya no se movi\u00f3 y los pron\u00f3sticos y el favoritismo de Pumas hoy no fall\u00f3 en las quinielas.<\/p>\n<p>El arbitraje estuvo a cargo de Roberto Garc\u00eda Orozco, quien cumpli\u00f3 con su trabajo y amonest\u00f3 al local David Cabrera, as\u00ed como a los visitantes Sebasti\u00e1n Rodr\u00edguez y Daniel Villalva.<\/p>\n<p><strong>Alineaciones:<\/strong><\/p>\n<p><strong>UNAM.- <\/strong>Alfredo Sald\u00edvar, Alan Mozo, Luis Quintana, Nicol\u00e1s Freire, Jeison Angulo, Andr\u00e9s Iniestra, David Cabrera (Juan Iturbe, 55), Juan Pablo Vig\u00f3n, V\u00edctor Malcorra, Pablo Barrera (Kevin Escamilla, 73) y Carlos Gonz\u00e1lez (Felipe Mora, 81). DT M\u00edchel Gonz\u00e1lez (ESP).<\/p>\n<p><strong>Veracruz.-<\/strong> Sebasti\u00e1n Jurado, Jes\u00fas Paganoni, Leobardo L\u00f3pez, Lampros Kontogiannis, Luis Lozoya, Carlos Salcido, Rodrigo L\u00f3pez (Sebasti\u00e1n Rodr\u00edguez, 57), Abraham Gonz\u00e1lez (Jes\u00fas Henestrosa, 81), Daniel Villalva, Bryan Carrasco (Diego Ch\u00e1vez, 58) y Cristian Men\u00e9ndez. DT Enrique Meza.<\/p>\n<\/div>\n<\/div>\n","protected":false},"excerpt":{"rendered":"<p>Pumas recupera la sonrisa frente a un desahuciado Veracruz<br \/>\nPor Redacci\u00f3n QP<\/p>\n","protected":false},"author":2,"featured_media":35533,"comment_status":"open","ping_status":"open","sticky":false,"template":"","format":"standard","meta":{"_monsterinsights_skip_tracking":false,"_monsterinsights_sitenote_active":false,"_monsterinsights_sitenote_note":"","_monsterinsights_sitenote_category":0,"footnotes":""},"categories":[54],"tags":[],"class_list":["post-35534","post","type-post","status-publish","format-standard","has-post-thumbnail","hentry","category-deportes"],"yoast_head":"<!-- This site is optimized with the Yoast SEO plugin v27.3 - https:\/\/yoast.com\/product\/yoast-seo-wordpress\/ -->\n<title>Pumas recupera la sonrisa frente a un desahuciado Veracruz -<\/title>\n<meta name=\"robots\" content=\"index, follow, max-snippet:-1, max-image-preview:large, max-video-preview:-1\" \/>\n<link rel=\"canonical\" href=\"https:\/\/quehacerpolitico.mx\/?p=35534\" \/>\n<meta property=\"og:locale\" content=\"es_MX\" \/>\n<meta property=\"og:type\" content=\"article\" \/>\n<meta property=\"og:title\" content=\"Pumas recupera la sonrisa frente a un desahuciado Veracruz -\" \/>\n<meta property=\"og:description\" content=\"Pumas recupera la sonrisa frente a un desahuciado Veracruz Por Redacci\u00f3n QP\" \/>\n<meta property=\"og:url\" content=\"https:\/\/quehacerpolitico.mx\/?p=35534\" \/>\n<meta property=\"article:published_time\" content=\"2019-08-18T22:57:38+00:00\" \/>\n<meta name=\"author\" content=\"Redacci\u00f3n QP\" \/>\n<meta name=\"twitter:card\" content=\"summary_large_image\" \/>\n<meta name=\"twitter:label1\" content=\"Escrito por\" \/>\n\t<meta name=\"twitter:data1\" content=\"Redacci\u00f3n QP\" \/>\n\t<meta name=\"twitter:label2\" content=\"Tiempo de lectura\" \/>\n\t<meta name=\"twitter:data2\" content=\"4 minutos\" \/>\n<script type=\"application\/ld+json\" class=\"yoast-schema-graph\">{\"@context\":\"https:\\\/\\\/schema.org\",\"@graph\":[{\"@type\":\"Article\",\"@id\":\"https:\\\/\\\/quehacerpolitico.mx\\\/?p=35534#article\",\"isPartOf\":{\"@id\":\"https:\\\/\\\/quehacerpolitico.mx\\\/?p=35534\"},\"author\":{\"name\":\"Redacci\u00f3n QP\",\"@id\":\"https:\\\/\\\/quehacerpolitico.mx\\\/#\\\/schema\\\/person\\\/496d8ad2d1d3f8036101dca7ee39e585\"},\"headline\":\"Pumas recupera la sonrisa frente a un desahuciado Veracruz\",\"datePublished\":\"2019-08-18T22:57:38+00:00\",\"mainEntityOfPage\":{\"@id\":\"https:\\\/\\\/quehacerpolitico.mx\\\/?p=35534\"},\"wordCount\":724,\"commentCount\":0,\"image\":{\"@id\":\"https:\\\/\\\/quehacerpolitico.mx\\\/?p=35534#primaryimage\"},\"thumbnailUrl\":\"\",\"articleSection\":[\"Deportes\"],\"inLanguage\":\"es\",\"potentialAction\":[{\"@type\":\"CommentAction\",\"name\":\"Comment\",\"target\":[\"https:\\\/\\\/quehacerpolitico.mx\\\/?p=35534#respond\"]}]},{\"@type\":\"WebPage\",\"@id\":\"https:\\\/\\\/quehacerpolitico.mx\\\/?p=35534\",\"url\":\"https:\\\/\\\/quehacerpolitico.mx\\\/?p=35534\",\"name\":\"Pumas recupera la sonrisa frente a un desahuciado Veracruz -\",\"isPartOf\":{\"@id\":\"https:\\\/\\\/quehacerpolitico.mx\\\/#website\"},\"primaryImageOfPage\":{\"@id\":\"https:\\\/\\\/quehacerpolitico.mx\\\/?p=35534#primaryimage\"},\"image\":{\"@id\":\"https:\\\/\\\/quehacerpolitico.mx\\\/?p=35534#primaryimage\"},\"thumbnailUrl\":\"\",\"datePublished\":\"2019-08-18T22:57:38+00:00\",\"author\":{\"@id\":\"https:\\\/\\\/quehacerpolitico.mx\\\/#\\\/schema\\\/person\\\/496d8ad2d1d3f8036101dca7ee39e585\"},\"breadcrumb\":{\"@id\":\"https:\\\/\\\/quehacerpolitico.mx\\\/?p=35534#breadcrumb\"},\"inLanguage\":\"es\",\"potentialAction\":[{\"@type\":\"ReadAction\",\"target\":[\"https:\\\/\\\/quehacerpolitico.mx\\\/?p=35534\"]}]},{\"@type\":\"ImageObject\",\"inLanguage\":\"es\",\"@id\":\"https:\\\/\\\/quehacerpolitico.mx\\\/?p=35534#primaryimage\",\"url\":\"\",\"contentUrl\":\"\"},{\"@type\":\"BreadcrumbList\",\"@id\":\"https:\\\/\\\/quehacerpolitico.mx\\\/?p=35534#breadcrumb\",\"itemListElement\":[{\"@type\":\"ListItem\",\"position\":1,\"name\":\"Inicio\",\"item\":\"https:\\\/\\\/quehacerpolitico.mx\\\/\"},{\"@type\":\"ListItem\",\"position\":2,\"name\":\"Pumas recupera la sonrisa frente a un desahuciado Veracruz\"}]},{\"@type\":\"WebSite\",\"@id\":\"https:\\\/\\\/quehacerpolitico.mx\\\/#website\",\"url\":\"https:\\\/\\\/quehacerpolitico.mx\\\/\",\"name\":\"\",\"description\":\"\",\"potentialAction\":[{\"@type\":\"SearchAction\",\"target\":{\"@type\":\"EntryPoint\",\"urlTemplate\":\"https:\\\/\\\/quehacerpolitico.mx\\\/?s={search_term_string}\"},\"query-input\":{\"@type\":\"PropertyValueSpecification\",\"valueRequired\":true,\"valueName\":\"search_term_string\"}}],\"inLanguage\":\"es\"},{\"@type\":\"Person\",\"@id\":\"https:\\\/\\\/quehacerpolitico.mx\\\/#\\\/schema\\\/person\\\/496d8ad2d1d3f8036101dca7ee39e585\",\"name\":\"Redacci\u00f3n QP\",\"image\":{\"@type\":\"ImageObject\",\"inLanguage\":\"es\",\"@id\":\"https:\\\/\\\/secure.gravatar.com\\\/avatar\\\/c7164ed6fdec453195284ad24a5ae5b6e1eed2b848477fa2a4787ba9adf39a41?s=96&d=mm&r=g\",\"url\":\"https:\\\/\\\/secure.gravatar.com\\\/avatar\\\/c7164ed6fdec453195284ad24a5ae5b6e1eed2b848477fa2a4787ba9adf39a41?s=96&d=mm&r=g\",\"contentUrl\":\"https:\\\/\\\/secure.gravatar.com\\\/avatar\\\/c7164ed6fdec453195284ad24a5ae5b6e1eed2b848477fa2a4787ba9adf39a41?s=96&d=mm&r=g\",\"caption\":\"Redacci\u00f3n QP\"},\"url\":\"https:\\\/\\\/quehacerpolitico.mx\\\/?author=2\"}]}<\/script>\n<!-- \/ Yoast SEO plugin. -->","yoast_head_json":{"title":"Pumas recupera la sonrisa frente a un desahuciado Veracruz -","robots":{"index":"index","follow":"follow","max-snippet":"max-snippet:-1","max-image-preview":"max-image-preview:large","max-video-preview":"max-video-preview:-1"},"canonical":"https:\/\/quehacerpolitico.mx\/?p=35534","og_locale":"es_MX","og_type":"article","og_title":"Pumas recupera la sonrisa frente a un desahuciado Veracruz -","og_description":"Pumas recupera la sonrisa frente a un desahuciado Veracruz Por Redacci\u00f3n QP","og_url":"https:\/\/quehacerpolitico.mx\/?p=35534","article_published_time":"2019-08-18T22:57:38+00:00","author":"Redacci\u00f3n QP","twitter_card":"summary_large_image","twitter_misc":{"Escrito por":"Redacci\u00f3n QP","Tiempo de lectura":"4 minutos"},"schema":{"@context":"https:\/\/schema.org","@graph":[{"@type":"Article","@id":"https:\/\/quehacerpolitico.mx\/?p=35534#article","isPartOf":{"@id":"https:\/\/quehacerpolitico.mx\/?p=35534"},"author":{"name":"Redacci\u00f3n QP","@id":"https:\/\/quehacerpolitico.mx\/#\/schema\/person\/496d8ad2d1d3f8036101dca7ee39e585"},"headline":"Pumas recupera la sonrisa frente a un desahuciado Veracruz","datePublished":"2019-08-18T22:57:38+00:00","mainEntityOfPage":{"@id":"https:\/\/quehacerpolitico.mx\/?p=35534"},"wordCount":724,"commentCount":0,"image":{"@id":"https:\/\/quehacerpolitico.mx\/?p=35534#primaryimage"},"thumbnailUrl":"","articleSection":["Deportes"],"inLanguage":"es","potentialAction":[{"@type":"CommentAction","name":"Comment","target":["https:\/\/quehacerpolitico.mx\/?p=35534#respond"]}]},{"@type":"WebPage","@id":"https:\/\/quehacerpolitico.mx\/?p=35534","url":"https:\/\/quehacerpolitico.mx\/?p=35534","name":"Pumas recupera la sonrisa frente a un desahuciado Veracruz -","isPartOf":{"@id":"https:\/\/quehacerpolitico.mx\/#website"},"primaryImageOfPage":{"@id":"https:\/\/quehacerpolitico.mx\/?p=35534#primaryimage"},"image":{"@id":"https:\/\/quehacerpolitico.mx\/?p=35534#primaryimage"},"thumbnailUrl":"","datePublished":"2019-08-18T22:57:38+00:00","author":{"@id":"https:\/\/quehacerpolitico.mx\/#\/schema\/person\/496d8ad2d1d3f8036101dca7ee39e585"},"breadcrumb":{"@id":"https:\/\/quehacerpolitico.mx\/?p=35534#breadcrumb"},"inLanguage":"es","potentialAction":[{"@type":"ReadAction","target":["https:\/\/quehacerpolitico.mx\/?p=35534"]}]},{"@type":"ImageObject","inLanguage":"es","@id":"https:\/\/quehacerpolitico.mx\/?p=35534#primaryimage","url":"","contentUrl":""},{"@type":"BreadcrumbList","@id":"https:\/\/quehacerpolitico.mx\/?p=35534#breadcrumb","itemListElement":[{"@type":"ListItem","position":1,"name":"Inicio","item":"https:\/\/quehacerpolitico.mx\/"},{"@type":"ListItem","position":2,"name":"Pumas recupera la sonrisa frente a un desahuciado Veracruz"}]},{"@type":"WebSite","@id":"https:\/\/quehacerpolitico.mx\/#website","url":"https:\/\/quehacerpolitico.mx\/","name":"","description":"","potentialAction":[{"@type":"SearchAction","target":{"@type":"EntryPoint","urlTemplate":"https:\/\/quehacerpolitico.mx\/?s={search_term_string}"},"query-input":{"@type":"PropertyValueSpecification","valueRequired":true,"valueName":"search_term_string"}}],"inLanguage":"es"},{"@type":"Person","@id":"https:\/\/quehacerpolitico.mx\/#\/schema\/person\/496d8ad2d1d3f8036101dca7ee39e585","name":"Redacci\u00f3n QP","image":{"@type":"ImageObject","inLanguage":"es","@id":"https:\/\/secure.gravatar.com\/avatar\/c7164ed6fdec453195284ad24a5ae5b6e1eed2b848477fa2a4787ba9adf39a41?s=96&d=mm&r=g","url":"https:\/\/secure.gravatar.com\/avatar\/c7164ed6fdec453195284ad24a5ae5b6e1eed2b848477fa2a4787ba9adf39a41?s=96&d=mm&r=g","contentUrl":"https:\/\/secure.gravatar.com\/avatar\/c7164ed6fdec453195284ad24a5ae5b6e1eed2b848477fa2a4787ba9adf39a41?s=96&d=mm&r=g","caption":"Redacci\u00f3n QP"},"url":"https:\/\/quehacerpolitico.mx\/?author=2"}]}},"featured_image_urls":{"full":"","thumbnail":"","medium":"","medium_large":"","large":"","1536x1536":"","2048x2048":"","covernews-featured":"","covernews-medium":""},"author_info":{"display_name":"Redacci\u00f3n QP","author_link":"https:\/\/quehacerpolitico.mx\/?author=2"},"category_info":"<a href=\"https:\/\/quehacerpolitico.mx\/?cat=54\" rel=\"category\">Deportes<\/a>","tag_info":"Deportes","comment_count":"0","_links":{"self":[{"href":"https:\/\/quehacerpolitico.mx\/index.php?rest_route=\/wp\/v2\/posts\/35534","targetHints":{"allow":["GET"]}}],"collection":[{"href":"https:\/\/quehacerpolitico.mx\/index.php?rest_route=\/wp\/v2\/posts"}],"about":[{"href":"https:\/\/quehacerpolitico.mx\/index.php?rest_route=\/wp\/v2\/types\/post"}],"author":[{"embeddable":true,"href":"https:\/\/quehacerpolitico.mx\/index.php?rest_route=\/wp\/v2\/users\/2"}],"replies":[{"embeddable":true,"href":"https:\/\/quehacerpolitico.mx\/index.php?rest_route=%2Fwp%2Fv2%2Fcomments&post=35534"}],"version-history":[{"count":0,"href":"https:\/\/quehacerpolitico.mx\/index.php?rest_route=\/wp\/v2\/posts\/35534\/revisions"}],"wp:featuredmedia":[{"embeddable":true,"href":"https:\/\/quehacerpolitico.mx\/index.php?rest_route=\/"}],"wp:attachment":[{"href":"https:\/\/quehacerpolitico.mx\/index.php?rest_route=%2Fwp%2Fv2%2Fmedia&parent=35534"}],"wp:term":[{"taxonomy":"category","embeddable":true,"href":"https:\/\/quehacerpolitico.mx\/index.php?rest_route=%2Fwp%2Fv2%2Fcategories&post=35534"},{"taxonomy":"post_tag","embeddable":true,"href":"https:\/\/quehacerpolitico.mx\/index.php?rest_route=%2Fwp%2Fv2%2Ftags&post=35534"}],"curies":[{"name":"wp","href":"https:\/\/api.w.org\/{rel}","templated":true}]}}