{"id":35527,"date":"2019-08-18T22:17:03","date_gmt":"2019-08-18T22:17:03","guid":{"rendered":"http:\/\/quehacerpolitico.mx\/la-cndh-senala-al-ejercito-por-uso-excesivo-de-la-fuerza-en-2014\/"},"modified":"2019-08-18T22:17:03","modified_gmt":"2019-08-18T22:17:03","slug":"la-cndh-senala-al-ejercito-por-uso-excesivo-de-la-fuerza-en-2014","status":"publish","type":"post","link":"https:\/\/quehacerpolitico.mx\/?p=35527","title":{"rendered":"La CNDH se\u00f1ala al Ej\u00e9rcito por uso excesivo de la fuerza en 2014"},"content":{"rendered":"<h1 class=\"news-title\">La CNDH se\u00f1ala al Ej\u00e9rcito por uso excesivo de la fuerza en 2014<\/h1>\n<p>Por Redacci\u00f3n QP<\/p>\n<header class=\"news-header\">\n<div class=\"news-subtitle\">\n<p>Detemina que soldados dispararon sin identificar su objetivo y mataron a seis personas en un operativo en el Estado de M\u00e9xico<\/p>\n<\/div>\n<\/header>\n<div class=\"news-content\">\n<div class=\"news-body row\">\n<p>La Comisi\u00f3n Nacional de Derechos Humanos emiti\u00f3 una recomendaci\u00f3n al Ej\u00e9rcito por el <strong>asesinato de seis personas<\/strong>, entre ellas dos adolescentes, a manos de <strong>personal militar tras un operativo en 2014<\/strong> en el municipio de Luvianos, Estado de M\u00e9xico, en el cual hubo uso excesivo de la fuerza<\/p>\n<p>La CNDH\u00a0determin\u00f3 que el 30 de octubre de 2014, <strong>soldados dispararon sin identificar su objetivo y por la espalda<\/strong> a seis personas que <strong>no hab\u00edan disparado las armas<\/strong> que se localizaron cerca de sus cuerpos, en los hechos que en un inicio se dieron a conocer como un enfrentamiento entre fuerzas armadas y civiles. Entre estas personas fueron asesinadas dos adolescentes que estaban reportadas como desaparecidas y una persona m\u00e1s que se encontraba secuestrada.<\/p>\n<p>En la Recomendaci\u00f3n 22VG\/2019, dirigida al Secretario de la Defensa Nacional (Sedena), general Luis Cresencio Sandoval Gonz\u00e1lez, la CNDH determin\u00f3 que <strong>hubo violaciones graves<\/strong> a los derechos humanos a la vida, <strong>por el uso excesivo de la fuerza<\/strong>, &#8220;en agravio de seis personas que murieron, entre ellas dos mujeres adolescentes, hechos atribuibles a personal militar&#8221;.<\/p>\n<p>En su investigaci\u00f3n encontr\u00f3, &#8220;indicios para cuestionar la legalidad, necesidad y proporcionalidad en el uso de la fuerza letal&#8221; puesto que las seis personas que presuntamente habr\u00edan participado en un enfrentamiento con soldados, no dispararon las armas que fueron localizadas cerca de ellas en el lugar de los hechos.<\/p>\n<p>Adem\u00e1s de que se les dispar\u00f3 por la espalda, lo no que <strong>no corresponde con un enfrentamiento<\/strong>.<\/p>\n<p>&#8220;Los elementos militares no acreditaron que el empleo de la fuerza haya sido diferenciado y gradual para evitar da\u00f1os excesivos a las v\u00edctimas, quienes fallecieron a causa de heridas mortales en \u00f3rganos vitales e incluso algunas fueron por la espalda y no se encontraban frente a frente, lo que no corresponde con el supuesto enfrentamiento&#8221;, se\u00f1ala el documento.<\/p>\n<blockquote class=\"twitter-tweet\" data-width=\"550\" data-dnt=\"true\">\n<p lang=\"es\" dir=\"ltr\">Dirigimos <a href=\"https:\/\/twitter.com\/hashtag\/Recomendaci%C3%B3nCNDH?src=hash&amp;ref_src=twsrc%5Etfw\">#Recomendaci\u00f3nCNDH<\/a> a <a href=\"https:\/\/twitter.com\/SEDENAmx?ref_src=twsrc%5Etfw\">@SEDENAmx<\/a>, <a href=\"https:\/\/twitter.com\/FGRMexico?ref_src=twsrc%5Etfw\">@FGRMexico<\/a> y <a href=\"https:\/\/twitter.com\/FGR_EdoMex?ref_src=twsrc%5Etfw\">@FGR_EdoMex<\/a> por violaciones graves a los <a href=\"https:\/\/twitter.com\/hashtag\/DDHH?src=hash&amp;ref_src=twsrc%5Etfw\">#DDHH<\/a> de 6 personas que perdieron la vida a manos de personal militar; as\u00ed como por actuaciones y omisiones de servidores p\u00fablicos de ambas Fiscal\u00edas. \ud83d\udc49 <a href=\"https:\/\/t.co\/5aoIfYM0eC\">https:\/\/t.co\/5aoIfYM0eC<\/a> <a href=\"https:\/\/t.co\/NFgQ73I89x\">pic.twitter.com\/NFgQ73I89x<\/a><\/p>\n<p>&mdash; CNDH en M\u00e9xico (@CNDH) <a href=\"https:\/\/twitter.com\/CNDH\/status\/1163154523797499904?ref_src=twsrc%5Etfw\">August 18, 2019<\/a><\/p><\/blockquote>\n<p><script async src=\"https:\/\/platform.twitter.com\/widgets.js\" charset=\"utf-8\"><\/script><\/p>\n<p>&#8220;Tampoco se realiz\u00f3 uso diferenciado de la fuerza letal, puesto que personal militar refiri\u00f3 disparar sin identificar claramente el objetivo, aumentando el riesgo de herir a terceras personas&#8221;.<\/p>\n<p>La recomendaci\u00f3n tambi\u00e9n la dirige al fiscal general de la Rep\u00fablica, (FGR) Alejandro Gertz Manero, y al fiscal general de Justicia del Estado de M\u00e9xico por <strong>violaciones a la legalidad, seguridad jur\u00eddica y a la procuraci\u00f3n de justicia<\/strong>.<\/p>\n<p>El Ministerio P\u00fablico del Fuero Com\u00fan <strong>omiti\u00f3 ejercer sus funciones de investigar<\/strong>, a pesar de haber acudido al operativo, para evitar el deterioro o contaminaci\u00f3n de los indicios.<\/p>\n<p>El agente del Ministerio P\u00fablico de la Federaci\u00f3n lleg\u00f3 ocho horas despu\u00e9s de ocurridos los hechos, lo que no permiti\u00f3 el adecuado procesamiento del lugar y las evidencias, &#8220;ya que era necesario que interviniera de inmediato personal m\u00e9dico y pericial para asegurar que no se produjeran alteraciones en los cad\u00e1veres y el sitio&#8221;.<\/p>\n<blockquote class=\"twitter-tweet\" data-width=\"550\" data-dnt=\"true\">\n<p lang=\"es\" dir=\"ltr\">La <a href=\"https:\/\/twitter.com\/hashtag\/Recomendaci%C3%B3nCNDH?src=hash&amp;ref_src=twsrc%5Etfw\">#Recomendaci\u00f3nCNDH<\/a> 22VG\/2019 puede consultarse en \ud83d\udc49 <a href=\"https:\/\/t.co\/UZZnBpb0rh\">https:\/\/t.co\/UZZnBpb0rh<\/a><\/p>\n<p>&mdash; CNDH en M\u00e9xico (@CNDH) <a href=\"https:\/\/twitter.com\/CNDH\/status\/1163154566482935808?ref_src=twsrc%5Etfw\">August 18, 2019<\/a><\/p><\/blockquote>\n<p><script async src=\"https:\/\/platform.twitter.com\/widgets.js\" charset=\"utf-8\"><\/script><\/p>\n<p>El representante social de la Federaci\u00f3n no ha agotado todas las l\u00edneas de investigaci\u00f3n de la Averiguaci\u00f3n Previa iniciada para esclarecer la muerte de las v\u00edctimas, y no se ha ordenado la totalidad de las diligencias, ni determinado la responsabilidad correspondiente.<\/p>\n<p>La Fiscal\u00eda Estatal tampoco actu\u00f3 con la diligencia debida en la investigaci\u00f3n referente a la desaparici\u00f3n de las dos mujeres adolescentes, iniciada semanas antes de los hechos. Adem\u00e1s, en la indagatoria realizada por el secuestro de otro de los agraviados, no ha habido avances que permitan esclarecer los hechos, lo que debe ser investigado.<\/p>\n<p><strong>La CNDH solicit\u00f3 la reparaci\u00f3n del da\u00f1o, atenci\u00f3n psicol\u00f3gica a los familiares, compensaci\u00f3n y se les inscriba en el Registro Nacional de V\u00edctimas<\/strong>; colaborar en la Carpeta de Investigaci\u00f3n y Expediente que se inicie por la denuncia y la queja que la CNDH formule ante la Fiscal\u00eda General de la Rep\u00fablica y ante el \u00d3rgano Interno de Control en la Sedena; reforzar la capacitaci\u00f3n que reciben los elementos militares, procurando que su entrenamiento t\u00e1ctico y operativo incluya respeto a los derechos humanos.<\/p>\n<p>Tambi\u00e9n deber\u00e1 reiterar sus instrucciones para que se d\u00e9 <strong>cumplimiento a la Ley Nacional sobre el Uso de la Fuerza y al Manual del Uso de la Fuerza<\/strong>, de aplicaci\u00f3n com\u00fan a las tres fuerzas armadas; girar instrucciones para que el personal militar que participa en actividades de apoyo al mantenimiento del orden y seguridad p\u00fablica, se abstenga de realizar investigaciones por su cuenta; se utilicen c\u00e1maras fotogr\u00e1ficas, videograbaci\u00f3n y grabaci\u00f3n de audio para documentar los incidentes e interacciones con la poblaci\u00f3n civil; capacitar al personal militar en materia de protocolos para la preservaci\u00f3n de indicios y lugar de los hechos del delito e incorporar una copia de la Recomendaci\u00f3n en los expedientes laborales de las personas responsables de los hechos.<\/p>\n<\/div>\n<\/div>\n","protected":false},"excerpt":{"rendered":"<p>La CNDH se\u00f1ala al Ej\u00e9rcito por uso excesivo de la fuerza en 2014<br \/>\nPor Redacci\u00f3n QP<\/p>\n","protected":false},"author":2,"featured_media":35526,"comment_status":"open","ping_status":"open","sticky":false,"template":"","format":"standard","meta":{"_monsterinsights_skip_tracking":false,"_monsterinsights_sitenote_active":false,"_monsterinsights_sitenote_note":"","_monsterinsights_sitenote_category":0,"footnotes":""},"categories":[2],"tags":[],"class_list":["post-35527","post","type-post","status-publish","format-standard","has-post-thumbnail","hentry","category-noticias"],"yoast_head":"<!-- This site is optimized with the Yoast SEO plugin v27.3 - https:\/\/yoast.com\/product\/yoast-seo-wordpress\/ -->\n<title>La CNDH se\u00f1ala al Ej\u00e9rcito por uso excesivo de la fuerza en 2014 -<\/title>\n<meta name=\"robots\" content=\"index, follow, max-snippet:-1, max-image-preview:large, max-video-preview:-1\" \/>\n<link rel=\"canonical\" href=\"https:\/\/quehacerpolitico.mx\/?p=35527\" \/>\n<meta property=\"og:locale\" content=\"es_MX\" \/>\n<meta property=\"og:type\" content=\"article\" \/>\n<meta property=\"og:title\" content=\"La CNDH se\u00f1ala al Ej\u00e9rcito por uso excesivo de la fuerza en 2014 -\" \/>\n<meta property=\"og:description\" content=\"La CNDH se\u00f1ala al Ej\u00e9rcito por uso excesivo de la fuerza en 2014 Por Redacci\u00f3n QP\" \/>\n<meta property=\"og:url\" content=\"https:\/\/quehacerpolitico.mx\/?p=35527\" \/>\n<meta property=\"article:published_time\" content=\"2019-08-18T22:17:03+00:00\" \/>\n<meta name=\"author\" content=\"Redacci\u00f3n QP\" \/>\n<meta name=\"twitter:card\" content=\"summary_large_image\" \/>\n<meta name=\"twitter:label1\" content=\"Escrito por\" \/>\n\t<meta name=\"twitter:data1\" content=\"Redacci\u00f3n QP\" \/>\n\t<meta name=\"twitter:label2\" content=\"Tiempo de lectura\" \/>\n\t<meta name=\"twitter:data2\" content=\"4 minutos\" \/>\n<script type=\"application\/ld+json\" class=\"yoast-schema-graph\">{\"@context\":\"https:\\\/\\\/schema.org\",\"@graph\":[{\"@type\":\"Article\",\"@id\":\"https:\\\/\\\/quehacerpolitico.mx\\\/?p=35527#article\",\"isPartOf\":{\"@id\":\"https:\\\/\\\/quehacerpolitico.mx\\\/?p=35527\"},\"author\":{\"name\":\"Redacci\u00f3n QP\",\"@id\":\"https:\\\/\\\/quehacerpolitico.mx\\\/#\\\/schema\\\/person\\\/496d8ad2d1d3f8036101dca7ee39e585\"},\"headline\":\"La CNDH se\u00f1ala al Ej\u00e9rcito por uso excesivo de la fuerza en 2014\",\"datePublished\":\"2019-08-18T22:17:03+00:00\",\"mainEntityOfPage\":{\"@id\":\"https:\\\/\\\/quehacerpolitico.mx\\\/?p=35527\"},\"wordCount\":869,\"commentCount\":0,\"image\":{\"@id\":\"https:\\\/\\\/quehacerpolitico.mx\\\/?p=35527#primaryimage\"},\"thumbnailUrl\":\"\",\"articleSection\":[\"Noticias\"],\"inLanguage\":\"es\",\"potentialAction\":[{\"@type\":\"CommentAction\",\"name\":\"Comment\",\"target\":[\"https:\\\/\\\/quehacerpolitico.mx\\\/?p=35527#respond\"]}]},{\"@type\":\"WebPage\",\"@id\":\"https:\\\/\\\/quehacerpolitico.mx\\\/?p=35527\",\"url\":\"https:\\\/\\\/quehacerpolitico.mx\\\/?p=35527\",\"name\":\"La CNDH se\u00f1ala al Ej\u00e9rcito por uso excesivo de la fuerza en 2014 -\",\"isPartOf\":{\"@id\":\"https:\\\/\\\/quehacerpolitico.mx\\\/#website\"},\"primaryImageOfPage\":{\"@id\":\"https:\\\/\\\/quehacerpolitico.mx\\\/?p=35527#primaryimage\"},\"image\":{\"@id\":\"https:\\\/\\\/quehacerpolitico.mx\\\/?p=35527#primaryimage\"},\"thumbnailUrl\":\"\",\"datePublished\":\"2019-08-18T22:17:03+00:00\",\"author\":{\"@id\":\"https:\\\/\\\/quehacerpolitico.mx\\\/#\\\/schema\\\/person\\\/496d8ad2d1d3f8036101dca7ee39e585\"},\"breadcrumb\":{\"@id\":\"https:\\\/\\\/quehacerpolitico.mx\\\/?p=35527#breadcrumb\"},\"inLanguage\":\"es\",\"potentialAction\":[{\"@type\":\"ReadAction\",\"target\":[\"https:\\\/\\\/quehacerpolitico.mx\\\/?p=35527\"]}]},{\"@type\":\"ImageObject\",\"inLanguage\":\"es\",\"@id\":\"https:\\\/\\\/quehacerpolitico.mx\\\/?p=35527#primaryimage\",\"url\":\"\",\"contentUrl\":\"\"},{\"@type\":\"BreadcrumbList\",\"@id\":\"https:\\\/\\\/quehacerpolitico.mx\\\/?p=35527#breadcrumb\",\"itemListElement\":[{\"@type\":\"ListItem\",\"position\":1,\"name\":\"Inicio\",\"item\":\"https:\\\/\\\/quehacerpolitico.mx\\\/\"},{\"@type\":\"ListItem\",\"position\":2,\"name\":\"La CNDH se\u00f1ala al Ej\u00e9rcito por uso excesivo de la fuerza en 2014\"}]},{\"@type\":\"WebSite\",\"@id\":\"https:\\\/\\\/quehacerpolitico.mx\\\/#website\",\"url\":\"https:\\\/\\\/quehacerpolitico.mx\\\/\",\"name\":\"\",\"description\":\"\",\"potentialAction\":[{\"@type\":\"SearchAction\",\"target\":{\"@type\":\"EntryPoint\",\"urlTemplate\":\"https:\\\/\\\/quehacerpolitico.mx\\\/?s={search_term_string}\"},\"query-input\":{\"@type\":\"PropertyValueSpecification\",\"valueRequired\":true,\"valueName\":\"search_term_string\"}}],\"inLanguage\":\"es\"},{\"@type\":\"Person\",\"@id\":\"https:\\\/\\\/quehacerpolitico.mx\\\/#\\\/schema\\\/person\\\/496d8ad2d1d3f8036101dca7ee39e585\",\"name\":\"Redacci\u00f3n QP\",\"image\":{\"@type\":\"ImageObject\",\"inLanguage\":\"es\",\"@id\":\"https:\\\/\\\/secure.gravatar.com\\\/avatar\\\/c7164ed6fdec453195284ad24a5ae5b6e1eed2b848477fa2a4787ba9adf39a41?s=96&d=mm&r=g\",\"url\":\"https:\\\/\\\/secure.gravatar.com\\\/avatar\\\/c7164ed6fdec453195284ad24a5ae5b6e1eed2b848477fa2a4787ba9adf39a41?s=96&d=mm&r=g\",\"contentUrl\":\"https:\\\/\\\/secure.gravatar.com\\\/avatar\\\/c7164ed6fdec453195284ad24a5ae5b6e1eed2b848477fa2a4787ba9adf39a41?s=96&d=mm&r=g\",\"caption\":\"Redacci\u00f3n QP\"},\"url\":\"https:\\\/\\\/quehacerpolitico.mx\\\/?author=2\"}]}<\/script>\n<!-- \/ Yoast SEO plugin. -->","yoast_head_json":{"title":"La CNDH se\u00f1ala al Ej\u00e9rcito por uso excesivo de la fuerza en 2014 -","robots":{"index":"index","follow":"follow","max-snippet":"max-snippet:-1","max-image-preview":"max-image-preview:large","max-video-preview":"max-video-preview:-1"},"canonical":"https:\/\/quehacerpolitico.mx\/?p=35527","og_locale":"es_MX","og_type":"article","og_title":"La CNDH se\u00f1ala al Ej\u00e9rcito por uso excesivo de la fuerza en 2014 -","og_description":"La CNDH se\u00f1ala al Ej\u00e9rcito por uso excesivo de la fuerza en 2014 Por Redacci\u00f3n QP","og_url":"https:\/\/quehacerpolitico.mx\/?p=35527","article_published_time":"2019-08-18T22:17:03+00:00","author":"Redacci\u00f3n QP","twitter_card":"summary_large_image","twitter_misc":{"Escrito por":"Redacci\u00f3n QP","Tiempo de lectura":"4 minutos"},"schema":{"@context":"https:\/\/schema.org","@graph":[{"@type":"Article","@id":"https:\/\/quehacerpolitico.mx\/?p=35527#article","isPartOf":{"@id":"https:\/\/quehacerpolitico.mx\/?p=35527"},"author":{"name":"Redacci\u00f3n QP","@id":"https:\/\/quehacerpolitico.mx\/#\/schema\/person\/496d8ad2d1d3f8036101dca7ee39e585"},"headline":"La CNDH se\u00f1ala al Ej\u00e9rcito por uso excesivo de la fuerza en 2014","datePublished":"2019-08-18T22:17:03+00:00","mainEntityOfPage":{"@id":"https:\/\/quehacerpolitico.mx\/?p=35527"},"wordCount":869,"commentCount":0,"image":{"@id":"https:\/\/quehacerpolitico.mx\/?p=35527#primaryimage"},"thumbnailUrl":"","articleSection":["Noticias"],"inLanguage":"es","potentialAction":[{"@type":"CommentAction","name":"Comment","target":["https:\/\/quehacerpolitico.mx\/?p=35527#respond"]}]},{"@type":"WebPage","@id":"https:\/\/quehacerpolitico.mx\/?p=35527","url":"https:\/\/quehacerpolitico.mx\/?p=35527","name":"La CNDH se\u00f1ala al Ej\u00e9rcito por uso excesivo de la fuerza en 2014 -","isPartOf":{"@id":"https:\/\/quehacerpolitico.mx\/#website"},"primaryImageOfPage":{"@id":"https:\/\/quehacerpolitico.mx\/?p=35527#primaryimage"},"image":{"@id":"https:\/\/quehacerpolitico.mx\/?p=35527#primaryimage"},"thumbnailUrl":"","datePublished":"2019-08-18T22:17:03+00:00","author":{"@id":"https:\/\/quehacerpolitico.mx\/#\/schema\/person\/496d8ad2d1d3f8036101dca7ee39e585"},"breadcrumb":{"@id":"https:\/\/quehacerpolitico.mx\/?p=35527#breadcrumb"},"inLanguage":"es","potentialAction":[{"@type":"ReadAction","target":["https:\/\/quehacerpolitico.mx\/?p=35527"]}]},{"@type":"ImageObject","inLanguage":"es","@id":"https:\/\/quehacerpolitico.mx\/?p=35527#primaryimage","url":"","contentUrl":""},{"@type":"BreadcrumbList","@id":"https:\/\/quehacerpolitico.mx\/?p=35527#breadcrumb","itemListElement":[{"@type":"ListItem","position":1,"name":"Inicio","item":"https:\/\/quehacerpolitico.mx\/"},{"@type":"ListItem","position":2,"name":"La CNDH se\u00f1ala al Ej\u00e9rcito por uso excesivo de la fuerza en 2014"}]},{"@type":"WebSite","@id":"https:\/\/quehacerpolitico.mx\/#website","url":"https:\/\/quehacerpolitico.mx\/","name":"","description":"","potentialAction":[{"@type":"SearchAction","target":{"@type":"EntryPoint","urlTemplate":"https:\/\/quehacerpolitico.mx\/?s={search_term_string}"},"query-input":{"@type":"PropertyValueSpecification","valueRequired":true,"valueName":"search_term_string"}}],"inLanguage":"es"},{"@type":"Person","@id":"https:\/\/quehacerpolitico.mx\/#\/schema\/person\/496d8ad2d1d3f8036101dca7ee39e585","name":"Redacci\u00f3n QP","image":{"@type":"ImageObject","inLanguage":"es","@id":"https:\/\/secure.gravatar.com\/avatar\/c7164ed6fdec453195284ad24a5ae5b6e1eed2b848477fa2a4787ba9adf39a41?s=96&d=mm&r=g","url":"https:\/\/secure.gravatar.com\/avatar\/c7164ed6fdec453195284ad24a5ae5b6e1eed2b848477fa2a4787ba9adf39a41?s=96&d=mm&r=g","contentUrl":"https:\/\/secure.gravatar.com\/avatar\/c7164ed6fdec453195284ad24a5ae5b6e1eed2b848477fa2a4787ba9adf39a41?s=96&d=mm&r=g","caption":"Redacci\u00f3n QP"},"url":"https:\/\/quehacerpolitico.mx\/?author=2"}]}},"featured_image_urls":{"full":"","thumbnail":"","medium":"","medium_large":"","large":"","1536x1536":"","2048x2048":"","covernews-featured":"","covernews-medium":""},"author_info":{"display_name":"Redacci\u00f3n QP","author_link":"https:\/\/quehacerpolitico.mx\/?author=2"},"category_info":"<a href=\"https:\/\/quehacerpolitico.mx\/?cat=2\" rel=\"category\">Noticias<\/a>","tag_info":"Noticias","comment_count":"0","_links":{"self":[{"href":"https:\/\/quehacerpolitico.mx\/index.php?rest_route=\/wp\/v2\/posts\/35527","targetHints":{"allow":["GET"]}}],"collection":[{"href":"https:\/\/quehacerpolitico.mx\/index.php?rest_route=\/wp\/v2\/posts"}],"about":[{"href":"https:\/\/quehacerpolitico.mx\/index.php?rest_route=\/wp\/v2\/types\/post"}],"author":[{"embeddable":true,"href":"https:\/\/quehacerpolitico.mx\/index.php?rest_route=\/wp\/v2\/users\/2"}],"replies":[{"embeddable":true,"href":"https:\/\/quehacerpolitico.mx\/index.php?rest_route=%2Fwp%2Fv2%2Fcomments&post=35527"}],"version-history":[{"count":0,"href":"https:\/\/quehacerpolitico.mx\/index.php?rest_route=\/wp\/v2\/posts\/35527\/revisions"}],"wp:featuredmedia":[{"embeddable":true,"href":"https:\/\/quehacerpolitico.mx\/index.php?rest_route=\/"}],"wp:attachment":[{"href":"https:\/\/quehacerpolitico.mx\/index.php?rest_route=%2Fwp%2Fv2%2Fmedia&parent=35527"}],"wp:term":[{"taxonomy":"category","embeddable":true,"href":"https:\/\/quehacerpolitico.mx\/index.php?rest_route=%2Fwp%2Fv2%2Fcategories&post=35527"},{"taxonomy":"post_tag","embeddable":true,"href":"https:\/\/quehacerpolitico.mx\/index.php?rest_route=%2Fwp%2Fv2%2Ftags&post=35527"}],"curies":[{"name":"wp","href":"https:\/\/api.w.org\/{rel}","templated":true}]}}