{"id":35515,"date":"2019-08-18T21:03:37","date_gmt":"2019-08-18T21:03:37","guid":{"rendered":"http:\/\/quehacerpolitico.mx\/brenda-narra-a-traves-de-su-cuenta-de-twitter-como-se-salvo-de-ser-secuestrada-por-un-conductor-de-uber\/"},"modified":"2019-08-18T21:03:37","modified_gmt":"2019-08-18T21:03:37","slug":"brenda-narra-a-traves-de-su-cuenta-de-twitter-como-se-salvo-de-ser-secuestrada-por-un-conductor-de-uber","status":"publish","type":"post","link":"https:\/\/quehacerpolitico.mx\/?p=35515","title":{"rendered":"Brenda narra a trav\u00e9s de su cuenta de twitter como se salv\u00f3 de ser secuestrada por un conductor de Uber"},"content":{"rendered":"<p>Brenda narra a trav\u00e9s de su cuenta de twitter como se salv\u00f3 de ser secuestrada por un conductor de Uber<\/p>\n<p>Por Redacci\u00f3n QP<\/p>\n<p>A trav\u00e9s de su cuenta de Twitter, Brenda narr\u00f3 su mala experiencia y el modus operandi del chofer, que de no percatarse de que intentaba secuestrarla hubiera seguido en el auto<\/p>\n<p>Una joven pidi\u00f3 un viaje a trav\u00e9s de su cuenta de <strong>Uber<\/strong> con direcci\u00f3n a <strong>Polanco<\/strong>, sin embargo, su conductor cambi\u00f3 el destino y se dirigi\u00f3 hac\u00eda <strong>Ecatepec<\/strong> para despu\u00e9s amenazarla con un arma, momentos m\u00e1s tarde la mujer se arroj\u00f3 del veh\u00edculo en movimiento.<\/p>\n<p>A trav\u00e9s de su cuenta de <strong>Twitter<\/strong>, Brenda narr\u00f3 su mala experiencia y el modus operandi del chofer, que de no percatarse de que intentaba secuestrarla hubiera seguido en el auto.<\/p>\n<p>La joven solicit\u00f3 su Uber cuando se encontraba en la Central de Autobuses del Norte (<strong>TAPO<\/strong>) en la <strong>Ciudad de M\u00e9xico<\/strong> rumbo a la calle de <strong>Mazaryk<\/strong>, cabe destacar que mand\u00f3 su trayecto a sus conocidos, y pese a que las placas coincid\u00edan con lo que aparec\u00eda en la App, el conductor cambi\u00f3 la ruta y se dirigi\u00f3 a Ecatepec.<\/p>\n<p>\u201cEl conductor desde que me vio sab\u00eda perfectamente lo que iba a hacer. Tuve la suerte de escapar, hoy tal vez ser\u00eda una m\u00e1s entre las cientos de mujeres que est\u00e1n matando porque pueden y nadie hace nada\u201d, se\u00f1al\u00f3 Brenda.<\/p>\n<blockquote class=\"twitter-tweet\" data-width=\"550\" data-dnt=\"true\">\n<p lang=\"es\" dir=\"ltr\">Esta es la informaci\u00f3n del <a href=\"https:\/\/twitter.com\/Uber_MEX?ref_src=twsrc%5Etfw\">@Uber_MEX<\/a> <a href=\"https:\/\/twitter.com\/Ecatepec?ref_src=twsrc%5Etfw\">@Ecatepec<\/a> <a href=\"https:\/\/twitter.com\/Claudiashein?ref_src=twsrc%5Etfw\">@Claudiashein<\/a> que me secuestro, asalt\u00f3 y quiso matar.! <a href=\"https:\/\/twitter.com\/hashtag\/NiUnaMas?src=hash&amp;ref_src=twsrc%5Etfw\">#NiUnaMas<\/a> <a href=\"https:\/\/t.co\/68gcQ47JdQ\">pic.twitter.com\/68gcQ47JdQ<\/a><\/p>\n<p>&mdash; Brenda De la Mora (@bren_dlm) <a href=\"https:\/\/twitter.com\/bren_dlm\/status\/1162861518951763968?ref_src=twsrc%5Etfw\">August 17, 2019<\/a><\/p><\/blockquote>\n<p><script async src=\"https:\/\/platform.twitter.com\/widgets.js\" charset=\"utf-8\"><\/script><\/p>\n<p>Era la madrugada y no ten\u00eda mucho de haber abordado el veh\u00edculo cuando la joven fue amenazada por el chofer con una pistola.<\/p>\n<p>El hombre le quit\u00f3 su celular y lo avent\u00f3 por una ventana para dejarla incomunicada, ella se abalanz\u00f3 al volante y tom\u00f3 el control del veh\u00edculo por un momento, en ese instante se\u00f1ala que pens\u00f3 en provocar un accidente, sin embargo, logr\u00f3 desbloquear la puerta del auto y sali\u00f3 disparada contra el piso.<\/p>\n<p>\u201cporque prefer\u00ed morir prensada en un accidente que qui\u00e9n sabe d\u00f3nde y c\u00f3mo\u201d.<\/p>\n<blockquote class=\"twitter-tweet\" data-width=\"550\" data-dnt=\"true\">\n<p lang=\"es\" dir=\"ltr\">Ayer ped\u00ed un <a href=\"https:\/\/twitter.com\/Uber_MEX?ref_src=twsrc%5Etfw\">@Uber_MEX<\/a> de la central del norte hacia masaryk. El conductor me secuestro, me amenazo con un arma y logre aventarme del coche cuando ya \u00edbamos en carretera en <a href=\"https:\/\/twitter.com\/Ecatepec?ref_src=twsrc%5Etfw\">@Ecatepec<\/a> <a href=\"https:\/\/twitter.com\/Alerta_Ecatepec?ref_src=twsrc%5Etfw\">@Alerta_Ecatepec<\/a> <a href=\"https:\/\/twitter.com\/DSPyTEcatepec?ref_src=twsrc%5Etfw\">@DSPyTEcatepec<\/a> se llevo mi bolsa y mi maleta. <a href=\"https:\/\/twitter.com\/hashtag\/NiUnaMas?src=hash&amp;ref_src=twsrc%5Etfw\">#NiUnaMas<\/a> voy a subir un video.1\/9<\/p>\n<p>&mdash; Brenda De la Mora (@bren_dlm) <a href=\"https:\/\/twitter.com\/bren_dlm\/status\/1162852771017777153?ref_src=twsrc%5Etfw\">August 17, 2019<\/a><\/p><\/blockquote>\n<p><script async src=\"https:\/\/platform.twitter.com\/widgets.js\" charset=\"utf-8\"><\/script><\/p>\n<p>Brenda termin\u00f3 en medio de una carretera en el Estado de M\u00e9xico, un carro se detuvo para ayudarla, pero este presunto secuestrador tiene en su poder todas sus pertenencias, como tarjetas bancarias e identificaciones, por lo que la joven teme por su integridad.<\/p>\n<p>\u201cEs lo peor que me ha pasado en la vida, porque pens\u00e9 que me iba a matar. Cuando logr\u00e9 salir del coche corr\u00ed y gritaba por ayuda y no hab\u00eda ni coches, ni casa, ni luz y el wey se echaba de reversa para alcanzarme, hasta que apareci\u00f3 un carro que finalmente se par\u00f3 a ayudarme\u201d.<\/p>\n<p>Hasta el momento Uber no se ha pronunciado al respecto y se desconoce si Brenda proceder\u00e1 con una denuncia en contra de su agresor.<\/p>\n<p>\u201cHoy estoy viva gracias a Dios y a mis ganas de luchar y no morir a manos de un pendejo sin moral, educaci\u00f3n ni escr\u00fapulos. Pero consiente estoy de que no es la suerte de muchas mujeres en M\u00e9xico\u201d<\/p>\n<blockquote class=\"twitter-tweet\" data-width=\"550\" data-dnt=\"true\">\n<p lang=\"es\" dir=\"ltr\">Es lo peor que me ha pasado en la vida, porque pens\u00e9 que me iba a matar. Cuando logre salir del coche corr\u00ed y gritaba por ayuda y no hab\u00eda ni coches, ni casa, ni luz y el wey se echaba de reversa para alcanzarme, hasta que apareci\u00f3 un carro que finalmente se par\u00f3 a ayudarme.<\/p>\n<p>&mdash; Brenda De la Mora (@bren_dlm) <a href=\"https:\/\/twitter.com\/bren_dlm\/status\/1162852776566829058?ref_src=twsrc%5Etfw\">August 17, 2019<\/a><\/p><\/blockquote>\n<p><script async src=\"https:\/\/platform.twitter.com\/widgets.js\" charset=\"utf-8\"><\/script><\/p>\n<blockquote class=\"twitter-tweet\" data-width=\"550\" data-dnt=\"true\">\n<p lang=\"es\" dir=\"ltr\">Todo paso en 30minutos. Tome todas las precauciones como compartir el viaje, aseg\u00farame que coincidiera el veh\u00edculo, placas y conductor con el de la imagen y no fue suficiente. <a href=\"https:\/\/twitter.com\/Uber_MEX?ref_src=twsrc%5Etfw\">@Uber_MEX<\/a><\/p>\n<p>&mdash; Brenda De la Mora (@bren_dlm) <a href=\"https:\/\/twitter.com\/bren_dlm\/status\/1162852781302136833?ref_src=twsrc%5Etfw\">August 17, 2019<\/a><\/p><\/blockquote>\n<p><script async src=\"https:\/\/platform.twitter.com\/widgets.js\" charset=\"utf-8\"><\/script><\/p>\n<blockquote class=\"twitter-tweet\" data-width=\"550\" data-dnt=\"true\">\n<p lang=\"es\" dir=\"ltr\">Hoy estoy viva gracias a Dios y a mis ganas de luchar y no morir a manos de un pendejo sin moral, educacion ni escr\u00fapulos. Pero consiente estoy de que no es la suerte de muchas mujeres en <a href=\"https:\/\/twitter.com\/hashtag\/M%C3%A9xico?src=hash&amp;ref_src=twsrc%5Etfw\">#M\u00e9xico<\/a><\/p>\n<p>&mdash; Brenda De la Mora (@bren_dlm) <a href=\"https:\/\/twitter.com\/bren_dlm\/status\/1162852785324482560?ref_src=twsrc%5Etfw\">August 17, 2019<\/a><\/p><\/blockquote>\n<p><script async src=\"https:\/\/platform.twitter.com\/widgets.js\" charset=\"utf-8\"><\/script><\/p>\n<blockquote class=\"twitter-tweet\" data-width=\"550\" data-dnt=\"true\">\n<p lang=\"es\" dir=\"ltr\">Les pido dar <a href=\"https:\/\/twitter.com\/hashtag\/Rt?src=hash&amp;ref_src=twsrc%5Etfw\">#Rt<\/a> <a href=\"https:\/\/twitter.com\/hashtag\/NiUnaMas?src=hash&amp;ref_src=twsrc%5Etfw\">#NiUnaMas<\/a> <a href=\"https:\/\/twitter.com\/hashtag\/NiUnaMenos?src=hash&amp;ref_src=twsrc%5Etfw\">#NiUnaMenos<\/a>  esta CABRON lo r\u00e1pido y sencillo en que pueden matar a una persona en este pa\u00eds. El conductor sabiendo que se tiene registros de sus generales, actu\u00f3 vali\u00e9ndole madre porque seguramente no es la primera ves y sabe que no hay castigo.<\/p>\n<p>&mdash; Brenda De la Mora (@bren_dlm) <a href=\"https:\/\/twitter.com\/bren_dlm\/status\/1162852789397184512?ref_src=twsrc%5Etfw\">August 17, 2019<\/a><\/p><\/blockquote>\n<p><script async src=\"https:\/\/platform.twitter.com\/widgets.js\" charset=\"utf-8\"><\/script><\/p>\n","protected":false},"excerpt":{"rendered":"<p>Brenda narra a trav\u00e9s de su cuenta de twitter como se salv\u00f3 de ser secuestrada por un conductor de Uber<br \/>\nPor Redacci\u00f3n QP<\/p>\n","protected":false},"author":2,"featured_media":35514,"comment_status":"open","ping_status":"open","sticky":false,"template":"","format":"standard","meta":{"_monsterinsights_skip_tracking":false,"_monsterinsights_sitenote_active":false,"_monsterinsights_sitenote_note":"","_monsterinsights_sitenote_category":0,"footnotes":""},"categories":[55],"tags":[],"class_list":["post-35515","post","type-post","status-publish","format-standard","has-post-thumbnail","hentry","category-cdmx"],"yoast_head":"<!-- This site is optimized with the Yoast SEO plugin v27.3 - https:\/\/yoast.com\/product\/yoast-seo-wordpress\/ -->\n<title>Brenda narra a trav\u00e9s de su cuenta de twitter como se salv\u00f3 de ser secuestrada por un conductor de Uber -<\/title>\n<meta name=\"robots\" content=\"index, follow, max-snippet:-1, max-image-preview:large, max-video-preview:-1\" \/>\n<link rel=\"canonical\" href=\"https:\/\/quehacerpolitico.mx\/?p=35515\" \/>\n<meta property=\"og:locale\" content=\"es_MX\" \/>\n<meta property=\"og:type\" content=\"article\" \/>\n<meta property=\"og:title\" content=\"Brenda narra a trav\u00e9s de su cuenta de twitter como se salv\u00f3 de ser secuestrada por un conductor de Uber -\" \/>\n<meta property=\"og:description\" content=\"Brenda narra a trav\u00e9s de su cuenta de twitter como se salv\u00f3 de ser secuestrada por un conductor de Uber Por Redacci\u00f3n QP\" \/>\n<meta property=\"og:url\" content=\"https:\/\/quehacerpolitico.mx\/?p=35515\" \/>\n<meta property=\"article:published_time\" content=\"2019-08-18T21:03:37+00:00\" \/>\n<meta name=\"author\" content=\"Redacci\u00f3n QP\" \/>\n<meta name=\"twitter:card\" content=\"summary_large_image\" \/>\n<meta name=\"twitter:label1\" content=\"Escrito por\" \/>\n\t<meta name=\"twitter:data1\" content=\"Redacci\u00f3n QP\" \/>\n\t<meta name=\"twitter:label2\" content=\"Tiempo de lectura\" \/>\n\t<meta name=\"twitter:data2\" content=\"3 minutos\" \/>\n<script type=\"application\/ld+json\" class=\"yoast-schema-graph\">{\"@context\":\"https:\\\/\\\/schema.org\",\"@graph\":[{\"@type\":\"Article\",\"@id\":\"https:\\\/\\\/quehacerpolitico.mx\\\/?p=35515#article\",\"isPartOf\":{\"@id\":\"https:\\\/\\\/quehacerpolitico.mx\\\/?p=35515\"},\"author\":{\"name\":\"Redacci\u00f3n QP\",\"@id\":\"https:\\\/\\\/quehacerpolitico.mx\\\/#\\\/schema\\\/person\\\/496d8ad2d1d3f8036101dca7ee39e585\"},\"headline\":\"Brenda narra a trav\u00e9s de su cuenta de twitter como se salv\u00f3 de ser secuestrada por un conductor de Uber\",\"datePublished\":\"2019-08-18T21:03:37+00:00\",\"mainEntityOfPage\":{\"@id\":\"https:\\\/\\\/quehacerpolitico.mx\\\/?p=35515\"},\"wordCount\":574,\"commentCount\":0,\"image\":{\"@id\":\"https:\\\/\\\/quehacerpolitico.mx\\\/?p=35515#primaryimage\"},\"thumbnailUrl\":\"\",\"articleSection\":[\"CDMX\"],\"inLanguage\":\"es\",\"potentialAction\":[{\"@type\":\"CommentAction\",\"name\":\"Comment\",\"target\":[\"https:\\\/\\\/quehacerpolitico.mx\\\/?p=35515#respond\"]}]},{\"@type\":\"WebPage\",\"@id\":\"https:\\\/\\\/quehacerpolitico.mx\\\/?p=35515\",\"url\":\"https:\\\/\\\/quehacerpolitico.mx\\\/?p=35515\",\"name\":\"Brenda narra a trav\u00e9s de su cuenta de twitter como se salv\u00f3 de ser secuestrada por un conductor de Uber -\",\"isPartOf\":{\"@id\":\"https:\\\/\\\/quehacerpolitico.mx\\\/#website\"},\"primaryImageOfPage\":{\"@id\":\"https:\\\/\\\/quehacerpolitico.mx\\\/?p=35515#primaryimage\"},\"image\":{\"@id\":\"https:\\\/\\\/quehacerpolitico.mx\\\/?p=35515#primaryimage\"},\"thumbnailUrl\":\"\",\"datePublished\":\"2019-08-18T21:03:37+00:00\",\"author\":{\"@id\":\"https:\\\/\\\/quehacerpolitico.mx\\\/#\\\/schema\\\/person\\\/496d8ad2d1d3f8036101dca7ee39e585\"},\"breadcrumb\":{\"@id\":\"https:\\\/\\\/quehacerpolitico.mx\\\/?p=35515#breadcrumb\"},\"inLanguage\":\"es\",\"potentialAction\":[{\"@type\":\"ReadAction\",\"target\":[\"https:\\\/\\\/quehacerpolitico.mx\\\/?p=35515\"]}]},{\"@type\":\"ImageObject\",\"inLanguage\":\"es\",\"@id\":\"https:\\\/\\\/quehacerpolitico.mx\\\/?p=35515#primaryimage\",\"url\":\"\",\"contentUrl\":\"\"},{\"@type\":\"BreadcrumbList\",\"@id\":\"https:\\\/\\\/quehacerpolitico.mx\\\/?p=35515#breadcrumb\",\"itemListElement\":[{\"@type\":\"ListItem\",\"position\":1,\"name\":\"Inicio\",\"item\":\"https:\\\/\\\/quehacerpolitico.mx\\\/\"},{\"@type\":\"ListItem\",\"position\":2,\"name\":\"Brenda narra a trav\u00e9s de su cuenta de twitter como se salv\u00f3 de ser secuestrada por un conductor de Uber\"}]},{\"@type\":\"WebSite\",\"@id\":\"https:\\\/\\\/quehacerpolitico.mx\\\/#website\",\"url\":\"https:\\\/\\\/quehacerpolitico.mx\\\/\",\"name\":\"\",\"description\":\"\",\"potentialAction\":[{\"@type\":\"SearchAction\",\"target\":{\"@type\":\"EntryPoint\",\"urlTemplate\":\"https:\\\/\\\/quehacerpolitico.mx\\\/?s={search_term_string}\"},\"query-input\":{\"@type\":\"PropertyValueSpecification\",\"valueRequired\":true,\"valueName\":\"search_term_string\"}}],\"inLanguage\":\"es\"},{\"@type\":\"Person\",\"@id\":\"https:\\\/\\\/quehacerpolitico.mx\\\/#\\\/schema\\\/person\\\/496d8ad2d1d3f8036101dca7ee39e585\",\"name\":\"Redacci\u00f3n QP\",\"image\":{\"@type\":\"ImageObject\",\"inLanguage\":\"es\",\"@id\":\"https:\\\/\\\/secure.gravatar.com\\\/avatar\\\/c7164ed6fdec453195284ad24a5ae5b6e1eed2b848477fa2a4787ba9adf39a41?s=96&d=mm&r=g\",\"url\":\"https:\\\/\\\/secure.gravatar.com\\\/avatar\\\/c7164ed6fdec453195284ad24a5ae5b6e1eed2b848477fa2a4787ba9adf39a41?s=96&d=mm&r=g\",\"contentUrl\":\"https:\\\/\\\/secure.gravatar.com\\\/avatar\\\/c7164ed6fdec453195284ad24a5ae5b6e1eed2b848477fa2a4787ba9adf39a41?s=96&d=mm&r=g\",\"caption\":\"Redacci\u00f3n QP\"},\"url\":\"https:\\\/\\\/quehacerpolitico.mx\\\/?author=2\"}]}<\/script>\n<!-- \/ Yoast SEO plugin. -->","yoast_head_json":{"title":"Brenda narra a trav\u00e9s de su cuenta de twitter como se salv\u00f3 de ser secuestrada por un conductor de Uber -","robots":{"index":"index","follow":"follow","max-snippet":"max-snippet:-1","max-image-preview":"max-image-preview:large","max-video-preview":"max-video-preview:-1"},"canonical":"https:\/\/quehacerpolitico.mx\/?p=35515","og_locale":"es_MX","og_type":"article","og_title":"Brenda narra a trav\u00e9s de su cuenta de twitter como se salv\u00f3 de ser secuestrada por un conductor de Uber -","og_description":"Brenda narra a trav\u00e9s de su cuenta de twitter como se salv\u00f3 de ser secuestrada por un conductor de Uber Por Redacci\u00f3n QP","og_url":"https:\/\/quehacerpolitico.mx\/?p=35515","article_published_time":"2019-08-18T21:03:37+00:00","author":"Redacci\u00f3n QP","twitter_card":"summary_large_image","twitter_misc":{"Escrito por":"Redacci\u00f3n QP","Tiempo de lectura":"3 minutos"},"schema":{"@context":"https:\/\/schema.org","@graph":[{"@type":"Article","@id":"https:\/\/quehacerpolitico.mx\/?p=35515#article","isPartOf":{"@id":"https:\/\/quehacerpolitico.mx\/?p=35515"},"author":{"name":"Redacci\u00f3n QP","@id":"https:\/\/quehacerpolitico.mx\/#\/schema\/person\/496d8ad2d1d3f8036101dca7ee39e585"},"headline":"Brenda narra a trav\u00e9s de su cuenta de twitter como se salv\u00f3 de ser secuestrada por un conductor de Uber","datePublished":"2019-08-18T21:03:37+00:00","mainEntityOfPage":{"@id":"https:\/\/quehacerpolitico.mx\/?p=35515"},"wordCount":574,"commentCount":0,"image":{"@id":"https:\/\/quehacerpolitico.mx\/?p=35515#primaryimage"},"thumbnailUrl":"","articleSection":["CDMX"],"inLanguage":"es","potentialAction":[{"@type":"CommentAction","name":"Comment","target":["https:\/\/quehacerpolitico.mx\/?p=35515#respond"]}]},{"@type":"WebPage","@id":"https:\/\/quehacerpolitico.mx\/?p=35515","url":"https:\/\/quehacerpolitico.mx\/?p=35515","name":"Brenda narra a trav\u00e9s de su cuenta de twitter como se salv\u00f3 de ser secuestrada por un conductor de Uber -","isPartOf":{"@id":"https:\/\/quehacerpolitico.mx\/#website"},"primaryImageOfPage":{"@id":"https:\/\/quehacerpolitico.mx\/?p=35515#primaryimage"},"image":{"@id":"https:\/\/quehacerpolitico.mx\/?p=35515#primaryimage"},"thumbnailUrl":"","datePublished":"2019-08-18T21:03:37+00:00","author":{"@id":"https:\/\/quehacerpolitico.mx\/#\/schema\/person\/496d8ad2d1d3f8036101dca7ee39e585"},"breadcrumb":{"@id":"https:\/\/quehacerpolitico.mx\/?p=35515#breadcrumb"},"inLanguage":"es","potentialAction":[{"@type":"ReadAction","target":["https:\/\/quehacerpolitico.mx\/?p=35515"]}]},{"@type":"ImageObject","inLanguage":"es","@id":"https:\/\/quehacerpolitico.mx\/?p=35515#primaryimage","url":"","contentUrl":""},{"@type":"BreadcrumbList","@id":"https:\/\/quehacerpolitico.mx\/?p=35515#breadcrumb","itemListElement":[{"@type":"ListItem","position":1,"name":"Inicio","item":"https:\/\/quehacerpolitico.mx\/"},{"@type":"ListItem","position":2,"name":"Brenda narra a trav\u00e9s de su cuenta de twitter como se salv\u00f3 de ser secuestrada por un conductor de Uber"}]},{"@type":"WebSite","@id":"https:\/\/quehacerpolitico.mx\/#website","url":"https:\/\/quehacerpolitico.mx\/","name":"","description":"","potentialAction":[{"@type":"SearchAction","target":{"@type":"EntryPoint","urlTemplate":"https:\/\/quehacerpolitico.mx\/?s={search_term_string}"},"query-input":{"@type":"PropertyValueSpecification","valueRequired":true,"valueName":"search_term_string"}}],"inLanguage":"es"},{"@type":"Person","@id":"https:\/\/quehacerpolitico.mx\/#\/schema\/person\/496d8ad2d1d3f8036101dca7ee39e585","name":"Redacci\u00f3n QP","image":{"@type":"ImageObject","inLanguage":"es","@id":"https:\/\/secure.gravatar.com\/avatar\/c7164ed6fdec453195284ad24a5ae5b6e1eed2b848477fa2a4787ba9adf39a41?s=96&d=mm&r=g","url":"https:\/\/secure.gravatar.com\/avatar\/c7164ed6fdec453195284ad24a5ae5b6e1eed2b848477fa2a4787ba9adf39a41?s=96&d=mm&r=g","contentUrl":"https:\/\/secure.gravatar.com\/avatar\/c7164ed6fdec453195284ad24a5ae5b6e1eed2b848477fa2a4787ba9adf39a41?s=96&d=mm&r=g","caption":"Redacci\u00f3n QP"},"url":"https:\/\/quehacerpolitico.mx\/?author=2"}]}},"featured_image_urls":{"full":"","thumbnail":"","medium":"","medium_large":"","large":"","1536x1536":"","2048x2048":"","covernews-featured":"","covernews-medium":""},"author_info":{"display_name":"Redacci\u00f3n QP","author_link":"https:\/\/quehacerpolitico.mx\/?author=2"},"category_info":"<a href=\"https:\/\/quehacerpolitico.mx\/?cat=55\" rel=\"category\">CDMX<\/a>","tag_info":"CDMX","comment_count":"0","_links":{"self":[{"href":"https:\/\/quehacerpolitico.mx\/index.php?rest_route=\/wp\/v2\/posts\/35515","targetHints":{"allow":["GET"]}}],"collection":[{"href":"https:\/\/quehacerpolitico.mx\/index.php?rest_route=\/wp\/v2\/posts"}],"about":[{"href":"https:\/\/quehacerpolitico.mx\/index.php?rest_route=\/wp\/v2\/types\/post"}],"author":[{"embeddable":true,"href":"https:\/\/quehacerpolitico.mx\/index.php?rest_route=\/wp\/v2\/users\/2"}],"replies":[{"embeddable":true,"href":"https:\/\/quehacerpolitico.mx\/index.php?rest_route=%2Fwp%2Fv2%2Fcomments&post=35515"}],"version-history":[{"count":0,"href":"https:\/\/quehacerpolitico.mx\/index.php?rest_route=\/wp\/v2\/posts\/35515\/revisions"}],"wp:featuredmedia":[{"embeddable":true,"href":"https:\/\/quehacerpolitico.mx\/index.php?rest_route=\/"}],"wp:attachment":[{"href":"https:\/\/quehacerpolitico.mx\/index.php?rest_route=%2Fwp%2Fv2%2Fmedia&parent=35515"}],"wp:term":[{"taxonomy":"category","embeddable":true,"href":"https:\/\/quehacerpolitico.mx\/index.php?rest_route=%2Fwp%2Fv2%2Fcategories&post=35515"},{"taxonomy":"post_tag","embeddable":true,"href":"https:\/\/quehacerpolitico.mx\/index.php?rest_route=%2Fwp%2Fv2%2Ftags&post=35515"}],"curies":[{"name":"wp","href":"https:\/\/api.w.org\/{rel}","templated":true}]}}