{"id":35503,"date":"2019-08-18T19:56:45","date_gmt":"2019-08-18T19:56:45","guid":{"rendered":"http:\/\/quehacerpolitico.mx\/se-investiga-a-grupos-de-choque-en-manifestacion-de-mujeres-jesus-orta\/"},"modified":"2019-08-18T19:56:45","modified_gmt":"2019-08-18T19:56:45","slug":"se-investiga-a-grupos-de-choque-en-manifestacion-de-mujeres-jesus-orta","status":"publish","type":"post","link":"https:\/\/quehacerpolitico.mx\/?p=35503","title":{"rendered":"Se investiga a grupos de choque en manifestaci\u00f3n de mujeres: Jes\u00fas Orta"},"content":{"rendered":"<p>Se investiga a grupos de choque en manifestaci\u00f3n de mujeres: Jes\u00fas Orta<\/p>\n<p>Por Redacci\u00f3n QP<\/p>\n<p>\u201cSe est\u00e1 dando seguimiento a eso, es un tema, es una de las l\u00edneas de seguimiento tanto por lo que toca a la agresi\u00f3n al compa\u00f1ero periodista como en general&#8221;, dijo<\/p>\n<p>El secretario de Seguridad Ciudadana (SSC) de la Ciudad de M\u00e9xico,<strong> Jes\u00fas Orta Mart\u00ednez<\/strong>, inform\u00f3 que se investiga la participaci\u00f3n de grupos de choque infiltrados en la manifestaci\u00f3n de mujeres del pasado viernes, que propagaron violencia y agredieron a periodistas como<strong>Juan Manuel Jim\u00e9nez.<\/strong><\/p>\n<p>\u201cSe est\u00e1 dando seguimiento a eso, es un tema, es una de las l\u00edneas de seguimiento tanto por lo que toca a la agresi\u00f3n al compa\u00f1ero periodista como en general\u201d, dijo en entrevista al t\u00e9rmino de la reuni\u00f3n del gabinete de <strong>Seguridad y Procuraci\u00f3n de Justicia.<\/strong><\/p>\n<p>Agreg\u00f3 que se indaga si quienes realizaron disturbios y da\u00f1os a propiedades tienen alg\u00fan v\u00ednculo con alguna organizaci\u00f3n. \u201cTodav\u00eda no hay conclusiones, pero es algo que se est\u00e1 analizando\u201d, apunt\u00f3.<\/p>\n<p>En la entrevista, refrend\u00f3 que se investiga tanto al agresor como a quien dar\u00eda la orden. \u201cSi, as\u00ed es parte de los objetivos como muchos otros que se han identificados en distintos momentos del evento\u201d, manifest\u00f3.<\/p>\n<p>Sin embargo, dijo que hasta el momento desconoce que se haya detenido a alguno de los responsables de esta agresi\u00f3n.<\/p>\n<p>Jes\u00fas Orta inform\u00f3 que el s\u00e1bado la <strong>SSC<\/strong>recopil\u00f3 de informaci\u00f3n de las c\u00e1maras del <strong>C-5:<\/strong> \u201cestamos coadyuvando en esa investigaci\u00f3n con la Procuradur\u00eda, entonces tenemos varios elementos, ah\u00ed esta la l\u00ednea investigaci\u00f3n y no vamos a parar hasta que se logre el objetivo\u201d.<\/p>\n<p>Asimismo, inform\u00f3 que integrantes de colectivos feministas se prev\u00e9 que participen como instructoras de los polic\u00edas de la Secretar\u00eda de Seguridad Ciudadana para mejorar su sensibilidad y su capacidad en el manejo hacia la mujer.<\/p>\n<blockquote class=\"twitter-tweet\" data-width=\"550\" data-dnt=\"true\">\n<p lang=\"es\" dir=\"ltr\">\ud83d\udd34 Por marcha <a href=\"https:\/\/twitter.com\/hashtag\/NoMeCiudanMeViolan?src=hash&amp;ref_src=twsrc%5Etfw\">#NoMeCiudanMeViolan<\/a>, el titular de la <a href=\"https:\/\/twitter.com\/ssp_cdmx?ref_src=twsrc%5Etfw\">@SSP_CDMX<\/a>, Jes\u00fas Orta, dijo que la polic\u00eda no fue rebasada en protestas y que hay saldo blanco. <a href=\"https:\/\/twitter.com\/hashtag\/TelediarioEnEl6?src=hash&amp;ref_src=twsrc%5Etfw\">#TelediarioEnEl6<\/a> | \ud83d\udc47 <a href=\"https:\/\/t.co\/VqUPqVgacF\">https:\/\/t.co\/VqUPqVgacF<\/a> <a href=\"https:\/\/t.co\/g5D3t32keu\">pic.twitter.com\/g5D3t32keu<\/a><\/p>\n<p>&mdash; @telediario (@telediario) <a href=\"https:\/\/twitter.com\/telediario\/status\/1163101134552125440?ref_src=twsrc%5Etfw\">August 18, 2019<\/a><\/p><\/blockquote>\n<p><script async src=\"https:\/\/platform.twitter.com\/widgets.js\" charset=\"utf-8\"><\/script><\/p>\n<p>\u201cLo vamos a estar viendo esta semana con acciones que ya hemos venido trabajando desde el inicio y en otras que se han venido dando derivado de las peticiones que tiene la causa\u201d, explic\u00f3.<\/p>\n<p>Orta detall\u00f3 que una meta es que la polic\u00eda garantice que sus elementos hagan un tratamiento adecuado a situaciones de violencia contra las mujeres, tanto al estar en servicio como de descanso.<\/p>\n<p>Con Informaci\u00f3n de NTX\u00a0<\/p>\n","protected":false},"excerpt":{"rendered":"<p>Se investiga a grupos de choque en manifestaci\u00f3n de mujeres: Jes\u00fas Orta<br \/>\nPor Redacci\u00f3n QP<\/p>\n","protected":false},"author":2,"featured_media":35502,"comment_status":"open","ping_status":"open","sticky":false,"template":"","format":"standard","meta":{"_monsterinsights_skip_tracking":false,"_monsterinsights_sitenote_active":false,"_monsterinsights_sitenote_note":"","_monsterinsights_sitenote_category":0,"footnotes":""},"categories":[55],"tags":[],"class_list":["post-35503","post","type-post","status-publish","format-standard","has-post-thumbnail","hentry","category-cdmx"],"yoast_head":"<!-- This site is optimized with the Yoast SEO plugin v27.3 - https:\/\/yoast.com\/product\/yoast-seo-wordpress\/ -->\n<title>Se investiga a grupos de choque en manifestaci\u00f3n de mujeres: Jes\u00fas Orta -<\/title>\n<meta name=\"robots\" content=\"index, follow, max-snippet:-1, max-image-preview:large, max-video-preview:-1\" \/>\n<link rel=\"canonical\" href=\"https:\/\/quehacerpolitico.mx\/?p=35503\" \/>\n<meta property=\"og:locale\" content=\"es_MX\" \/>\n<meta property=\"og:type\" content=\"article\" \/>\n<meta property=\"og:title\" content=\"Se investiga a grupos de choque en manifestaci\u00f3n de mujeres: Jes\u00fas Orta -\" \/>\n<meta property=\"og:description\" content=\"Se investiga a grupos de choque en manifestaci\u00f3n de mujeres: Jes\u00fas Orta Por Redacci\u00f3n QP\" \/>\n<meta property=\"og:url\" content=\"https:\/\/quehacerpolitico.mx\/?p=35503\" \/>\n<meta property=\"article:published_time\" content=\"2019-08-18T19:56:45+00:00\" \/>\n<meta name=\"author\" content=\"Redacci\u00f3n QP\" \/>\n<meta name=\"twitter:card\" content=\"summary_large_image\" \/>\n<meta name=\"twitter:label1\" content=\"Escrito por\" \/>\n\t<meta name=\"twitter:data1\" content=\"Redacci\u00f3n QP\" \/>\n\t<meta name=\"twitter:label2\" content=\"Tiempo de lectura\" \/>\n\t<meta name=\"twitter:data2\" content=\"2 minutos\" \/>\n<script type=\"application\/ld+json\" class=\"yoast-schema-graph\">{\"@context\":\"https:\\\/\\\/schema.org\",\"@graph\":[{\"@type\":\"Article\",\"@id\":\"https:\\\/\\\/quehacerpolitico.mx\\\/?p=35503#article\",\"isPartOf\":{\"@id\":\"https:\\\/\\\/quehacerpolitico.mx\\\/?p=35503\"},\"author\":{\"name\":\"Redacci\u00f3n QP\",\"@id\":\"https:\\\/\\\/quehacerpolitico.mx\\\/#\\\/schema\\\/person\\\/496d8ad2d1d3f8036101dca7ee39e585\"},\"headline\":\"Se investiga a grupos de choque en manifestaci\u00f3n de mujeres: Jes\u00fas Orta\",\"datePublished\":\"2019-08-18T19:56:45+00:00\",\"mainEntityOfPage\":{\"@id\":\"https:\\\/\\\/quehacerpolitico.mx\\\/?p=35503\"},\"wordCount\":426,\"commentCount\":0,\"image\":{\"@id\":\"https:\\\/\\\/quehacerpolitico.mx\\\/?p=35503#primaryimage\"},\"thumbnailUrl\":\"\",\"articleSection\":[\"CDMX\"],\"inLanguage\":\"es\",\"potentialAction\":[{\"@type\":\"CommentAction\",\"name\":\"Comment\",\"target\":[\"https:\\\/\\\/quehacerpolitico.mx\\\/?p=35503#respond\"]}]},{\"@type\":\"WebPage\",\"@id\":\"https:\\\/\\\/quehacerpolitico.mx\\\/?p=35503\",\"url\":\"https:\\\/\\\/quehacerpolitico.mx\\\/?p=35503\",\"name\":\"Se investiga a grupos de choque en manifestaci\u00f3n de mujeres: Jes\u00fas Orta -\",\"isPartOf\":{\"@id\":\"https:\\\/\\\/quehacerpolitico.mx\\\/#website\"},\"primaryImageOfPage\":{\"@id\":\"https:\\\/\\\/quehacerpolitico.mx\\\/?p=35503#primaryimage\"},\"image\":{\"@id\":\"https:\\\/\\\/quehacerpolitico.mx\\\/?p=35503#primaryimage\"},\"thumbnailUrl\":\"\",\"datePublished\":\"2019-08-18T19:56:45+00:00\",\"author\":{\"@id\":\"https:\\\/\\\/quehacerpolitico.mx\\\/#\\\/schema\\\/person\\\/496d8ad2d1d3f8036101dca7ee39e585\"},\"breadcrumb\":{\"@id\":\"https:\\\/\\\/quehacerpolitico.mx\\\/?p=35503#breadcrumb\"},\"inLanguage\":\"es\",\"potentialAction\":[{\"@type\":\"ReadAction\",\"target\":[\"https:\\\/\\\/quehacerpolitico.mx\\\/?p=35503\"]}]},{\"@type\":\"ImageObject\",\"inLanguage\":\"es\",\"@id\":\"https:\\\/\\\/quehacerpolitico.mx\\\/?p=35503#primaryimage\",\"url\":\"\",\"contentUrl\":\"\"},{\"@type\":\"BreadcrumbList\",\"@id\":\"https:\\\/\\\/quehacerpolitico.mx\\\/?p=35503#breadcrumb\",\"itemListElement\":[{\"@type\":\"ListItem\",\"position\":1,\"name\":\"Inicio\",\"item\":\"https:\\\/\\\/quehacerpolitico.mx\\\/\"},{\"@type\":\"ListItem\",\"position\":2,\"name\":\"Se investiga a grupos de choque en manifestaci\u00f3n de mujeres: Jes\u00fas Orta\"}]},{\"@type\":\"WebSite\",\"@id\":\"https:\\\/\\\/quehacerpolitico.mx\\\/#website\",\"url\":\"https:\\\/\\\/quehacerpolitico.mx\\\/\",\"name\":\"\",\"description\":\"\",\"potentialAction\":[{\"@type\":\"SearchAction\",\"target\":{\"@type\":\"EntryPoint\",\"urlTemplate\":\"https:\\\/\\\/quehacerpolitico.mx\\\/?s={search_term_string}\"},\"query-input\":{\"@type\":\"PropertyValueSpecification\",\"valueRequired\":true,\"valueName\":\"search_term_string\"}}],\"inLanguage\":\"es\"},{\"@type\":\"Person\",\"@id\":\"https:\\\/\\\/quehacerpolitico.mx\\\/#\\\/schema\\\/person\\\/496d8ad2d1d3f8036101dca7ee39e585\",\"name\":\"Redacci\u00f3n QP\",\"image\":{\"@type\":\"ImageObject\",\"inLanguage\":\"es\",\"@id\":\"https:\\\/\\\/secure.gravatar.com\\\/avatar\\\/c7164ed6fdec453195284ad24a5ae5b6e1eed2b848477fa2a4787ba9adf39a41?s=96&d=mm&r=g\",\"url\":\"https:\\\/\\\/secure.gravatar.com\\\/avatar\\\/c7164ed6fdec453195284ad24a5ae5b6e1eed2b848477fa2a4787ba9adf39a41?s=96&d=mm&r=g\",\"contentUrl\":\"https:\\\/\\\/secure.gravatar.com\\\/avatar\\\/c7164ed6fdec453195284ad24a5ae5b6e1eed2b848477fa2a4787ba9adf39a41?s=96&d=mm&r=g\",\"caption\":\"Redacci\u00f3n QP\"},\"url\":\"https:\\\/\\\/quehacerpolitico.mx\\\/?author=2\"}]}<\/script>\n<!-- \/ Yoast SEO plugin. -->","yoast_head_json":{"title":"Se investiga a grupos de choque en manifestaci\u00f3n de mujeres: Jes\u00fas Orta -","robots":{"index":"index","follow":"follow","max-snippet":"max-snippet:-1","max-image-preview":"max-image-preview:large","max-video-preview":"max-video-preview:-1"},"canonical":"https:\/\/quehacerpolitico.mx\/?p=35503","og_locale":"es_MX","og_type":"article","og_title":"Se investiga a grupos de choque en manifestaci\u00f3n de mujeres: Jes\u00fas Orta -","og_description":"Se investiga a grupos de choque en manifestaci\u00f3n de mujeres: Jes\u00fas Orta Por Redacci\u00f3n QP","og_url":"https:\/\/quehacerpolitico.mx\/?p=35503","article_published_time":"2019-08-18T19:56:45+00:00","author":"Redacci\u00f3n QP","twitter_card":"summary_large_image","twitter_misc":{"Escrito por":"Redacci\u00f3n QP","Tiempo de lectura":"2 minutos"},"schema":{"@context":"https:\/\/schema.org","@graph":[{"@type":"Article","@id":"https:\/\/quehacerpolitico.mx\/?p=35503#article","isPartOf":{"@id":"https:\/\/quehacerpolitico.mx\/?p=35503"},"author":{"name":"Redacci\u00f3n QP","@id":"https:\/\/quehacerpolitico.mx\/#\/schema\/person\/496d8ad2d1d3f8036101dca7ee39e585"},"headline":"Se investiga a grupos de choque en manifestaci\u00f3n de mujeres: Jes\u00fas Orta","datePublished":"2019-08-18T19:56:45+00:00","mainEntityOfPage":{"@id":"https:\/\/quehacerpolitico.mx\/?p=35503"},"wordCount":426,"commentCount":0,"image":{"@id":"https:\/\/quehacerpolitico.mx\/?p=35503#primaryimage"},"thumbnailUrl":"","articleSection":["CDMX"],"inLanguage":"es","potentialAction":[{"@type":"CommentAction","name":"Comment","target":["https:\/\/quehacerpolitico.mx\/?p=35503#respond"]}]},{"@type":"WebPage","@id":"https:\/\/quehacerpolitico.mx\/?p=35503","url":"https:\/\/quehacerpolitico.mx\/?p=35503","name":"Se investiga a grupos de choque en manifestaci\u00f3n de mujeres: Jes\u00fas Orta -","isPartOf":{"@id":"https:\/\/quehacerpolitico.mx\/#website"},"primaryImageOfPage":{"@id":"https:\/\/quehacerpolitico.mx\/?p=35503#primaryimage"},"image":{"@id":"https:\/\/quehacerpolitico.mx\/?p=35503#primaryimage"},"thumbnailUrl":"","datePublished":"2019-08-18T19:56:45+00:00","author":{"@id":"https:\/\/quehacerpolitico.mx\/#\/schema\/person\/496d8ad2d1d3f8036101dca7ee39e585"},"breadcrumb":{"@id":"https:\/\/quehacerpolitico.mx\/?p=35503#breadcrumb"},"inLanguage":"es","potentialAction":[{"@type":"ReadAction","target":["https:\/\/quehacerpolitico.mx\/?p=35503"]}]},{"@type":"ImageObject","inLanguage":"es","@id":"https:\/\/quehacerpolitico.mx\/?p=35503#primaryimage","url":"","contentUrl":""},{"@type":"BreadcrumbList","@id":"https:\/\/quehacerpolitico.mx\/?p=35503#breadcrumb","itemListElement":[{"@type":"ListItem","position":1,"name":"Inicio","item":"https:\/\/quehacerpolitico.mx\/"},{"@type":"ListItem","position":2,"name":"Se investiga a grupos de choque en manifestaci\u00f3n de mujeres: Jes\u00fas Orta"}]},{"@type":"WebSite","@id":"https:\/\/quehacerpolitico.mx\/#website","url":"https:\/\/quehacerpolitico.mx\/","name":"","description":"","potentialAction":[{"@type":"SearchAction","target":{"@type":"EntryPoint","urlTemplate":"https:\/\/quehacerpolitico.mx\/?s={search_term_string}"},"query-input":{"@type":"PropertyValueSpecification","valueRequired":true,"valueName":"search_term_string"}}],"inLanguage":"es"},{"@type":"Person","@id":"https:\/\/quehacerpolitico.mx\/#\/schema\/person\/496d8ad2d1d3f8036101dca7ee39e585","name":"Redacci\u00f3n QP","image":{"@type":"ImageObject","inLanguage":"es","@id":"https:\/\/secure.gravatar.com\/avatar\/c7164ed6fdec453195284ad24a5ae5b6e1eed2b848477fa2a4787ba9adf39a41?s=96&d=mm&r=g","url":"https:\/\/secure.gravatar.com\/avatar\/c7164ed6fdec453195284ad24a5ae5b6e1eed2b848477fa2a4787ba9adf39a41?s=96&d=mm&r=g","contentUrl":"https:\/\/secure.gravatar.com\/avatar\/c7164ed6fdec453195284ad24a5ae5b6e1eed2b848477fa2a4787ba9adf39a41?s=96&d=mm&r=g","caption":"Redacci\u00f3n QP"},"url":"https:\/\/quehacerpolitico.mx\/?author=2"}]}},"featured_image_urls":{"full":"","thumbnail":"","medium":"","medium_large":"","large":"","1536x1536":"","2048x2048":"","covernews-featured":"","covernews-medium":""},"author_info":{"display_name":"Redacci\u00f3n QP","author_link":"https:\/\/quehacerpolitico.mx\/?author=2"},"category_info":"<a href=\"https:\/\/quehacerpolitico.mx\/?cat=55\" rel=\"category\">CDMX<\/a>","tag_info":"CDMX","comment_count":"0","_links":{"self":[{"href":"https:\/\/quehacerpolitico.mx\/index.php?rest_route=\/wp\/v2\/posts\/35503","targetHints":{"allow":["GET"]}}],"collection":[{"href":"https:\/\/quehacerpolitico.mx\/index.php?rest_route=\/wp\/v2\/posts"}],"about":[{"href":"https:\/\/quehacerpolitico.mx\/index.php?rest_route=\/wp\/v2\/types\/post"}],"author":[{"embeddable":true,"href":"https:\/\/quehacerpolitico.mx\/index.php?rest_route=\/wp\/v2\/users\/2"}],"replies":[{"embeddable":true,"href":"https:\/\/quehacerpolitico.mx\/index.php?rest_route=%2Fwp%2Fv2%2Fcomments&post=35503"}],"version-history":[{"count":0,"href":"https:\/\/quehacerpolitico.mx\/index.php?rest_route=\/wp\/v2\/posts\/35503\/revisions"}],"wp:featuredmedia":[{"embeddable":true,"href":"https:\/\/quehacerpolitico.mx\/index.php?rest_route=\/"}],"wp:attachment":[{"href":"https:\/\/quehacerpolitico.mx\/index.php?rest_route=%2Fwp%2Fv2%2Fmedia&parent=35503"}],"wp:term":[{"taxonomy":"category","embeddable":true,"href":"https:\/\/quehacerpolitico.mx\/index.php?rest_route=%2Fwp%2Fv2%2Fcategories&post=35503"},{"taxonomy":"post_tag","embeddable":true,"href":"https:\/\/quehacerpolitico.mx\/index.php?rest_route=%2Fwp%2Fv2%2Ftags&post=35503"}],"curies":[{"name":"wp","href":"https:\/\/api.w.org\/{rel}","templated":true}]}}