{"id":35485,"date":"2019-08-18T18:15:18","date_gmt":"2019-08-18T18:15:18","guid":{"rendered":"http:\/\/quehacerpolitico.mx\/alcaldias-con-feria-animalista-alcaldia-cuauhtemoc-busca-garantizar-los-derechos-de-los-animales\/"},"modified":"2019-08-18T18:15:18","modified_gmt":"2019-08-18T18:15:18","slug":"alcaldias-con-feria-animalista-alcaldia-cuauhtemoc-busca-garantizar-los-derechos-de-los-animales","status":"publish","type":"post","link":"https:\/\/quehacerpolitico.mx\/?p=35485","title":{"rendered":"Alcald\u00edas\/\/\/Con Feria Animalista, Alcald\u00eda Cuauht\u00e9moc busca garantizar los derechos de los animales"},"content":{"rendered":"<p><span class=\"s9\"><span class=\"bumpedFont15\">Con<\/span><\/span><span class=\"s9\"><span class=\"bumpedFont15\"> Feria Animalista<\/span><\/span><span class=\"s9\"><span class=\"bumpedFont15\">, Alcald\u00eda Cuauht\u00e9moc <\/span><\/span><span class=\"s9\"><span class=\"bumpedFont15\">busca garantizar <\/span><\/span><span class=\"s9\"><span class=\"bumpedFont15\">los derechos de los animales<\/span><\/span><\/p>\n<p>Por Redacci\u00f3n QP<\/p>\n<div class=\"s12\"><span class=\"s10\">\u2022 <\/span><span class=\"s11\"><span class=\"bumpedFont15\">Es una iniciativa que busca hacer conciencia sobre el cuidado de<\/span><\/span> <span class=\"s11\"><span class=\"bumpedFont15\">las<\/span><\/span><span class=\"s11\"><span class=\"bumpedFont15\"> mascotas. <\/span><\/span><\/div>\n<div class=\"s12\"><span class=\"s10\">\u2022 <\/span><span class=\"s11\"><span class=\"bumpedFont15\">La Alcald\u00eda Cuauht\u00e9moc<\/span><\/span><span class=\"s11\"><span class=\"bumpedFont15\">, <\/span><\/span><span class=\"s11\"><span class=\"bumpedFont15\">por Ley, debe <\/span><\/span><span class=\"s11\"><span class=\"bumpedFont15\">destinar el 0.1% del p<\/span><\/span><span class=\"s11\"><span class=\"bumpedFont15\">resupuesto<\/span><\/span><span class=\"s11\"><span class=\"bumpedFont15\"> en <\/span><\/span><span class=\"s11\"><span class=\"bumpedFont15\">vacunas y esterilizaci\u00f3n d<\/span><\/span><span class=\"s11\"><span class=\"bumpedFont15\">e<\/span><\/span><span class=\"s11\"><span class=\"bumpedFont15\">animales<\/span><\/span><span class=\"s11\"><span class=\"bumpedFont15\">. <\/span><\/span><\/div>\n<p class=\"s6\"><span class=\"s11\"><span class=\"bumpedFont15\">Con el prop\u00f3sito de promover la cultura, protecci\u00f3n, atenci\u00f3n y trato digno hacia los animales, as\u00ed como garantizar sus derechos y mejorar sus condiciones de vida, este fin se semana se llev\u00f3 a cabo la tercera Feria Animalista en la Alameda de Santa Mar\u00eda la Ribera, la cual fue inaugurada por el alcalde de Cuauht\u00e9moc, N\u00e9stor N\u00fa\u00f1ez L\u00f3pez. <\/span><\/span><\/p>\n<p class=\"s6\"><span class=\"s11\"><span class=\"bumpedFont15\">\u201cPor Ley, la Alcald\u00eda Cuauht\u00e9moc tiene que invertir el 0.1% de su presupuesto para el tema de vacunaci\u00f3n y esterilizaci\u00f3n de los animales, es por ello que estamos llevando a cabo este tipo d<\/span><\/span><span class=\"s11\"><span class=\"bumpedFont15\">e eventos que reconocen los derechos de los animales<\/span><\/span><a name=\"_GoBack\"><\/a><span class=\"s11\"><span class=\"bumpedFont15\">, ahora en el norte de la demarcaci\u00f3n\u201d, coment\u00f3.<\/span><\/span><\/p>\n<p class=\"s6\"><span class=\"s11\"><span class=\"bumpedFont15\">Adem\u00e1s, reiter\u00f3 el compromiso de la jefa de Gobierno, Claudia Sheinbaum<\/span><\/span><span class=\"s11\"><span class=\"bumpedFont15\">, <\/span><\/span><span class=\"s11\"><span class=\"bumpedFont15\">en el tema de protecci\u00f3n animal<\/span><\/span><span class=\"s11\"><span class=\"bumpedFont15\"> y agradeci\u00f3 el apoyo<\/span><\/span> <span class=\"s11\"><span class=\"bumpedFont15\">de asociaciones como <\/span><\/span><span class=\"s11\"><span class=\"bumpedFont15\">la Agencia de Atenci\u00f3n Animal<\/span><\/span><span class=\"s11\"><span class=\"bumpedFont15\"> (AGATAN<\/span><\/span><span class=\"s11\"><span class=\"bumpedFont15\">) y <\/span><\/span><span class=\"s11\"><span class=\"bumpedFont15\">de la <\/span><\/span><span class=\"s11\"><span class=\"bumpedFont15\">Procuradur\u00eda Ambiental y del Ordenamiento Territorial (<\/span><\/span><span class=\"s11\"><span class=\"bumpedFont15\">PAOT).<\/span><\/span><\/p>\n<p>https:\/\/www.facebook.com\/AlcCuauhtemocMx\/videos\/2423333604576825\/<\/p>\n<p class=\"s6\"><span class=\"s11\"><span class=\"bumpedFont15\">En esta feria se ofrecieron servicios gratuitos para mascotas, como esterilizaci\u00f3n, vacunaci\u00f3n antirr\u00e1bica, est\u00e9tica canina, valoraci\u00f3n m\u00e9dica<\/span><\/span><span class=\"s11\"><span class=\"bumpedFont15\">, <\/span><\/span><span class=\"s11\"><span class=\"bumpedFont15\">talleres<\/span><\/span><span class=\"s11\"><span class=\"bumpedFont15\">, pasarela de adopci\u00f3n<\/span><\/span><span class=\"s11\"><span class=\"bumpedFont15\">, venta de accesorios <\/span><\/span><span class=\"s11\"><span class=\"bumpedFont15\">y <\/span><\/span><span class=\"s11\"><span class=\"bumpedFont15\">comida<\/span><\/span><span class=\"s11\"><span class=\"bumpedFont15\">.<\/span><\/span><\/p>\n<p class=\"s6\"><span class=\"s11\"><span class=\"bumpedFont15\">C<\/span><\/span><span class=\"s11\"><span class=\"bumpedFont15\">on estas acciones se busca generar una cultura de sensibilizaci\u00f3n en los vecinos de la demarcaci\u00f3n, que fomente el respeto y trato digno a los \u00a0animales de compa\u00f1\u00eda.<\/span><\/span><\/p>\n<p class=\"s6\"><span class=\"s11\"><span class=\"bumpedFont15\">Por su parte, <\/span><\/span><span class=\"s11\"><span class=\"bumpedFont15\">Carlos Fernando Esquivel Lacroix, director de AGATAN coment\u00f3 que se est\u00e1 trabajando en pol\u00edticas p\u00fablicas en favor de las mascotas, as\u00ed como en reducir la matanza y abandono de animales. Adem\u00e1s, invit\u00f3 a los vecinos a registrar a sus mascotas en el Registro \u00danico de Animales de Compa\u00f1\u00eda (RUAC), con el objetivo de otorgar una credencial <\/span><\/span><span class=\"s11\"><span class=\"bumpedFont15\">que contribuya a m\u00faltiples beneficios como<\/span><\/span><span class=\"s11\"><span class=\"bumpedFont15\">asesor\u00eda legal, <\/span><\/span><span class=\"s11\"><span class=\"bumpedFont15\">descuentos en cl\u00ednicas<\/span><\/span><span class=\"s11\"><span class=\"bumpedFont15\"> y hospitales<\/span><\/span><span class=\"s11\"><span class=\"bumpedFont15\">veterinari<\/span><\/span><span class=\"s11\"><span class=\"bumpedFont15\">o<\/span><\/span><span class=\"s11\"><span class=\"bumpedFont15\">s<\/span><\/span><span class=\"s11\"><span class=\"bumpedFont15\">,<\/span><\/span><span class=\"s11\"><span class=\"bumpedFont15\"> tiendas de accesorios para mascotas<\/span><\/span><span class=\"s11\"><span class=\"bumpedFont15\">, entre otros.<\/span><\/span><\/p>\n","protected":false},"excerpt":{"rendered":"<p>Con Feria Animalista, Alcald\u00eda Cuauht\u00e9moc busca garantizar los derechos de los animales<br \/>\nPor Redacci\u00f3n QP<\/p>\n","protected":false},"author":2,"featured_media":35484,"comment_status":"open","ping_status":"open","sticky":false,"template":"","format":"standard","meta":{"_monsterinsights_skip_tracking":false,"_monsterinsights_sitenote_active":false,"_monsterinsights_sitenote_note":"","_monsterinsights_sitenote_category":0,"footnotes":""},"categories":[55],"tags":[],"class_list":["post-35485","post","type-post","status-publish","format-standard","has-post-thumbnail","hentry","category-cdmx"],"yoast_head":"<!-- This site is optimized with the Yoast SEO plugin v27.3 - https:\/\/yoast.com\/product\/yoast-seo-wordpress\/ -->\n<title>Alcald\u00edas\/\/\/Con Feria Animalista, Alcald\u00eda Cuauht\u00e9moc busca garantizar los derechos de los animales -<\/title>\n<meta name=\"robots\" content=\"index, follow, max-snippet:-1, max-image-preview:large, max-video-preview:-1\" \/>\n<link rel=\"canonical\" href=\"https:\/\/quehacerpolitico.mx\/?p=35485\" \/>\n<meta property=\"og:locale\" content=\"es_MX\" \/>\n<meta property=\"og:type\" content=\"article\" \/>\n<meta property=\"og:title\" content=\"Alcald\u00edas\/\/\/Con Feria Animalista, Alcald\u00eda Cuauht\u00e9moc busca garantizar los derechos de los animales -\" \/>\n<meta property=\"og:description\" content=\"Con Feria Animalista, Alcald\u00eda Cuauht\u00e9moc busca garantizar los derechos de los animales Por Redacci\u00f3n QP\" \/>\n<meta property=\"og:url\" content=\"https:\/\/quehacerpolitico.mx\/?p=35485\" \/>\n<meta property=\"article:published_time\" content=\"2019-08-18T18:15:18+00:00\" \/>\n<meta name=\"author\" content=\"Redacci\u00f3n QP\" \/>\n<meta name=\"twitter:card\" content=\"summary_large_image\" \/>\n<meta name=\"twitter:label1\" content=\"Escrito por\" \/>\n\t<meta name=\"twitter:data1\" content=\"Redacci\u00f3n QP\" \/>\n\t<meta name=\"twitter:label2\" content=\"Tiempo de lectura\" \/>\n\t<meta name=\"twitter:data2\" content=\"2 minutos\" \/>\n<script type=\"application\/ld+json\" class=\"yoast-schema-graph\">{\"@context\":\"https:\\\/\\\/schema.org\",\"@graph\":[{\"@type\":\"Article\",\"@id\":\"https:\\\/\\\/quehacerpolitico.mx\\\/?p=35485#article\",\"isPartOf\":{\"@id\":\"https:\\\/\\\/quehacerpolitico.mx\\\/?p=35485\"},\"author\":{\"name\":\"Redacci\u00f3n QP\",\"@id\":\"https:\\\/\\\/quehacerpolitico.mx\\\/#\\\/schema\\\/person\\\/496d8ad2d1d3f8036101dca7ee39e585\"},\"headline\":\"Alcald\u00edas\\\/\\\/\\\/Con Feria Animalista, Alcald\u00eda Cuauht\u00e9moc busca garantizar los derechos de los animales\",\"datePublished\":\"2019-08-18T18:15:18+00:00\",\"mainEntityOfPage\":{\"@id\":\"https:\\\/\\\/quehacerpolitico.mx\\\/?p=35485\"},\"wordCount\":393,\"commentCount\":0,\"image\":{\"@id\":\"https:\\\/\\\/quehacerpolitico.mx\\\/?p=35485#primaryimage\"},\"thumbnailUrl\":\"\",\"articleSection\":[\"CDMX\"],\"inLanguage\":\"es\",\"potentialAction\":[{\"@type\":\"CommentAction\",\"name\":\"Comment\",\"target\":[\"https:\\\/\\\/quehacerpolitico.mx\\\/?p=35485#respond\"]}]},{\"@type\":\"WebPage\",\"@id\":\"https:\\\/\\\/quehacerpolitico.mx\\\/?p=35485\",\"url\":\"https:\\\/\\\/quehacerpolitico.mx\\\/?p=35485\",\"name\":\"Alcald\u00edas\\\/\\\/\\\/Con Feria Animalista, Alcald\u00eda Cuauht\u00e9moc busca garantizar los derechos de los animales -\",\"isPartOf\":{\"@id\":\"https:\\\/\\\/quehacerpolitico.mx\\\/#website\"},\"primaryImageOfPage\":{\"@id\":\"https:\\\/\\\/quehacerpolitico.mx\\\/?p=35485#primaryimage\"},\"image\":{\"@id\":\"https:\\\/\\\/quehacerpolitico.mx\\\/?p=35485#primaryimage\"},\"thumbnailUrl\":\"\",\"datePublished\":\"2019-08-18T18:15:18+00:00\",\"author\":{\"@id\":\"https:\\\/\\\/quehacerpolitico.mx\\\/#\\\/schema\\\/person\\\/496d8ad2d1d3f8036101dca7ee39e585\"},\"breadcrumb\":{\"@id\":\"https:\\\/\\\/quehacerpolitico.mx\\\/?p=35485#breadcrumb\"},\"inLanguage\":\"es\",\"potentialAction\":[{\"@type\":\"ReadAction\",\"target\":[\"https:\\\/\\\/quehacerpolitico.mx\\\/?p=35485\"]}]},{\"@type\":\"ImageObject\",\"inLanguage\":\"es\",\"@id\":\"https:\\\/\\\/quehacerpolitico.mx\\\/?p=35485#primaryimage\",\"url\":\"\",\"contentUrl\":\"\"},{\"@type\":\"BreadcrumbList\",\"@id\":\"https:\\\/\\\/quehacerpolitico.mx\\\/?p=35485#breadcrumb\",\"itemListElement\":[{\"@type\":\"ListItem\",\"position\":1,\"name\":\"Inicio\",\"item\":\"https:\\\/\\\/quehacerpolitico.mx\\\/\"},{\"@type\":\"ListItem\",\"position\":2,\"name\":\"Alcald\u00edas\\\/\\\/\\\/Con Feria Animalista, Alcald\u00eda Cuauht\u00e9moc busca garantizar los derechos de los animales\"}]},{\"@type\":\"WebSite\",\"@id\":\"https:\\\/\\\/quehacerpolitico.mx\\\/#website\",\"url\":\"https:\\\/\\\/quehacerpolitico.mx\\\/\",\"name\":\"\",\"description\":\"\",\"potentialAction\":[{\"@type\":\"SearchAction\",\"target\":{\"@type\":\"EntryPoint\",\"urlTemplate\":\"https:\\\/\\\/quehacerpolitico.mx\\\/?s={search_term_string}\"},\"query-input\":{\"@type\":\"PropertyValueSpecification\",\"valueRequired\":true,\"valueName\":\"search_term_string\"}}],\"inLanguage\":\"es\"},{\"@type\":\"Person\",\"@id\":\"https:\\\/\\\/quehacerpolitico.mx\\\/#\\\/schema\\\/person\\\/496d8ad2d1d3f8036101dca7ee39e585\",\"name\":\"Redacci\u00f3n QP\",\"image\":{\"@type\":\"ImageObject\",\"inLanguage\":\"es\",\"@id\":\"https:\\\/\\\/secure.gravatar.com\\\/avatar\\\/c7164ed6fdec453195284ad24a5ae5b6e1eed2b848477fa2a4787ba9adf39a41?s=96&d=mm&r=g\",\"url\":\"https:\\\/\\\/secure.gravatar.com\\\/avatar\\\/c7164ed6fdec453195284ad24a5ae5b6e1eed2b848477fa2a4787ba9adf39a41?s=96&d=mm&r=g\",\"contentUrl\":\"https:\\\/\\\/secure.gravatar.com\\\/avatar\\\/c7164ed6fdec453195284ad24a5ae5b6e1eed2b848477fa2a4787ba9adf39a41?s=96&d=mm&r=g\",\"caption\":\"Redacci\u00f3n QP\"},\"url\":\"https:\\\/\\\/quehacerpolitico.mx\\\/?author=2\"}]}<\/script>\n<!-- \/ Yoast SEO plugin. -->","yoast_head_json":{"title":"Alcald\u00edas\/\/\/Con Feria Animalista, Alcald\u00eda Cuauht\u00e9moc busca garantizar los derechos de los animales -","robots":{"index":"index","follow":"follow","max-snippet":"max-snippet:-1","max-image-preview":"max-image-preview:large","max-video-preview":"max-video-preview:-1"},"canonical":"https:\/\/quehacerpolitico.mx\/?p=35485","og_locale":"es_MX","og_type":"article","og_title":"Alcald\u00edas\/\/\/Con Feria Animalista, Alcald\u00eda Cuauht\u00e9moc busca garantizar los derechos de los animales -","og_description":"Con Feria Animalista, Alcald\u00eda Cuauht\u00e9moc busca garantizar los derechos de los animales Por Redacci\u00f3n QP","og_url":"https:\/\/quehacerpolitico.mx\/?p=35485","article_published_time":"2019-08-18T18:15:18+00:00","author":"Redacci\u00f3n QP","twitter_card":"summary_large_image","twitter_misc":{"Escrito por":"Redacci\u00f3n QP","Tiempo de lectura":"2 minutos"},"schema":{"@context":"https:\/\/schema.org","@graph":[{"@type":"Article","@id":"https:\/\/quehacerpolitico.mx\/?p=35485#article","isPartOf":{"@id":"https:\/\/quehacerpolitico.mx\/?p=35485"},"author":{"name":"Redacci\u00f3n QP","@id":"https:\/\/quehacerpolitico.mx\/#\/schema\/person\/496d8ad2d1d3f8036101dca7ee39e585"},"headline":"Alcald\u00edas\/\/\/Con Feria Animalista, Alcald\u00eda Cuauht\u00e9moc busca garantizar los derechos de los animales","datePublished":"2019-08-18T18:15:18+00:00","mainEntityOfPage":{"@id":"https:\/\/quehacerpolitico.mx\/?p=35485"},"wordCount":393,"commentCount":0,"image":{"@id":"https:\/\/quehacerpolitico.mx\/?p=35485#primaryimage"},"thumbnailUrl":"","articleSection":["CDMX"],"inLanguage":"es","potentialAction":[{"@type":"CommentAction","name":"Comment","target":["https:\/\/quehacerpolitico.mx\/?p=35485#respond"]}]},{"@type":"WebPage","@id":"https:\/\/quehacerpolitico.mx\/?p=35485","url":"https:\/\/quehacerpolitico.mx\/?p=35485","name":"Alcald\u00edas\/\/\/Con Feria Animalista, Alcald\u00eda Cuauht\u00e9moc busca garantizar los derechos de los animales -","isPartOf":{"@id":"https:\/\/quehacerpolitico.mx\/#website"},"primaryImageOfPage":{"@id":"https:\/\/quehacerpolitico.mx\/?p=35485#primaryimage"},"image":{"@id":"https:\/\/quehacerpolitico.mx\/?p=35485#primaryimage"},"thumbnailUrl":"","datePublished":"2019-08-18T18:15:18+00:00","author":{"@id":"https:\/\/quehacerpolitico.mx\/#\/schema\/person\/496d8ad2d1d3f8036101dca7ee39e585"},"breadcrumb":{"@id":"https:\/\/quehacerpolitico.mx\/?p=35485#breadcrumb"},"inLanguage":"es","potentialAction":[{"@type":"ReadAction","target":["https:\/\/quehacerpolitico.mx\/?p=35485"]}]},{"@type":"ImageObject","inLanguage":"es","@id":"https:\/\/quehacerpolitico.mx\/?p=35485#primaryimage","url":"","contentUrl":""},{"@type":"BreadcrumbList","@id":"https:\/\/quehacerpolitico.mx\/?p=35485#breadcrumb","itemListElement":[{"@type":"ListItem","position":1,"name":"Inicio","item":"https:\/\/quehacerpolitico.mx\/"},{"@type":"ListItem","position":2,"name":"Alcald\u00edas\/\/\/Con Feria Animalista, Alcald\u00eda Cuauht\u00e9moc busca garantizar los derechos de los animales"}]},{"@type":"WebSite","@id":"https:\/\/quehacerpolitico.mx\/#website","url":"https:\/\/quehacerpolitico.mx\/","name":"","description":"","potentialAction":[{"@type":"SearchAction","target":{"@type":"EntryPoint","urlTemplate":"https:\/\/quehacerpolitico.mx\/?s={search_term_string}"},"query-input":{"@type":"PropertyValueSpecification","valueRequired":true,"valueName":"search_term_string"}}],"inLanguage":"es"},{"@type":"Person","@id":"https:\/\/quehacerpolitico.mx\/#\/schema\/person\/496d8ad2d1d3f8036101dca7ee39e585","name":"Redacci\u00f3n QP","image":{"@type":"ImageObject","inLanguage":"es","@id":"https:\/\/secure.gravatar.com\/avatar\/c7164ed6fdec453195284ad24a5ae5b6e1eed2b848477fa2a4787ba9adf39a41?s=96&d=mm&r=g","url":"https:\/\/secure.gravatar.com\/avatar\/c7164ed6fdec453195284ad24a5ae5b6e1eed2b848477fa2a4787ba9adf39a41?s=96&d=mm&r=g","contentUrl":"https:\/\/secure.gravatar.com\/avatar\/c7164ed6fdec453195284ad24a5ae5b6e1eed2b848477fa2a4787ba9adf39a41?s=96&d=mm&r=g","caption":"Redacci\u00f3n QP"},"url":"https:\/\/quehacerpolitico.mx\/?author=2"}]}},"featured_image_urls":{"full":"","thumbnail":"","medium":"","medium_large":"","large":"","1536x1536":"","2048x2048":"","covernews-featured":"","covernews-medium":""},"author_info":{"display_name":"Redacci\u00f3n QP","author_link":"https:\/\/quehacerpolitico.mx\/?author=2"},"category_info":"<a href=\"https:\/\/quehacerpolitico.mx\/?cat=55\" rel=\"category\">CDMX<\/a>","tag_info":"CDMX","comment_count":"0","_links":{"self":[{"href":"https:\/\/quehacerpolitico.mx\/index.php?rest_route=\/wp\/v2\/posts\/35485","targetHints":{"allow":["GET"]}}],"collection":[{"href":"https:\/\/quehacerpolitico.mx\/index.php?rest_route=\/wp\/v2\/posts"}],"about":[{"href":"https:\/\/quehacerpolitico.mx\/index.php?rest_route=\/wp\/v2\/types\/post"}],"author":[{"embeddable":true,"href":"https:\/\/quehacerpolitico.mx\/index.php?rest_route=\/wp\/v2\/users\/2"}],"replies":[{"embeddable":true,"href":"https:\/\/quehacerpolitico.mx\/index.php?rest_route=%2Fwp%2Fv2%2Fcomments&post=35485"}],"version-history":[{"count":0,"href":"https:\/\/quehacerpolitico.mx\/index.php?rest_route=\/wp\/v2\/posts\/35485\/revisions"}],"wp:featuredmedia":[{"embeddable":true,"href":"https:\/\/quehacerpolitico.mx\/index.php?rest_route=\/"}],"wp:attachment":[{"href":"https:\/\/quehacerpolitico.mx\/index.php?rest_route=%2Fwp%2Fv2%2Fmedia&parent=35485"}],"wp:term":[{"taxonomy":"category","embeddable":true,"href":"https:\/\/quehacerpolitico.mx\/index.php?rest_route=%2Fwp%2Fv2%2Fcategories&post=35485"},{"taxonomy":"post_tag","embeddable":true,"href":"https:\/\/quehacerpolitico.mx\/index.php?rest_route=%2Fwp%2Fv2%2Ftags&post=35485"}],"curies":[{"name":"wp","href":"https:\/\/api.w.org\/{rel}","templated":true}]}}