{"id":35482,"date":"2019-08-18T18:07:56","date_gmt":"2019-08-18T18:07:56","guid":{"rendered":"http:\/\/quehacerpolitico.mx\/internacionales-carolina-alonso-romei-manifestantes-inundan-de-manera-pacifica-calles-hong-kong\/"},"modified":"2019-08-18T18:07:56","modified_gmt":"2019-08-18T18:07:56","slug":"internacionales-carolina-alonso-romei-manifestantes-inundan-de-manera-pacifica-calles-hong-kong","status":"publish","type":"post","link":"https:\/\/quehacerpolitico.mx\/?p=35482","title":{"rendered":"Internacionales\/\/\/Carolina Alonso Romei\/\/\/Manifestantes inundan de manera &#8220;pac\u00edfica&#8221; calles Hong Kong"},"content":{"rendered":"<h1 class=\"news-title\">Manifestantes inundan de manera &#8220;pac\u00edfica&#8221; calles Hong Kong<\/h1>\n<p>Por Carolina Alonso Romei\u00a0<\/p>\n<p>Internacionalista\u00a0<\/p>\n<header class=\"news-header\">\n<div class=\"news-subtitle\">\n<p>M\u00e1s de un mill\u00f3n de personas se reunieron nuevamente para exigir a las autoridades el retiro total de la ley de extradici\u00f3n y la liberaci\u00f3n de todos los detenidos por las marchas<\/p>\n<\/div>\n<\/header>\n<div class=\"news-content\">\n<div class=\"news-body row\">\n<p>Una vez m\u00e1s, cientos de miles de personas inundaron hoy las principales avenidas de Hong Kong, en una manifestaci\u00f3n pac\u00edfica en pro de la democracia y contra del uso de la fuerza policial y las amenaza de China de &#8220;contener&#8221; a los manifestantes.<\/p>\n<p>En el marco de la onceava semana de protestas, <strong>los manifestantes marcharon esta noche (tiempo local) desde la desde centro financiero de Causeway Bay, en el extremo occidental de Hong Kong, donde se concentran centros comerciales y boutiques de lujo, hasta la zona central<\/strong>.<\/p>\n<p>Durante su recorrido, que estuvo acompa\u00f1ado de la lluvia, <strong>los hongkoneses reiteraron las cinco demandas del movimiento contra la ley de extradici\u00f3n: el retiro total del controvertido proyecto de ley, la calificaci\u00f3n de sus protestas como &#8220;disturbios&#8221; y la liberaci\u00f3n incondicional de todos los detenidos<\/strong>.<\/p>\n<p>Adem\u00e1s, los manifestantes, que seg\u00fan los organizadores llegaron a 1.7 millones, exigieron la formaci\u00f3n de una comisi\u00f3n de investigaci\u00f3n independiente sobre todos los eventos registrados desde junio pasado en las calles y exigieron un sufragio libre y universal para la elecci\u00f3n de sus autoridades.<\/p>\n<p>El Frente de Derechos Humanos Civiles, organizador de las protestas en la Regi\u00f3n Administrativa Especial de Hong Kong (RAE), afirm\u00f3 que el objetivo de las protestas de este domingo era que fuera una manifestaci\u00f3n &#8221; completamente pac\u00edfica&#8221; para obtener el apoyo de la comunicada internacional.<\/p>\n<p>En un comunicado, el Frente inst\u00f3 a los manifestantes, en su mayor\u00eda j\u00f3venes, a evitar cualquier enfrentamiento f\u00edsico con la fuerza policial y cualquier acto que desencadene el caos o disturbios, seg\u00fan un reporte del sitio Hong Kong Free Press (HKFP).<\/p>\n<p><strong>&#8220;Desde activistas de primera l\u00ednea, hasta ancianos en hogares de ancianos, hasta residentes de viviendas p\u00fablicas, hongkonesesse han enfrentado a la brutalidad policial en forma de gases lacrim\u00f3genos y balas de goma, que utilizaron para dispersarnos y arrestarnos&#8221;<\/strong>, denunci\u00f3.<\/p>\n<p>Tambi\u00e9n, agreg\u00f3 la declaraci\u00f3n, hemos sufrido ataques no discriminatorios &#8220;Los hongkoneses estamos profundamente indignados y aborrecemos las acciones del gobierno y la polic\u00eda de Hong Kong &#8220;, destac\u00f3 en Frente en su comunicado, en el que denunci\u00f3 que desde junio m\u00e1s de 700 personas han sido arrestadas.<\/p>\n<p><strong>La Polic\u00eda de Hong Kong confirm\u00f3 en su reporte oficial de la multitudinaria protesta que la manifestaci\u00f3n fue en gran medida &#8220;pac\u00edfica&#8221;<\/strong>, pero denunci\u00f3 que los participantes ocuparon varias de las principales v\u00edas de la isla, &#8220;afectando gravemente el tr\u00e1fico y causando muchos inconvenientes a la comunidad&#8221;.<\/p>\n<p>De acuerdo con el reporte policial, muchos de los asistentes a la manifestaci\u00f3n de este domingo llevaban mochilas llenas de parafernalia, bol\u00edgrafos l\u00e1ser, m\u00e1scaras de gas, gafas y cascos, en clara prevenci\u00f3n a nuevos disturbios, similares a los registrados la semana pasada en el aeropuerto y el metro.<\/p>\n<p><strong>La crisis pol\u00edtica sin precedentes que se vive en Hong Kong fue provocada por la oposici\u00f3n a un plan para permitir extradiciones a la China continental<\/strong>, cuyo gobierno accedi\u00f3 a mantener ciertas libertades a los hongkoneses, en virtud al acuerdo firmado con Reino Unido en 1997, cuando le devolvi\u00f3 dicho territorio.<\/p>\n<\/div>\n<\/div>\n","protected":false},"excerpt":{"rendered":"<p>Manifestantes inundan de manera &#8220;pac\u00edfica&#8221; calles Hong Kong<br \/>\nPor Carolina Alonso Romei<br \/>\nInternacionalista<\/p>\n","protected":false},"author":2,"featured_media":35481,"comment_status":"open","ping_status":"open","sticky":false,"template":"","format":"standard","meta":{"_monsterinsights_skip_tracking":false,"_monsterinsights_sitenote_active":false,"_monsterinsights_sitenote_note":"","_monsterinsights_sitenote_category":0,"footnotes":""},"categories":[1],"tags":[],"class_list":["post-35482","post","type-post","status-publish","format-standard","has-post-thumbnail","hentry","category-sin-categoria"],"yoast_head":"<!-- This site is optimized with the Yoast SEO plugin v27.3 - https:\/\/yoast.com\/product\/yoast-seo-wordpress\/ -->\n<title>Internacionales\/\/\/Carolina Alonso Romei\/\/\/Manifestantes inundan de manera &quot;pac\u00edfica&quot; calles Hong Kong -<\/title>\n<meta name=\"robots\" content=\"index, follow, max-snippet:-1, max-image-preview:large, max-video-preview:-1\" \/>\n<link rel=\"canonical\" href=\"https:\/\/quehacerpolitico.mx\/?p=35482\" \/>\n<meta property=\"og:locale\" content=\"es_MX\" \/>\n<meta property=\"og:type\" content=\"article\" \/>\n<meta property=\"og:title\" content=\"Internacionales\/\/\/Carolina Alonso Romei\/\/\/Manifestantes inundan de manera &quot;pac\u00edfica&quot; calles Hong Kong -\" \/>\n<meta property=\"og:description\" content=\"Manifestantes inundan de manera &quot;pac\u00edfica&quot; calles Hong Kong Por Carolina Alonso Romei Internacionalista\" \/>\n<meta property=\"og:url\" content=\"https:\/\/quehacerpolitico.mx\/?p=35482\" \/>\n<meta property=\"article:published_time\" content=\"2019-08-18T18:07:56+00:00\" \/>\n<meta name=\"author\" content=\"Redacci\u00f3n QP\" \/>\n<meta name=\"twitter:card\" content=\"summary_large_image\" \/>\n<meta name=\"twitter:label1\" content=\"Escrito por\" \/>\n\t<meta name=\"twitter:data1\" content=\"Redacci\u00f3n QP\" \/>\n\t<meta name=\"twitter:label2\" content=\"Tiempo de lectura\" \/>\n\t<meta name=\"twitter:data2\" content=\"3 minutos\" \/>\n<script type=\"application\/ld+json\" class=\"yoast-schema-graph\">{\"@context\":\"https:\\\/\\\/schema.org\",\"@graph\":[{\"@type\":\"Article\",\"@id\":\"https:\\\/\\\/quehacerpolitico.mx\\\/?p=35482#article\",\"isPartOf\":{\"@id\":\"https:\\\/\\\/quehacerpolitico.mx\\\/?p=35482\"},\"author\":{\"name\":\"Redacci\u00f3n QP\",\"@id\":\"https:\\\/\\\/quehacerpolitico.mx\\\/#\\\/schema\\\/person\\\/496d8ad2d1d3f8036101dca7ee39e585\"},\"headline\":\"Internacionales\\\/\\\/\\\/Carolina Alonso Romei\\\/\\\/\\\/Manifestantes inundan de manera &#8220;pac\u00edfica&#8221; calles Hong Kong\",\"datePublished\":\"2019-08-18T18:07:56+00:00\",\"mainEntityOfPage\":{\"@id\":\"https:\\\/\\\/quehacerpolitico.mx\\\/?p=35482\"},\"wordCount\":591,\"commentCount\":0,\"image\":{\"@id\":\"https:\\\/\\\/quehacerpolitico.mx\\\/?p=35482#primaryimage\"},\"thumbnailUrl\":\"\",\"articleSection\":[\"Internacionales\"],\"inLanguage\":\"es\",\"potentialAction\":[{\"@type\":\"CommentAction\",\"name\":\"Comment\",\"target\":[\"https:\\\/\\\/quehacerpolitico.mx\\\/?p=35482#respond\"]}]},{\"@type\":\"WebPage\",\"@id\":\"https:\\\/\\\/quehacerpolitico.mx\\\/?p=35482\",\"url\":\"https:\\\/\\\/quehacerpolitico.mx\\\/?p=35482\",\"name\":\"Internacionales\\\/\\\/\\\/Carolina Alonso Romei\\\/\\\/\\\/Manifestantes inundan de manera \\\"pac\u00edfica\\\" calles Hong Kong -\",\"isPartOf\":{\"@id\":\"https:\\\/\\\/quehacerpolitico.mx\\\/#website\"},\"primaryImageOfPage\":{\"@id\":\"https:\\\/\\\/quehacerpolitico.mx\\\/?p=35482#primaryimage\"},\"image\":{\"@id\":\"https:\\\/\\\/quehacerpolitico.mx\\\/?p=35482#primaryimage\"},\"thumbnailUrl\":\"\",\"datePublished\":\"2019-08-18T18:07:56+00:00\",\"author\":{\"@id\":\"https:\\\/\\\/quehacerpolitico.mx\\\/#\\\/schema\\\/person\\\/496d8ad2d1d3f8036101dca7ee39e585\"},\"breadcrumb\":{\"@id\":\"https:\\\/\\\/quehacerpolitico.mx\\\/?p=35482#breadcrumb\"},\"inLanguage\":\"es\",\"potentialAction\":[{\"@type\":\"ReadAction\",\"target\":[\"https:\\\/\\\/quehacerpolitico.mx\\\/?p=35482\"]}]},{\"@type\":\"ImageObject\",\"inLanguage\":\"es\",\"@id\":\"https:\\\/\\\/quehacerpolitico.mx\\\/?p=35482#primaryimage\",\"url\":\"\",\"contentUrl\":\"\"},{\"@type\":\"BreadcrumbList\",\"@id\":\"https:\\\/\\\/quehacerpolitico.mx\\\/?p=35482#breadcrumb\",\"itemListElement\":[{\"@type\":\"ListItem\",\"position\":1,\"name\":\"Inicio\",\"item\":\"https:\\\/\\\/quehacerpolitico.mx\\\/\"},{\"@type\":\"ListItem\",\"position\":2,\"name\":\"Internacionales\\\/\\\/\\\/Carolina Alonso Romei\\\/\\\/\\\/Manifestantes inundan de manera &#8220;pac\u00edfica&#8221; calles Hong Kong\"}]},{\"@type\":\"WebSite\",\"@id\":\"https:\\\/\\\/quehacerpolitico.mx\\\/#website\",\"url\":\"https:\\\/\\\/quehacerpolitico.mx\\\/\",\"name\":\"\",\"description\":\"\",\"potentialAction\":[{\"@type\":\"SearchAction\",\"target\":{\"@type\":\"EntryPoint\",\"urlTemplate\":\"https:\\\/\\\/quehacerpolitico.mx\\\/?s={search_term_string}\"},\"query-input\":{\"@type\":\"PropertyValueSpecification\",\"valueRequired\":true,\"valueName\":\"search_term_string\"}}],\"inLanguage\":\"es\"},{\"@type\":\"Person\",\"@id\":\"https:\\\/\\\/quehacerpolitico.mx\\\/#\\\/schema\\\/person\\\/496d8ad2d1d3f8036101dca7ee39e585\",\"name\":\"Redacci\u00f3n QP\",\"image\":{\"@type\":\"ImageObject\",\"inLanguage\":\"es\",\"@id\":\"https:\\\/\\\/secure.gravatar.com\\\/avatar\\\/c7164ed6fdec453195284ad24a5ae5b6e1eed2b848477fa2a4787ba9adf39a41?s=96&d=mm&r=g\",\"url\":\"https:\\\/\\\/secure.gravatar.com\\\/avatar\\\/c7164ed6fdec453195284ad24a5ae5b6e1eed2b848477fa2a4787ba9adf39a41?s=96&d=mm&r=g\",\"contentUrl\":\"https:\\\/\\\/secure.gravatar.com\\\/avatar\\\/c7164ed6fdec453195284ad24a5ae5b6e1eed2b848477fa2a4787ba9adf39a41?s=96&d=mm&r=g\",\"caption\":\"Redacci\u00f3n QP\"},\"url\":\"https:\\\/\\\/quehacerpolitico.mx\\\/?author=2\"}]}<\/script>\n<!-- \/ Yoast SEO plugin. -->","yoast_head_json":{"title":"Internacionales\/\/\/Carolina Alonso Romei\/\/\/Manifestantes inundan de manera \"pac\u00edfica\" calles Hong Kong -","robots":{"index":"index","follow":"follow","max-snippet":"max-snippet:-1","max-image-preview":"max-image-preview:large","max-video-preview":"max-video-preview:-1"},"canonical":"https:\/\/quehacerpolitico.mx\/?p=35482","og_locale":"es_MX","og_type":"article","og_title":"Internacionales\/\/\/Carolina Alonso Romei\/\/\/Manifestantes inundan de manera \"pac\u00edfica\" calles Hong Kong -","og_description":"Manifestantes inundan de manera \"pac\u00edfica\" calles Hong Kong Por Carolina Alonso Romei Internacionalista","og_url":"https:\/\/quehacerpolitico.mx\/?p=35482","article_published_time":"2019-08-18T18:07:56+00:00","author":"Redacci\u00f3n QP","twitter_card":"summary_large_image","twitter_misc":{"Escrito por":"Redacci\u00f3n QP","Tiempo de lectura":"3 minutos"},"schema":{"@context":"https:\/\/schema.org","@graph":[{"@type":"Article","@id":"https:\/\/quehacerpolitico.mx\/?p=35482#article","isPartOf":{"@id":"https:\/\/quehacerpolitico.mx\/?p=35482"},"author":{"name":"Redacci\u00f3n QP","@id":"https:\/\/quehacerpolitico.mx\/#\/schema\/person\/496d8ad2d1d3f8036101dca7ee39e585"},"headline":"Internacionales\/\/\/Carolina Alonso Romei\/\/\/Manifestantes inundan de manera &#8220;pac\u00edfica&#8221; calles Hong Kong","datePublished":"2019-08-18T18:07:56+00:00","mainEntityOfPage":{"@id":"https:\/\/quehacerpolitico.mx\/?p=35482"},"wordCount":591,"commentCount":0,"image":{"@id":"https:\/\/quehacerpolitico.mx\/?p=35482#primaryimage"},"thumbnailUrl":"","articleSection":["Internacionales"],"inLanguage":"es","potentialAction":[{"@type":"CommentAction","name":"Comment","target":["https:\/\/quehacerpolitico.mx\/?p=35482#respond"]}]},{"@type":"WebPage","@id":"https:\/\/quehacerpolitico.mx\/?p=35482","url":"https:\/\/quehacerpolitico.mx\/?p=35482","name":"Internacionales\/\/\/Carolina Alonso Romei\/\/\/Manifestantes inundan de manera \"pac\u00edfica\" calles Hong Kong -","isPartOf":{"@id":"https:\/\/quehacerpolitico.mx\/#website"},"primaryImageOfPage":{"@id":"https:\/\/quehacerpolitico.mx\/?p=35482#primaryimage"},"image":{"@id":"https:\/\/quehacerpolitico.mx\/?p=35482#primaryimage"},"thumbnailUrl":"","datePublished":"2019-08-18T18:07:56+00:00","author":{"@id":"https:\/\/quehacerpolitico.mx\/#\/schema\/person\/496d8ad2d1d3f8036101dca7ee39e585"},"breadcrumb":{"@id":"https:\/\/quehacerpolitico.mx\/?p=35482#breadcrumb"},"inLanguage":"es","potentialAction":[{"@type":"ReadAction","target":["https:\/\/quehacerpolitico.mx\/?p=35482"]}]},{"@type":"ImageObject","inLanguage":"es","@id":"https:\/\/quehacerpolitico.mx\/?p=35482#primaryimage","url":"","contentUrl":""},{"@type":"BreadcrumbList","@id":"https:\/\/quehacerpolitico.mx\/?p=35482#breadcrumb","itemListElement":[{"@type":"ListItem","position":1,"name":"Inicio","item":"https:\/\/quehacerpolitico.mx\/"},{"@type":"ListItem","position":2,"name":"Internacionales\/\/\/Carolina Alonso Romei\/\/\/Manifestantes inundan de manera &#8220;pac\u00edfica&#8221; calles Hong Kong"}]},{"@type":"WebSite","@id":"https:\/\/quehacerpolitico.mx\/#website","url":"https:\/\/quehacerpolitico.mx\/","name":"","description":"","potentialAction":[{"@type":"SearchAction","target":{"@type":"EntryPoint","urlTemplate":"https:\/\/quehacerpolitico.mx\/?s={search_term_string}"},"query-input":{"@type":"PropertyValueSpecification","valueRequired":true,"valueName":"search_term_string"}}],"inLanguage":"es"},{"@type":"Person","@id":"https:\/\/quehacerpolitico.mx\/#\/schema\/person\/496d8ad2d1d3f8036101dca7ee39e585","name":"Redacci\u00f3n QP","image":{"@type":"ImageObject","inLanguage":"es","@id":"https:\/\/secure.gravatar.com\/avatar\/c7164ed6fdec453195284ad24a5ae5b6e1eed2b848477fa2a4787ba9adf39a41?s=96&d=mm&r=g","url":"https:\/\/secure.gravatar.com\/avatar\/c7164ed6fdec453195284ad24a5ae5b6e1eed2b848477fa2a4787ba9adf39a41?s=96&d=mm&r=g","contentUrl":"https:\/\/secure.gravatar.com\/avatar\/c7164ed6fdec453195284ad24a5ae5b6e1eed2b848477fa2a4787ba9adf39a41?s=96&d=mm&r=g","caption":"Redacci\u00f3n QP"},"url":"https:\/\/quehacerpolitico.mx\/?author=2"}]}},"featured_image_urls":{"full":"","thumbnail":"","medium":"","medium_large":"","large":"","1536x1536":"","2048x2048":"","covernews-featured":"","covernews-medium":""},"author_info":{"display_name":"Redacci\u00f3n QP","author_link":"https:\/\/quehacerpolitico.mx\/?author=2"},"category_info":"<a href=\"https:\/\/quehacerpolitico.mx\/?cat=1\" rel=\"category\">Internacionales<\/a>","tag_info":"Internacionales","comment_count":"0","_links":{"self":[{"href":"https:\/\/quehacerpolitico.mx\/index.php?rest_route=\/wp\/v2\/posts\/35482","targetHints":{"allow":["GET"]}}],"collection":[{"href":"https:\/\/quehacerpolitico.mx\/index.php?rest_route=\/wp\/v2\/posts"}],"about":[{"href":"https:\/\/quehacerpolitico.mx\/index.php?rest_route=\/wp\/v2\/types\/post"}],"author":[{"embeddable":true,"href":"https:\/\/quehacerpolitico.mx\/index.php?rest_route=\/wp\/v2\/users\/2"}],"replies":[{"embeddable":true,"href":"https:\/\/quehacerpolitico.mx\/index.php?rest_route=%2Fwp%2Fv2%2Fcomments&post=35482"}],"version-history":[{"count":0,"href":"https:\/\/quehacerpolitico.mx\/index.php?rest_route=\/wp\/v2\/posts\/35482\/revisions"}],"wp:featuredmedia":[{"embeddable":true,"href":"https:\/\/quehacerpolitico.mx\/index.php?rest_route=\/"}],"wp:attachment":[{"href":"https:\/\/quehacerpolitico.mx\/index.php?rest_route=%2Fwp%2Fv2%2Fmedia&parent=35482"}],"wp:term":[{"taxonomy":"category","embeddable":true,"href":"https:\/\/quehacerpolitico.mx\/index.php?rest_route=%2Fwp%2Fv2%2Fcategories&post=35482"},{"taxonomy":"post_tag","embeddable":true,"href":"https:\/\/quehacerpolitico.mx\/index.php?rest_route=%2Fwp%2Fv2%2Ftags&post=35482"}],"curies":[{"name":"wp","href":"https:\/\/api.w.org\/{rel}","templated":true}]}}