{"id":35479,"date":"2019-08-18T16:29:26","date_gmt":"2019-08-18T16:29:26","guid":{"rendered":"http:\/\/quehacerpolitico.mx\/la-fiera-golea-a-chivas\/"},"modified":"2019-08-18T16:29:26","modified_gmt":"2019-08-18T16:29:26","slug":"la-fiera-golea-a-chivas","status":"publish","type":"post","link":"https:\/\/quehacerpolitico.mx\/?p=35479","title":{"rendered":"La Fiera golea a Chivas"},"content":{"rendered":"<h1 class=\"news-title\">La Fiera golea a Chivas<\/h1>\n<p>Por Redacci\u00f3n QP<\/p>\n<header class=\"news-header\">\n<div class=\"news-subtitle\">\n<p>Le\u00f3n se muestra superior al Reba\u00f1o y le corta su racha positiva<\/p>\n<\/div>\n<\/header>\n<div class=\"news-content\">\n<div class=\"news-body row\">\n<p><strong>La din\u00e1mica de la noche de ayer en Le\u00f3n la marcaron el equipo local y el VAR, y La Fiera se despach\u00f3 4-3 frente al Guadalajara.<\/strong><\/p>\n<p>El videoarbitraje fue utilizado para ayudar al central en tres ocasiones que terminaron en gol, en un encuentro en el que el Le\u00f3n super\u00f3 ampliamente a los rojiblancos, que bien pudieron recibir m\u00e1s tantos en contra, pero que sobre el final mostraron orgullo deportivo para hacer m\u00e1s decoroso el marcador.<\/p>\n<p>En el desarrollo del partido, Chivas sufri\u00f3 mucho por el lado derecho, pues fue por ese sector en el que se originaron tres tantos de los esmeraldas.<\/p>\n<p><strong>El primero al minuto 16, tras una falta de Josecarlos Van Rankin sobre Jean Meneses que se se\u00f1al\u00f3 como penal y que Jos\u00e9 Juan Mac\u00edas convirti\u00f3<\/strong>; el segundo tras un cabezazo de \u00c1ngel Mena \u00a0asistido por el propio Meneses y el tercero (cuarto en la cuenta local) por conducto de Yairo Moreno, quien encontr\u00f3 una avenida rumbo al \u00e1rea y fusilar a Antonio Rodr\u00edguez. <strong>Previamente, Mac\u00edas convirti\u00f3 su segundo penal de la noche, se\u00f1alado por el VAR.<\/strong><\/p>\n<p>Chivas hab\u00eda mostrado buenos argumentos tras la igualada que hab\u00eda conseguido Alan Pulido al 38\u2019, sin embargo, no resolvi\u00f3 el galimat\u00edas esmeralda al reanudar en la segunda mitad.<\/p>\n<blockquote class=\"twitter-tweet\" data-width=\"550\" data-dnt=\"true\">\n<p lang=\"es\" dir=\"ltr\"><a href=\"https:\/\/twitter.com\/hashtag\/J5?src=hash&amp;ref_src=twsrc%5Etfw\">#J5<\/a> I <a href=\"https:\/\/twitter.com\/hashtag\/LEOvsGDL?src=hash&amp;ref_src=twsrc%5Etfw\">#LEOvsGDL<\/a> I <a href=\"https:\/\/twitter.com\/hashtag\/LigaMx?src=hash&amp;ref_src=twsrc%5Etfw\">#LigaMx<\/a><\/p>\n<p>As\u00ed fue el cuarto gol de <a href=\"https:\/\/twitter.com\/hashtag\/LaFiera?src=hash&amp;ref_src=twsrc%5Etfw\">#LaFiera<\/a>. \u00a1Bravo Yairo! <\/p>\n<p>\ud83e\udd814-2 \ud83d\udc10 <a href=\"https:\/\/t.co\/R6ohkTuqIK\">pic.twitter.com\/R6ohkTuqIK<\/a><\/p>\n<p>&mdash; Club Le\u00f3n (@clubleonfc) <a href=\"https:\/\/twitter.com\/clubleonfc\/status\/1162903796038754305?ref_src=twsrc%5Etfw\">August 18, 2019<\/a><\/p><\/blockquote>\n<p><script async src=\"https:\/\/platform.twitter.com\/widgets.js\" charset=\"utf-8\"><\/script><\/p>\n<p>Sin embargo, y abajo 4-1 en el marcador, el Guadalajara busc\u00f3 hacer m\u00e1s decorosa la derrota, encontrando recompensa al minuto 78 con un penal se\u00f1alado por el VAR y que le permiti\u00f3 a Pulido marcar su doblete.<\/p>\n<p><strong>Para ponerle drama al asunto, en tiempo de compensaci\u00f3n Alexis Vega se encontr\u00f3 en un mano a mano a Rodolfo Cota, al cual venci\u00f3 para marcar el tercer gol rojiblanco. Sobre la hora, Chivas intent\u00f3 igualar, pero en Le\u00f3n termin\u00f3 por perder su racha de tres encuentros sin derrota.<\/strong><\/p>\n<h4>Momentos clave<\/h4>\n<h4>Una avenida<\/h4>\n<div>\n<figure class=\"image\"><img decoding=\"async\" title=\"\" src=\"https:\/\/www.informador.mx\/export\/sites\/elinformador\/img\/2019\/08\/18\/imagen_20190818-637016960965999129.jpg_1207813841.jpg\" alt=\"\" hspace=\"5\" vspace=\"5\" data-height=\"825\" data-size=\"w:1417,h:1671\" data-width=\"700\" \/><figcaption>IMAGO7<\/figcaption><\/figure>\n<\/div>\n<p>Al Guadalajara le cost\u00f3 contener al Le\u00f3n por el sector derecho durante todo el juego. Entre Isaac Brizuela y Josecarlos Van Rankin, quienes mostraron descoordinaci\u00f3n, no pudieron tapar a Jean Meneses, quien colabor\u00f3 en dos goles de los locales.<\/p>\n<h4>Liquidados<\/h4>\n<div>\n<figure class=\"image\"><img decoding=\"async\" title=\"\" src=\"https:\/\/www.informador.mx\/export\/sites\/elinformador\/img\/2019\/08\/18\/imagen_imago-850729.jpg_346497623.jpg\" alt=\"\" hspace=\"5\" vspace=\"5\" data-height=\"467\" data-size=\"w:2121,h:1417\" data-width=\"700\" \/><figcaption>IMAGO7<\/figcaption><\/figure>\n<\/div>\n<p>Con el dominio ejercido en la segunda mitad de la mano \u00c1ngel Mena y Luis Montes (fot), el Le\u00f3n tuvo varias aproximaciones, una de ellas en la que el ecuatoriano sac\u00f3 un disparo que Jes\u00fas Molina, fuera de posici\u00f3n, tap\u00f3 en el \u00e1rea con la mano, marc\u00e1ndose el penal que Jos\u00e9 Mac\u00edas convirti\u00f3 en gol.<\/p>\n<h4>Contrastantes<\/h4>\n<div>\n<figure class=\"image\"><img decoding=\"async\" title=\"\" src=\"https:\/\/www.informador.mx\/export\/sites\/elinformador\/img\/2019\/08\/18\/imagen_imago-850802.jpg_347421144.jpg\" alt=\"\" hspace=\"5\" vspace=\"5\" data-height=\"466\" data-size=\"w:2126,h:1417\" data-width=\"700\" \/><figcaption>IMAGO7<\/figcaption><\/figure>\n<\/div>\n<p>Los embates leoneses fueron vertiginosos, con acompa\u00f1amiento, respetando su vocaci\u00f3n ofensiva y agarrando mal parado a Chivas, que por otro lado sufri\u00f3 mucho para desdoblar, sin tener control del bal\u00f3n, sin generar opciones al frente y sin que sus hombres de ataque mostraran sus habilidades.<\/p>\n<h4>Alineaciones<\/h4>\n<h4>Le\u00f3n<\/h4>\n<p>30. Rodolfo Cota, 23. Ramiro Gonz\u00e1lez, 4. Andr\u00e9s Mosquera, 6. Willian Tesillo, 13. \u00c1ngel Mena, 18. Pedro Aquino, 10. Luis Montes, 11. Yairo Moreno, 16. Jean Meneses, 21. Jos\u00e9 Juan Mac\u00edas, 7. V\u00edctor Sosa, DT. Ignacio Ambriz.<\/p>\n<p><strong>Cambios<\/strong><\/p>\n<ul>\n<li>64\u2019 5. Fernando Navarro por 18. Aquino.<\/li>\n<li>75\u2019 14. Jes\u00fas God\u00ednez por 13. Mena.<\/li>\n<li>90\u2019 19. Jorge D\u00edaz por 21. Mac\u00edas.<\/li>\n<\/ul>\n<h4>Chivas<\/h4>\n<p>4. Antonio Rodr\u00edguez, 11. Isaac Brizuela, 2. Josecarlos Van Rankin, 14. Antonio Brise\u00f1o, 3. Oswaldo Alan\u00eds, 29. Alejandro Zendejas, 10. Eduardo L\u00f3pez, 20. Jes\u00fas Molina, 6. Dieter Villalpando, 9. Alan Pulido, 24. Oribe Peralta, DT. Tom\u00e1s Boy.<\/p>\n<p><strong>Cambios<\/strong><\/p>\n<ul>\n<li>66\u2019 7. Alexis Vega por 24. Peralta.<\/li>\n<li>66\u2019 16. Miguel Ponce por 29. Zendejas.<\/li>\n<li>73\u2019 30. Jos\u00e9 Gonz\u00e1lez por 2. Van Rankin.<\/li>\n<\/ul>\n<p>\u00c1rbitro: Jorge Isaac Rojas.<\/p>\n<p>Sede: Estadio Le\u00f3n.<\/p>\n<div class=\"banner b2\">\n<div id=\"div-gpt-ad-1505954097040-2\" data-google-query-id=\"CJSwldDqjOQCFYK-wAodV98CZw\">\u00a0<\/div>\n<\/div>\n<\/div>\n<\/div>\n","protected":false},"excerpt":{"rendered":"<p>La Fiera golea a Chivas<br \/>\nPor Redacci\u00f3n QP<\/p>\n","protected":false},"author":2,"featured_media":35478,"comment_status":"open","ping_status":"open","sticky":false,"template":"","format":"standard","meta":{"_monsterinsights_skip_tracking":false,"_monsterinsights_sitenote_active":false,"_monsterinsights_sitenote_note":"","_monsterinsights_sitenote_category":0,"footnotes":""},"categories":[54],"tags":[],"class_list":["post-35479","post","type-post","status-publish","format-standard","has-post-thumbnail","hentry","category-deportes"],"yoast_head":"<!-- This site is optimized with the Yoast SEO plugin v27.3 - https:\/\/yoast.com\/product\/yoast-seo-wordpress\/ -->\n<title>La Fiera golea a Chivas -<\/title>\n<meta name=\"robots\" content=\"index, follow, max-snippet:-1, max-image-preview:large, max-video-preview:-1\" \/>\n<link rel=\"canonical\" href=\"https:\/\/quehacerpolitico.mx\/?p=35479\" \/>\n<meta property=\"og:locale\" content=\"es_MX\" \/>\n<meta property=\"og:type\" content=\"article\" \/>\n<meta property=\"og:title\" content=\"La Fiera golea a Chivas -\" \/>\n<meta property=\"og:description\" content=\"La Fiera golea a Chivas Por Redacci\u00f3n QP\" \/>\n<meta property=\"og:url\" content=\"https:\/\/quehacerpolitico.mx\/?p=35479\" \/>\n<meta property=\"article:published_time\" content=\"2019-08-18T16:29:26+00:00\" \/>\n<meta name=\"author\" content=\"Redacci\u00f3n QP\" \/>\n<meta name=\"twitter:card\" content=\"summary_large_image\" \/>\n<meta name=\"twitter:label1\" content=\"Escrito por\" \/>\n\t<meta name=\"twitter:data1\" content=\"Redacci\u00f3n QP\" \/>\n\t<meta name=\"twitter:label2\" content=\"Tiempo de lectura\" \/>\n\t<meta name=\"twitter:data2\" content=\"3 minutos\" \/>\n<script type=\"application\/ld+json\" class=\"yoast-schema-graph\">{\"@context\":\"https:\\\/\\\/schema.org\",\"@graph\":[{\"@type\":\"Article\",\"@id\":\"https:\\\/\\\/quehacerpolitico.mx\\\/?p=35479#article\",\"isPartOf\":{\"@id\":\"https:\\\/\\\/quehacerpolitico.mx\\\/?p=35479\"},\"author\":{\"name\":\"Redacci\u00f3n QP\",\"@id\":\"https:\\\/\\\/quehacerpolitico.mx\\\/#\\\/schema\\\/person\\\/496d8ad2d1d3f8036101dca7ee39e585\"},\"headline\":\"La Fiera golea a Chivas\",\"datePublished\":\"2019-08-18T16:29:26+00:00\",\"mainEntityOfPage\":{\"@id\":\"https:\\\/\\\/quehacerpolitico.mx\\\/?p=35479\"},\"wordCount\":606,\"commentCount\":0,\"image\":{\"@id\":\"https:\\\/\\\/quehacerpolitico.mx\\\/?p=35479#primaryimage\"},\"thumbnailUrl\":\"\",\"articleSection\":[\"Deportes\"],\"inLanguage\":\"es\",\"potentialAction\":[{\"@type\":\"CommentAction\",\"name\":\"Comment\",\"target\":[\"https:\\\/\\\/quehacerpolitico.mx\\\/?p=35479#respond\"]}]},{\"@type\":\"WebPage\",\"@id\":\"https:\\\/\\\/quehacerpolitico.mx\\\/?p=35479\",\"url\":\"https:\\\/\\\/quehacerpolitico.mx\\\/?p=35479\",\"name\":\"La Fiera golea a Chivas -\",\"isPartOf\":{\"@id\":\"https:\\\/\\\/quehacerpolitico.mx\\\/#website\"},\"primaryImageOfPage\":{\"@id\":\"https:\\\/\\\/quehacerpolitico.mx\\\/?p=35479#primaryimage\"},\"image\":{\"@id\":\"https:\\\/\\\/quehacerpolitico.mx\\\/?p=35479#primaryimage\"},\"thumbnailUrl\":\"\",\"datePublished\":\"2019-08-18T16:29:26+00:00\",\"author\":{\"@id\":\"https:\\\/\\\/quehacerpolitico.mx\\\/#\\\/schema\\\/person\\\/496d8ad2d1d3f8036101dca7ee39e585\"},\"breadcrumb\":{\"@id\":\"https:\\\/\\\/quehacerpolitico.mx\\\/?p=35479#breadcrumb\"},\"inLanguage\":\"es\",\"potentialAction\":[{\"@type\":\"ReadAction\",\"target\":[\"https:\\\/\\\/quehacerpolitico.mx\\\/?p=35479\"]}]},{\"@type\":\"ImageObject\",\"inLanguage\":\"es\",\"@id\":\"https:\\\/\\\/quehacerpolitico.mx\\\/?p=35479#primaryimage\",\"url\":\"\",\"contentUrl\":\"\"},{\"@type\":\"BreadcrumbList\",\"@id\":\"https:\\\/\\\/quehacerpolitico.mx\\\/?p=35479#breadcrumb\",\"itemListElement\":[{\"@type\":\"ListItem\",\"position\":1,\"name\":\"Inicio\",\"item\":\"https:\\\/\\\/quehacerpolitico.mx\\\/\"},{\"@type\":\"ListItem\",\"position\":2,\"name\":\"La Fiera golea a Chivas\"}]},{\"@type\":\"WebSite\",\"@id\":\"https:\\\/\\\/quehacerpolitico.mx\\\/#website\",\"url\":\"https:\\\/\\\/quehacerpolitico.mx\\\/\",\"name\":\"\",\"description\":\"\",\"potentialAction\":[{\"@type\":\"SearchAction\",\"target\":{\"@type\":\"EntryPoint\",\"urlTemplate\":\"https:\\\/\\\/quehacerpolitico.mx\\\/?s={search_term_string}\"},\"query-input\":{\"@type\":\"PropertyValueSpecification\",\"valueRequired\":true,\"valueName\":\"search_term_string\"}}],\"inLanguage\":\"es\"},{\"@type\":\"Person\",\"@id\":\"https:\\\/\\\/quehacerpolitico.mx\\\/#\\\/schema\\\/person\\\/496d8ad2d1d3f8036101dca7ee39e585\",\"name\":\"Redacci\u00f3n QP\",\"image\":{\"@type\":\"ImageObject\",\"inLanguage\":\"es\",\"@id\":\"https:\\\/\\\/secure.gravatar.com\\\/avatar\\\/c7164ed6fdec453195284ad24a5ae5b6e1eed2b848477fa2a4787ba9adf39a41?s=96&d=mm&r=g\",\"url\":\"https:\\\/\\\/secure.gravatar.com\\\/avatar\\\/c7164ed6fdec453195284ad24a5ae5b6e1eed2b848477fa2a4787ba9adf39a41?s=96&d=mm&r=g\",\"contentUrl\":\"https:\\\/\\\/secure.gravatar.com\\\/avatar\\\/c7164ed6fdec453195284ad24a5ae5b6e1eed2b848477fa2a4787ba9adf39a41?s=96&d=mm&r=g\",\"caption\":\"Redacci\u00f3n QP\"},\"url\":\"https:\\\/\\\/quehacerpolitico.mx\\\/?author=2\"}]}<\/script>\n<!-- \/ Yoast SEO plugin. -->","yoast_head_json":{"title":"La Fiera golea a Chivas -","robots":{"index":"index","follow":"follow","max-snippet":"max-snippet:-1","max-image-preview":"max-image-preview:large","max-video-preview":"max-video-preview:-1"},"canonical":"https:\/\/quehacerpolitico.mx\/?p=35479","og_locale":"es_MX","og_type":"article","og_title":"La Fiera golea a Chivas -","og_description":"La Fiera golea a Chivas Por Redacci\u00f3n QP","og_url":"https:\/\/quehacerpolitico.mx\/?p=35479","article_published_time":"2019-08-18T16:29:26+00:00","author":"Redacci\u00f3n QP","twitter_card":"summary_large_image","twitter_misc":{"Escrito por":"Redacci\u00f3n QP","Tiempo de lectura":"3 minutos"},"schema":{"@context":"https:\/\/schema.org","@graph":[{"@type":"Article","@id":"https:\/\/quehacerpolitico.mx\/?p=35479#article","isPartOf":{"@id":"https:\/\/quehacerpolitico.mx\/?p=35479"},"author":{"name":"Redacci\u00f3n QP","@id":"https:\/\/quehacerpolitico.mx\/#\/schema\/person\/496d8ad2d1d3f8036101dca7ee39e585"},"headline":"La Fiera golea a Chivas","datePublished":"2019-08-18T16:29:26+00:00","mainEntityOfPage":{"@id":"https:\/\/quehacerpolitico.mx\/?p=35479"},"wordCount":606,"commentCount":0,"image":{"@id":"https:\/\/quehacerpolitico.mx\/?p=35479#primaryimage"},"thumbnailUrl":"","articleSection":["Deportes"],"inLanguage":"es","potentialAction":[{"@type":"CommentAction","name":"Comment","target":["https:\/\/quehacerpolitico.mx\/?p=35479#respond"]}]},{"@type":"WebPage","@id":"https:\/\/quehacerpolitico.mx\/?p=35479","url":"https:\/\/quehacerpolitico.mx\/?p=35479","name":"La Fiera golea a Chivas -","isPartOf":{"@id":"https:\/\/quehacerpolitico.mx\/#website"},"primaryImageOfPage":{"@id":"https:\/\/quehacerpolitico.mx\/?p=35479#primaryimage"},"image":{"@id":"https:\/\/quehacerpolitico.mx\/?p=35479#primaryimage"},"thumbnailUrl":"","datePublished":"2019-08-18T16:29:26+00:00","author":{"@id":"https:\/\/quehacerpolitico.mx\/#\/schema\/person\/496d8ad2d1d3f8036101dca7ee39e585"},"breadcrumb":{"@id":"https:\/\/quehacerpolitico.mx\/?p=35479#breadcrumb"},"inLanguage":"es","potentialAction":[{"@type":"ReadAction","target":["https:\/\/quehacerpolitico.mx\/?p=35479"]}]},{"@type":"ImageObject","inLanguage":"es","@id":"https:\/\/quehacerpolitico.mx\/?p=35479#primaryimage","url":"","contentUrl":""},{"@type":"BreadcrumbList","@id":"https:\/\/quehacerpolitico.mx\/?p=35479#breadcrumb","itemListElement":[{"@type":"ListItem","position":1,"name":"Inicio","item":"https:\/\/quehacerpolitico.mx\/"},{"@type":"ListItem","position":2,"name":"La Fiera golea a Chivas"}]},{"@type":"WebSite","@id":"https:\/\/quehacerpolitico.mx\/#website","url":"https:\/\/quehacerpolitico.mx\/","name":"","description":"","potentialAction":[{"@type":"SearchAction","target":{"@type":"EntryPoint","urlTemplate":"https:\/\/quehacerpolitico.mx\/?s={search_term_string}"},"query-input":{"@type":"PropertyValueSpecification","valueRequired":true,"valueName":"search_term_string"}}],"inLanguage":"es"},{"@type":"Person","@id":"https:\/\/quehacerpolitico.mx\/#\/schema\/person\/496d8ad2d1d3f8036101dca7ee39e585","name":"Redacci\u00f3n QP","image":{"@type":"ImageObject","inLanguage":"es","@id":"https:\/\/secure.gravatar.com\/avatar\/c7164ed6fdec453195284ad24a5ae5b6e1eed2b848477fa2a4787ba9adf39a41?s=96&d=mm&r=g","url":"https:\/\/secure.gravatar.com\/avatar\/c7164ed6fdec453195284ad24a5ae5b6e1eed2b848477fa2a4787ba9adf39a41?s=96&d=mm&r=g","contentUrl":"https:\/\/secure.gravatar.com\/avatar\/c7164ed6fdec453195284ad24a5ae5b6e1eed2b848477fa2a4787ba9adf39a41?s=96&d=mm&r=g","caption":"Redacci\u00f3n QP"},"url":"https:\/\/quehacerpolitico.mx\/?author=2"}]}},"featured_image_urls":{"full":"","thumbnail":"","medium":"","medium_large":"","large":"","1536x1536":"","2048x2048":"","covernews-featured":"","covernews-medium":""},"author_info":{"display_name":"Redacci\u00f3n QP","author_link":"https:\/\/quehacerpolitico.mx\/?author=2"},"category_info":"<a href=\"https:\/\/quehacerpolitico.mx\/?cat=54\" rel=\"category\">Deportes<\/a>","tag_info":"Deportes","comment_count":"0","_links":{"self":[{"href":"https:\/\/quehacerpolitico.mx\/index.php?rest_route=\/wp\/v2\/posts\/35479","targetHints":{"allow":["GET"]}}],"collection":[{"href":"https:\/\/quehacerpolitico.mx\/index.php?rest_route=\/wp\/v2\/posts"}],"about":[{"href":"https:\/\/quehacerpolitico.mx\/index.php?rest_route=\/wp\/v2\/types\/post"}],"author":[{"embeddable":true,"href":"https:\/\/quehacerpolitico.mx\/index.php?rest_route=\/wp\/v2\/users\/2"}],"replies":[{"embeddable":true,"href":"https:\/\/quehacerpolitico.mx\/index.php?rest_route=%2Fwp%2Fv2%2Fcomments&post=35479"}],"version-history":[{"count":0,"href":"https:\/\/quehacerpolitico.mx\/index.php?rest_route=\/wp\/v2\/posts\/35479\/revisions"}],"wp:featuredmedia":[{"embeddable":true,"href":"https:\/\/quehacerpolitico.mx\/index.php?rest_route=\/"}],"wp:attachment":[{"href":"https:\/\/quehacerpolitico.mx\/index.php?rest_route=%2Fwp%2Fv2%2Fmedia&parent=35479"}],"wp:term":[{"taxonomy":"category","embeddable":true,"href":"https:\/\/quehacerpolitico.mx\/index.php?rest_route=%2Fwp%2Fv2%2Fcategories&post=35479"},{"taxonomy":"post_tag","embeddable":true,"href":"https:\/\/quehacerpolitico.mx\/index.php?rest_route=%2Fwp%2Fv2%2Ftags&post=35479"}],"curies":[{"name":"wp","href":"https:\/\/api.w.org\/{rel}","templated":true}]}}