{"id":35449,"date":"2019-08-17T23:50:57","date_gmt":"2019-08-17T23:50:57","guid":{"rendered":"http:\/\/quehacerpolitico.mx\/ascienden-a-un-millon-de-pesos-los-danos-al-metrobus-durante-marcha\/"},"modified":"2019-08-17T23:50:57","modified_gmt":"2019-08-17T23:50:57","slug":"ascienden-a-un-millon-de-pesos-los-danos-al-metrobus-durante-marcha","status":"publish","type":"post","link":"https:\/\/quehacerpolitico.mx\/?p=35449","title":{"rendered":"Ascienden a un mill\u00f3n de pesos los da\u00f1os al Metrob\u00fas durante marcha"},"content":{"rendered":"<p>Ascienden a un mill\u00f3n de pesos los da\u00f1os al Metrob\u00fas durante marcha<\/p>\n<p>Por Redacci\u00f3n QP<\/p>\n<p>El Gobierno de la Ciudad de M\u00e9xico inform\u00f3 que tras los actos vand\u00e1licos a la estaci\u00f3n Glorieta Insurgentes,\u00a0del Metrob\u00fas, los da\u00f1os ascienden a un mill\u00f3n de pesos que ser\u00e1n cubiertos por una aseguradora, si bien\u00a0el servicio se reanud\u00f3 la ma\u00f1ana de este s\u00e1bado.<\/p>\n<p>A trav\u00e9s de un comunicado detall\u00f3 que tras 12 horas de trabajos del equipo operativo conformado por m\u00e1s de 150 personas, se logr\u00f3 rehabilitar la estaci\u00f3n de la L\u00ednea 1, que va de Indios Verdes a El Caminero, para reanudar el servicio este mismo s\u00e1bado.<\/p>\n<p>\u201cLos da\u00f1os fueron \u00fanicamente materiales y ascienden a m\u00e1s de un mill\u00f3n de pesos, que incluyen la estaci\u00f3n y unidades vandalizadas. El costo ser\u00e1 cubierto por la aseguradora del sistema\u201d, sostuvo el Metrob\u00fas.<\/p>\n<p>Por otra parte, la Secretar\u00eda de Seguridad Ciudadana inform\u00f3 que\u00a0por estos hechos hubo 17 lesionados, 14 de estos polic\u00edas, dos reporteros, uno de ADN 40 y otra de Milenio, as\u00ed como un bombero; seis de los heridos fueron trasladados al hospital.<\/p>\n<p>En cuanto a los da\u00f1os materiales se contabilizan la estaci\u00f3n Insurgentes de la L\u00ednea 1 del Metrob\u00fas, las estaciones Copilco, Insurgentes y Balderas del Metro, pintas en el edificio sede de la dependencia capitalina.<\/p>\n<p>As\u00ed como aproximadamente 25 veh\u00edculos da\u00f1ados en el estacionamiento \u201cCama de Piedra\u201d de la Secretar\u00eda de Seguridad, entre ellos una camioneta Pickup, 10 motopatrullas, 10 veh\u00edculos particulares y cuatro patrullas Charger.<\/p>\n<p>Report\u00f3 tambi\u00e9n destrozos en la Estaci\u00f3n Florencia de la Polic\u00eda, pintas en el \u00c1ngel de la Independencia, as\u00ed como da\u00f1os a un veh\u00edculo de un veh\u00edculo y autob\u00fas estacionados sobre la Glorieta de Insurgentes, frente a la Secretar\u00eda de Seguridad.<\/p>\n<p>El Sistema Metrob\u00fas y el Gobierno de la Ciudad de M\u00e9xico reiteraron su compromiso con el derecho a la libre manifestaci\u00f3n y reconocieron a quienes lo ejercen en el marco de la paz y el respeto.<\/p>\n<p>El Metrob\u00fas destac\u00f3 y reconoci\u00f3 la labor del personal de limpieza, mantenimiento, permisionario y de servicios urbanos que trabaj\u00f3 toda la noche para rehabilitar la estaci\u00f3n a tiempo y atender a usuarios<\/p>\n<p>Con Informaci\u00f3n de NTX\u00a0<\/p>\n","protected":false},"excerpt":{"rendered":"<p>Ascienden a un mill\u00f3n de pesos los da\u00f1os al Metrob\u00fas durante marcha<br \/>\nPor Redacci\u00f3n QP<\/p>\n","protected":false},"author":2,"featured_media":35448,"comment_status":"open","ping_status":"open","sticky":false,"template":"","format":"standard","meta":{"_monsterinsights_skip_tracking":false,"_monsterinsights_sitenote_active":false,"_monsterinsights_sitenote_note":"","_monsterinsights_sitenote_category":0,"footnotes":""},"categories":[55],"tags":[],"class_list":["post-35449","post","type-post","status-publish","format-standard","has-post-thumbnail","hentry","category-cdmx"],"yoast_head":"<!-- This site is optimized with the Yoast SEO plugin v27.3 - https:\/\/yoast.com\/product\/yoast-seo-wordpress\/ -->\n<title>Ascienden a un mill\u00f3n de pesos los da\u00f1os al Metrob\u00fas durante marcha -<\/title>\n<meta name=\"robots\" content=\"index, follow, max-snippet:-1, max-image-preview:large, max-video-preview:-1\" \/>\n<link rel=\"canonical\" href=\"https:\/\/quehacerpolitico.mx\/?p=35449\" \/>\n<meta property=\"og:locale\" content=\"es_MX\" \/>\n<meta property=\"og:type\" content=\"article\" \/>\n<meta property=\"og:title\" content=\"Ascienden a un mill\u00f3n de pesos los da\u00f1os al Metrob\u00fas durante marcha -\" \/>\n<meta property=\"og:description\" content=\"Ascienden a un mill\u00f3n de pesos los da\u00f1os al Metrob\u00fas durante marcha Por Redacci\u00f3n QP\" \/>\n<meta property=\"og:url\" content=\"https:\/\/quehacerpolitico.mx\/?p=35449\" \/>\n<meta property=\"article:published_time\" content=\"2019-08-17T23:50:57+00:00\" \/>\n<meta name=\"author\" content=\"Redacci\u00f3n QP\" \/>\n<meta name=\"twitter:card\" content=\"summary_large_image\" \/>\n<meta name=\"twitter:label1\" content=\"Escrito por\" \/>\n\t<meta name=\"twitter:data1\" content=\"Redacci\u00f3n QP\" \/>\n\t<meta name=\"twitter:label2\" content=\"Tiempo de lectura\" \/>\n\t<meta name=\"twitter:data2\" content=\"2 minutos\" \/>\n<script type=\"application\/ld+json\" class=\"yoast-schema-graph\">{\"@context\":\"https:\\\/\\\/schema.org\",\"@graph\":[{\"@type\":\"Article\",\"@id\":\"https:\\\/\\\/quehacerpolitico.mx\\\/?p=35449#article\",\"isPartOf\":{\"@id\":\"https:\\\/\\\/quehacerpolitico.mx\\\/?p=35449\"},\"author\":{\"name\":\"Redacci\u00f3n QP\",\"@id\":\"https:\\\/\\\/quehacerpolitico.mx\\\/#\\\/schema\\\/person\\\/496d8ad2d1d3f8036101dca7ee39e585\"},\"headline\":\"Ascienden a un mill\u00f3n de pesos los da\u00f1os al Metrob\u00fas durante marcha\",\"datePublished\":\"2019-08-17T23:50:57+00:00\",\"mainEntityOfPage\":{\"@id\":\"https:\\\/\\\/quehacerpolitico.mx\\\/?p=35449\"},\"wordCount\":409,\"commentCount\":0,\"image\":{\"@id\":\"https:\\\/\\\/quehacerpolitico.mx\\\/?p=35449#primaryimage\"},\"thumbnailUrl\":\"\",\"articleSection\":[\"CDMX\"],\"inLanguage\":\"es\",\"potentialAction\":[{\"@type\":\"CommentAction\",\"name\":\"Comment\",\"target\":[\"https:\\\/\\\/quehacerpolitico.mx\\\/?p=35449#respond\"]}]},{\"@type\":\"WebPage\",\"@id\":\"https:\\\/\\\/quehacerpolitico.mx\\\/?p=35449\",\"url\":\"https:\\\/\\\/quehacerpolitico.mx\\\/?p=35449\",\"name\":\"Ascienden a un mill\u00f3n de pesos los da\u00f1os al Metrob\u00fas durante marcha -\",\"isPartOf\":{\"@id\":\"https:\\\/\\\/quehacerpolitico.mx\\\/#website\"},\"primaryImageOfPage\":{\"@id\":\"https:\\\/\\\/quehacerpolitico.mx\\\/?p=35449#primaryimage\"},\"image\":{\"@id\":\"https:\\\/\\\/quehacerpolitico.mx\\\/?p=35449#primaryimage\"},\"thumbnailUrl\":\"\",\"datePublished\":\"2019-08-17T23:50:57+00:00\",\"author\":{\"@id\":\"https:\\\/\\\/quehacerpolitico.mx\\\/#\\\/schema\\\/person\\\/496d8ad2d1d3f8036101dca7ee39e585\"},\"breadcrumb\":{\"@id\":\"https:\\\/\\\/quehacerpolitico.mx\\\/?p=35449#breadcrumb\"},\"inLanguage\":\"es\",\"potentialAction\":[{\"@type\":\"ReadAction\",\"target\":[\"https:\\\/\\\/quehacerpolitico.mx\\\/?p=35449\"]}]},{\"@type\":\"ImageObject\",\"inLanguage\":\"es\",\"@id\":\"https:\\\/\\\/quehacerpolitico.mx\\\/?p=35449#primaryimage\",\"url\":\"\",\"contentUrl\":\"\"},{\"@type\":\"BreadcrumbList\",\"@id\":\"https:\\\/\\\/quehacerpolitico.mx\\\/?p=35449#breadcrumb\",\"itemListElement\":[{\"@type\":\"ListItem\",\"position\":1,\"name\":\"Inicio\",\"item\":\"https:\\\/\\\/quehacerpolitico.mx\\\/\"},{\"@type\":\"ListItem\",\"position\":2,\"name\":\"Ascienden a un mill\u00f3n de pesos los da\u00f1os al Metrob\u00fas durante marcha\"}]},{\"@type\":\"WebSite\",\"@id\":\"https:\\\/\\\/quehacerpolitico.mx\\\/#website\",\"url\":\"https:\\\/\\\/quehacerpolitico.mx\\\/\",\"name\":\"\",\"description\":\"\",\"potentialAction\":[{\"@type\":\"SearchAction\",\"target\":{\"@type\":\"EntryPoint\",\"urlTemplate\":\"https:\\\/\\\/quehacerpolitico.mx\\\/?s={search_term_string}\"},\"query-input\":{\"@type\":\"PropertyValueSpecification\",\"valueRequired\":true,\"valueName\":\"search_term_string\"}}],\"inLanguage\":\"es\"},{\"@type\":\"Person\",\"@id\":\"https:\\\/\\\/quehacerpolitico.mx\\\/#\\\/schema\\\/person\\\/496d8ad2d1d3f8036101dca7ee39e585\",\"name\":\"Redacci\u00f3n QP\",\"image\":{\"@type\":\"ImageObject\",\"inLanguage\":\"es\",\"@id\":\"https:\\\/\\\/secure.gravatar.com\\\/avatar\\\/c7164ed6fdec453195284ad24a5ae5b6e1eed2b848477fa2a4787ba9adf39a41?s=96&d=mm&r=g\",\"url\":\"https:\\\/\\\/secure.gravatar.com\\\/avatar\\\/c7164ed6fdec453195284ad24a5ae5b6e1eed2b848477fa2a4787ba9adf39a41?s=96&d=mm&r=g\",\"contentUrl\":\"https:\\\/\\\/secure.gravatar.com\\\/avatar\\\/c7164ed6fdec453195284ad24a5ae5b6e1eed2b848477fa2a4787ba9adf39a41?s=96&d=mm&r=g\",\"caption\":\"Redacci\u00f3n QP\"},\"url\":\"https:\\\/\\\/quehacerpolitico.mx\\\/?author=2\"}]}<\/script>\n<!-- \/ Yoast SEO plugin. -->","yoast_head_json":{"title":"Ascienden a un mill\u00f3n de pesos los da\u00f1os al Metrob\u00fas durante marcha -","robots":{"index":"index","follow":"follow","max-snippet":"max-snippet:-1","max-image-preview":"max-image-preview:large","max-video-preview":"max-video-preview:-1"},"canonical":"https:\/\/quehacerpolitico.mx\/?p=35449","og_locale":"es_MX","og_type":"article","og_title":"Ascienden a un mill\u00f3n de pesos los da\u00f1os al Metrob\u00fas durante marcha -","og_description":"Ascienden a un mill\u00f3n de pesos los da\u00f1os al Metrob\u00fas durante marcha Por Redacci\u00f3n QP","og_url":"https:\/\/quehacerpolitico.mx\/?p=35449","article_published_time":"2019-08-17T23:50:57+00:00","author":"Redacci\u00f3n QP","twitter_card":"summary_large_image","twitter_misc":{"Escrito por":"Redacci\u00f3n QP","Tiempo de lectura":"2 minutos"},"schema":{"@context":"https:\/\/schema.org","@graph":[{"@type":"Article","@id":"https:\/\/quehacerpolitico.mx\/?p=35449#article","isPartOf":{"@id":"https:\/\/quehacerpolitico.mx\/?p=35449"},"author":{"name":"Redacci\u00f3n QP","@id":"https:\/\/quehacerpolitico.mx\/#\/schema\/person\/496d8ad2d1d3f8036101dca7ee39e585"},"headline":"Ascienden a un mill\u00f3n de pesos los da\u00f1os al Metrob\u00fas durante marcha","datePublished":"2019-08-17T23:50:57+00:00","mainEntityOfPage":{"@id":"https:\/\/quehacerpolitico.mx\/?p=35449"},"wordCount":409,"commentCount":0,"image":{"@id":"https:\/\/quehacerpolitico.mx\/?p=35449#primaryimage"},"thumbnailUrl":"","articleSection":["CDMX"],"inLanguage":"es","potentialAction":[{"@type":"CommentAction","name":"Comment","target":["https:\/\/quehacerpolitico.mx\/?p=35449#respond"]}]},{"@type":"WebPage","@id":"https:\/\/quehacerpolitico.mx\/?p=35449","url":"https:\/\/quehacerpolitico.mx\/?p=35449","name":"Ascienden a un mill\u00f3n de pesos los da\u00f1os al Metrob\u00fas durante marcha -","isPartOf":{"@id":"https:\/\/quehacerpolitico.mx\/#website"},"primaryImageOfPage":{"@id":"https:\/\/quehacerpolitico.mx\/?p=35449#primaryimage"},"image":{"@id":"https:\/\/quehacerpolitico.mx\/?p=35449#primaryimage"},"thumbnailUrl":"","datePublished":"2019-08-17T23:50:57+00:00","author":{"@id":"https:\/\/quehacerpolitico.mx\/#\/schema\/person\/496d8ad2d1d3f8036101dca7ee39e585"},"breadcrumb":{"@id":"https:\/\/quehacerpolitico.mx\/?p=35449#breadcrumb"},"inLanguage":"es","potentialAction":[{"@type":"ReadAction","target":["https:\/\/quehacerpolitico.mx\/?p=35449"]}]},{"@type":"ImageObject","inLanguage":"es","@id":"https:\/\/quehacerpolitico.mx\/?p=35449#primaryimage","url":"","contentUrl":""},{"@type":"BreadcrumbList","@id":"https:\/\/quehacerpolitico.mx\/?p=35449#breadcrumb","itemListElement":[{"@type":"ListItem","position":1,"name":"Inicio","item":"https:\/\/quehacerpolitico.mx\/"},{"@type":"ListItem","position":2,"name":"Ascienden a un mill\u00f3n de pesos los da\u00f1os al Metrob\u00fas durante marcha"}]},{"@type":"WebSite","@id":"https:\/\/quehacerpolitico.mx\/#website","url":"https:\/\/quehacerpolitico.mx\/","name":"","description":"","potentialAction":[{"@type":"SearchAction","target":{"@type":"EntryPoint","urlTemplate":"https:\/\/quehacerpolitico.mx\/?s={search_term_string}"},"query-input":{"@type":"PropertyValueSpecification","valueRequired":true,"valueName":"search_term_string"}}],"inLanguage":"es"},{"@type":"Person","@id":"https:\/\/quehacerpolitico.mx\/#\/schema\/person\/496d8ad2d1d3f8036101dca7ee39e585","name":"Redacci\u00f3n QP","image":{"@type":"ImageObject","inLanguage":"es","@id":"https:\/\/secure.gravatar.com\/avatar\/c7164ed6fdec453195284ad24a5ae5b6e1eed2b848477fa2a4787ba9adf39a41?s=96&d=mm&r=g","url":"https:\/\/secure.gravatar.com\/avatar\/c7164ed6fdec453195284ad24a5ae5b6e1eed2b848477fa2a4787ba9adf39a41?s=96&d=mm&r=g","contentUrl":"https:\/\/secure.gravatar.com\/avatar\/c7164ed6fdec453195284ad24a5ae5b6e1eed2b848477fa2a4787ba9adf39a41?s=96&d=mm&r=g","caption":"Redacci\u00f3n QP"},"url":"https:\/\/quehacerpolitico.mx\/?author=2"}]}},"featured_image_urls":{"full":"","thumbnail":"","medium":"","medium_large":"","large":"","1536x1536":"","2048x2048":"","covernews-featured":"","covernews-medium":""},"author_info":{"display_name":"Redacci\u00f3n QP","author_link":"https:\/\/quehacerpolitico.mx\/?author=2"},"category_info":"<a href=\"https:\/\/quehacerpolitico.mx\/?cat=55\" rel=\"category\">CDMX<\/a>","tag_info":"CDMX","comment_count":"0","_links":{"self":[{"href":"https:\/\/quehacerpolitico.mx\/index.php?rest_route=\/wp\/v2\/posts\/35449","targetHints":{"allow":["GET"]}}],"collection":[{"href":"https:\/\/quehacerpolitico.mx\/index.php?rest_route=\/wp\/v2\/posts"}],"about":[{"href":"https:\/\/quehacerpolitico.mx\/index.php?rest_route=\/wp\/v2\/types\/post"}],"author":[{"embeddable":true,"href":"https:\/\/quehacerpolitico.mx\/index.php?rest_route=\/wp\/v2\/users\/2"}],"replies":[{"embeddable":true,"href":"https:\/\/quehacerpolitico.mx\/index.php?rest_route=%2Fwp%2Fv2%2Fcomments&post=35449"}],"version-history":[{"count":0,"href":"https:\/\/quehacerpolitico.mx\/index.php?rest_route=\/wp\/v2\/posts\/35449\/revisions"}],"wp:featuredmedia":[{"embeddable":true,"href":"https:\/\/quehacerpolitico.mx\/index.php?rest_route=\/"}],"wp:attachment":[{"href":"https:\/\/quehacerpolitico.mx\/index.php?rest_route=%2Fwp%2Fv2%2Fmedia&parent=35449"}],"wp:term":[{"taxonomy":"category","embeddable":true,"href":"https:\/\/quehacerpolitico.mx\/index.php?rest_route=%2Fwp%2Fv2%2Fcategories&post=35449"},{"taxonomy":"post_tag","embeddable":true,"href":"https:\/\/quehacerpolitico.mx\/index.php?rest_route=%2Fwp%2Fv2%2Ftags&post=35449"}],"curies":[{"name":"wp","href":"https:\/\/api.w.org\/{rel}","templated":true}]}}