{"id":35443,"date":"2019-08-17T20:46:13","date_gmt":"2019-08-17T20:46:13","guid":{"rendered":"http:\/\/quehacerpolitico.mx\/alcaldias-con-programa-de-proteccion-civil-nestor-nunez-se-compromete-con-vecinos-de-cuauhtemoc\/"},"modified":"2019-08-17T20:46:13","modified_gmt":"2019-08-17T20:46:13","slug":"alcaldias-con-programa-de-proteccion-civil-nestor-nunez-se-compromete-con-vecinos-de-cuauhtemoc","status":"publish","type":"post","link":"https:\/\/quehacerpolitico.mx\/?p=35443","title":{"rendered":"Alcald\u00edas\/\/\/Con programa de Protecci\u00f3n Civil, N\u00e9stor N\u00fa\u00f1ez se compromete con vecinos de Cuauht\u00e9moc"},"content":{"rendered":"<p>Con programa de Protecci\u00f3n Civil, N\u00e9stor N\u00fa\u00f1ez se compromete con vecinos de Cuauht\u00e9moc<\/p>\n<p>Por Redacci\u00f3n QP<\/p>\n<div class=\"s12\"><span class=\"s10\">\u2022 <\/span><span class=\"s11\"><span class=\"bumpedFont15\">Se otorgar\u00e1 un apoyo cuatrimestral de 2 mil pesos a 400 j\u00f3venes de 18 a 39 a\u00f1os. <\/span><\/span><\/div>\n<div class=\"s12\"><span class=\"s10\">\u2022 <\/span><span class=\"s11\"><span class=\"bumpedFont15\">Se busca <\/span><\/span><span class=\"s11\"><span class=\"bumpedFont15\">mejorar la capacidad de <\/span><\/span><span class=\"s11\"><span class=\"bumpedFont15\">respuesta ciudada<\/span><\/span><span class=\"s11\"><span class=\"bumpedFont15\">na ante un siniestro y como una <\/span><\/span><span class=\"s11\"><span class=\"bumpedFont15\">alternativa para i<\/span><\/span><span class=\"s11\"><span class=\"bumpedFont15\">nsertarlos en el \u00e1mbito laboral.<\/span><\/span><\/div>\n<div class=\"s12\"><span class=\"s10\">\u2022 <\/span><span class=\"s11\"><span class=\"bumpedFont15\">Se hizo entrega<\/span><\/span><span class=\"s11\"><span class=\"bumpedFont15\"> de uniformes y mochilas de vida a los beneficiarios. <\/span><\/span><\/div>\n<p class=\"s6\"><span class=\"s11\"><span class=\"bumpedFont15\">Con una inversi\u00f3n de 3 millones 200 mil peso<\/span><\/span><span class=\"s11\"><span class=\"bumpedFont15\">s, <\/span><\/span><span class=\"s11\"><span class=\"bumpedFont15\">el alcalde de Cuauht\u00e9moc, N\u00e9stor N\u00fa\u00f1ez L\u00f3pez llev\u00f3 a cabo la entrega de los monederos electr\u00f3nicos a los beneficiarios del programa \u201c<\/span><\/span><span class=\"s11\"><span class=\"bumpedFont15\">Brigada Alcald\u00eda Cuauht\u00e9moc<\/span><\/span><span class=\"s11\"><span class=\"bumpedFont15\">\u201d, quienes recibir\u00e1n un apoyo cuatrimestral de 2 mil pesos. <\/span><\/span><\/p>\n<p class=\"s6\"><span class=\"s11\"><span class=\"bumpedFont15\">\u201c<\/span><\/span><span class=\"s11\"><span class=\"bumpedFont15\">En el marco del<\/span><\/span><span class=\"s11\"><span class=\"bumpedFont15\"> D\u00eda Mundial de las Juventudes, <\/span><\/span><span class=\"s11\"><span class=\"bumpedFont15\">quiero reiterar mi compromiso con las y los j\u00f3venes de la Cuauht\u00e9moc, sabemos el talento que tienen en diferentes \u00e1mbitos, como la cultura y el deporte, y desde las diferentes \u00e1reas de la Alcald\u00eda buscamos impulsarlos y apostarle a ustedes, nuestro presente y futuro. Por eso dise\u00f1amos el programa Brigada Alcald\u00eda Cuauht\u00e9moc par<\/span><\/span><span class=\"s11\"><span class=\"bumpedFont15\">a j\u00f3venes de entre 18 y 39 a\u00f1os\u201d coment\u00f3 N\u00fa\u00f1ez L\u00f3pez. <\/span><\/span><\/p>\n<p class=\"s6\">https:\/\/www.facebook.com\/AlcCuauhtemocMx\/videos\/364496161154362\/<\/p>\n<p class=\"s6\"><span class=\"s11\"><span class=\"bumpedFont15\">El objetivo del programa consta en <\/span><\/span><span class=\"s11\"><span class=\"bumpedFont15\">capacitar y certificar a 400<\/span><\/span> <span class=\"s11\"><span class=\"bumpedFont15\">personas <\/span><\/span><span class=\"s11\"><span class=\"bumpedFont15\">de la demarcaci\u00f3n en materia de <\/span><\/span><span class=\"s11\"><span class=\"bumpedFont15\">Protecci\u00f3n Civ<\/span><\/span><span class=\"s11\"><span class=\"bumpedFont15\">il para mejorar la capacidad de <\/span><\/span><span class=\"s11\"><span class=\"bumpedFont15\">respuesta ciudada<\/span><\/span><span class=\"s11\"><span class=\"bumpedFont15\">na ante un siniestro y como una <\/span><\/span><span class=\"s11\"><span class=\"bumpedFont15\">alternativa para i<\/span><\/span><span class=\"s11\"><span class=\"bumpedFont15\">nsertarlos en el \u00e1mbito laboral, a trav\u00e9s \u00a0de aliados de la \u00a0Alcald\u00eda Cuauht\u00e9moc como COPARMEX<\/span><\/span><span class=\"s11\"><span class=\"bumpedFont15\">, Red Nacional de Negocios, CANACO, <\/span><\/span><span class=\"s11\"><span class=\"bumpedFont15\">CANACOPE, <\/span><\/span><span class=\"s11\"><span class=\"bumpedFont15\">Asociaci\u00f3n Mexicana de Hoteles y Moteles<\/span><\/span><span class=\"s11\"><span class=\"bumpedFont15\">, entre otros. <\/span><\/span><\/p>\n<p class=\"s6\"><span class=\"s11\"><span class=\"bumpedFont15\">Las 4 generaciones que conforman<\/span><\/span><span class=\"s11\"><span class=\"bumpedFont15\"> la Brigada ser\u00e1n capacitadas a trav\u00e9s del Instituto de Capacitaci\u00f3n para el Trabajo de la Ciudad de M\u00e9xico (ICAT), encabezado por el M<\/span><\/span><span class=\"s11\"><span class=\"bumpedFont15\">aestro Adri\u00e1n Escamilla Palafox, instituci\u00f3n que brindar\u00e1 una constancia con validez oficial emitida por la<\/span><\/span><span class=\"s11\"><span class=\"bumpedFont15\"> Secreta<\/span><\/span><span class=\"s11\"><span class=\"bumpedFont15\">r\u00eda de Educaci\u00f3n P\u00fablica y una constancia de habilidades l<\/span><\/span><span class=\"s11\"><span class=\"bumpedFont15\">aborales emitida por la Secretar\u00eda del Trabajo y Previsi\u00f3n Social<\/span><\/span><span class=\"s11\"><span class=\"bumpedFont15\">.<\/span><\/span><\/p>\n<p class=\"s6\"><span class=\"s11\"><span class=\"bumpedFont15\">Esta capacitaci\u00f3n se llevar\u00e1 a cab<\/span><\/span><span class=\"s11\"><span class=\"bumpedFont15\">o todos los s\u00e1bados de 08:30 a 16:00 horas en la sede de la Alcald\u00eda, y constar\u00e1 de cuatro m\u00f3dulos: p<\/span><\/span><span class=\"s11\"><span class=\"bumpedFont15\">rimeros auxilios<\/span><\/span><span class=\"s11\"><span class=\"bumpedFont15\">; b<\/span><\/span><span class=\"s11\"><span class=\"bumpedFont15\">\u00fasqueda y rescate<\/span><\/span><span class=\"s11\"><span class=\"bumpedFont15\">; c<\/span><\/span><span class=\"s11\"><span class=\"bumpedFont15\">ombate y prevenci\u00f3n de incendios<\/span><\/span><span class=\"s11\"><span class=\"bumpedFont15\">; y e<\/span><\/span><span class=\"s11\"><span class=\"bumpedFont15\">vacuaci\u00f3n y repliegue<\/span><\/span><span class=\"s11\"><span class=\"bumpedFont15\">. <\/span><\/span><\/p>\n<p class=\"s6\"><span class=\"s11\"><span class=\"bumpedFont15\">El servicio social<\/span><\/span><span class=\"s11\"><span class=\"bumpedFont15\">, que tambi\u00e9n es parte del programa,<\/span><\/span><span class=\"s11\"><span class=\"bumpedFont15\">constar\u00e1 en<\/span><\/span><span class=\"s11\"><span class=\"bumpedFont15\"> armar brigadas en los 39 mercados de la demarcaci\u00f3n, as\u00ed como en diferentes predios y espacios p\u00fablicos. <\/span><\/span><\/p>\n<p class=\"s6\"><span class=\"s11\"><span class=\"bumpedFont15\">En este evento estuvieron presentes la <\/span><\/span><span class=\"s11\"><span class=\"bumpedFont15\">Arquitecta Myriam <\/span><\/span><span class=\"s11\"><span class=\"bumpedFont15\">Urz\u00faa<\/span><\/span><span class=\"s11\"><span class=\"bumpedFont15\"> Venegas, Secretaria de Gesti\u00f3n Integral de<\/span><\/span><span class=\"s11\"><span class=\"bumpedFont15\"> Riesgos y Protecci\u00f3n Civil; el <\/span><\/span><span class=\"s11\"><span class=\"bumpedFont15\">Maestro Adri\u00e1n Escamilla, Director General del Instituto d<\/span><\/span><span class=\"s11\"><span class=\"bumpedFont15\">e Capacitaci\u00f3n para el Trabajo; el <\/span><\/span><span class=\"s11\"><span class=\"bumpedFont15\">Diputados Locales Jos\u00e9 Luis Rodr\u00edguez<\/span><\/span><span class=\"s11\"><span class=\"bumpedFont15\">, y parte de la plantilla de concejales.<\/span><\/span><\/p>\n","protected":false},"excerpt":{"rendered":"<p>Con programa de Protecci\u00f3n Civil, N\u00e9stor N\u00fa\u00f1ez se compromete con vecinos de Cuauht\u00e9moc<br \/>\nPor Redacci\u00f3n QP<\/p>\n","protected":false},"author":2,"featured_media":35442,"comment_status":"open","ping_status":"open","sticky":false,"template":"","format":"standard","meta":{"_monsterinsights_skip_tracking":false,"_monsterinsights_sitenote_active":false,"_monsterinsights_sitenote_note":"","_monsterinsights_sitenote_category":0,"footnotes":""},"categories":[55],"tags":[],"class_list":["post-35443","post","type-post","status-publish","format-standard","has-post-thumbnail","hentry","category-cdmx"],"yoast_head":"<!-- This site is optimized with the Yoast SEO plugin v27.3 - https:\/\/yoast.com\/product\/yoast-seo-wordpress\/ -->\n<title>Alcald\u00edas\/\/\/Con programa de Protecci\u00f3n Civil, N\u00e9stor N\u00fa\u00f1ez se compromete con vecinos de Cuauht\u00e9moc -<\/title>\n<meta name=\"robots\" content=\"index, follow, max-snippet:-1, max-image-preview:large, max-video-preview:-1\" \/>\n<link rel=\"canonical\" href=\"https:\/\/quehacerpolitico.mx\/?p=35443\" \/>\n<meta property=\"og:locale\" content=\"es_MX\" \/>\n<meta property=\"og:type\" content=\"article\" \/>\n<meta property=\"og:title\" content=\"Alcald\u00edas\/\/\/Con programa de Protecci\u00f3n Civil, N\u00e9stor N\u00fa\u00f1ez se compromete con vecinos de Cuauht\u00e9moc -\" \/>\n<meta property=\"og:description\" content=\"Con programa de Protecci\u00f3n Civil, N\u00e9stor N\u00fa\u00f1ez se compromete con vecinos de Cuauht\u00e9moc Por Redacci\u00f3n QP\" \/>\n<meta property=\"og:url\" content=\"https:\/\/quehacerpolitico.mx\/?p=35443\" \/>\n<meta property=\"article:published_time\" content=\"2019-08-17T20:46:13+00:00\" \/>\n<meta name=\"author\" content=\"Redacci\u00f3n QP\" \/>\n<meta name=\"twitter:card\" content=\"summary_large_image\" \/>\n<meta name=\"twitter:label1\" content=\"Escrito por\" \/>\n\t<meta name=\"twitter:data1\" content=\"Redacci\u00f3n QP\" \/>\n\t<meta name=\"twitter:label2\" content=\"Tiempo de lectura\" \/>\n\t<meta name=\"twitter:data2\" content=\"2 minutos\" \/>\n<script type=\"application\/ld+json\" class=\"yoast-schema-graph\">{\"@context\":\"https:\\\/\\\/schema.org\",\"@graph\":[{\"@type\":\"Article\",\"@id\":\"https:\\\/\\\/quehacerpolitico.mx\\\/?p=35443#article\",\"isPartOf\":{\"@id\":\"https:\\\/\\\/quehacerpolitico.mx\\\/?p=35443\"},\"author\":{\"name\":\"Redacci\u00f3n QP\",\"@id\":\"https:\\\/\\\/quehacerpolitico.mx\\\/#\\\/schema\\\/person\\\/496d8ad2d1d3f8036101dca7ee39e585\"},\"headline\":\"Alcald\u00edas\\\/\\\/\\\/Con programa de Protecci\u00f3n Civil, N\u00e9stor N\u00fa\u00f1ez se compromete con vecinos de Cuauht\u00e9moc\",\"datePublished\":\"2019-08-17T20:46:13+00:00\",\"mainEntityOfPage\":{\"@id\":\"https:\\\/\\\/quehacerpolitico.mx\\\/?p=35443\"},\"wordCount\":503,\"commentCount\":0,\"image\":{\"@id\":\"https:\\\/\\\/quehacerpolitico.mx\\\/?p=35443#primaryimage\"},\"thumbnailUrl\":\"\",\"articleSection\":[\"CDMX\"],\"inLanguage\":\"es\",\"potentialAction\":[{\"@type\":\"CommentAction\",\"name\":\"Comment\",\"target\":[\"https:\\\/\\\/quehacerpolitico.mx\\\/?p=35443#respond\"]}]},{\"@type\":\"WebPage\",\"@id\":\"https:\\\/\\\/quehacerpolitico.mx\\\/?p=35443\",\"url\":\"https:\\\/\\\/quehacerpolitico.mx\\\/?p=35443\",\"name\":\"Alcald\u00edas\\\/\\\/\\\/Con programa de Protecci\u00f3n Civil, N\u00e9stor N\u00fa\u00f1ez se compromete con vecinos de Cuauht\u00e9moc -\",\"isPartOf\":{\"@id\":\"https:\\\/\\\/quehacerpolitico.mx\\\/#website\"},\"primaryImageOfPage\":{\"@id\":\"https:\\\/\\\/quehacerpolitico.mx\\\/?p=35443#primaryimage\"},\"image\":{\"@id\":\"https:\\\/\\\/quehacerpolitico.mx\\\/?p=35443#primaryimage\"},\"thumbnailUrl\":\"\",\"datePublished\":\"2019-08-17T20:46:13+00:00\",\"author\":{\"@id\":\"https:\\\/\\\/quehacerpolitico.mx\\\/#\\\/schema\\\/person\\\/496d8ad2d1d3f8036101dca7ee39e585\"},\"breadcrumb\":{\"@id\":\"https:\\\/\\\/quehacerpolitico.mx\\\/?p=35443#breadcrumb\"},\"inLanguage\":\"es\",\"potentialAction\":[{\"@type\":\"ReadAction\",\"target\":[\"https:\\\/\\\/quehacerpolitico.mx\\\/?p=35443\"]}]},{\"@type\":\"ImageObject\",\"inLanguage\":\"es\",\"@id\":\"https:\\\/\\\/quehacerpolitico.mx\\\/?p=35443#primaryimage\",\"url\":\"\",\"contentUrl\":\"\"},{\"@type\":\"BreadcrumbList\",\"@id\":\"https:\\\/\\\/quehacerpolitico.mx\\\/?p=35443#breadcrumb\",\"itemListElement\":[{\"@type\":\"ListItem\",\"position\":1,\"name\":\"Inicio\",\"item\":\"https:\\\/\\\/quehacerpolitico.mx\\\/\"},{\"@type\":\"ListItem\",\"position\":2,\"name\":\"Alcald\u00edas\\\/\\\/\\\/Con programa de Protecci\u00f3n Civil, N\u00e9stor N\u00fa\u00f1ez se compromete con vecinos de Cuauht\u00e9moc\"}]},{\"@type\":\"WebSite\",\"@id\":\"https:\\\/\\\/quehacerpolitico.mx\\\/#website\",\"url\":\"https:\\\/\\\/quehacerpolitico.mx\\\/\",\"name\":\"\",\"description\":\"\",\"potentialAction\":[{\"@type\":\"SearchAction\",\"target\":{\"@type\":\"EntryPoint\",\"urlTemplate\":\"https:\\\/\\\/quehacerpolitico.mx\\\/?s={search_term_string}\"},\"query-input\":{\"@type\":\"PropertyValueSpecification\",\"valueRequired\":true,\"valueName\":\"search_term_string\"}}],\"inLanguage\":\"es\"},{\"@type\":\"Person\",\"@id\":\"https:\\\/\\\/quehacerpolitico.mx\\\/#\\\/schema\\\/person\\\/496d8ad2d1d3f8036101dca7ee39e585\",\"name\":\"Redacci\u00f3n QP\",\"image\":{\"@type\":\"ImageObject\",\"inLanguage\":\"es\",\"@id\":\"https:\\\/\\\/secure.gravatar.com\\\/avatar\\\/c7164ed6fdec453195284ad24a5ae5b6e1eed2b848477fa2a4787ba9adf39a41?s=96&d=mm&r=g\",\"url\":\"https:\\\/\\\/secure.gravatar.com\\\/avatar\\\/c7164ed6fdec453195284ad24a5ae5b6e1eed2b848477fa2a4787ba9adf39a41?s=96&d=mm&r=g\",\"contentUrl\":\"https:\\\/\\\/secure.gravatar.com\\\/avatar\\\/c7164ed6fdec453195284ad24a5ae5b6e1eed2b848477fa2a4787ba9adf39a41?s=96&d=mm&r=g\",\"caption\":\"Redacci\u00f3n QP\"},\"url\":\"https:\\\/\\\/quehacerpolitico.mx\\\/?author=2\"}]}<\/script>\n<!-- \/ Yoast SEO plugin. -->","yoast_head_json":{"title":"Alcald\u00edas\/\/\/Con programa de Protecci\u00f3n Civil, N\u00e9stor N\u00fa\u00f1ez se compromete con vecinos de Cuauht\u00e9moc -","robots":{"index":"index","follow":"follow","max-snippet":"max-snippet:-1","max-image-preview":"max-image-preview:large","max-video-preview":"max-video-preview:-1"},"canonical":"https:\/\/quehacerpolitico.mx\/?p=35443","og_locale":"es_MX","og_type":"article","og_title":"Alcald\u00edas\/\/\/Con programa de Protecci\u00f3n Civil, N\u00e9stor N\u00fa\u00f1ez se compromete con vecinos de Cuauht\u00e9moc -","og_description":"Con programa de Protecci\u00f3n Civil, N\u00e9stor N\u00fa\u00f1ez se compromete con vecinos de Cuauht\u00e9moc Por Redacci\u00f3n QP","og_url":"https:\/\/quehacerpolitico.mx\/?p=35443","article_published_time":"2019-08-17T20:46:13+00:00","author":"Redacci\u00f3n QP","twitter_card":"summary_large_image","twitter_misc":{"Escrito por":"Redacci\u00f3n QP","Tiempo de lectura":"2 minutos"},"schema":{"@context":"https:\/\/schema.org","@graph":[{"@type":"Article","@id":"https:\/\/quehacerpolitico.mx\/?p=35443#article","isPartOf":{"@id":"https:\/\/quehacerpolitico.mx\/?p=35443"},"author":{"name":"Redacci\u00f3n QP","@id":"https:\/\/quehacerpolitico.mx\/#\/schema\/person\/496d8ad2d1d3f8036101dca7ee39e585"},"headline":"Alcald\u00edas\/\/\/Con programa de Protecci\u00f3n Civil, N\u00e9stor N\u00fa\u00f1ez se compromete con vecinos de Cuauht\u00e9moc","datePublished":"2019-08-17T20:46:13+00:00","mainEntityOfPage":{"@id":"https:\/\/quehacerpolitico.mx\/?p=35443"},"wordCount":503,"commentCount":0,"image":{"@id":"https:\/\/quehacerpolitico.mx\/?p=35443#primaryimage"},"thumbnailUrl":"","articleSection":["CDMX"],"inLanguage":"es","potentialAction":[{"@type":"CommentAction","name":"Comment","target":["https:\/\/quehacerpolitico.mx\/?p=35443#respond"]}]},{"@type":"WebPage","@id":"https:\/\/quehacerpolitico.mx\/?p=35443","url":"https:\/\/quehacerpolitico.mx\/?p=35443","name":"Alcald\u00edas\/\/\/Con programa de Protecci\u00f3n Civil, N\u00e9stor N\u00fa\u00f1ez se compromete con vecinos de Cuauht\u00e9moc -","isPartOf":{"@id":"https:\/\/quehacerpolitico.mx\/#website"},"primaryImageOfPage":{"@id":"https:\/\/quehacerpolitico.mx\/?p=35443#primaryimage"},"image":{"@id":"https:\/\/quehacerpolitico.mx\/?p=35443#primaryimage"},"thumbnailUrl":"","datePublished":"2019-08-17T20:46:13+00:00","author":{"@id":"https:\/\/quehacerpolitico.mx\/#\/schema\/person\/496d8ad2d1d3f8036101dca7ee39e585"},"breadcrumb":{"@id":"https:\/\/quehacerpolitico.mx\/?p=35443#breadcrumb"},"inLanguage":"es","potentialAction":[{"@type":"ReadAction","target":["https:\/\/quehacerpolitico.mx\/?p=35443"]}]},{"@type":"ImageObject","inLanguage":"es","@id":"https:\/\/quehacerpolitico.mx\/?p=35443#primaryimage","url":"","contentUrl":""},{"@type":"BreadcrumbList","@id":"https:\/\/quehacerpolitico.mx\/?p=35443#breadcrumb","itemListElement":[{"@type":"ListItem","position":1,"name":"Inicio","item":"https:\/\/quehacerpolitico.mx\/"},{"@type":"ListItem","position":2,"name":"Alcald\u00edas\/\/\/Con programa de Protecci\u00f3n Civil, N\u00e9stor N\u00fa\u00f1ez se compromete con vecinos de Cuauht\u00e9moc"}]},{"@type":"WebSite","@id":"https:\/\/quehacerpolitico.mx\/#website","url":"https:\/\/quehacerpolitico.mx\/","name":"","description":"","potentialAction":[{"@type":"SearchAction","target":{"@type":"EntryPoint","urlTemplate":"https:\/\/quehacerpolitico.mx\/?s={search_term_string}"},"query-input":{"@type":"PropertyValueSpecification","valueRequired":true,"valueName":"search_term_string"}}],"inLanguage":"es"},{"@type":"Person","@id":"https:\/\/quehacerpolitico.mx\/#\/schema\/person\/496d8ad2d1d3f8036101dca7ee39e585","name":"Redacci\u00f3n QP","image":{"@type":"ImageObject","inLanguage":"es","@id":"https:\/\/secure.gravatar.com\/avatar\/c7164ed6fdec453195284ad24a5ae5b6e1eed2b848477fa2a4787ba9adf39a41?s=96&d=mm&r=g","url":"https:\/\/secure.gravatar.com\/avatar\/c7164ed6fdec453195284ad24a5ae5b6e1eed2b848477fa2a4787ba9adf39a41?s=96&d=mm&r=g","contentUrl":"https:\/\/secure.gravatar.com\/avatar\/c7164ed6fdec453195284ad24a5ae5b6e1eed2b848477fa2a4787ba9adf39a41?s=96&d=mm&r=g","caption":"Redacci\u00f3n QP"},"url":"https:\/\/quehacerpolitico.mx\/?author=2"}]}},"featured_image_urls":{"full":"","thumbnail":"","medium":"","medium_large":"","large":"","1536x1536":"","2048x2048":"","covernews-featured":"","covernews-medium":""},"author_info":{"display_name":"Redacci\u00f3n QP","author_link":"https:\/\/quehacerpolitico.mx\/?author=2"},"category_info":"<a href=\"https:\/\/quehacerpolitico.mx\/?cat=55\" rel=\"category\">CDMX<\/a>","tag_info":"CDMX","comment_count":"0","_links":{"self":[{"href":"https:\/\/quehacerpolitico.mx\/index.php?rest_route=\/wp\/v2\/posts\/35443","targetHints":{"allow":["GET"]}}],"collection":[{"href":"https:\/\/quehacerpolitico.mx\/index.php?rest_route=\/wp\/v2\/posts"}],"about":[{"href":"https:\/\/quehacerpolitico.mx\/index.php?rest_route=\/wp\/v2\/types\/post"}],"author":[{"embeddable":true,"href":"https:\/\/quehacerpolitico.mx\/index.php?rest_route=\/wp\/v2\/users\/2"}],"replies":[{"embeddable":true,"href":"https:\/\/quehacerpolitico.mx\/index.php?rest_route=%2Fwp%2Fv2%2Fcomments&post=35443"}],"version-history":[{"count":0,"href":"https:\/\/quehacerpolitico.mx\/index.php?rest_route=\/wp\/v2\/posts\/35443\/revisions"}],"wp:featuredmedia":[{"embeddable":true,"href":"https:\/\/quehacerpolitico.mx\/index.php?rest_route=\/"}],"wp:attachment":[{"href":"https:\/\/quehacerpolitico.mx\/index.php?rest_route=%2Fwp%2Fv2%2Fmedia&parent=35443"}],"wp:term":[{"taxonomy":"category","embeddable":true,"href":"https:\/\/quehacerpolitico.mx\/index.php?rest_route=%2Fwp%2Fv2%2Fcategories&post=35443"},{"taxonomy":"post_tag","embeddable":true,"href":"https:\/\/quehacerpolitico.mx\/index.php?rest_route=%2Fwp%2Fv2%2Ftags&post=35443"}],"curies":[{"name":"wp","href":"https:\/\/api.w.org\/{rel}","templated":true}]}}