{"id":35434,"date":"2019-08-17T19:11:37","date_gmt":"2019-08-17T19:11:37","guid":{"rendered":"http:\/\/quehacerpolitico.mx\/policia-capitalina-actuo-conforme-a-lo-establecido-ante-marchas-orta-martinez\/"},"modified":"2019-08-17T19:11:37","modified_gmt":"2019-08-17T19:11:37","slug":"policia-capitalina-actuo-conforme-a-lo-establecido-ante-marchas-orta-martinez","status":"publish","type":"post","link":"https:\/\/quehacerpolitico.mx\/?p=35434","title":{"rendered":"Polic\u00eda capitalina actu\u00f3 conforme a lo establecido ante marchas: Orta Mart\u00ednez"},"content":{"rendered":"<p>Polic\u00eda capitalina actu\u00f3 conforme a lo establecido ante marchas: Orta Mart\u00ednez<\/p>\n<p>Por Redacci\u00f3n QP<\/p>\n<p>* Ya fueron identificadas comitivas que realizaron actos violentos<\/p>\n<p>El secretario de Seguridad Ciudadana de la Ciudad de M\u00e9xico, Jes\u00fas Orta Mart\u00ednez, asegur\u00f3 que la polic\u00eda capitalina no fue rebasada en las manifestaciones de ayer sino que se decidi\u00f3 no frenar las acciones de protesta de mujeres contra la violencia que se vive en esta urbe.<\/p>\n<p>\u201cLa polic\u00eda no est\u00e1 rebasada, la polic\u00eda actu\u00f3 de acuerdo a las decisiones que se tomaron y ahora podemos decir que, al final de d\u00eda, fuera de los lesionados, hay un saldo blanco\u201d, destac\u00f3.<\/p>\n<p>En declaraciones a medios de comunicaci\u00f3n, el funcionario dijo que si bien las manifestaciones dejaron varios da\u00f1os a monumentos e infraestructura de la capital, el costo es menor de lo que hubiera sido con intervenci\u00f3n policiaca.<\/p>\n<p>Tambi\u00e9n revel\u00f3 que a las manifestaciones para exigir mayor seguridad para las mujeres, asistieron aproximadamente tres mil 500 personas, adem\u00e1s de que ya se identificaron a distintas comitivas que realizaron actos violentos.<\/p>\n<p>Respecto a las agresiones contra representantes de medios de comunicaci\u00f3n, ciudadanos y personal de medios de transporte, Orta Mart\u00ednez se\u00f1al\u00f3 que se lleva cabo un trabajo de inteligencia para encontrar a los responsables y que el caso del reportero golpeado es prioridad.<\/p>\n<blockquote class=\"twitter-tweet\" data-width=\"550\" data-dnt=\"true\">\n<p lang=\"es\" dir=\"ltr\">\ud83d\udd34 | Jes\u00fas Orta Secretario de Seguridad Ciudadana, declar\u00f3 que la polic\u00eda actu\u00f3 conforme a decisiones en la marcha de ayer.  El reporte con <a href=\"https:\/\/twitter.com\/davortega_7?ref_src=twsrc%5Etfw\">@davortega_7<\/a>. <\/p>\n<p> <a href=\"https:\/\/twitter.com\/hashtag\/TelediarioEnEl6?src=hash&amp;ref_src=twsrc%5Etfw\">#TelediarioEnEl6<\/a> con <a href=\"https:\/\/twitter.com\/pedrogamboamr?ref_src=twsrc%5Etfw\">@pedrogamboamr<\/a> y <a href=\"https:\/\/twitter.com\/priscilacantu?ref_src=twsrc%5Etfw\">@priscilacantu<\/a> | <a href=\"https:\/\/t.co\/pnuX2PK3Ln\">https:\/\/t.co\/pnuX2PK3Ln<\/a> <a href=\"https:\/\/t.co\/qdbL8ltLEo\">pic.twitter.com\/qdbL8ltLEo<\/a><\/p>\n<p>&mdash; @telediario (@telediario) <a href=\"https:\/\/twitter.com\/telediario\/status\/1162784946039095296?ref_src=twsrc%5Etfw\">August 17, 2019<\/a><\/p><\/blockquote>\n<p><script async src=\"https:\/\/platform.twitter.com\/widgets.js\" charset=\"utf-8\"><\/script><\/p>\n<p>\u201cEs un objetivo prioritario sin duda y tenemos informaci\u00f3n al respecto, yo no estoy abocado a eso, estamos aportando informaci\u00f3n\u201d, agreg\u00f3.<\/p>\n<p>La ma\u00f1ana de este s\u00e1bado, la jefa de Gobierno de la Ciudad de M\u00e9xico, Claudia Sheinbaum, se re\u00fane con representantes de las organizaciones que han convocado a estar machas en contra de la violencia que las mujeres viven en la capital del pa\u00eds.<\/p>\n<p>Con Informaci\u00f3n de NTX\u00a0<\/p>\n","protected":false},"excerpt":{"rendered":"<p>Polic\u00eda capitalina actu\u00f3 conforme a lo establecido ante marchas: Orta Mart\u00ednez<br \/>\nPor Redacci\u00f3n QP<\/p>\n","protected":false},"author":2,"featured_media":35433,"comment_status":"open","ping_status":"open","sticky":false,"template":"","format":"standard","meta":{"_monsterinsights_skip_tracking":false,"_monsterinsights_sitenote_active":false,"_monsterinsights_sitenote_note":"","_monsterinsights_sitenote_category":0,"footnotes":""},"categories":[55],"tags":[],"class_list":["post-35434","post","type-post","status-publish","format-standard","has-post-thumbnail","hentry","category-cdmx"],"yoast_head":"<!-- This site is optimized with the Yoast SEO plugin v27.3 - https:\/\/yoast.com\/product\/yoast-seo-wordpress\/ -->\n<title>Polic\u00eda capitalina actu\u00f3 conforme a lo establecido ante marchas: Orta Mart\u00ednez -<\/title>\n<meta name=\"robots\" content=\"index, follow, max-snippet:-1, max-image-preview:large, max-video-preview:-1\" \/>\n<link rel=\"canonical\" href=\"https:\/\/quehacerpolitico.mx\/?p=35434\" \/>\n<meta property=\"og:locale\" content=\"es_MX\" \/>\n<meta property=\"og:type\" content=\"article\" \/>\n<meta property=\"og:title\" content=\"Polic\u00eda capitalina actu\u00f3 conforme a lo establecido ante marchas: Orta Mart\u00ednez -\" \/>\n<meta property=\"og:description\" content=\"Polic\u00eda capitalina actu\u00f3 conforme a lo establecido ante marchas: Orta Mart\u00ednez Por Redacci\u00f3n QP\" \/>\n<meta property=\"og:url\" content=\"https:\/\/quehacerpolitico.mx\/?p=35434\" \/>\n<meta property=\"article:published_time\" content=\"2019-08-17T19:11:37+00:00\" \/>\n<meta name=\"author\" content=\"Redacci\u00f3n QP\" \/>\n<meta name=\"twitter:card\" content=\"summary_large_image\" \/>\n<meta name=\"twitter:label1\" content=\"Escrito por\" \/>\n\t<meta name=\"twitter:data1\" content=\"Redacci\u00f3n QP\" \/>\n\t<meta name=\"twitter:label2\" content=\"Tiempo de lectura\" \/>\n\t<meta name=\"twitter:data2\" content=\"2 minutos\" \/>\n<script type=\"application\/ld+json\" class=\"yoast-schema-graph\">{\"@context\":\"https:\\\/\\\/schema.org\",\"@graph\":[{\"@type\":\"Article\",\"@id\":\"https:\\\/\\\/quehacerpolitico.mx\\\/?p=35434#article\",\"isPartOf\":{\"@id\":\"https:\\\/\\\/quehacerpolitico.mx\\\/?p=35434\"},\"author\":{\"name\":\"Redacci\u00f3n QP\",\"@id\":\"https:\\\/\\\/quehacerpolitico.mx\\\/#\\\/schema\\\/person\\\/496d8ad2d1d3f8036101dca7ee39e585\"},\"headline\":\"Polic\u00eda capitalina actu\u00f3 conforme a lo establecido ante marchas: Orta Mart\u00ednez\",\"datePublished\":\"2019-08-17T19:11:37+00:00\",\"mainEntityOfPage\":{\"@id\":\"https:\\\/\\\/quehacerpolitico.mx\\\/?p=35434\"},\"wordCount\":325,\"commentCount\":0,\"image\":{\"@id\":\"https:\\\/\\\/quehacerpolitico.mx\\\/?p=35434#primaryimage\"},\"thumbnailUrl\":\"\",\"articleSection\":[\"CDMX\"],\"inLanguage\":\"es\",\"potentialAction\":[{\"@type\":\"CommentAction\",\"name\":\"Comment\",\"target\":[\"https:\\\/\\\/quehacerpolitico.mx\\\/?p=35434#respond\"]}]},{\"@type\":\"WebPage\",\"@id\":\"https:\\\/\\\/quehacerpolitico.mx\\\/?p=35434\",\"url\":\"https:\\\/\\\/quehacerpolitico.mx\\\/?p=35434\",\"name\":\"Polic\u00eda capitalina actu\u00f3 conforme a lo establecido ante marchas: Orta Mart\u00ednez -\",\"isPartOf\":{\"@id\":\"https:\\\/\\\/quehacerpolitico.mx\\\/#website\"},\"primaryImageOfPage\":{\"@id\":\"https:\\\/\\\/quehacerpolitico.mx\\\/?p=35434#primaryimage\"},\"image\":{\"@id\":\"https:\\\/\\\/quehacerpolitico.mx\\\/?p=35434#primaryimage\"},\"thumbnailUrl\":\"\",\"datePublished\":\"2019-08-17T19:11:37+00:00\",\"author\":{\"@id\":\"https:\\\/\\\/quehacerpolitico.mx\\\/#\\\/schema\\\/person\\\/496d8ad2d1d3f8036101dca7ee39e585\"},\"breadcrumb\":{\"@id\":\"https:\\\/\\\/quehacerpolitico.mx\\\/?p=35434#breadcrumb\"},\"inLanguage\":\"es\",\"potentialAction\":[{\"@type\":\"ReadAction\",\"target\":[\"https:\\\/\\\/quehacerpolitico.mx\\\/?p=35434\"]}]},{\"@type\":\"ImageObject\",\"inLanguage\":\"es\",\"@id\":\"https:\\\/\\\/quehacerpolitico.mx\\\/?p=35434#primaryimage\",\"url\":\"\",\"contentUrl\":\"\"},{\"@type\":\"BreadcrumbList\",\"@id\":\"https:\\\/\\\/quehacerpolitico.mx\\\/?p=35434#breadcrumb\",\"itemListElement\":[{\"@type\":\"ListItem\",\"position\":1,\"name\":\"Inicio\",\"item\":\"https:\\\/\\\/quehacerpolitico.mx\\\/\"},{\"@type\":\"ListItem\",\"position\":2,\"name\":\"Polic\u00eda capitalina actu\u00f3 conforme a lo establecido ante marchas: Orta Mart\u00ednez\"}]},{\"@type\":\"WebSite\",\"@id\":\"https:\\\/\\\/quehacerpolitico.mx\\\/#website\",\"url\":\"https:\\\/\\\/quehacerpolitico.mx\\\/\",\"name\":\"\",\"description\":\"\",\"potentialAction\":[{\"@type\":\"SearchAction\",\"target\":{\"@type\":\"EntryPoint\",\"urlTemplate\":\"https:\\\/\\\/quehacerpolitico.mx\\\/?s={search_term_string}\"},\"query-input\":{\"@type\":\"PropertyValueSpecification\",\"valueRequired\":true,\"valueName\":\"search_term_string\"}}],\"inLanguage\":\"es\"},{\"@type\":\"Person\",\"@id\":\"https:\\\/\\\/quehacerpolitico.mx\\\/#\\\/schema\\\/person\\\/496d8ad2d1d3f8036101dca7ee39e585\",\"name\":\"Redacci\u00f3n QP\",\"image\":{\"@type\":\"ImageObject\",\"inLanguage\":\"es\",\"@id\":\"https:\\\/\\\/secure.gravatar.com\\\/avatar\\\/c7164ed6fdec453195284ad24a5ae5b6e1eed2b848477fa2a4787ba9adf39a41?s=96&d=mm&r=g\",\"url\":\"https:\\\/\\\/secure.gravatar.com\\\/avatar\\\/c7164ed6fdec453195284ad24a5ae5b6e1eed2b848477fa2a4787ba9adf39a41?s=96&d=mm&r=g\",\"contentUrl\":\"https:\\\/\\\/secure.gravatar.com\\\/avatar\\\/c7164ed6fdec453195284ad24a5ae5b6e1eed2b848477fa2a4787ba9adf39a41?s=96&d=mm&r=g\",\"caption\":\"Redacci\u00f3n QP\"},\"url\":\"https:\\\/\\\/quehacerpolitico.mx\\\/?author=2\"}]}<\/script>\n<!-- \/ Yoast SEO plugin. -->","yoast_head_json":{"title":"Polic\u00eda capitalina actu\u00f3 conforme a lo establecido ante marchas: Orta Mart\u00ednez -","robots":{"index":"index","follow":"follow","max-snippet":"max-snippet:-1","max-image-preview":"max-image-preview:large","max-video-preview":"max-video-preview:-1"},"canonical":"https:\/\/quehacerpolitico.mx\/?p=35434","og_locale":"es_MX","og_type":"article","og_title":"Polic\u00eda capitalina actu\u00f3 conforme a lo establecido ante marchas: Orta Mart\u00ednez -","og_description":"Polic\u00eda capitalina actu\u00f3 conforme a lo establecido ante marchas: Orta Mart\u00ednez Por Redacci\u00f3n QP","og_url":"https:\/\/quehacerpolitico.mx\/?p=35434","article_published_time":"2019-08-17T19:11:37+00:00","author":"Redacci\u00f3n QP","twitter_card":"summary_large_image","twitter_misc":{"Escrito por":"Redacci\u00f3n QP","Tiempo de lectura":"2 minutos"},"schema":{"@context":"https:\/\/schema.org","@graph":[{"@type":"Article","@id":"https:\/\/quehacerpolitico.mx\/?p=35434#article","isPartOf":{"@id":"https:\/\/quehacerpolitico.mx\/?p=35434"},"author":{"name":"Redacci\u00f3n QP","@id":"https:\/\/quehacerpolitico.mx\/#\/schema\/person\/496d8ad2d1d3f8036101dca7ee39e585"},"headline":"Polic\u00eda capitalina actu\u00f3 conforme a lo establecido ante marchas: Orta Mart\u00ednez","datePublished":"2019-08-17T19:11:37+00:00","mainEntityOfPage":{"@id":"https:\/\/quehacerpolitico.mx\/?p=35434"},"wordCount":325,"commentCount":0,"image":{"@id":"https:\/\/quehacerpolitico.mx\/?p=35434#primaryimage"},"thumbnailUrl":"","articleSection":["CDMX"],"inLanguage":"es","potentialAction":[{"@type":"CommentAction","name":"Comment","target":["https:\/\/quehacerpolitico.mx\/?p=35434#respond"]}]},{"@type":"WebPage","@id":"https:\/\/quehacerpolitico.mx\/?p=35434","url":"https:\/\/quehacerpolitico.mx\/?p=35434","name":"Polic\u00eda capitalina actu\u00f3 conforme a lo establecido ante marchas: Orta Mart\u00ednez -","isPartOf":{"@id":"https:\/\/quehacerpolitico.mx\/#website"},"primaryImageOfPage":{"@id":"https:\/\/quehacerpolitico.mx\/?p=35434#primaryimage"},"image":{"@id":"https:\/\/quehacerpolitico.mx\/?p=35434#primaryimage"},"thumbnailUrl":"","datePublished":"2019-08-17T19:11:37+00:00","author":{"@id":"https:\/\/quehacerpolitico.mx\/#\/schema\/person\/496d8ad2d1d3f8036101dca7ee39e585"},"breadcrumb":{"@id":"https:\/\/quehacerpolitico.mx\/?p=35434#breadcrumb"},"inLanguage":"es","potentialAction":[{"@type":"ReadAction","target":["https:\/\/quehacerpolitico.mx\/?p=35434"]}]},{"@type":"ImageObject","inLanguage":"es","@id":"https:\/\/quehacerpolitico.mx\/?p=35434#primaryimage","url":"","contentUrl":""},{"@type":"BreadcrumbList","@id":"https:\/\/quehacerpolitico.mx\/?p=35434#breadcrumb","itemListElement":[{"@type":"ListItem","position":1,"name":"Inicio","item":"https:\/\/quehacerpolitico.mx\/"},{"@type":"ListItem","position":2,"name":"Polic\u00eda capitalina actu\u00f3 conforme a lo establecido ante marchas: Orta Mart\u00ednez"}]},{"@type":"WebSite","@id":"https:\/\/quehacerpolitico.mx\/#website","url":"https:\/\/quehacerpolitico.mx\/","name":"","description":"","potentialAction":[{"@type":"SearchAction","target":{"@type":"EntryPoint","urlTemplate":"https:\/\/quehacerpolitico.mx\/?s={search_term_string}"},"query-input":{"@type":"PropertyValueSpecification","valueRequired":true,"valueName":"search_term_string"}}],"inLanguage":"es"},{"@type":"Person","@id":"https:\/\/quehacerpolitico.mx\/#\/schema\/person\/496d8ad2d1d3f8036101dca7ee39e585","name":"Redacci\u00f3n QP","image":{"@type":"ImageObject","inLanguage":"es","@id":"https:\/\/secure.gravatar.com\/avatar\/c7164ed6fdec453195284ad24a5ae5b6e1eed2b848477fa2a4787ba9adf39a41?s=96&d=mm&r=g","url":"https:\/\/secure.gravatar.com\/avatar\/c7164ed6fdec453195284ad24a5ae5b6e1eed2b848477fa2a4787ba9adf39a41?s=96&d=mm&r=g","contentUrl":"https:\/\/secure.gravatar.com\/avatar\/c7164ed6fdec453195284ad24a5ae5b6e1eed2b848477fa2a4787ba9adf39a41?s=96&d=mm&r=g","caption":"Redacci\u00f3n QP"},"url":"https:\/\/quehacerpolitico.mx\/?author=2"}]}},"featured_image_urls":{"full":"","thumbnail":"","medium":"","medium_large":"","large":"","1536x1536":"","2048x2048":"","covernews-featured":"","covernews-medium":""},"author_info":{"display_name":"Redacci\u00f3n QP","author_link":"https:\/\/quehacerpolitico.mx\/?author=2"},"category_info":"<a href=\"https:\/\/quehacerpolitico.mx\/?cat=55\" rel=\"category\">CDMX<\/a>","tag_info":"CDMX","comment_count":"0","_links":{"self":[{"href":"https:\/\/quehacerpolitico.mx\/index.php?rest_route=\/wp\/v2\/posts\/35434","targetHints":{"allow":["GET"]}}],"collection":[{"href":"https:\/\/quehacerpolitico.mx\/index.php?rest_route=\/wp\/v2\/posts"}],"about":[{"href":"https:\/\/quehacerpolitico.mx\/index.php?rest_route=\/wp\/v2\/types\/post"}],"author":[{"embeddable":true,"href":"https:\/\/quehacerpolitico.mx\/index.php?rest_route=\/wp\/v2\/users\/2"}],"replies":[{"embeddable":true,"href":"https:\/\/quehacerpolitico.mx\/index.php?rest_route=%2Fwp%2Fv2%2Fcomments&post=35434"}],"version-history":[{"count":0,"href":"https:\/\/quehacerpolitico.mx\/index.php?rest_route=\/wp\/v2\/posts\/35434\/revisions"}],"wp:featuredmedia":[{"embeddable":true,"href":"https:\/\/quehacerpolitico.mx\/index.php?rest_route=\/"}],"wp:attachment":[{"href":"https:\/\/quehacerpolitico.mx\/index.php?rest_route=%2Fwp%2Fv2%2Fmedia&parent=35434"}],"wp:term":[{"taxonomy":"category","embeddable":true,"href":"https:\/\/quehacerpolitico.mx\/index.php?rest_route=%2Fwp%2Fv2%2Fcategories&post=35434"},{"taxonomy":"post_tag","embeddable":true,"href":"https:\/\/quehacerpolitico.mx\/index.php?rest_route=%2Fwp%2Fv2%2Ftags&post=35434"}],"curies":[{"name":"wp","href":"https:\/\/api.w.org\/{rel}","templated":true}]}}