{"id":3543,"date":"2018-08-31T14:16:25","date_gmt":"2018-08-31T14:16:25","guid":{"rendered":"http:\/\/quehacerpolitico.mx\/morena-busca-eliminar-reeleccion-de-la-constitucion\/"},"modified":"2018-08-31T14:16:25","modified_gmt":"2018-08-31T14:16:25","slug":"morena-busca-eliminar-reeleccion-de-la-constitucion","status":"publish","type":"post","link":"https:\/\/quehacerpolitico.mx\/?p=3543","title":{"rendered":"Morena busca eliminar reelecci\u00f3n de la Constituci\u00f3n"},"content":{"rendered":"<p>Legisladores de Morena preparan una iniciativa que busca dar marcha atr\u00e1s a la reelecci\u00f3n establecida en la Constituci\u00f3n desde la reforma pol\u00edtica de 2o14 y que beneficia a <b>diputados, senadores, legisladores locales, alcaldes, regidores y s\u00edndicos.<\/b><\/p>\n<p><strong>Mart\u00ed Batres,<\/strong> presidente del Senado, asegur\u00f3 que <strong>Morena<\/strong> estuvo en contra de la <strong>reelecci\u00f3n consecutiva,\u00a0 <\/strong>la cual comenzar\u00e1 a aplicarse en algunos casos este 2018<strong>,<\/strong> y aunque no han tenido una nueva discusi\u00f3n sobre el tema, en su opini\u00f3n <strong>se debe eliminar<\/strong> de la Constituci\u00f3n.<\/p>\n<blockquote>\n<p>\u201cNo hemos dado una nueva discusi\u00f3n al respecto, todav\u00eda estamos conformando la agenda de Morena,\u00a0 pero en las agendas individuales de algunos de nosotros s\u00ed est\u00e1 el tema de revertir esta reelecci\u00f3n\u201d<\/p>\n<\/blockquote>\n<p>dijo que el problema en el caso de los municipios se corre el riesgo de que se generen cacicazgos, situaci\u00f3n que incluso ya ocurre cuando un grupo se mantiene al frente de un municipio por mucho tiempo.<\/p>\n<p>Las postura de Morena sobre el tema es clara, pues a finales de ese mismo a\u00f1o, 2014, aprob\u00f3 sus estatutos partidarios, donde en el art\u00edculo 3 \u00a0proh\u00edbe expresamente la <strong>reelecci\u00f3n<\/strong> a los militantes que ocupan un cargo de elecci\u00f3n popular.<\/p>\n<p>Aunque algunos militantes se han manifestado por la modificaci\u00f3n de este art\u00edculo, hasta el momento lo \u00fanico que se analiza es la reforma de la Constituci\u00f3n para eliminar la reelecci\u00f3n.<\/p>\n<blockquote>\n<p>\u201cNo lo traemos en nuestras prioridades, pero en lo personal creo que lo debemos de echar para abajo, tres a\u00f1os son suficientes para gobernar y siempre conviene airar.<\/p>\n<div class=\"amp-ad-wrapper amp_ad_1 ampforwp-incontent-ampforwp-incontent-ad ampforwp-incontent-ad3\">\n<div class=\"i-amphtml-fx-flying-carpet-clip\">\n<div class=\"i-amphtml-fx-flying-carpet-container\">\n<div class=\"amp-hidden\">\n<blockquote>\n<p>\u201cSi no la echamos abajo entonces cambiemos los g\u00e9neros en las candidaturas, y con eso tienes para que no se pueda reelegir nadie, donde hoy se vot\u00f3 por mujer en tres a\u00f1os se vota por hombre y no se podr\u00edan reelegir\u201d, se\u00f1al\u00f3.<\/p>\n<\/blockquote>\n<p>Para lograr la\u00a0reelecci\u00f3n, una quinta parte de los art\u00edculos constitucionales, equivalentes a 22% de la Carta Magna, fueron modificados con la <strong>Reforma Pol\u00edtica<\/strong> que aprob\u00f3 el Congreso de la Uni\u00f3n en febrero de 2014.<\/p>\n<blockquote>\n<p>\u201cLas Constituciones de los estados deber\u00e1n establecer la elecci\u00f3n consecutiva para el mismo cargo de presidentes municipales, regidores y s\u00edndicos, por un per\u00edodo adicional, siempre y cuando el periodo del mandato de los ayuntamientos no sea superior a tres a\u00f1os.<\/p>\n<p>\u201cLa postulaci\u00f3n s\u00f3lo podr\u00e1 ser realizada por el mismo partido o por cualquiera de los partidos integrantes de la coalici\u00f3n que lo hubieren postulado, salvo que hayan renunciado o perdido su militancia antes de la mitad de su mandato\u201d, se lee en el art\u00edculo 115 constitucional.<\/p>\n<\/blockquote>\n<h2><strong>Se abre el debate<\/strong><\/h2>\n<p>Si Morena no hace el cambio constitucional, deber\u00e1 pensar en modificar sus estatutos que <strong>proh\u00edben la reelecci\u00f3n<\/strong> de sus militantes que se encuentran en un cargo p\u00fablico, de lo contrario corre el riesgo de sufrir una <strong>desbandada.<\/strong><\/p>\n<p>As\u00ed lo aseguraron especialistas en pol\u00edtica quienes prev\u00e9n que los <strong>alcaldes, diputados, senadores<\/strong> y otros militantes en cargos p\u00fablicos <strong>muden a otro partido<\/strong> para reelegirse o simplemente competir como <strong>candidatos independientes.<\/strong><\/p>\n<p>De acuerdo con\u00a0Rodrigo Salazar, profesor investigador de la Facultad Latinoamericana de Ciencias Sociales <strong>(Flacso),<\/strong> la <strong>reelecci\u00f3n<\/strong> no es un tema bien visto por la ciudadan\u00eda; sin embargo, da una oportunidad de juzgar el <strong>trabajo de legisladores y alcaldes<\/strong>.<\/p>\n<p>De este modo, cuando los servidores p\u00fablicos anticipan que <strong>un mal trabajo ser\u00e1 castigado<\/strong> por los ciudadanos, los pol\u00edticos hacen un esfuerzo para <strong>gobernar en favor de su electorado<\/strong>.<\/p>\n<blockquote>\n<p>\u201cPero cuando los alcaldes sientan que pueden ser reelectos es muy probable que decidan abandonar al partido, no necesariamente cambiar de partido, sino hacerlo como independientes; eso quiere decir que si Morena no se actualiza, va a perder a sus mejores elementos, a los que tienen m\u00e1s posibilidades de ser mejor evaluados por la ciudadan\u00eda\u201d, dijo Salazar.<\/p>\n<\/blockquote>\n<p>Con \u00e9l coincidi\u00f3 <strong>Ra\u00fal Zepeda<\/strong>, investigador de la Facultad de Estudios Superiores <strong>(FES)<\/strong>Acatl\u00e1n de la <strong>UNAM,<\/strong> quien asever\u00f3 que estas pr\u00e1cticas <strong>evitar\u00e1n que existan pol\u00edticos que brinquen<\/strong> de la C\u00e1mara de Diputados al Senado cada que acaba una legislatura.<\/p>\n<blockquote>\n<p>\u201cVeremos cada vez menos el efecto de los diputados y senadores <em>chapulines<\/em>, un pol\u00edtico que se dedica a trabajar en pro de la ciudadan\u00eda siempre va a ganar su distrito como ocurre en otras partes del mundo, adem\u00e1s la ley tiene previsto que \u00fanicamente se pueden reelegir por un per\u00edodo\u201d, dijo Zepeda.<\/p>\n<\/blockquote>\n<p>El alcalde electo en Tl\u00e1huac, <strong>Raymundo Mart\u00ednez Vite<\/strong>, asegur\u00f3 que <strong>tres a\u00f1os no son suficientes<\/strong> para que un alcalde lleve a cabo un proyecto de gobierno.<\/p>\n<p>Sin embargo, asegur\u00f3 que <strong>no tiene previsto cambiarse de partido<\/strong> para estar tres a\u00f1os m\u00e1s en el poder, en tanto que el cambio de los estatutos de <strong>Morena<\/strong> debe decidirse en el Congreso Nacional.<\/p>\n<p>El todav\u00eda diputado local dijo que la <strong>reelecci\u00f3n<\/strong> del partido tendr\u00e1 que ver con el trabajo territorial que lleve a cabo cada uno de los militantes de <strong>Morena<\/strong>que ocupan un cargo p\u00fablico, sin embargo, no necesariamente se debe perpetuar una persona en el poder.<\/p>\n<\/div>\n<\/div>\n<\/div>\n<\/div>\n<\/blockquote>\n","protected":false},"excerpt":{"rendered":"<p>Morena busca eliminar reelecci\u00f3n de la Constituci\u00f3n<br \/>\nPor Redacci\u00f3n QP<\/p>\n","protected":false},"author":2,"featured_media":3542,"comment_status":"open","ping_status":"open","sticky":false,"template":"","format":"standard","meta":{"_monsterinsights_skip_tracking":false,"_monsterinsights_sitenote_active":false,"_monsterinsights_sitenote_note":"","_monsterinsights_sitenote_category":0,"footnotes":""},"categories":[2],"tags":[],"class_list":["post-3543","post","type-post","status-publish","format-standard","has-post-thumbnail","hentry","category-noticias"],"yoast_head":"<!-- This site is optimized with the Yoast SEO plugin v27.3 - https:\/\/yoast.com\/product\/yoast-seo-wordpress\/ -->\n<title>Morena busca eliminar reelecci\u00f3n de la Constituci\u00f3n -<\/title>\n<meta name=\"robots\" content=\"index, follow, max-snippet:-1, max-image-preview:large, max-video-preview:-1\" \/>\n<link rel=\"canonical\" href=\"https:\/\/quehacerpolitico.mx\/?p=3543\" \/>\n<meta property=\"og:locale\" content=\"es_MX\" \/>\n<meta property=\"og:type\" content=\"article\" \/>\n<meta property=\"og:title\" content=\"Morena busca eliminar reelecci\u00f3n de la Constituci\u00f3n -\" \/>\n<meta property=\"og:description\" content=\"Morena busca eliminar reelecci\u00f3n de la Constituci\u00f3n Por Redacci\u00f3n QP\" \/>\n<meta property=\"og:url\" content=\"https:\/\/quehacerpolitico.mx\/?p=3543\" \/>\n<meta property=\"article:published_time\" content=\"2018-08-31T14:16:25+00:00\" \/>\n<meta name=\"author\" content=\"Redacci\u00f3n QP\" \/>\n<meta name=\"twitter:card\" content=\"summary_large_image\" \/>\n<meta name=\"twitter:label1\" content=\"Escrito por\" \/>\n\t<meta name=\"twitter:data1\" content=\"Redacci\u00f3n QP\" \/>\n\t<meta name=\"twitter:label2\" content=\"Tiempo de lectura\" \/>\n\t<meta name=\"twitter:data2\" content=\"4 minutos\" \/>\n<script type=\"application\/ld+json\" class=\"yoast-schema-graph\">{\"@context\":\"https:\\\/\\\/schema.org\",\"@graph\":[{\"@type\":\"Article\",\"@id\":\"https:\\\/\\\/quehacerpolitico.mx\\\/?p=3543#article\",\"isPartOf\":{\"@id\":\"https:\\\/\\\/quehacerpolitico.mx\\\/?p=3543\"},\"author\":{\"name\":\"Redacci\u00f3n QP\",\"@id\":\"https:\\\/\\\/quehacerpolitico.mx\\\/#\\\/schema\\\/person\\\/496d8ad2d1d3f8036101dca7ee39e585\"},\"headline\":\"Morena busca eliminar reelecci\u00f3n de la Constituci\u00f3n\",\"datePublished\":\"2018-08-31T14:16:25+00:00\",\"mainEntityOfPage\":{\"@id\":\"https:\\\/\\\/quehacerpolitico.mx\\\/?p=3543\"},\"wordCount\":877,\"commentCount\":0,\"image\":{\"@id\":\"https:\\\/\\\/quehacerpolitico.mx\\\/?p=3543#primaryimage\"},\"thumbnailUrl\":\"\",\"articleSection\":[\"Noticias\"],\"inLanguage\":\"es\",\"potentialAction\":[{\"@type\":\"CommentAction\",\"name\":\"Comment\",\"target\":[\"https:\\\/\\\/quehacerpolitico.mx\\\/?p=3543#respond\"]}]},{\"@type\":\"WebPage\",\"@id\":\"https:\\\/\\\/quehacerpolitico.mx\\\/?p=3543\",\"url\":\"https:\\\/\\\/quehacerpolitico.mx\\\/?p=3543\",\"name\":\"Morena busca eliminar reelecci\u00f3n de la Constituci\u00f3n -\",\"isPartOf\":{\"@id\":\"https:\\\/\\\/quehacerpolitico.mx\\\/#website\"},\"primaryImageOfPage\":{\"@id\":\"https:\\\/\\\/quehacerpolitico.mx\\\/?p=3543#primaryimage\"},\"image\":{\"@id\":\"https:\\\/\\\/quehacerpolitico.mx\\\/?p=3543#primaryimage\"},\"thumbnailUrl\":\"\",\"datePublished\":\"2018-08-31T14:16:25+00:00\",\"author\":{\"@id\":\"https:\\\/\\\/quehacerpolitico.mx\\\/#\\\/schema\\\/person\\\/496d8ad2d1d3f8036101dca7ee39e585\"},\"breadcrumb\":{\"@id\":\"https:\\\/\\\/quehacerpolitico.mx\\\/?p=3543#breadcrumb\"},\"inLanguage\":\"es\",\"potentialAction\":[{\"@type\":\"ReadAction\",\"target\":[\"https:\\\/\\\/quehacerpolitico.mx\\\/?p=3543\"]}]},{\"@type\":\"ImageObject\",\"inLanguage\":\"es\",\"@id\":\"https:\\\/\\\/quehacerpolitico.mx\\\/?p=3543#primaryimage\",\"url\":\"\",\"contentUrl\":\"\"},{\"@type\":\"BreadcrumbList\",\"@id\":\"https:\\\/\\\/quehacerpolitico.mx\\\/?p=3543#breadcrumb\",\"itemListElement\":[{\"@type\":\"ListItem\",\"position\":1,\"name\":\"Inicio\",\"item\":\"https:\\\/\\\/quehacerpolitico.mx\\\/\"},{\"@type\":\"ListItem\",\"position\":2,\"name\":\"Morena busca eliminar reelecci\u00f3n de la Constituci\u00f3n\"}]},{\"@type\":\"WebSite\",\"@id\":\"https:\\\/\\\/quehacerpolitico.mx\\\/#website\",\"url\":\"https:\\\/\\\/quehacerpolitico.mx\\\/\",\"name\":\"\",\"description\":\"\",\"potentialAction\":[{\"@type\":\"SearchAction\",\"target\":{\"@type\":\"EntryPoint\",\"urlTemplate\":\"https:\\\/\\\/quehacerpolitico.mx\\\/?s={search_term_string}\"},\"query-input\":{\"@type\":\"PropertyValueSpecification\",\"valueRequired\":true,\"valueName\":\"search_term_string\"}}],\"inLanguage\":\"es\"},{\"@type\":\"Person\",\"@id\":\"https:\\\/\\\/quehacerpolitico.mx\\\/#\\\/schema\\\/person\\\/496d8ad2d1d3f8036101dca7ee39e585\",\"name\":\"Redacci\u00f3n QP\",\"image\":{\"@type\":\"ImageObject\",\"inLanguage\":\"es\",\"@id\":\"https:\\\/\\\/secure.gravatar.com\\\/avatar\\\/c7164ed6fdec453195284ad24a5ae5b6e1eed2b848477fa2a4787ba9adf39a41?s=96&d=mm&r=g\",\"url\":\"https:\\\/\\\/secure.gravatar.com\\\/avatar\\\/c7164ed6fdec453195284ad24a5ae5b6e1eed2b848477fa2a4787ba9adf39a41?s=96&d=mm&r=g\",\"contentUrl\":\"https:\\\/\\\/secure.gravatar.com\\\/avatar\\\/c7164ed6fdec453195284ad24a5ae5b6e1eed2b848477fa2a4787ba9adf39a41?s=96&d=mm&r=g\",\"caption\":\"Redacci\u00f3n QP\"},\"url\":\"https:\\\/\\\/quehacerpolitico.mx\\\/?author=2\"}]}<\/script>\n<!-- \/ Yoast SEO plugin. -->","yoast_head_json":{"title":"Morena busca eliminar reelecci\u00f3n de la Constituci\u00f3n -","robots":{"index":"index","follow":"follow","max-snippet":"max-snippet:-1","max-image-preview":"max-image-preview:large","max-video-preview":"max-video-preview:-1"},"canonical":"https:\/\/quehacerpolitico.mx\/?p=3543","og_locale":"es_MX","og_type":"article","og_title":"Morena busca eliminar reelecci\u00f3n de la Constituci\u00f3n -","og_description":"Morena busca eliminar reelecci\u00f3n de la Constituci\u00f3n Por Redacci\u00f3n QP","og_url":"https:\/\/quehacerpolitico.mx\/?p=3543","article_published_time":"2018-08-31T14:16:25+00:00","author":"Redacci\u00f3n QP","twitter_card":"summary_large_image","twitter_misc":{"Escrito por":"Redacci\u00f3n QP","Tiempo de lectura":"4 minutos"},"schema":{"@context":"https:\/\/schema.org","@graph":[{"@type":"Article","@id":"https:\/\/quehacerpolitico.mx\/?p=3543#article","isPartOf":{"@id":"https:\/\/quehacerpolitico.mx\/?p=3543"},"author":{"name":"Redacci\u00f3n QP","@id":"https:\/\/quehacerpolitico.mx\/#\/schema\/person\/496d8ad2d1d3f8036101dca7ee39e585"},"headline":"Morena busca eliminar reelecci\u00f3n de la Constituci\u00f3n","datePublished":"2018-08-31T14:16:25+00:00","mainEntityOfPage":{"@id":"https:\/\/quehacerpolitico.mx\/?p=3543"},"wordCount":877,"commentCount":0,"image":{"@id":"https:\/\/quehacerpolitico.mx\/?p=3543#primaryimage"},"thumbnailUrl":"","articleSection":["Noticias"],"inLanguage":"es","potentialAction":[{"@type":"CommentAction","name":"Comment","target":["https:\/\/quehacerpolitico.mx\/?p=3543#respond"]}]},{"@type":"WebPage","@id":"https:\/\/quehacerpolitico.mx\/?p=3543","url":"https:\/\/quehacerpolitico.mx\/?p=3543","name":"Morena busca eliminar reelecci\u00f3n de la Constituci\u00f3n -","isPartOf":{"@id":"https:\/\/quehacerpolitico.mx\/#website"},"primaryImageOfPage":{"@id":"https:\/\/quehacerpolitico.mx\/?p=3543#primaryimage"},"image":{"@id":"https:\/\/quehacerpolitico.mx\/?p=3543#primaryimage"},"thumbnailUrl":"","datePublished":"2018-08-31T14:16:25+00:00","author":{"@id":"https:\/\/quehacerpolitico.mx\/#\/schema\/person\/496d8ad2d1d3f8036101dca7ee39e585"},"breadcrumb":{"@id":"https:\/\/quehacerpolitico.mx\/?p=3543#breadcrumb"},"inLanguage":"es","potentialAction":[{"@type":"ReadAction","target":["https:\/\/quehacerpolitico.mx\/?p=3543"]}]},{"@type":"ImageObject","inLanguage":"es","@id":"https:\/\/quehacerpolitico.mx\/?p=3543#primaryimage","url":"","contentUrl":""},{"@type":"BreadcrumbList","@id":"https:\/\/quehacerpolitico.mx\/?p=3543#breadcrumb","itemListElement":[{"@type":"ListItem","position":1,"name":"Inicio","item":"https:\/\/quehacerpolitico.mx\/"},{"@type":"ListItem","position":2,"name":"Morena busca eliminar reelecci\u00f3n de la Constituci\u00f3n"}]},{"@type":"WebSite","@id":"https:\/\/quehacerpolitico.mx\/#website","url":"https:\/\/quehacerpolitico.mx\/","name":"","description":"","potentialAction":[{"@type":"SearchAction","target":{"@type":"EntryPoint","urlTemplate":"https:\/\/quehacerpolitico.mx\/?s={search_term_string}"},"query-input":{"@type":"PropertyValueSpecification","valueRequired":true,"valueName":"search_term_string"}}],"inLanguage":"es"},{"@type":"Person","@id":"https:\/\/quehacerpolitico.mx\/#\/schema\/person\/496d8ad2d1d3f8036101dca7ee39e585","name":"Redacci\u00f3n QP","image":{"@type":"ImageObject","inLanguage":"es","@id":"https:\/\/secure.gravatar.com\/avatar\/c7164ed6fdec453195284ad24a5ae5b6e1eed2b848477fa2a4787ba9adf39a41?s=96&d=mm&r=g","url":"https:\/\/secure.gravatar.com\/avatar\/c7164ed6fdec453195284ad24a5ae5b6e1eed2b848477fa2a4787ba9adf39a41?s=96&d=mm&r=g","contentUrl":"https:\/\/secure.gravatar.com\/avatar\/c7164ed6fdec453195284ad24a5ae5b6e1eed2b848477fa2a4787ba9adf39a41?s=96&d=mm&r=g","caption":"Redacci\u00f3n QP"},"url":"https:\/\/quehacerpolitico.mx\/?author=2"}]}},"featured_image_urls":{"full":"","thumbnail":"","medium":"","medium_large":"","large":"","1536x1536":"","2048x2048":"","covernews-featured":"","covernews-medium":""},"author_info":{"display_name":"Redacci\u00f3n QP","author_link":"https:\/\/quehacerpolitico.mx\/?author=2"},"category_info":"<a href=\"https:\/\/quehacerpolitico.mx\/?cat=2\" rel=\"category\">Noticias<\/a>","tag_info":"Noticias","comment_count":"0","_links":{"self":[{"href":"https:\/\/quehacerpolitico.mx\/index.php?rest_route=\/wp\/v2\/posts\/3543","targetHints":{"allow":["GET"]}}],"collection":[{"href":"https:\/\/quehacerpolitico.mx\/index.php?rest_route=\/wp\/v2\/posts"}],"about":[{"href":"https:\/\/quehacerpolitico.mx\/index.php?rest_route=\/wp\/v2\/types\/post"}],"author":[{"embeddable":true,"href":"https:\/\/quehacerpolitico.mx\/index.php?rest_route=\/wp\/v2\/users\/2"}],"replies":[{"embeddable":true,"href":"https:\/\/quehacerpolitico.mx\/index.php?rest_route=%2Fwp%2Fv2%2Fcomments&post=3543"}],"version-history":[{"count":0,"href":"https:\/\/quehacerpolitico.mx\/index.php?rest_route=\/wp\/v2\/posts\/3543\/revisions"}],"wp:featuredmedia":[{"embeddable":true,"href":"https:\/\/quehacerpolitico.mx\/index.php?rest_route=\/"}],"wp:attachment":[{"href":"https:\/\/quehacerpolitico.mx\/index.php?rest_route=%2Fwp%2Fv2%2Fmedia&parent=3543"}],"wp:term":[{"taxonomy":"category","embeddable":true,"href":"https:\/\/quehacerpolitico.mx\/index.php?rest_route=%2Fwp%2Fv2%2Fcategories&post=3543"},{"taxonomy":"post_tag","embeddable":true,"href":"https:\/\/quehacerpolitico.mx\/index.php?rest_route=%2Fwp%2Fv2%2Ftags&post=3543"}],"curies":[{"name":"wp","href":"https:\/\/api.w.org\/{rel}","templated":true}]}}