{"id":35428,"date":"2019-08-17T16:57:51","date_gmt":"2019-08-17T16:57:51","guid":{"rendered":"http:\/\/quehacerpolitico.mx\/sabado-de-movilizaciones-en-la-cdmx-ponte-alerta-2\/"},"modified":"2019-08-17T16:57:51","modified_gmt":"2019-08-17T16:57:51","slug":"sabado-de-movilizaciones-en-la-cdmx-ponte-alerta-2","status":"publish","type":"post","link":"https:\/\/quehacerpolitico.mx\/?p=35428","title":{"rendered":"S\u00e1bado de movilizaciones en la CDMX ponte alerta"},"content":{"rendered":"<p>S\u00e1bado de movilizaciones en la CDMX ponte alerta<\/p>\n<p>Por Redacci\u00f3n QP<\/p>\n<p>Se aconseja buscar v\u00edas alternas para evitar contratiempos<\/p>\n<p>Al menos seis concentraciones sociales se prev\u00e9n para este s\u00e1bado en cuatro alcald\u00edas, por lo que el <strong>Centro de Comando, Control, C\u00f3mputo, Comunicaciones y Contacto Ciudadano<\/strong> de la <strong>Ciudad de M\u00e9xico<\/strong>recomend\u00f3 a la poblaci\u00f3n anticipar las salidas.<\/p>\n<p>En su cuenta @C5_CDMX de Twitter, el organismo del gobierno capitalino dio a conocer que desde las 09:00 horas, integrantes de la agrupaci\u00f3n social Reacciona por la Vida se manifiesta en avenida Plaza de la Rep\u00fablica, en la alcald\u00eda Cuauht\u00e9moc.<\/p>\n<blockquote class=\"twitter-tweet\" data-width=\"550\" data-dnt=\"true\">\n<p lang=\"es\" dir=\"ltr\">\u26a0 <a href=\"https:\/\/twitter.com\/hashtag\/AnticipaTuSalida?src=hash&amp;ref_src=twsrc%5Etfw\">#AnticipaTuSalida<\/a> \ud83d\ude98 Te compartimos la siguiente informaci\u00f3n sobre las movilizaciones sociales para este d\u00eda. <a href=\"https:\/\/twitter.com\/hashtag\/C5?src=hash&amp;ref_src=twsrc%5Etfw\">#C5<\/a> <a href=\"https:\/\/t.co\/crY26qXi63\">pic.twitter.com\/crY26qXi63<\/a><\/p>\n<p>&mdash; C5 CDMX (@C5_CDMX) <a href=\"https:\/\/twitter.com\/C5_CDMX\/status\/1162702968002633735?ref_src=twsrc%5Etfw\">August 17, 2019<\/a><\/p><\/blockquote>\n<p><script async src=\"https:\/\/platform.twitter.com\/widgets.js\" charset=\"utf-8\"><\/script><\/p>\n<p>En la misma demarcaci\u00f3n, a las 11:00 horas, la organizaci\u00f3n Pan y Rosa M\u00e9xico se reunir\u00e1 en el Hemiciclo a Ju\u00e1rez, en avenida Ju\u00e1rez, colonia Centro Hist\u00f3rico, donde tambi\u00e9n a las 13:00 horas, una agrupaci\u00f3n magisterial se concentrar\u00e1 en demanda de trabajo digno.<\/p>\n<blockquote class=\"twitter-tweet\" data-width=\"550\" data-dnt=\"true\">\n<p lang=\"es\" dir=\"ltr\">11:16 Consider\u00e9 afectaci\u00f3n vial en inmediaciones del Auditorio Nacional por evento. Consulte aqu\u00ed <a href=\"https:\/\/twitter.com\/hashtag\/AlternativaVial?src=hash&amp;ref_src=twsrc%5Etfw\">#AlternativaVial<\/a> <a href=\"https:\/\/t.co\/k520DiNPJK\">pic.twitter.com\/k520DiNPJK<\/a><\/p>\n<p>&mdash; OVIAL_SSCCDMX (@OVIALCDMX) <a href=\"https:\/\/twitter.com\/OVIALCDMX\/status\/1162760165503963136?ref_src=twsrc%5Etfw\">August 17, 2019<\/a><\/p><\/blockquote>\n<p><script async src=\"https:\/\/platform.twitter.com\/widgets.js\" charset=\"utf-8\"><\/script><\/p>\n<p>El organismo capitalino indic\u00f3 que a las 10:00 horas, en la alcald\u00eda Xochimilco, la Coordinaci\u00f3n de Pueblos Originarios y colonias de esa demarcaci\u00f3n se congregar\u00e1 en calle L\u00e1zaro C\u00e1rdenas esquina M\u00e9xico Poniente, en la colonia San Gregorio Atlapulco.<\/p>\n<blockquote class=\"twitter-tweet\" data-width=\"550\" data-dnt=\"true\">\n<p lang=\"es\" dir=\"ltr\">Personal de <a href=\"https:\/\/twitter.com\/hashtag\/SSC?src=hash&amp;ref_src=twsrc%5Etfw\">#SSC<\/a> realiza dispositivo de vigilancia y seguridad en inmediaciones del Auditorio Nacional por evento. <a href=\"https:\/\/twitter.com\/AnaPOrdorica?ref_src=twsrc%5Etfw\">@AnaPOrdorica<\/a>  <a href=\"https:\/\/twitter.com\/SofiaEnTuRadio?ref_src=twsrc%5Etfw\">@SofiaEnTuRadio<\/a>  <a href=\"https:\/\/twitter.com\/sdpnoticias?ref_src=twsrc%5Etfw\">@sdpnoticias<\/a> <a href=\"https:\/\/t.co\/TFFFwmfjT6\">pic.twitter.com\/TFFFwmfjT6<\/a><\/p>\n<p>&mdash; OVIAL_SSCCDMX (@OVIALCDMX) <a href=\"https:\/\/twitter.com\/OVIALCDMX\/status\/1162757942241837056?ref_src=twsrc%5Etfw\">August 17, 2019<\/a><\/p><\/blockquote>\n<p><script async src=\"https:\/\/platform.twitter.com\/widgets.js\" charset=\"utf-8\"><\/script><\/p>\n<p>En la alcald\u00eda Coyoac\u00e1n, un grupo de personas se reunir\u00e1 a las 11:00 horas en avenida Delf\u00edn Madrigal esquina Dalias, colonia Pedregal de Santo Domingo, mientras que a las 12:00 horas en Iztapalapa, una agrupaci\u00f3n de mujeres se concentrar\u00e1 en avenida Canal R\u00edo Churubusco, en la colonia Central de Abasto.<\/p>\n","protected":false},"excerpt":{"rendered":"<p>S\u00e1bado de movilizaciones en la CDMX ponte alerta<br \/>\nPor Redacci\u00f3n QP<\/p>\n","protected":false},"author":2,"featured_media":35427,"comment_status":"open","ping_status":"open","sticky":false,"template":"","format":"standard","meta":{"_monsterinsights_skip_tracking":false,"_monsterinsights_sitenote_active":false,"_monsterinsights_sitenote_note":"","_monsterinsights_sitenote_category":0,"footnotes":""},"categories":[55],"tags":[],"class_list":["post-35428","post","type-post","status-publish","format-standard","has-post-thumbnail","hentry","category-cdmx"],"yoast_head":"<!-- This site is optimized with the Yoast SEO plugin v27.3 - https:\/\/yoast.com\/product\/yoast-seo-wordpress\/ -->\n<title>S\u00e1bado de movilizaciones en la CDMX ponte alerta -<\/title>\n<meta name=\"robots\" content=\"index, follow, max-snippet:-1, max-image-preview:large, max-video-preview:-1\" \/>\n<link rel=\"canonical\" href=\"https:\/\/quehacerpolitico.mx\/?p=35428\" \/>\n<meta property=\"og:locale\" content=\"es_MX\" \/>\n<meta property=\"og:type\" content=\"article\" \/>\n<meta property=\"og:title\" content=\"S\u00e1bado de movilizaciones en la CDMX ponte alerta -\" \/>\n<meta property=\"og:description\" content=\"S\u00e1bado de movilizaciones en la CDMX ponte alerta Por Redacci\u00f3n QP\" \/>\n<meta property=\"og:url\" content=\"https:\/\/quehacerpolitico.mx\/?p=35428\" \/>\n<meta property=\"article:published_time\" content=\"2019-08-17T16:57:51+00:00\" \/>\n<meta name=\"author\" content=\"Redacci\u00f3n QP\" \/>\n<meta name=\"twitter:card\" content=\"summary_large_image\" \/>\n<meta name=\"twitter:label1\" content=\"Escrito por\" \/>\n\t<meta name=\"twitter:data1\" content=\"Redacci\u00f3n QP\" \/>\n\t<meta name=\"twitter:label2\" content=\"Tiempo de lectura\" \/>\n\t<meta name=\"twitter:data2\" content=\"1 minuto\" \/>\n<script type=\"application\/ld+json\" class=\"yoast-schema-graph\">{\"@context\":\"https:\\\/\\\/schema.org\",\"@graph\":[{\"@type\":\"Article\",\"@id\":\"https:\\\/\\\/quehacerpolitico.mx\\\/?p=35428#article\",\"isPartOf\":{\"@id\":\"https:\\\/\\\/quehacerpolitico.mx\\\/?p=35428\"},\"author\":{\"name\":\"Redacci\u00f3n QP\",\"@id\":\"https:\\\/\\\/quehacerpolitico.mx\\\/#\\\/schema\\\/person\\\/496d8ad2d1d3f8036101dca7ee39e585\"},\"headline\":\"S\u00e1bado de movilizaciones en la CDMX ponte alerta\",\"datePublished\":\"2019-08-17T16:57:51+00:00\",\"mainEntityOfPage\":{\"@id\":\"https:\\\/\\\/quehacerpolitico.mx\\\/?p=35428\"},\"wordCount\":282,\"commentCount\":0,\"image\":{\"@id\":\"https:\\\/\\\/quehacerpolitico.mx\\\/?p=35428#primaryimage\"},\"thumbnailUrl\":\"\",\"articleSection\":[\"CDMX\"],\"inLanguage\":\"es\",\"potentialAction\":[{\"@type\":\"CommentAction\",\"name\":\"Comment\",\"target\":[\"https:\\\/\\\/quehacerpolitico.mx\\\/?p=35428#respond\"]}]},{\"@type\":\"WebPage\",\"@id\":\"https:\\\/\\\/quehacerpolitico.mx\\\/?p=35428\",\"url\":\"https:\\\/\\\/quehacerpolitico.mx\\\/?p=35428\",\"name\":\"S\u00e1bado de movilizaciones en la CDMX ponte alerta -\",\"isPartOf\":{\"@id\":\"https:\\\/\\\/quehacerpolitico.mx\\\/#website\"},\"primaryImageOfPage\":{\"@id\":\"https:\\\/\\\/quehacerpolitico.mx\\\/?p=35428#primaryimage\"},\"image\":{\"@id\":\"https:\\\/\\\/quehacerpolitico.mx\\\/?p=35428#primaryimage\"},\"thumbnailUrl\":\"\",\"datePublished\":\"2019-08-17T16:57:51+00:00\",\"author\":{\"@id\":\"https:\\\/\\\/quehacerpolitico.mx\\\/#\\\/schema\\\/person\\\/496d8ad2d1d3f8036101dca7ee39e585\"},\"breadcrumb\":{\"@id\":\"https:\\\/\\\/quehacerpolitico.mx\\\/?p=35428#breadcrumb\"},\"inLanguage\":\"es\",\"potentialAction\":[{\"@type\":\"ReadAction\",\"target\":[\"https:\\\/\\\/quehacerpolitico.mx\\\/?p=35428\"]}]},{\"@type\":\"ImageObject\",\"inLanguage\":\"es\",\"@id\":\"https:\\\/\\\/quehacerpolitico.mx\\\/?p=35428#primaryimage\",\"url\":\"\",\"contentUrl\":\"\"},{\"@type\":\"BreadcrumbList\",\"@id\":\"https:\\\/\\\/quehacerpolitico.mx\\\/?p=35428#breadcrumb\",\"itemListElement\":[{\"@type\":\"ListItem\",\"position\":1,\"name\":\"Inicio\",\"item\":\"https:\\\/\\\/quehacerpolitico.mx\\\/\"},{\"@type\":\"ListItem\",\"position\":2,\"name\":\"S\u00e1bado de movilizaciones en la CDMX ponte alerta\"}]},{\"@type\":\"WebSite\",\"@id\":\"https:\\\/\\\/quehacerpolitico.mx\\\/#website\",\"url\":\"https:\\\/\\\/quehacerpolitico.mx\\\/\",\"name\":\"\",\"description\":\"\",\"potentialAction\":[{\"@type\":\"SearchAction\",\"target\":{\"@type\":\"EntryPoint\",\"urlTemplate\":\"https:\\\/\\\/quehacerpolitico.mx\\\/?s={search_term_string}\"},\"query-input\":{\"@type\":\"PropertyValueSpecification\",\"valueRequired\":true,\"valueName\":\"search_term_string\"}}],\"inLanguage\":\"es\"},{\"@type\":\"Person\",\"@id\":\"https:\\\/\\\/quehacerpolitico.mx\\\/#\\\/schema\\\/person\\\/496d8ad2d1d3f8036101dca7ee39e585\",\"name\":\"Redacci\u00f3n QP\",\"image\":{\"@type\":\"ImageObject\",\"inLanguage\":\"es\",\"@id\":\"https:\\\/\\\/secure.gravatar.com\\\/avatar\\\/c7164ed6fdec453195284ad24a5ae5b6e1eed2b848477fa2a4787ba9adf39a41?s=96&d=mm&r=g\",\"url\":\"https:\\\/\\\/secure.gravatar.com\\\/avatar\\\/c7164ed6fdec453195284ad24a5ae5b6e1eed2b848477fa2a4787ba9adf39a41?s=96&d=mm&r=g\",\"contentUrl\":\"https:\\\/\\\/secure.gravatar.com\\\/avatar\\\/c7164ed6fdec453195284ad24a5ae5b6e1eed2b848477fa2a4787ba9adf39a41?s=96&d=mm&r=g\",\"caption\":\"Redacci\u00f3n QP\"},\"url\":\"https:\\\/\\\/quehacerpolitico.mx\\\/?author=2\"}]}<\/script>\n<!-- \/ Yoast SEO plugin. -->","yoast_head_json":{"title":"S\u00e1bado de movilizaciones en la CDMX ponte alerta -","robots":{"index":"index","follow":"follow","max-snippet":"max-snippet:-1","max-image-preview":"max-image-preview:large","max-video-preview":"max-video-preview:-1"},"canonical":"https:\/\/quehacerpolitico.mx\/?p=35428","og_locale":"es_MX","og_type":"article","og_title":"S\u00e1bado de movilizaciones en la CDMX ponte alerta -","og_description":"S\u00e1bado de movilizaciones en la CDMX ponte alerta Por Redacci\u00f3n QP","og_url":"https:\/\/quehacerpolitico.mx\/?p=35428","article_published_time":"2019-08-17T16:57:51+00:00","author":"Redacci\u00f3n QP","twitter_card":"summary_large_image","twitter_misc":{"Escrito por":"Redacci\u00f3n QP","Tiempo de lectura":"1 minuto"},"schema":{"@context":"https:\/\/schema.org","@graph":[{"@type":"Article","@id":"https:\/\/quehacerpolitico.mx\/?p=35428#article","isPartOf":{"@id":"https:\/\/quehacerpolitico.mx\/?p=35428"},"author":{"name":"Redacci\u00f3n QP","@id":"https:\/\/quehacerpolitico.mx\/#\/schema\/person\/496d8ad2d1d3f8036101dca7ee39e585"},"headline":"S\u00e1bado de movilizaciones en la CDMX ponte alerta","datePublished":"2019-08-17T16:57:51+00:00","mainEntityOfPage":{"@id":"https:\/\/quehacerpolitico.mx\/?p=35428"},"wordCount":282,"commentCount":0,"image":{"@id":"https:\/\/quehacerpolitico.mx\/?p=35428#primaryimage"},"thumbnailUrl":"","articleSection":["CDMX"],"inLanguage":"es","potentialAction":[{"@type":"CommentAction","name":"Comment","target":["https:\/\/quehacerpolitico.mx\/?p=35428#respond"]}]},{"@type":"WebPage","@id":"https:\/\/quehacerpolitico.mx\/?p=35428","url":"https:\/\/quehacerpolitico.mx\/?p=35428","name":"S\u00e1bado de movilizaciones en la CDMX ponte alerta -","isPartOf":{"@id":"https:\/\/quehacerpolitico.mx\/#website"},"primaryImageOfPage":{"@id":"https:\/\/quehacerpolitico.mx\/?p=35428#primaryimage"},"image":{"@id":"https:\/\/quehacerpolitico.mx\/?p=35428#primaryimage"},"thumbnailUrl":"","datePublished":"2019-08-17T16:57:51+00:00","author":{"@id":"https:\/\/quehacerpolitico.mx\/#\/schema\/person\/496d8ad2d1d3f8036101dca7ee39e585"},"breadcrumb":{"@id":"https:\/\/quehacerpolitico.mx\/?p=35428#breadcrumb"},"inLanguage":"es","potentialAction":[{"@type":"ReadAction","target":["https:\/\/quehacerpolitico.mx\/?p=35428"]}]},{"@type":"ImageObject","inLanguage":"es","@id":"https:\/\/quehacerpolitico.mx\/?p=35428#primaryimage","url":"","contentUrl":""},{"@type":"BreadcrumbList","@id":"https:\/\/quehacerpolitico.mx\/?p=35428#breadcrumb","itemListElement":[{"@type":"ListItem","position":1,"name":"Inicio","item":"https:\/\/quehacerpolitico.mx\/"},{"@type":"ListItem","position":2,"name":"S\u00e1bado de movilizaciones en la CDMX ponte alerta"}]},{"@type":"WebSite","@id":"https:\/\/quehacerpolitico.mx\/#website","url":"https:\/\/quehacerpolitico.mx\/","name":"","description":"","potentialAction":[{"@type":"SearchAction","target":{"@type":"EntryPoint","urlTemplate":"https:\/\/quehacerpolitico.mx\/?s={search_term_string}"},"query-input":{"@type":"PropertyValueSpecification","valueRequired":true,"valueName":"search_term_string"}}],"inLanguage":"es"},{"@type":"Person","@id":"https:\/\/quehacerpolitico.mx\/#\/schema\/person\/496d8ad2d1d3f8036101dca7ee39e585","name":"Redacci\u00f3n QP","image":{"@type":"ImageObject","inLanguage":"es","@id":"https:\/\/secure.gravatar.com\/avatar\/c7164ed6fdec453195284ad24a5ae5b6e1eed2b848477fa2a4787ba9adf39a41?s=96&d=mm&r=g","url":"https:\/\/secure.gravatar.com\/avatar\/c7164ed6fdec453195284ad24a5ae5b6e1eed2b848477fa2a4787ba9adf39a41?s=96&d=mm&r=g","contentUrl":"https:\/\/secure.gravatar.com\/avatar\/c7164ed6fdec453195284ad24a5ae5b6e1eed2b848477fa2a4787ba9adf39a41?s=96&d=mm&r=g","caption":"Redacci\u00f3n QP"},"url":"https:\/\/quehacerpolitico.mx\/?author=2"}]}},"featured_image_urls":{"full":"","thumbnail":"","medium":"","medium_large":"","large":"","1536x1536":"","2048x2048":"","covernews-featured":"","covernews-medium":""},"author_info":{"display_name":"Redacci\u00f3n QP","author_link":"https:\/\/quehacerpolitico.mx\/?author=2"},"category_info":"<a href=\"https:\/\/quehacerpolitico.mx\/?cat=55\" rel=\"category\">CDMX<\/a>","tag_info":"CDMX","comment_count":"0","_links":{"self":[{"href":"https:\/\/quehacerpolitico.mx\/index.php?rest_route=\/wp\/v2\/posts\/35428","targetHints":{"allow":["GET"]}}],"collection":[{"href":"https:\/\/quehacerpolitico.mx\/index.php?rest_route=\/wp\/v2\/posts"}],"about":[{"href":"https:\/\/quehacerpolitico.mx\/index.php?rest_route=\/wp\/v2\/types\/post"}],"author":[{"embeddable":true,"href":"https:\/\/quehacerpolitico.mx\/index.php?rest_route=\/wp\/v2\/users\/2"}],"replies":[{"embeddable":true,"href":"https:\/\/quehacerpolitico.mx\/index.php?rest_route=%2Fwp%2Fv2%2Fcomments&post=35428"}],"version-history":[{"count":0,"href":"https:\/\/quehacerpolitico.mx\/index.php?rest_route=\/wp\/v2\/posts\/35428\/revisions"}],"wp:featuredmedia":[{"embeddable":true,"href":"https:\/\/quehacerpolitico.mx\/index.php?rest_route=\/"}],"wp:attachment":[{"href":"https:\/\/quehacerpolitico.mx\/index.php?rest_route=%2Fwp%2Fv2%2Fmedia&parent=35428"}],"wp:term":[{"taxonomy":"category","embeddable":true,"href":"https:\/\/quehacerpolitico.mx\/index.php?rest_route=%2Fwp%2Fv2%2Fcategories&post=35428"},{"taxonomy":"post_tag","embeddable":true,"href":"https:\/\/quehacerpolitico.mx\/index.php?rest_route=%2Fwp%2Fv2%2Ftags&post=35428"}],"curies":[{"name":"wp","href":"https:\/\/api.w.org\/{rel}","templated":true}]}}