{"id":35421,"date":"2019-08-17T16:18:51","date_gmt":"2019-08-17T16:18:51","guid":{"rendered":"http:\/\/quehacerpolitico.mx\/sujeto-agrede-a-reportero-en-transmision-de-marcha-feminista\/"},"modified":"2019-08-17T16:18:51","modified_gmt":"2019-08-17T16:18:51","slug":"sujeto-agrede-a-reportero-en-transmision-de-marcha-feminista","status":"publish","type":"post","link":"https:\/\/quehacerpolitico.mx\/?p=35421","title":{"rendered":"Sujeto agrede a reportero en transmisi\u00f3n de marcha feminista"},"content":{"rendered":"<h1 class=\"news-title\">Sujeto agrede a reportero en transmisi\u00f3n de marcha feminista<\/h1>\n<p>Por Redacci\u00f3n QP<\/p>\n<header class=\"news-header\">\n<div class=\"news-subtitle\">\n<p>De forma sorpresiva, un individuo vestido con playera blanca, gorra y pantal\u00f3n azul se acerca y le da un pu\u00f1etazo, derrib\u00e1ndolo<\/p>\n<\/div>\n<\/header>\n<div class=\"news-content\">\n<div class=\"news-body row\">\n<p>La noche del viernes, <strong>el conductor Juan Manuel Jim\u00e9nez fue agredido durante la transmisi\u00f3n en vivo que realizaba en la marcha contra la violencia de g\u00e9nero en la Ciudad de M\u00e9xico.<\/strong><\/p>\n<div class=\"elementor-element elementor-element-3c5370b0 elementor-widget elementor-widget-theme-post-featured-image elementor-widget-image kalooga_33729\" data-id=\"3c5370b0\" data-element_type=\"widget\" data-widget_type=\"theme-post-featured-image.default\">\n<div class=\"elementor-widget-container\">\n<div class=\"elementor-image\"><img loading=\"lazy\" decoding=\"async\" class=\"attachment-large size-large\" src=\"https:\/\/www.24-horas.mx\/wp-content\/uploads\/2019\/08\/WhatsApp-Image-2019-08-16-at-23.46.02.jpeg\" sizes=\"auto, (max-width: 800px) 100vw, 800px\" srcset=\"https:\/\/www.24-horas.mx\/wp-content\/uploads\/2019\/08\/WhatsApp-Image-2019-08-16-at-23.46.02.jpeg 800w, https:\/\/www.24-horas.mx\/wp-content\/uploads\/2019\/08\/WhatsApp-Image-2019-08-16-at-23.46.02-300x200.jpeg 300w, https:\/\/www.24-horas.mx\/wp-content\/uploads\/2019\/08\/WhatsApp-Image-2019-08-16-at-23.46.02-768x512.jpeg 768w\" alt=\"\" width=\"800\" height=\"533\" \/><\/div>\n<\/div>\n<\/div>\n<section class=\"elementor-element elementor-element-68b0c04b elementor-section-boxed elementor-section-height-default elementor-section-height-default elementor-section elementor-inner-section\" data-id=\"68b0c04b\" data-element_type=\"section\">\n<div class=\"elementor-container elementor-column-gap-no\">\n<div class=\"elementor-row\">\n<div class=\"elementor-element elementor-element-2916c669 elementor-column elementor-col-50 elementor-inner-column\" data-id=\"2916c669\" data-element_type=\"column\">\n<div class=\"elementor-column-wrap  elementor-element-populated\">\n<div class=\"elementor-widget-wrap\">\n<div class=\"elementor-element elementor-element-6e5a729d elementor-widget elementor-widget-text-editor\" data-id=\"6e5a729d\" data-element_type=\"widget\" data-widget_type=\"text-editor.default\">\n<div class=\"elementor-widget-container\">\n<div class=\"elementor-text-editor elementor-clearfix\">Foto: Captura de video<\/div>\n<\/div>\n<\/div>\n<\/div>\n<\/div>\n<\/div>\n<div class=\"elementor-element elementor-element-53a53d02 elementor-column elementor-col-50 elementor-inner-column\" data-id=\"53a53d02\" data-element_type=\"column\">\n<div class=\"elementor-column-wrap  elementor-element-populated\">\n<div class=\"elementor-widget-wrap\">\n<div class=\"elementor-element elementor-element-7058d687 elementor-widget elementor-widget-text-editor\" data-id=\"7058d687\" data-element_type=\"widget\" data-widget_type=\"text-editor.default\">\n<div class=\"elementor-widget-container\">\n<div class=\"elementor-text-editor elementor-clearfix\">Adem\u00e1s, el mismo se\u00f1or, momentos despu\u00e9s lo empuja para que se atreva a golpear Juan Manuel J\u00edm\u00e9nez<\/div>\n<\/div>\n<\/div>\n<\/div>\n<\/div>\n<\/div>\n<\/div>\n<\/div>\n<\/section>\n<p>Las agresiones ocurrieron frente a la estaci\u00f3n del Metrob\u00fas Insurgentes, donde el conductor fue rociado con diamantina y \u00a0agredido por un par de sujetos: uno vestido de negro y otro que le dio un pu\u00f1etazo.<\/p>\n<p>&#8220;Nosotros estamos transmitiendo \u00fanicamente los hechos y la gente ha decidido aventar cosas, \u00bfpor qu\u00e9? Porque est\u00e1n enojadas, s\u00ed, una cuesti\u00f3n leg\u00edtima, s\u00ed, porque las mujeres\u00a0son violentadas en la Ciudad de M\u00e9xico y as\u00ed deciden algunas unas manifestarse&#8230; Aventando diamantina a los medios de comunicaci\u00f3n&#8221;, dijo el comunicador mientras las mujeres le arrojaban cosas.<\/p>\n<p>De forma sorpresiva, <strong>un sujeto vestido con playera blanca, gorra y pantal\u00f3n azul se acerc\u00f3 a Jim\u00e9nez y le dio un pu\u00f1etazo, derrib\u00e1ndolo.<\/strong><\/p>\n<blockquote class=\"twitter-tweet\" data-width=\"550\" data-dnt=\"true\">\n<p lang=\"es\" dir=\"ltr\">Nuestro conductor Juan Manuel Jim\u00e9nez fue agredido en vivo durante la transmisi\u00f3n de la marcha contra la violencia de g\u00e9nero. En <a href=\"https:\/\/twitter.com\/hashtag\/adn40?src=hash&amp;ref_src=twsrc%5Etfw\">#adn40<\/a> condenamos cualquier forma de violencia <\/p>\n<p>Tu Ciudad <a href=\"https:\/\/twitter.com\/hashtag\/EnTiempoReal?src=hash&amp;ref_src=twsrc%5Etfw\">#EnTiempoReal<\/a> con <a href=\"https:\/\/twitter.com\/juanmapregunta?ref_src=twsrc%5Etfw\">@juanmapregunta<\/a> | <a href=\"https:\/\/t.co\/sxuOmdNV9M\">https:\/\/t.co\/sxuOmdNV9M<\/a> <a href=\"https:\/\/t.co\/02g9Xu04El\">pic.twitter.com\/02g9Xu04El<\/a><\/p>\n<p>&mdash; adn40 (@adn40) <a href=\"https:\/\/twitter.com\/adn40\/status\/1162527475349327873?ref_src=twsrc%5Etfw\">August 17, 2019<\/a><\/p><\/blockquote>\n<p><script async src=\"https:\/\/platform.twitter.com\/widgets.js\" charset=\"utf-8\"><\/script><\/p>\n<p>Ante la mirada de las manifestantes, el sujeto fue perseguido por las c\u00e1maras de los medios y posteriormente fue golpeado por las mujeres. Tras lo ocurrido, el sujeto intent\u00f3 escapar entre la multitud. \u00a0<\/p>\n<blockquote class=\"twitter-tweet\" data-width=\"550\" data-dnt=\"true\">\n<p lang=\"es\" dir=\"ltr\">&quot;Esperamos que este caso no quede en impunidad&quot;, dijo <a href=\"https:\/\/twitter.com\/juanmapregunta?ref_src=twsrc%5Etfw\">@juanmapregunta<\/a> a su salida del <a href=\"https:\/\/twitter.com\/hashtag\/MinisterioP%C3%BAblico?src=hash&amp;ref_src=twsrc%5Etfw\">#MinisterioP\u00fablico<\/a>, donde present\u00f3 una denuncia luego de la agresi\u00f3n que sufri\u00f3 durante el cumplimiento de su labor.<a href=\"https:\/\/twitter.com\/hashtag\/DeIdayVuelta?src=hash&amp;ref_src=twsrc%5Etfw\">#DeIdayVuelta<\/a> con <a href=\"https:\/\/twitter.com\/MaxEspejel?ref_src=twsrc%5Etfw\">@MaxEspejel<\/a> | <a href=\"https:\/\/t.co\/sxuOmdNV9M\">https:\/\/t.co\/sxuOmdNV9M<\/a> <a href=\"https:\/\/t.co\/lrPbinGXmJ\">pic.twitter.com\/lrPbinGXmJ<\/a><\/p>\n<p>&mdash; adn40 (@adn40) <a href=\"https:\/\/twitter.com\/adn40\/status\/1162742698857467904?ref_src=twsrc%5Etfw\">August 17, 2019<\/a><\/p><\/blockquote>\n<p><script async src=\"https:\/\/platform.twitter.com\/widgets.js\" charset=\"utf-8\"><\/script><\/p>\n<blockquote class=\"twitter-tweet\" data-width=\"550\" data-dnt=\"true\">\n<p lang=\"es\" dir=\"ltr\">Afortunadamente <a href=\"https:\/\/twitter.com\/juanmapregunta?ref_src=twsrc%5Etfw\">@juanmapregunta<\/a> se encuentra bien tras ser agredido por un sujeto durante su cobertura de la marcha <a href=\"https:\/\/twitter.com\/hashtag\/NoMeCuidanMeViolan?src=hash&amp;ref_src=twsrc%5Etfw\">#NoMeCuidanMeViolan<\/a>; reporta que hay actos de violencia cerca de la Glorieta de Insurgentes.<\/p>\n<p>Tu Ciudad <a href=\"https:\/\/twitter.com\/hashtag\/EnTiempoReal?src=hash&amp;ref_src=twsrc%5Etfw\">#EnTiempoReal<\/a> con <a href=\"https:\/\/twitter.com\/MLopezSanMartin?ref_src=twsrc%5Etfw\">@MLopezSanMartin<\/a> | <a href=\"https:\/\/t.co\/sxuOmdNV9M\">https:\/\/t.co\/sxuOmdNV9M<\/a> <a href=\"https:\/\/t.co\/toviwrMaeu\">pic.twitter.com\/toviwrMaeu<\/a><\/p>\n<p>&mdash; adn40 (@adn40) <a href=\"https:\/\/twitter.com\/adn40\/status\/1162530719677083648?ref_src=twsrc%5Etfw\">August 17, 2019<\/a><\/p><\/blockquote>\n<p><script async src=\"https:\/\/platform.twitter.com\/widgets.js\" charset=\"utf-8\"><\/script><\/p>\n<\/div>\n<\/div>\n","protected":false},"excerpt":{"rendered":"<p>Sujeto agrede a reportero en transmisi\u00f3n de marcha feminista<br \/>\nPor Redacci\u00f3n QP<\/p>\n","protected":false},"author":2,"featured_media":35420,"comment_status":"open","ping_status":"open","sticky":false,"template":"","format":"standard","meta":{"_monsterinsights_skip_tracking":false,"_monsterinsights_sitenote_active":false,"_monsterinsights_sitenote_note":"","_monsterinsights_sitenote_category":0,"footnotes":""},"categories":[55],"tags":[],"class_list":["post-35421","post","type-post","status-publish","format-standard","has-post-thumbnail","hentry","category-cdmx"],"yoast_head":"<!-- This site is optimized with the Yoast SEO plugin v27.3 - https:\/\/yoast.com\/product\/yoast-seo-wordpress\/ -->\n<title>Sujeto agrede a reportero en transmisi\u00f3n de marcha feminista -<\/title>\n<meta name=\"robots\" content=\"index, follow, max-snippet:-1, max-image-preview:large, max-video-preview:-1\" \/>\n<link rel=\"canonical\" href=\"https:\/\/quehacerpolitico.mx\/?p=35421\" \/>\n<meta property=\"og:locale\" content=\"es_MX\" \/>\n<meta property=\"og:type\" content=\"article\" \/>\n<meta property=\"og:title\" content=\"Sujeto agrede a reportero en transmisi\u00f3n de marcha feminista -\" \/>\n<meta property=\"og:description\" content=\"Sujeto agrede a reportero en transmisi\u00f3n de marcha feminista Por Redacci\u00f3n QP\" \/>\n<meta property=\"og:url\" content=\"https:\/\/quehacerpolitico.mx\/?p=35421\" \/>\n<meta property=\"article:published_time\" content=\"2019-08-17T16:18:51+00:00\" \/>\n<meta name=\"author\" content=\"Redacci\u00f3n QP\" \/>\n<meta name=\"twitter:card\" content=\"summary_large_image\" \/>\n<meta name=\"twitter:label1\" content=\"Escrito por\" \/>\n\t<meta name=\"twitter:data1\" content=\"Redacci\u00f3n QP\" \/>\n\t<meta name=\"twitter:label2\" content=\"Tiempo de lectura\" \/>\n\t<meta name=\"twitter:data2\" content=\"1 minuto\" \/>\n<script type=\"application\/ld+json\" class=\"yoast-schema-graph\">{\"@context\":\"https:\\\/\\\/schema.org\",\"@graph\":[{\"@type\":\"Article\",\"@id\":\"https:\\\/\\\/quehacerpolitico.mx\\\/?p=35421#article\",\"isPartOf\":{\"@id\":\"https:\\\/\\\/quehacerpolitico.mx\\\/?p=35421\"},\"author\":{\"name\":\"Redacci\u00f3n QP\",\"@id\":\"https:\\\/\\\/quehacerpolitico.mx\\\/#\\\/schema\\\/person\\\/496d8ad2d1d3f8036101dca7ee39e585\"},\"headline\":\"Sujeto agrede a reportero en transmisi\u00f3n de marcha feminista\",\"datePublished\":\"2019-08-17T16:18:51+00:00\",\"mainEntityOfPage\":{\"@id\":\"https:\\\/\\\/quehacerpolitico.mx\\\/?p=35421\"},\"wordCount\":286,\"commentCount\":0,\"image\":{\"@id\":\"https:\\\/\\\/quehacerpolitico.mx\\\/?p=35421#primaryimage\"},\"thumbnailUrl\":\"\",\"articleSection\":[\"CDMX\"],\"inLanguage\":\"es\",\"potentialAction\":[{\"@type\":\"CommentAction\",\"name\":\"Comment\",\"target\":[\"https:\\\/\\\/quehacerpolitico.mx\\\/?p=35421#respond\"]}]},{\"@type\":\"WebPage\",\"@id\":\"https:\\\/\\\/quehacerpolitico.mx\\\/?p=35421\",\"url\":\"https:\\\/\\\/quehacerpolitico.mx\\\/?p=35421\",\"name\":\"Sujeto agrede a reportero en transmisi\u00f3n de marcha feminista -\",\"isPartOf\":{\"@id\":\"https:\\\/\\\/quehacerpolitico.mx\\\/#website\"},\"primaryImageOfPage\":{\"@id\":\"https:\\\/\\\/quehacerpolitico.mx\\\/?p=35421#primaryimage\"},\"image\":{\"@id\":\"https:\\\/\\\/quehacerpolitico.mx\\\/?p=35421#primaryimage\"},\"thumbnailUrl\":\"\",\"datePublished\":\"2019-08-17T16:18:51+00:00\",\"author\":{\"@id\":\"https:\\\/\\\/quehacerpolitico.mx\\\/#\\\/schema\\\/person\\\/496d8ad2d1d3f8036101dca7ee39e585\"},\"breadcrumb\":{\"@id\":\"https:\\\/\\\/quehacerpolitico.mx\\\/?p=35421#breadcrumb\"},\"inLanguage\":\"es\",\"potentialAction\":[{\"@type\":\"ReadAction\",\"target\":[\"https:\\\/\\\/quehacerpolitico.mx\\\/?p=35421\"]}]},{\"@type\":\"ImageObject\",\"inLanguage\":\"es\",\"@id\":\"https:\\\/\\\/quehacerpolitico.mx\\\/?p=35421#primaryimage\",\"url\":\"\",\"contentUrl\":\"\"},{\"@type\":\"BreadcrumbList\",\"@id\":\"https:\\\/\\\/quehacerpolitico.mx\\\/?p=35421#breadcrumb\",\"itemListElement\":[{\"@type\":\"ListItem\",\"position\":1,\"name\":\"Inicio\",\"item\":\"https:\\\/\\\/quehacerpolitico.mx\\\/\"},{\"@type\":\"ListItem\",\"position\":2,\"name\":\"Sujeto agrede a reportero en transmisi\u00f3n de marcha feminista\"}]},{\"@type\":\"WebSite\",\"@id\":\"https:\\\/\\\/quehacerpolitico.mx\\\/#website\",\"url\":\"https:\\\/\\\/quehacerpolitico.mx\\\/\",\"name\":\"\",\"description\":\"\",\"potentialAction\":[{\"@type\":\"SearchAction\",\"target\":{\"@type\":\"EntryPoint\",\"urlTemplate\":\"https:\\\/\\\/quehacerpolitico.mx\\\/?s={search_term_string}\"},\"query-input\":{\"@type\":\"PropertyValueSpecification\",\"valueRequired\":true,\"valueName\":\"search_term_string\"}}],\"inLanguage\":\"es\"},{\"@type\":\"Person\",\"@id\":\"https:\\\/\\\/quehacerpolitico.mx\\\/#\\\/schema\\\/person\\\/496d8ad2d1d3f8036101dca7ee39e585\",\"name\":\"Redacci\u00f3n QP\",\"image\":{\"@type\":\"ImageObject\",\"inLanguage\":\"es\",\"@id\":\"https:\\\/\\\/secure.gravatar.com\\\/avatar\\\/c7164ed6fdec453195284ad24a5ae5b6e1eed2b848477fa2a4787ba9adf39a41?s=96&d=mm&r=g\",\"url\":\"https:\\\/\\\/secure.gravatar.com\\\/avatar\\\/c7164ed6fdec453195284ad24a5ae5b6e1eed2b848477fa2a4787ba9adf39a41?s=96&d=mm&r=g\",\"contentUrl\":\"https:\\\/\\\/secure.gravatar.com\\\/avatar\\\/c7164ed6fdec453195284ad24a5ae5b6e1eed2b848477fa2a4787ba9adf39a41?s=96&d=mm&r=g\",\"caption\":\"Redacci\u00f3n QP\"},\"url\":\"https:\\\/\\\/quehacerpolitico.mx\\\/?author=2\"}]}<\/script>\n<!-- \/ Yoast SEO plugin. -->","yoast_head_json":{"title":"Sujeto agrede a reportero en transmisi\u00f3n de marcha feminista -","robots":{"index":"index","follow":"follow","max-snippet":"max-snippet:-1","max-image-preview":"max-image-preview:large","max-video-preview":"max-video-preview:-1"},"canonical":"https:\/\/quehacerpolitico.mx\/?p=35421","og_locale":"es_MX","og_type":"article","og_title":"Sujeto agrede a reportero en transmisi\u00f3n de marcha feminista -","og_description":"Sujeto agrede a reportero en transmisi\u00f3n de marcha feminista Por Redacci\u00f3n QP","og_url":"https:\/\/quehacerpolitico.mx\/?p=35421","article_published_time":"2019-08-17T16:18:51+00:00","author":"Redacci\u00f3n QP","twitter_card":"summary_large_image","twitter_misc":{"Escrito por":"Redacci\u00f3n QP","Tiempo de lectura":"1 minuto"},"schema":{"@context":"https:\/\/schema.org","@graph":[{"@type":"Article","@id":"https:\/\/quehacerpolitico.mx\/?p=35421#article","isPartOf":{"@id":"https:\/\/quehacerpolitico.mx\/?p=35421"},"author":{"name":"Redacci\u00f3n QP","@id":"https:\/\/quehacerpolitico.mx\/#\/schema\/person\/496d8ad2d1d3f8036101dca7ee39e585"},"headline":"Sujeto agrede a reportero en transmisi\u00f3n de marcha feminista","datePublished":"2019-08-17T16:18:51+00:00","mainEntityOfPage":{"@id":"https:\/\/quehacerpolitico.mx\/?p=35421"},"wordCount":286,"commentCount":0,"image":{"@id":"https:\/\/quehacerpolitico.mx\/?p=35421#primaryimage"},"thumbnailUrl":"","articleSection":["CDMX"],"inLanguage":"es","potentialAction":[{"@type":"CommentAction","name":"Comment","target":["https:\/\/quehacerpolitico.mx\/?p=35421#respond"]}]},{"@type":"WebPage","@id":"https:\/\/quehacerpolitico.mx\/?p=35421","url":"https:\/\/quehacerpolitico.mx\/?p=35421","name":"Sujeto agrede a reportero en transmisi\u00f3n de marcha feminista -","isPartOf":{"@id":"https:\/\/quehacerpolitico.mx\/#website"},"primaryImageOfPage":{"@id":"https:\/\/quehacerpolitico.mx\/?p=35421#primaryimage"},"image":{"@id":"https:\/\/quehacerpolitico.mx\/?p=35421#primaryimage"},"thumbnailUrl":"","datePublished":"2019-08-17T16:18:51+00:00","author":{"@id":"https:\/\/quehacerpolitico.mx\/#\/schema\/person\/496d8ad2d1d3f8036101dca7ee39e585"},"breadcrumb":{"@id":"https:\/\/quehacerpolitico.mx\/?p=35421#breadcrumb"},"inLanguage":"es","potentialAction":[{"@type":"ReadAction","target":["https:\/\/quehacerpolitico.mx\/?p=35421"]}]},{"@type":"ImageObject","inLanguage":"es","@id":"https:\/\/quehacerpolitico.mx\/?p=35421#primaryimage","url":"","contentUrl":""},{"@type":"BreadcrumbList","@id":"https:\/\/quehacerpolitico.mx\/?p=35421#breadcrumb","itemListElement":[{"@type":"ListItem","position":1,"name":"Inicio","item":"https:\/\/quehacerpolitico.mx\/"},{"@type":"ListItem","position":2,"name":"Sujeto agrede a reportero en transmisi\u00f3n de marcha feminista"}]},{"@type":"WebSite","@id":"https:\/\/quehacerpolitico.mx\/#website","url":"https:\/\/quehacerpolitico.mx\/","name":"","description":"","potentialAction":[{"@type":"SearchAction","target":{"@type":"EntryPoint","urlTemplate":"https:\/\/quehacerpolitico.mx\/?s={search_term_string}"},"query-input":{"@type":"PropertyValueSpecification","valueRequired":true,"valueName":"search_term_string"}}],"inLanguage":"es"},{"@type":"Person","@id":"https:\/\/quehacerpolitico.mx\/#\/schema\/person\/496d8ad2d1d3f8036101dca7ee39e585","name":"Redacci\u00f3n QP","image":{"@type":"ImageObject","inLanguage":"es","@id":"https:\/\/secure.gravatar.com\/avatar\/c7164ed6fdec453195284ad24a5ae5b6e1eed2b848477fa2a4787ba9adf39a41?s=96&d=mm&r=g","url":"https:\/\/secure.gravatar.com\/avatar\/c7164ed6fdec453195284ad24a5ae5b6e1eed2b848477fa2a4787ba9adf39a41?s=96&d=mm&r=g","contentUrl":"https:\/\/secure.gravatar.com\/avatar\/c7164ed6fdec453195284ad24a5ae5b6e1eed2b848477fa2a4787ba9adf39a41?s=96&d=mm&r=g","caption":"Redacci\u00f3n QP"},"url":"https:\/\/quehacerpolitico.mx\/?author=2"}]}},"featured_image_urls":{"full":"","thumbnail":"","medium":"","medium_large":"","large":"","1536x1536":"","2048x2048":"","covernews-featured":"","covernews-medium":""},"author_info":{"display_name":"Redacci\u00f3n QP","author_link":"https:\/\/quehacerpolitico.mx\/?author=2"},"category_info":"<a href=\"https:\/\/quehacerpolitico.mx\/?cat=55\" rel=\"category\">CDMX<\/a>","tag_info":"CDMX","comment_count":"0","_links":{"self":[{"href":"https:\/\/quehacerpolitico.mx\/index.php?rest_route=\/wp\/v2\/posts\/35421","targetHints":{"allow":["GET"]}}],"collection":[{"href":"https:\/\/quehacerpolitico.mx\/index.php?rest_route=\/wp\/v2\/posts"}],"about":[{"href":"https:\/\/quehacerpolitico.mx\/index.php?rest_route=\/wp\/v2\/types\/post"}],"author":[{"embeddable":true,"href":"https:\/\/quehacerpolitico.mx\/index.php?rest_route=\/wp\/v2\/users\/2"}],"replies":[{"embeddable":true,"href":"https:\/\/quehacerpolitico.mx\/index.php?rest_route=%2Fwp%2Fv2%2Fcomments&post=35421"}],"version-history":[{"count":0,"href":"https:\/\/quehacerpolitico.mx\/index.php?rest_route=\/wp\/v2\/posts\/35421\/revisions"}],"wp:featuredmedia":[{"embeddable":true,"href":"https:\/\/quehacerpolitico.mx\/index.php?rest_route=\/"}],"wp:attachment":[{"href":"https:\/\/quehacerpolitico.mx\/index.php?rest_route=%2Fwp%2Fv2%2Fmedia&parent=35421"}],"wp:term":[{"taxonomy":"category","embeddable":true,"href":"https:\/\/quehacerpolitico.mx\/index.php?rest_route=%2Fwp%2Fv2%2Fcategories&post=35421"},{"taxonomy":"post_tag","embeddable":true,"href":"https:\/\/quehacerpolitico.mx\/index.php?rest_route=%2Fwp%2Fv2%2Ftags&post=35421"}],"curies":[{"name":"wp","href":"https:\/\/api.w.org\/{rel}","templated":true}]}}