{"id":35412,"date":"2019-08-17T15:03:37","date_gmt":"2019-08-17T15:03:37","guid":{"rendered":"http:\/\/quehacerpolitico.mx\/voces-del-periodista-desde-filomeno-mata-8-mouris-salloum-george-el-cambio-tambien-es-reversa\/"},"modified":"2019-08-17T15:03:37","modified_gmt":"2019-08-17T15:03:37","slug":"voces-del-periodista-desde-filomeno-mata-8-mouris-salloum-george-el-cambio-tambien-es-reversa","status":"publish","type":"post","link":"https:\/\/quehacerpolitico.mx\/?p=35412","title":{"rendered":"Voces del Periodista Desde Filomeno Mata 8\/\/\/Mouris Salloum George\/\/\/El cambio tambi\u00e9n es reversa"},"content":{"rendered":"<h1 class=\"entry-title penci-entry-title penci-title-\">El cambio tambi\u00e9n es reversa<\/h1>\n<p>Por Mouris Salloum George<br \/>Director General del Club de Periodistas de Mexico AC<\/p>\n<p>El hartazgo social genera, invariablemente, <strong>un explosivo clamor<\/strong> <strong>por el cambio<\/strong>: \u00a1Aqu\u00ed y ahora! No para <strong><em>las calendas griegas<\/em><\/strong>.<\/p>\n<p>Ese es el recurso -por facil\u00f3n- m\u00e1s socorrido de las oposiciones en <strong><em>temporada de patos<\/em><\/strong>: La electoral.<\/p>\n<p>Cada candidato adoba a la carta su promesa de cambio, seg\u00fan el auditorio al que se dirija. Si el mitin es de campesinos o sesi\u00f3n de empresarios, junta de mujeres o j\u00f3venes; para todos, la misma tramposa oferta.<\/p>\n<p>Al final del d\u00eda, el <strong><em>merengue de derrite<\/em><\/strong>. Viene una nueva convocatoria y el men\u00fa se repite.<\/p>\n<p>En M\u00e9xico, <strong>Carlos Salinas de Gortari<\/strong> present\u00f3 en sociedad a la <strong><em>Generaci\u00f3n del cambio<\/em><\/strong>: El de la debacle. A lomo de la frustraci\u00f3n popular, Fox invent\u00f3 su propio membrete: La <strong>Alianza por el cambio<\/strong>. Para entonces ya se activ\u00f3 la advertencia: <strong><em>El cambio tambi\u00e9n es reversa<\/em><\/strong>. Y a qu\u00e9 velocidad.<\/p>\n<p>Ya con <strong>Enrique Pe\u00f1a Nieto<\/strong> se busc\u00f3 un placebo igual o peor de h\u00edbrido: <strong>Transformaci\u00f3n<\/strong>. As\u00ed llegamos a 2019, moviendo a M\u00e9xico <strong><em>de reculada<\/em><\/strong>.<\/p>\n<p><strong>En Argentina perdi\u00f3 el Fondo Monetario Internacional<\/strong><\/p>\n<p>Traslademos el cuadrante: <strong>Argentina<\/strong>: En 2015 asumi\u00f3 la presidencia el neoliberal <strong>Mauricio Macri<\/strong>. Lo abander\u00f3 el partido <strong><em>Cambiemos<\/em><\/strong>. Para las elecciones del pasado 11 de agosto, el Presidente se la jug\u00f3 con el membrete <strong><em>Juntos por el cambio<\/em><\/strong>.<\/p>\n<p>Fueron elecciones primarias: El movimiento de Macri termin\u00f3 abajo con una diferencia de casi <strong>16 puntos porcentuales<\/strong>. Las elecciones presidenciales son el 27 de octubre.<\/p>\n<p>Todo lo que cambi\u00f3 en estos cuatro a\u00f1os fue el modelo:\u00a0 Macri privatiz\u00f3 para imponer el imperio del mercado: <strong>Gener\u00f3 devaluaci\u00f3n, deuda, desempleo, escasez, inflaci\u00f3n y hartazgo social<\/strong>.<\/p>\n<p>Si las tendencias no cambian, en octubre volver\u00e1 al poder el <strong>peronismo<\/strong>, satanizado por sus detractores como <strong><em>populismo<\/em><\/strong>. Otra vuelta a la noria. Parece obvio que al pueblo se le somete al incesante <strong><em>suplicio de S\u00edsifo<\/em><\/strong>.<\/p>\n<p>El gran perdedor en la pasada jornada dominical fue el <strong>Fondo Monetario Internacional <\/strong>(FMI). Apost\u00f3 por Macri m\u00e1s de <strong>43 mil millones de d\u00f3lares<\/strong> en menos de dos a\u00f1os.<\/p>\n<p>Los pol\u00edticos electoreros nunca est\u00e1n dispuestos <strong><em>a aprender en<\/em><\/strong> <strong><em>cabeza ajena<\/em><\/strong>. Ni sudan ni se abochornan con la tragedia de sus gobernadores. Eterno y deprimente espect\u00e1culo de la <strong>democracia representativa<\/strong>. \u00bfCu\u00e1ndo la <strong><em>cambiar\u00e1n<\/em><\/strong>, de veras?<\/p>\n","protected":false},"excerpt":{"rendered":"<p>El cambio tambi\u00e9n es reversa<br \/>\nPor Mouris Salloum George<br \/>\nDirector General del Club de Periodistas de Mexico AC<\/p>\n","protected":false},"author":2,"featured_media":35411,"comment_status":"open","ping_status":"open","sticky":false,"template":"","format":"standard","meta":{"_monsterinsights_skip_tracking":false,"_monsterinsights_sitenote_active":false,"_monsterinsights_sitenote_note":"","_monsterinsights_sitenote_category":0,"footnotes":""},"categories":[2],"tags":[],"class_list":["post-35412","post","type-post","status-publish","format-standard","has-post-thumbnail","hentry","category-noticias"],"yoast_head":"<!-- This site is optimized with the Yoast SEO plugin v27.3 - https:\/\/yoast.com\/product\/yoast-seo-wordpress\/ -->\n<title>Voces del Periodista Desde Filomeno Mata 8\/\/\/Mouris Salloum George\/\/\/El cambio tambi\u00e9n es reversa -<\/title>\n<meta name=\"robots\" content=\"index, follow, max-snippet:-1, max-image-preview:large, max-video-preview:-1\" \/>\n<link rel=\"canonical\" href=\"https:\/\/quehacerpolitico.mx\/?p=35412\" \/>\n<meta property=\"og:locale\" content=\"es_MX\" \/>\n<meta property=\"og:type\" content=\"article\" \/>\n<meta property=\"og:title\" content=\"Voces del Periodista Desde Filomeno Mata 8\/\/\/Mouris Salloum George\/\/\/El cambio tambi\u00e9n es reversa -\" \/>\n<meta property=\"og:description\" content=\"El cambio tambi\u00e9n es reversa Por Mouris Salloum George Director General del Club de Periodistas de Mexico AC\" \/>\n<meta property=\"og:url\" content=\"https:\/\/quehacerpolitico.mx\/?p=35412\" \/>\n<meta property=\"article:published_time\" content=\"2019-08-17T15:03:37+00:00\" \/>\n<meta name=\"author\" content=\"Redacci\u00f3n QP\" \/>\n<meta name=\"twitter:card\" content=\"summary_large_image\" \/>\n<meta name=\"twitter:label1\" content=\"Escrito por\" \/>\n\t<meta name=\"twitter:data1\" content=\"Redacci\u00f3n QP\" \/>\n\t<meta name=\"twitter:label2\" content=\"Tiempo de lectura\" \/>\n\t<meta name=\"twitter:data2\" content=\"2 minutos\" \/>\n<script type=\"application\/ld+json\" class=\"yoast-schema-graph\">{\"@context\":\"https:\\\/\\\/schema.org\",\"@graph\":[{\"@type\":\"Article\",\"@id\":\"https:\\\/\\\/quehacerpolitico.mx\\\/?p=35412#article\",\"isPartOf\":{\"@id\":\"https:\\\/\\\/quehacerpolitico.mx\\\/?p=35412\"},\"author\":{\"name\":\"Redacci\u00f3n QP\",\"@id\":\"https:\\\/\\\/quehacerpolitico.mx\\\/#\\\/schema\\\/person\\\/496d8ad2d1d3f8036101dca7ee39e585\"},\"headline\":\"Voces del Periodista Desde Filomeno Mata 8\\\/\\\/\\\/Mouris Salloum George\\\/\\\/\\\/El cambio tambi\u00e9n es reversa\",\"datePublished\":\"2019-08-17T15:03:37+00:00\",\"mainEntityOfPage\":{\"@id\":\"https:\\\/\\\/quehacerpolitico.mx\\\/?p=35412\"},\"wordCount\":416,\"commentCount\":0,\"image\":{\"@id\":\"https:\\\/\\\/quehacerpolitico.mx\\\/?p=35412#primaryimage\"},\"thumbnailUrl\":\"\",\"articleSection\":[\"Noticias\"],\"inLanguage\":\"es\",\"potentialAction\":[{\"@type\":\"CommentAction\",\"name\":\"Comment\",\"target\":[\"https:\\\/\\\/quehacerpolitico.mx\\\/?p=35412#respond\"]}]},{\"@type\":\"WebPage\",\"@id\":\"https:\\\/\\\/quehacerpolitico.mx\\\/?p=35412\",\"url\":\"https:\\\/\\\/quehacerpolitico.mx\\\/?p=35412\",\"name\":\"Voces del Periodista Desde Filomeno Mata 8\\\/\\\/\\\/Mouris Salloum George\\\/\\\/\\\/El cambio tambi\u00e9n es reversa -\",\"isPartOf\":{\"@id\":\"https:\\\/\\\/quehacerpolitico.mx\\\/#website\"},\"primaryImageOfPage\":{\"@id\":\"https:\\\/\\\/quehacerpolitico.mx\\\/?p=35412#primaryimage\"},\"image\":{\"@id\":\"https:\\\/\\\/quehacerpolitico.mx\\\/?p=35412#primaryimage\"},\"thumbnailUrl\":\"\",\"datePublished\":\"2019-08-17T15:03:37+00:00\",\"author\":{\"@id\":\"https:\\\/\\\/quehacerpolitico.mx\\\/#\\\/schema\\\/person\\\/496d8ad2d1d3f8036101dca7ee39e585\"},\"breadcrumb\":{\"@id\":\"https:\\\/\\\/quehacerpolitico.mx\\\/?p=35412#breadcrumb\"},\"inLanguage\":\"es\",\"potentialAction\":[{\"@type\":\"ReadAction\",\"target\":[\"https:\\\/\\\/quehacerpolitico.mx\\\/?p=35412\"]}]},{\"@type\":\"ImageObject\",\"inLanguage\":\"es\",\"@id\":\"https:\\\/\\\/quehacerpolitico.mx\\\/?p=35412#primaryimage\",\"url\":\"\",\"contentUrl\":\"\"},{\"@type\":\"BreadcrumbList\",\"@id\":\"https:\\\/\\\/quehacerpolitico.mx\\\/?p=35412#breadcrumb\",\"itemListElement\":[{\"@type\":\"ListItem\",\"position\":1,\"name\":\"Inicio\",\"item\":\"https:\\\/\\\/quehacerpolitico.mx\\\/\"},{\"@type\":\"ListItem\",\"position\":2,\"name\":\"Voces del Periodista Desde Filomeno Mata 8\\\/\\\/\\\/Mouris Salloum George\\\/\\\/\\\/El cambio tambi\u00e9n es reversa\"}]},{\"@type\":\"WebSite\",\"@id\":\"https:\\\/\\\/quehacerpolitico.mx\\\/#website\",\"url\":\"https:\\\/\\\/quehacerpolitico.mx\\\/\",\"name\":\"\",\"description\":\"\",\"potentialAction\":[{\"@type\":\"SearchAction\",\"target\":{\"@type\":\"EntryPoint\",\"urlTemplate\":\"https:\\\/\\\/quehacerpolitico.mx\\\/?s={search_term_string}\"},\"query-input\":{\"@type\":\"PropertyValueSpecification\",\"valueRequired\":true,\"valueName\":\"search_term_string\"}}],\"inLanguage\":\"es\"},{\"@type\":\"Person\",\"@id\":\"https:\\\/\\\/quehacerpolitico.mx\\\/#\\\/schema\\\/person\\\/496d8ad2d1d3f8036101dca7ee39e585\",\"name\":\"Redacci\u00f3n QP\",\"image\":{\"@type\":\"ImageObject\",\"inLanguage\":\"es\",\"@id\":\"https:\\\/\\\/secure.gravatar.com\\\/avatar\\\/c7164ed6fdec453195284ad24a5ae5b6e1eed2b848477fa2a4787ba9adf39a41?s=96&d=mm&r=g\",\"url\":\"https:\\\/\\\/secure.gravatar.com\\\/avatar\\\/c7164ed6fdec453195284ad24a5ae5b6e1eed2b848477fa2a4787ba9adf39a41?s=96&d=mm&r=g\",\"contentUrl\":\"https:\\\/\\\/secure.gravatar.com\\\/avatar\\\/c7164ed6fdec453195284ad24a5ae5b6e1eed2b848477fa2a4787ba9adf39a41?s=96&d=mm&r=g\",\"caption\":\"Redacci\u00f3n QP\"},\"url\":\"https:\\\/\\\/quehacerpolitico.mx\\\/?author=2\"}]}<\/script>\n<!-- \/ Yoast SEO plugin. -->","yoast_head_json":{"title":"Voces del Periodista Desde Filomeno Mata 8\/\/\/Mouris Salloum George\/\/\/El cambio tambi\u00e9n es reversa -","robots":{"index":"index","follow":"follow","max-snippet":"max-snippet:-1","max-image-preview":"max-image-preview:large","max-video-preview":"max-video-preview:-1"},"canonical":"https:\/\/quehacerpolitico.mx\/?p=35412","og_locale":"es_MX","og_type":"article","og_title":"Voces del Periodista Desde Filomeno Mata 8\/\/\/Mouris Salloum George\/\/\/El cambio tambi\u00e9n es reversa -","og_description":"El cambio tambi\u00e9n es reversa Por Mouris Salloum George Director General del Club de Periodistas de Mexico AC","og_url":"https:\/\/quehacerpolitico.mx\/?p=35412","article_published_time":"2019-08-17T15:03:37+00:00","author":"Redacci\u00f3n QP","twitter_card":"summary_large_image","twitter_misc":{"Escrito por":"Redacci\u00f3n QP","Tiempo de lectura":"2 minutos"},"schema":{"@context":"https:\/\/schema.org","@graph":[{"@type":"Article","@id":"https:\/\/quehacerpolitico.mx\/?p=35412#article","isPartOf":{"@id":"https:\/\/quehacerpolitico.mx\/?p=35412"},"author":{"name":"Redacci\u00f3n QP","@id":"https:\/\/quehacerpolitico.mx\/#\/schema\/person\/496d8ad2d1d3f8036101dca7ee39e585"},"headline":"Voces del Periodista Desde Filomeno Mata 8\/\/\/Mouris Salloum George\/\/\/El cambio tambi\u00e9n es reversa","datePublished":"2019-08-17T15:03:37+00:00","mainEntityOfPage":{"@id":"https:\/\/quehacerpolitico.mx\/?p=35412"},"wordCount":416,"commentCount":0,"image":{"@id":"https:\/\/quehacerpolitico.mx\/?p=35412#primaryimage"},"thumbnailUrl":"","articleSection":["Noticias"],"inLanguage":"es","potentialAction":[{"@type":"CommentAction","name":"Comment","target":["https:\/\/quehacerpolitico.mx\/?p=35412#respond"]}]},{"@type":"WebPage","@id":"https:\/\/quehacerpolitico.mx\/?p=35412","url":"https:\/\/quehacerpolitico.mx\/?p=35412","name":"Voces del Periodista Desde Filomeno Mata 8\/\/\/Mouris Salloum George\/\/\/El cambio tambi\u00e9n es reversa -","isPartOf":{"@id":"https:\/\/quehacerpolitico.mx\/#website"},"primaryImageOfPage":{"@id":"https:\/\/quehacerpolitico.mx\/?p=35412#primaryimage"},"image":{"@id":"https:\/\/quehacerpolitico.mx\/?p=35412#primaryimage"},"thumbnailUrl":"","datePublished":"2019-08-17T15:03:37+00:00","author":{"@id":"https:\/\/quehacerpolitico.mx\/#\/schema\/person\/496d8ad2d1d3f8036101dca7ee39e585"},"breadcrumb":{"@id":"https:\/\/quehacerpolitico.mx\/?p=35412#breadcrumb"},"inLanguage":"es","potentialAction":[{"@type":"ReadAction","target":["https:\/\/quehacerpolitico.mx\/?p=35412"]}]},{"@type":"ImageObject","inLanguage":"es","@id":"https:\/\/quehacerpolitico.mx\/?p=35412#primaryimage","url":"","contentUrl":""},{"@type":"BreadcrumbList","@id":"https:\/\/quehacerpolitico.mx\/?p=35412#breadcrumb","itemListElement":[{"@type":"ListItem","position":1,"name":"Inicio","item":"https:\/\/quehacerpolitico.mx\/"},{"@type":"ListItem","position":2,"name":"Voces del Periodista Desde Filomeno Mata 8\/\/\/Mouris Salloum George\/\/\/El cambio tambi\u00e9n es reversa"}]},{"@type":"WebSite","@id":"https:\/\/quehacerpolitico.mx\/#website","url":"https:\/\/quehacerpolitico.mx\/","name":"","description":"","potentialAction":[{"@type":"SearchAction","target":{"@type":"EntryPoint","urlTemplate":"https:\/\/quehacerpolitico.mx\/?s={search_term_string}"},"query-input":{"@type":"PropertyValueSpecification","valueRequired":true,"valueName":"search_term_string"}}],"inLanguage":"es"},{"@type":"Person","@id":"https:\/\/quehacerpolitico.mx\/#\/schema\/person\/496d8ad2d1d3f8036101dca7ee39e585","name":"Redacci\u00f3n QP","image":{"@type":"ImageObject","inLanguage":"es","@id":"https:\/\/secure.gravatar.com\/avatar\/c7164ed6fdec453195284ad24a5ae5b6e1eed2b848477fa2a4787ba9adf39a41?s=96&d=mm&r=g","url":"https:\/\/secure.gravatar.com\/avatar\/c7164ed6fdec453195284ad24a5ae5b6e1eed2b848477fa2a4787ba9adf39a41?s=96&d=mm&r=g","contentUrl":"https:\/\/secure.gravatar.com\/avatar\/c7164ed6fdec453195284ad24a5ae5b6e1eed2b848477fa2a4787ba9adf39a41?s=96&d=mm&r=g","caption":"Redacci\u00f3n QP"},"url":"https:\/\/quehacerpolitico.mx\/?author=2"}]}},"featured_image_urls":{"full":"","thumbnail":"","medium":"","medium_large":"","large":"","1536x1536":"","2048x2048":"","covernews-featured":"","covernews-medium":""},"author_info":{"display_name":"Redacci\u00f3n QP","author_link":"https:\/\/quehacerpolitico.mx\/?author=2"},"category_info":"<a href=\"https:\/\/quehacerpolitico.mx\/?cat=2\" rel=\"category\">Noticias<\/a>","tag_info":"Noticias","comment_count":"0","_links":{"self":[{"href":"https:\/\/quehacerpolitico.mx\/index.php?rest_route=\/wp\/v2\/posts\/35412","targetHints":{"allow":["GET"]}}],"collection":[{"href":"https:\/\/quehacerpolitico.mx\/index.php?rest_route=\/wp\/v2\/posts"}],"about":[{"href":"https:\/\/quehacerpolitico.mx\/index.php?rest_route=\/wp\/v2\/types\/post"}],"author":[{"embeddable":true,"href":"https:\/\/quehacerpolitico.mx\/index.php?rest_route=\/wp\/v2\/users\/2"}],"replies":[{"embeddable":true,"href":"https:\/\/quehacerpolitico.mx\/index.php?rest_route=%2Fwp%2Fv2%2Fcomments&post=35412"}],"version-history":[{"count":0,"href":"https:\/\/quehacerpolitico.mx\/index.php?rest_route=\/wp\/v2\/posts\/35412\/revisions"}],"wp:featuredmedia":[{"embeddable":true,"href":"https:\/\/quehacerpolitico.mx\/index.php?rest_route=\/"}],"wp:attachment":[{"href":"https:\/\/quehacerpolitico.mx\/index.php?rest_route=%2Fwp%2Fv2%2Fmedia&parent=35412"}],"wp:term":[{"taxonomy":"category","embeddable":true,"href":"https:\/\/quehacerpolitico.mx\/index.php?rest_route=%2Fwp%2Fv2%2Fcategories&post=35412"},{"taxonomy":"post_tag","embeddable":true,"href":"https:\/\/quehacerpolitico.mx\/index.php?rest_route=%2Fwp%2Fv2%2Ftags&post=35412"}],"curies":[{"name":"wp","href":"https:\/\/api.w.org\/{rel}","templated":true}]}}