{"id":35397,"date":"2019-08-17T03:21:10","date_gmt":"2019-08-17T03:21:10","guid":{"rendered":"http:\/\/quehacerpolitico.mx\/feministas-violentan-estaciones-del-transporte-publico-asi-quedo-insurgentes\/"},"modified":"2019-08-17T03:21:10","modified_gmt":"2019-08-17T03:21:10","slug":"feministas-violentan-estaciones-del-transporte-publico-asi-quedo-insurgentes","status":"publish","type":"post","link":"https:\/\/quehacerpolitico.mx\/?p=35397","title":{"rendered":"Feministas violentan estaciones del transporte p\u00fablico; as\u00ed qued\u00f3 Insurgentes"},"content":{"rendered":"<p>Feministas violentan estaciones del transporte p\u00fablico; as\u00ed qued\u00f3 Insurgentes<\/p>\n<p>Por Redacci\u00f3n QP<\/p>\n<p>Con cristales esparcidos en el suelo, pantallas rotas, grafiti y objetos quemados fue como las integrantes de colectivos feministas dejaron las estaci\u00f3n de Metrob\u00fas Insurgentes, el inmobiliario ha quedado destruido y distintas mujeres tuvieron ataques de ansiedad y heridas por los vidrios.<\/p>\n<blockquote class=\"twitter-tweet\" data-width=\"550\" data-dnt=\"true\">\n<p lang=\"es\" dir=\"ltr\">\ud83d\udd34 \u00a1Lamentable!<br \/>La estaci\u00f3n Insurgentes del <a href=\"https:\/\/twitter.com\/MetrobusCDMX?ref_src=twsrc%5Etfw\">@MetrobusCDMX<\/a> fue destruida por integrantes de la marcha feminista.<a href=\"https:\/\/twitter.com\/davortega_7?ref_src=twsrc%5Etfw\">@davortega_7<\/a> con el reporte.<\/p>\n<p>M\u00e1s informaci\u00f3n en <a href=\"https:\/\/t.co\/DIyEgQ8FCN\">https:\/\/t.co\/DIyEgQ8FCN<\/a> <a href=\"https:\/\/t.co\/BAdkrQ0z5v\">pic.twitter.com\/BAdkrQ0z5v<\/a><\/p>\n<p>&mdash; @telediario (@telediario) <a href=\"https:\/\/twitter.com\/telediario\/status\/1162542343196516352?ref_src=twsrc%5Etfw\">August 17, 2019<\/a><\/p><\/blockquote>\n<p><script async src=\"https:\/\/platform.twitter.com\/widgets.js\" charset=\"utf-8\"><\/script><\/p>\n<blockquote class=\"twitter-tweet\" data-width=\"550\" data-dnt=\"true\">\n<p lang=\"es\" dir=\"ltr\">\ud83d\ude8e \u00a1Toma precauciones!<br \/>El <a href=\"https:\/\/twitter.com\/MetrobusCDMX?ref_src=twsrc%5Etfw\">@MetrobusCDMX<\/a> cambio la ruta de sus unidades por la manifestaci\u00f3n feminista en Glorieta de Insurgentes.<br \/>Aqu\u00ed los detalles.<\/p>\n<p>M\u00e1s informaci\u00f3n en <a href=\"https:\/\/t.co\/DIyEgQ8FCN\">https:\/\/t.co\/DIyEgQ8FCN<\/a> <a href=\"https:\/\/t.co\/054dZFlKI4\">pic.twitter.com\/054dZFlKI4<\/a><\/p>\n<p>&mdash; @telediario (@telediario) <a href=\"https:\/\/twitter.com\/telediario\/status\/1162542773771231232?ref_src=twsrc%5Etfw\">August 17, 2019<\/a><\/p><\/blockquote>\n<p><script async src=\"https:\/\/platform.twitter.com\/widgets.js\" charset=\"utf-8\"><\/script><\/p>\n<blockquote class=\"twitter-tweet\" data-width=\"550\" data-dnt=\"true\">\n<p lang=\"es\" dir=\"ltr\">\ud83d\udd35<a href=\"https:\/\/twitter.com\/hashtag\/NoMeCuidanMeViolan?src=hash&amp;ref_src=twsrc%5Etfw\">#NoMeCuidanMeViolan<\/a> | Inicia la limpieza de la estaci\u00f3n del <a href=\"https:\/\/twitter.com\/MetrobusCDMX?ref_src=twsrc%5Etfw\">@MetrobusCDMX<\/a> \u2018Insurgentes\u2019.<br \/>Integrantes de la macha feminista destruyeron las instalaciones. <a href=\"https:\/\/twitter.com\/luis_alfaros?ref_src=twsrc%5Etfw\">@luis_alfaros<\/a> con el reporte.<\/p>\n<p>M\u00e1s informaci\u00f3n en <a href=\"https:\/\/t.co\/WpeY0M886o\">https:\/\/t.co\/WpeY0M886o<\/a> <a href=\"https:\/\/t.co\/7ZgtTAf81A\">pic.twitter.com\/7ZgtTAf81A<\/a><\/p>\n<p>&mdash; @telediario (@telediario) <a href=\"https:\/\/twitter.com\/telediario\/status\/1162544795887079424?ref_src=twsrc%5Etfw\">August 17, 2019<\/a><\/p><\/blockquote>\n<p><script async src=\"https:\/\/platform.twitter.com\/widgets.js\" charset=\"utf-8\"><\/script><\/p>\n<p>Con Informaci\u00f3n de Telediario<\/p>\n","protected":false},"excerpt":{"rendered":"<p>Feministas violentan estaciones del transporte p\u00fablico; as\u00ed qued\u00f3 Insurgentes<br \/>\nPor Redacci\u00f3n QP<\/p>\n","protected":false},"author":2,"featured_media":35396,"comment_status":"open","ping_status":"open","sticky":false,"template":"","format":"standard","meta":{"_monsterinsights_skip_tracking":false,"_monsterinsights_sitenote_active":false,"_monsterinsights_sitenote_note":"","_monsterinsights_sitenote_category":0,"footnotes":""},"categories":[55],"tags":[],"class_list":["post-35397","post","type-post","status-publish","format-standard","has-post-thumbnail","hentry","category-cdmx"],"yoast_head":"<!-- This site is optimized with the Yoast SEO plugin v27.3 - https:\/\/yoast.com\/product\/yoast-seo-wordpress\/ -->\n<title>Feministas violentan estaciones del transporte p\u00fablico; as\u00ed qued\u00f3 Insurgentes -<\/title>\n<meta name=\"robots\" content=\"index, follow, max-snippet:-1, max-image-preview:large, max-video-preview:-1\" \/>\n<link rel=\"canonical\" href=\"https:\/\/quehacerpolitico.mx\/?p=35397\" \/>\n<meta property=\"og:locale\" content=\"es_MX\" \/>\n<meta property=\"og:type\" content=\"article\" \/>\n<meta property=\"og:title\" content=\"Feministas violentan estaciones del transporte p\u00fablico; as\u00ed qued\u00f3 Insurgentes -\" \/>\n<meta property=\"og:description\" content=\"Feministas violentan estaciones del transporte p\u00fablico; as\u00ed qued\u00f3 Insurgentes Por Redacci\u00f3n QP\" \/>\n<meta property=\"og:url\" content=\"https:\/\/quehacerpolitico.mx\/?p=35397\" \/>\n<meta property=\"article:published_time\" content=\"2019-08-17T03:21:10+00:00\" \/>\n<meta name=\"author\" content=\"Redacci\u00f3n QP\" \/>\n<meta name=\"twitter:card\" content=\"summary_large_image\" \/>\n<meta name=\"twitter:label1\" content=\"Escrito por\" \/>\n\t<meta name=\"twitter:data1\" content=\"Redacci\u00f3n QP\" \/>\n<script type=\"application\/ld+json\" class=\"yoast-schema-graph\">{\"@context\":\"https:\\\/\\\/schema.org\",\"@graph\":[{\"@type\":\"Article\",\"@id\":\"https:\\\/\\\/quehacerpolitico.mx\\\/?p=35397#article\",\"isPartOf\":{\"@id\":\"https:\\\/\\\/quehacerpolitico.mx\\\/?p=35397\"},\"author\":{\"name\":\"Redacci\u00f3n QP\",\"@id\":\"https:\\\/\\\/quehacerpolitico.mx\\\/#\\\/schema\\\/person\\\/496d8ad2d1d3f8036101dca7ee39e585\"},\"headline\":\"Feministas violentan estaciones del transporte p\u00fablico; as\u00ed qued\u00f3 Insurgentes\",\"datePublished\":\"2019-08-17T03:21:10+00:00\",\"mainEntityOfPage\":{\"@id\":\"https:\\\/\\\/quehacerpolitico.mx\\\/?p=35397\"},\"wordCount\":91,\"commentCount\":0,\"image\":{\"@id\":\"https:\\\/\\\/quehacerpolitico.mx\\\/?p=35397#primaryimage\"},\"thumbnailUrl\":\"\",\"articleSection\":[\"CDMX\"],\"inLanguage\":\"es\",\"potentialAction\":[{\"@type\":\"CommentAction\",\"name\":\"Comment\",\"target\":[\"https:\\\/\\\/quehacerpolitico.mx\\\/?p=35397#respond\"]}]},{\"@type\":\"WebPage\",\"@id\":\"https:\\\/\\\/quehacerpolitico.mx\\\/?p=35397\",\"url\":\"https:\\\/\\\/quehacerpolitico.mx\\\/?p=35397\",\"name\":\"Feministas violentan estaciones del transporte p\u00fablico; as\u00ed qued\u00f3 Insurgentes -\",\"isPartOf\":{\"@id\":\"https:\\\/\\\/quehacerpolitico.mx\\\/#website\"},\"primaryImageOfPage\":{\"@id\":\"https:\\\/\\\/quehacerpolitico.mx\\\/?p=35397#primaryimage\"},\"image\":{\"@id\":\"https:\\\/\\\/quehacerpolitico.mx\\\/?p=35397#primaryimage\"},\"thumbnailUrl\":\"\",\"datePublished\":\"2019-08-17T03:21:10+00:00\",\"author\":{\"@id\":\"https:\\\/\\\/quehacerpolitico.mx\\\/#\\\/schema\\\/person\\\/496d8ad2d1d3f8036101dca7ee39e585\"},\"breadcrumb\":{\"@id\":\"https:\\\/\\\/quehacerpolitico.mx\\\/?p=35397#breadcrumb\"},\"inLanguage\":\"es\",\"potentialAction\":[{\"@type\":\"ReadAction\",\"target\":[\"https:\\\/\\\/quehacerpolitico.mx\\\/?p=35397\"]}]},{\"@type\":\"ImageObject\",\"inLanguage\":\"es\",\"@id\":\"https:\\\/\\\/quehacerpolitico.mx\\\/?p=35397#primaryimage\",\"url\":\"\",\"contentUrl\":\"\"},{\"@type\":\"BreadcrumbList\",\"@id\":\"https:\\\/\\\/quehacerpolitico.mx\\\/?p=35397#breadcrumb\",\"itemListElement\":[{\"@type\":\"ListItem\",\"position\":1,\"name\":\"Inicio\",\"item\":\"https:\\\/\\\/quehacerpolitico.mx\\\/\"},{\"@type\":\"ListItem\",\"position\":2,\"name\":\"Feministas violentan estaciones del transporte p\u00fablico; as\u00ed qued\u00f3 Insurgentes\"}]},{\"@type\":\"WebSite\",\"@id\":\"https:\\\/\\\/quehacerpolitico.mx\\\/#website\",\"url\":\"https:\\\/\\\/quehacerpolitico.mx\\\/\",\"name\":\"\",\"description\":\"\",\"potentialAction\":[{\"@type\":\"SearchAction\",\"target\":{\"@type\":\"EntryPoint\",\"urlTemplate\":\"https:\\\/\\\/quehacerpolitico.mx\\\/?s={search_term_string}\"},\"query-input\":{\"@type\":\"PropertyValueSpecification\",\"valueRequired\":true,\"valueName\":\"search_term_string\"}}],\"inLanguage\":\"es\"},{\"@type\":\"Person\",\"@id\":\"https:\\\/\\\/quehacerpolitico.mx\\\/#\\\/schema\\\/person\\\/496d8ad2d1d3f8036101dca7ee39e585\",\"name\":\"Redacci\u00f3n QP\",\"image\":{\"@type\":\"ImageObject\",\"inLanguage\":\"es\",\"@id\":\"https:\\\/\\\/secure.gravatar.com\\\/avatar\\\/c7164ed6fdec453195284ad24a5ae5b6e1eed2b848477fa2a4787ba9adf39a41?s=96&d=mm&r=g\",\"url\":\"https:\\\/\\\/secure.gravatar.com\\\/avatar\\\/c7164ed6fdec453195284ad24a5ae5b6e1eed2b848477fa2a4787ba9adf39a41?s=96&d=mm&r=g\",\"contentUrl\":\"https:\\\/\\\/secure.gravatar.com\\\/avatar\\\/c7164ed6fdec453195284ad24a5ae5b6e1eed2b848477fa2a4787ba9adf39a41?s=96&d=mm&r=g\",\"caption\":\"Redacci\u00f3n QP\"},\"url\":\"https:\\\/\\\/quehacerpolitico.mx\\\/?author=2\"}]}<\/script>\n<!-- \/ Yoast SEO plugin. -->","yoast_head_json":{"title":"Feministas violentan estaciones del transporte p\u00fablico; as\u00ed qued\u00f3 Insurgentes -","robots":{"index":"index","follow":"follow","max-snippet":"max-snippet:-1","max-image-preview":"max-image-preview:large","max-video-preview":"max-video-preview:-1"},"canonical":"https:\/\/quehacerpolitico.mx\/?p=35397","og_locale":"es_MX","og_type":"article","og_title":"Feministas violentan estaciones del transporte p\u00fablico; as\u00ed qued\u00f3 Insurgentes -","og_description":"Feministas violentan estaciones del transporte p\u00fablico; as\u00ed qued\u00f3 Insurgentes Por Redacci\u00f3n QP","og_url":"https:\/\/quehacerpolitico.mx\/?p=35397","article_published_time":"2019-08-17T03:21:10+00:00","author":"Redacci\u00f3n QP","twitter_card":"summary_large_image","twitter_misc":{"Escrito por":"Redacci\u00f3n QP"},"schema":{"@context":"https:\/\/schema.org","@graph":[{"@type":"Article","@id":"https:\/\/quehacerpolitico.mx\/?p=35397#article","isPartOf":{"@id":"https:\/\/quehacerpolitico.mx\/?p=35397"},"author":{"name":"Redacci\u00f3n QP","@id":"https:\/\/quehacerpolitico.mx\/#\/schema\/person\/496d8ad2d1d3f8036101dca7ee39e585"},"headline":"Feministas violentan estaciones del transporte p\u00fablico; as\u00ed qued\u00f3 Insurgentes","datePublished":"2019-08-17T03:21:10+00:00","mainEntityOfPage":{"@id":"https:\/\/quehacerpolitico.mx\/?p=35397"},"wordCount":91,"commentCount":0,"image":{"@id":"https:\/\/quehacerpolitico.mx\/?p=35397#primaryimage"},"thumbnailUrl":"","articleSection":["CDMX"],"inLanguage":"es","potentialAction":[{"@type":"CommentAction","name":"Comment","target":["https:\/\/quehacerpolitico.mx\/?p=35397#respond"]}]},{"@type":"WebPage","@id":"https:\/\/quehacerpolitico.mx\/?p=35397","url":"https:\/\/quehacerpolitico.mx\/?p=35397","name":"Feministas violentan estaciones del transporte p\u00fablico; as\u00ed qued\u00f3 Insurgentes -","isPartOf":{"@id":"https:\/\/quehacerpolitico.mx\/#website"},"primaryImageOfPage":{"@id":"https:\/\/quehacerpolitico.mx\/?p=35397#primaryimage"},"image":{"@id":"https:\/\/quehacerpolitico.mx\/?p=35397#primaryimage"},"thumbnailUrl":"","datePublished":"2019-08-17T03:21:10+00:00","author":{"@id":"https:\/\/quehacerpolitico.mx\/#\/schema\/person\/496d8ad2d1d3f8036101dca7ee39e585"},"breadcrumb":{"@id":"https:\/\/quehacerpolitico.mx\/?p=35397#breadcrumb"},"inLanguage":"es","potentialAction":[{"@type":"ReadAction","target":["https:\/\/quehacerpolitico.mx\/?p=35397"]}]},{"@type":"ImageObject","inLanguage":"es","@id":"https:\/\/quehacerpolitico.mx\/?p=35397#primaryimage","url":"","contentUrl":""},{"@type":"BreadcrumbList","@id":"https:\/\/quehacerpolitico.mx\/?p=35397#breadcrumb","itemListElement":[{"@type":"ListItem","position":1,"name":"Inicio","item":"https:\/\/quehacerpolitico.mx\/"},{"@type":"ListItem","position":2,"name":"Feministas violentan estaciones del transporte p\u00fablico; as\u00ed qued\u00f3 Insurgentes"}]},{"@type":"WebSite","@id":"https:\/\/quehacerpolitico.mx\/#website","url":"https:\/\/quehacerpolitico.mx\/","name":"","description":"","potentialAction":[{"@type":"SearchAction","target":{"@type":"EntryPoint","urlTemplate":"https:\/\/quehacerpolitico.mx\/?s={search_term_string}"},"query-input":{"@type":"PropertyValueSpecification","valueRequired":true,"valueName":"search_term_string"}}],"inLanguage":"es"},{"@type":"Person","@id":"https:\/\/quehacerpolitico.mx\/#\/schema\/person\/496d8ad2d1d3f8036101dca7ee39e585","name":"Redacci\u00f3n QP","image":{"@type":"ImageObject","inLanguage":"es","@id":"https:\/\/secure.gravatar.com\/avatar\/c7164ed6fdec453195284ad24a5ae5b6e1eed2b848477fa2a4787ba9adf39a41?s=96&d=mm&r=g","url":"https:\/\/secure.gravatar.com\/avatar\/c7164ed6fdec453195284ad24a5ae5b6e1eed2b848477fa2a4787ba9adf39a41?s=96&d=mm&r=g","contentUrl":"https:\/\/secure.gravatar.com\/avatar\/c7164ed6fdec453195284ad24a5ae5b6e1eed2b848477fa2a4787ba9adf39a41?s=96&d=mm&r=g","caption":"Redacci\u00f3n QP"},"url":"https:\/\/quehacerpolitico.mx\/?author=2"}]}},"featured_image_urls":{"full":"","thumbnail":"","medium":"","medium_large":"","large":"","1536x1536":"","2048x2048":"","covernews-featured":"","covernews-medium":""},"author_info":{"display_name":"Redacci\u00f3n QP","author_link":"https:\/\/quehacerpolitico.mx\/?author=2"},"category_info":"<a href=\"https:\/\/quehacerpolitico.mx\/?cat=55\" rel=\"category\">CDMX<\/a>","tag_info":"CDMX","comment_count":"0","_links":{"self":[{"href":"https:\/\/quehacerpolitico.mx\/index.php?rest_route=\/wp\/v2\/posts\/35397","targetHints":{"allow":["GET"]}}],"collection":[{"href":"https:\/\/quehacerpolitico.mx\/index.php?rest_route=\/wp\/v2\/posts"}],"about":[{"href":"https:\/\/quehacerpolitico.mx\/index.php?rest_route=\/wp\/v2\/types\/post"}],"author":[{"embeddable":true,"href":"https:\/\/quehacerpolitico.mx\/index.php?rest_route=\/wp\/v2\/users\/2"}],"replies":[{"embeddable":true,"href":"https:\/\/quehacerpolitico.mx\/index.php?rest_route=%2Fwp%2Fv2%2Fcomments&post=35397"}],"version-history":[{"count":0,"href":"https:\/\/quehacerpolitico.mx\/index.php?rest_route=\/wp\/v2\/posts\/35397\/revisions"}],"wp:featuredmedia":[{"embeddable":true,"href":"https:\/\/quehacerpolitico.mx\/index.php?rest_route=\/"}],"wp:attachment":[{"href":"https:\/\/quehacerpolitico.mx\/index.php?rest_route=%2Fwp%2Fv2%2Fmedia&parent=35397"}],"wp:term":[{"taxonomy":"category","embeddable":true,"href":"https:\/\/quehacerpolitico.mx\/index.php?rest_route=%2Fwp%2Fv2%2Fcategories&post=35397"},{"taxonomy":"post_tag","embeddable":true,"href":"https:\/\/quehacerpolitico.mx\/index.php?rest_route=%2Fwp%2Fv2%2Ftags&post=35397"}],"curies":[{"name":"wp","href":"https:\/\/api.w.org\/{rel}","templated":true}]}}