{"id":35391,"date":"2019-08-17T02:04:57","date_gmt":"2019-08-17T02:04:57","guid":{"rendered":"http:\/\/quehacerpolitico.mx\/encapuchadas-grafitean-edificio-de-ssc-y-metrobus-de-cdmx\/"},"modified":"2019-08-17T02:04:57","modified_gmt":"2019-08-17T02:04:57","slug":"encapuchadas-grafitean-edificio-de-ssc-y-metrobus-de-cdmx","status":"publish","type":"post","link":"https:\/\/quehacerpolitico.mx\/?p=35391","title":{"rendered":"Encapuchadas grafitean edificio de SSC y Metrob\u00fas de CDMX"},"content":{"rendered":"<h1 class=\"news-title\">Encapuchadas grafitean edificio de SSC y Metrob\u00fas de CDMX<\/h1>\n<p>Por Redacci\u00f3n QP<\/p>\n<header class=\"news-header\">\n<div class=\"news-subtitle\">\n<p>Ante la presencia de mujeres polic\u00edas se realizaron pintas en construcci\u00f3n de la Secretar\u00eda de Seguridad Ciudadana<\/p>\n<\/div>\n<\/header>\n<div class=\"news-content\">\n<div class=\"news-body row\">\n<p>Grupos de encapuchadas realizaron diversas pintas en la parte trasera del edificio de la Secretar\u00eda de Seguridad Ciudadana (SSC) y en la estaci\u00f3n del Metrob\u00fas Insurgentes,<strong> en la marcha contra violaciones en la Ciudad de M\u00e9xico.<\/strong><\/p>\n<blockquote class=\"twitter-tweet\" data-width=\"550\" data-dnt=\"true\">\n<p lang=\"es\" dir=\"ltr\">El periodista <a href=\"https:\/\/twitter.com\/juanmapregunta?ref_src=twsrc%5Etfw\">@juanmapregunta<\/a> se encuentra bien tras ser agredido por un sujeto durante su cobertura de la marcha <a href=\"https:\/\/twitter.com\/hashtag\/NoMeCuidanMeViolan?src=hash&amp;ref_src=twsrc%5Etfw\">#NoMeCuidanMeViolan<\/a> <a href=\"https:\/\/t.co\/UCsY1wqWUc\">pic.twitter.com\/UCsY1wqWUc<\/a><\/p>\n<p>&mdash; Ruido en la Red (@RuidoEnLaRed) <a href=\"https:\/\/twitter.com\/RuidoEnLaRed\/status\/1162543127464501248?ref_src=twsrc%5Etfw\">August 17, 2019<\/a><\/p><\/blockquote>\n<p><script async src=\"https:\/\/platform.twitter.com\/widgets.js\" charset=\"utf-8\"><\/script><\/p>\n<p><strong>Ante la presencia de mujeres polic\u00edas, las manifestantes realizaron las pintas y no se registr\u00f3 detenci\u00f3n alguna.<\/strong> Aunado a esto, se indic\u00f3 que los cortes a la circulaci\u00f3n se realizar\u00e1n conforme vayan avanzando las manifestantes durante la tarde-noche de este viernes.<\/p>\n<div id=\"div-pos-2\">\u00a0<\/div>\n<div id=\"div-gpt-ad-1539621784980-0\" data-google-query-id=\"CNOp4djmiOQCFQ7EwAodrbwPqA\">\n<div id=\"google_ads_iframe_\/1001694\/1x1Mobile_0__container__\">\u00a0<\/div>\n<\/div>\n<div>\n<figure class=\"image\"><img decoding=\"async\" title=\"\" src=\"https:\/\/www.informador.mx\/export\/sites\/elinformador\/img\/2019\/08\/16\/ciudad1.jpg_347421144.jpg\" alt=\"\" hspace=\"5\" vspace=\"5\" data-height=\"466\" data-size=\"w:2401,h:1601\" data-width=\"700\" \/><figcaption>Integrantes de diversas organizaciones femeninas civiles llevan a cabo una manifestaci\u00f3n denominada &#8220;No me cuidan me violan&#8221;. NTX \/ I. Hern\u00e1ndez<\/figcaption><\/figure>\n<\/div>\n<p>El paso del colectivo caus\u00f3 que el Metrob\u00fas interrumpiera sus servicios por unos minutos, por lo que <strong>los usuarios comenzaron a descender de una de las unidades para realizar su recorrido a pie rumbo a la Glorieta de Insurgentes.<\/strong><\/p>\n<blockquote class=\"twitter-tweet\" data-width=\"550\" data-dnt=\"true\">\n<p lang=\"es\" dir=\"ltr\">Un grupo feministas se qued\u00f3 sin camioneta debido a los destrozos ocurridos en Paseo de la Reforma ellas vienen desde Guerrero y ahora no tienen c\u00f3mo regresar.<a href=\"https:\/\/twitter.com\/hashtag\/NoMeCuidanMeViolan?src=hash&amp;ref_src=twsrc%5Etfw\">#NoMeCuidanMeViolan<\/a> <a href=\"https:\/\/t.co\/45BOmmj3jn\">pic.twitter.com\/45BOmmj3jn<\/a><\/p>\n<p>&mdash; Ruido en la Red (@RuidoEnLaRed) <a href=\"https:\/\/twitter.com\/RuidoEnLaRed\/status\/1162542747720531969?ref_src=twsrc%5Etfw\">August 17, 2019<\/a><\/p><\/blockquote>\n<p><script async src=\"https:\/\/platform.twitter.com\/widgets.js\" charset=\"utf-8\"><\/script><\/p>\n<blockquote class=\"twitter-tweet\" data-width=\"550\" data-dnt=\"true\">\n<p lang=\"es\" dir=\"ltr\">\ud83d\ude8e \u00a1Toma precauciones!<br \/>El <a href=\"https:\/\/twitter.com\/MetrobusCDMX?ref_src=twsrc%5Etfw\">@MetrobusCDMX<\/a> cambio la ruta de sus unidades por la manifestaci\u00f3n feminista en Glorieta de Insurgentes.<br \/>Aqu\u00ed los detalles.<\/p>\n<p>M\u00e1s informaci\u00f3n en <a href=\"https:\/\/t.co\/DIyEgQ8FCN\">https:\/\/t.co\/DIyEgQ8FCN<\/a> <a href=\"https:\/\/t.co\/054dZFlKI4\">pic.twitter.com\/054dZFlKI4<\/a><\/p>\n<p>&mdash; @telediario (@telediario) <a href=\"https:\/\/twitter.com\/telediario\/status\/1162542773771231232?ref_src=twsrc%5Etfw\">August 17, 2019<\/a><\/p><\/blockquote>\n<p><script async src=\"https:\/\/platform.twitter.com\/widgets.js\" charset=\"utf-8\"><\/script><\/p>\n<blockquote class=\"twitter-tweet\" data-width=\"550\" data-dnt=\"true\">\n<p lang=\"es\" dir=\"ltr\">\ud83d\udd34 \u00a1Lamentable!<br \/>La estaci\u00f3n Insurgentes del <a href=\"https:\/\/twitter.com\/MetrobusCDMX?ref_src=twsrc%5Etfw\">@MetrobusCDMX<\/a> fue destruida por integrantes de la marcha feminista.<a href=\"https:\/\/twitter.com\/davortega_7?ref_src=twsrc%5Etfw\">@davortega_7<\/a> con el reporte.<\/p>\n<p>M\u00e1s informaci\u00f3n en <a href=\"https:\/\/t.co\/DIyEgQ8FCN\">https:\/\/t.co\/DIyEgQ8FCN<\/a> <a href=\"https:\/\/t.co\/BAdkrQ0z5v\">pic.twitter.com\/BAdkrQ0z5v<\/a><\/p>\n<p>&mdash; @telediario (@telediario) <a href=\"https:\/\/twitter.com\/telediario\/status\/1162542343196516352?ref_src=twsrc%5Etfw\">August 17, 2019<\/a><\/p><\/blockquote>\n<p><script async src=\"https:\/\/platform.twitter.com\/widgets.js\" charset=\"utf-8\"><\/script><\/p>\n<blockquote class=\"twitter-tweet\" data-width=\"550\" data-dnt=\"true\">\n<p lang=\"es\" dir=\"ltr\">\ud83d\udd35<a href=\"https:\/\/twitter.com\/hashtag\/NoMeCuidanMeViolan?src=hash&amp;ref_src=twsrc%5Etfw\">#NoMeCuidanMeViolan<\/a> | \u201cEs doloros\u00edsimo que hayan agredido a un compa\u00f1ero periodista, nosotros estamos llamando al di\u00e1logo por toda la violencia que viven las mujeres\u201d: <a href=\"https:\/\/twitter.com\/GabrielaRodr108?ref_src=twsrc%5Etfw\">@GabrielaRodr108<\/a> de <a href=\"https:\/\/twitter.com\/SeMujeresCDMX?ref_src=twsrc%5Etfw\">@SeMujeresCDMX<\/a><\/p>\n<p>M\u00e1s informaci\u00f3n en <a href=\"https:\/\/t.co\/s5UiCjX4m0\">https:\/\/t.co\/s5UiCjX4m0<\/a> <a href=\"https:\/\/t.co\/n5aPggxhCX\">pic.twitter.com\/n5aPggxhCX<\/a><\/p>\n<p>&mdash; @telediario (@telediario) <a href=\"https:\/\/twitter.com\/telediario\/status\/1162540208954339329?ref_src=twsrc%5Etfw\">August 17, 2019<\/a><\/p><\/blockquote>\n<p><script async src=\"https:\/\/platform.twitter.com\/widgets.js\" charset=\"utf-8\"><\/script><\/p>\n<p>https:\/\/twitter.com\/mreldiablo8\/status\/1162535267359547392?s=21<\/p>\n<p>https:\/\/twitter.com\/mreldiablo8\/status\/1162519625252450304?s=21<\/p>\n<blockquote class=\"twitter-tweet\" data-width=\"550\" data-dnt=\"true\">\n<p lang=\"es\" dir=\"ltr\">Un grupo de mujeres que se manifiesta por la violencia de g\u00e9nero, prendi\u00f3 fuego a una estaci\u00f3n de polic\u00eda ubicada en la calle de Florencia; no hay paso en Paseo de la Reforma <a href=\"https:\/\/t.co\/a82ngNf7Mg\">pic.twitter.com\/a82ngNf7Mg<\/a><\/p>\n<p>&mdash; N+ FORO (@nmasforo) <a href=\"https:\/\/twitter.com\/nmasforo\/status\/1162545585162862592?ref_src=twsrc%5Etfw\">August 17, 2019<\/a><\/p><\/blockquote>\n<p><script async src=\"https:\/\/platform.twitter.com\/widgets.js\" charset=\"utf-8\"><\/script><\/p>\n<p>Con Informaci\u00f3n de SUN<\/p>\n<\/div>\n<\/div>\n","protected":false},"excerpt":{"rendered":"<p>Encapuchadas grafitean edificio de SSC y Metrob\u00fas de CDMX<br \/>\nPor Redacci\u00f3n QP<\/p>\n","protected":false},"author":2,"featured_media":35390,"comment_status":"open","ping_status":"open","sticky":false,"template":"","format":"standard","meta":{"_monsterinsights_skip_tracking":false,"_monsterinsights_sitenote_active":false,"_monsterinsights_sitenote_note":"","_monsterinsights_sitenote_category":0,"footnotes":""},"categories":[55],"tags":[],"class_list":["post-35391","post","type-post","status-publish","format-standard","has-post-thumbnail","hentry","category-cdmx"],"yoast_head":"<!-- This site is optimized with the Yoast SEO plugin v27.3 - https:\/\/yoast.com\/product\/yoast-seo-wordpress\/ -->\n<title>Encapuchadas grafitean edificio de SSC y Metrob\u00fas de CDMX -<\/title>\n<meta name=\"robots\" content=\"index, follow, max-snippet:-1, max-image-preview:large, max-video-preview:-1\" \/>\n<link rel=\"canonical\" href=\"https:\/\/quehacerpolitico.mx\/?p=35391\" \/>\n<meta property=\"og:locale\" content=\"es_MX\" \/>\n<meta property=\"og:type\" content=\"article\" \/>\n<meta property=\"og:title\" content=\"Encapuchadas grafitean edificio de SSC y Metrob\u00fas de CDMX -\" \/>\n<meta property=\"og:description\" content=\"Encapuchadas grafitean edificio de SSC y Metrob\u00fas de CDMX Por Redacci\u00f3n QP\" \/>\n<meta property=\"og:url\" content=\"https:\/\/quehacerpolitico.mx\/?p=35391\" \/>\n<meta property=\"article:published_time\" content=\"2019-08-17T02:04:57+00:00\" \/>\n<meta name=\"author\" content=\"Redacci\u00f3n QP\" \/>\n<meta name=\"twitter:card\" content=\"summary_large_image\" \/>\n<meta name=\"twitter:label1\" content=\"Escrito por\" \/>\n\t<meta name=\"twitter:data1\" content=\"Redacci\u00f3n QP\" \/>\n\t<meta name=\"twitter:label2\" content=\"Tiempo de lectura\" \/>\n\t<meta name=\"twitter:data2\" content=\"1 minuto\" \/>\n<script type=\"application\/ld+json\" class=\"yoast-schema-graph\">{\"@context\":\"https:\\\/\\\/schema.org\",\"@graph\":[{\"@type\":\"Article\",\"@id\":\"https:\\\/\\\/quehacerpolitico.mx\\\/?p=35391#article\",\"isPartOf\":{\"@id\":\"https:\\\/\\\/quehacerpolitico.mx\\\/?p=35391\"},\"author\":{\"name\":\"Redacci\u00f3n QP\",\"@id\":\"https:\\\/\\\/quehacerpolitico.mx\\\/#\\\/schema\\\/person\\\/496d8ad2d1d3f8036101dca7ee39e585\"},\"headline\":\"Encapuchadas grafitean edificio de SSC y Metrob\u00fas de CDMX\",\"datePublished\":\"2019-08-17T02:04:57+00:00\",\"mainEntityOfPage\":{\"@id\":\"https:\\\/\\\/quehacerpolitico.mx\\\/?p=35391\"},\"wordCount\":245,\"commentCount\":0,\"image\":{\"@id\":\"https:\\\/\\\/quehacerpolitico.mx\\\/?p=35391#primaryimage\"},\"thumbnailUrl\":\"\",\"articleSection\":[\"CDMX\"],\"inLanguage\":\"es\",\"potentialAction\":[{\"@type\":\"CommentAction\",\"name\":\"Comment\",\"target\":[\"https:\\\/\\\/quehacerpolitico.mx\\\/?p=35391#respond\"]}]},{\"@type\":\"WebPage\",\"@id\":\"https:\\\/\\\/quehacerpolitico.mx\\\/?p=35391\",\"url\":\"https:\\\/\\\/quehacerpolitico.mx\\\/?p=35391\",\"name\":\"Encapuchadas grafitean edificio de SSC y Metrob\u00fas de CDMX -\",\"isPartOf\":{\"@id\":\"https:\\\/\\\/quehacerpolitico.mx\\\/#website\"},\"primaryImageOfPage\":{\"@id\":\"https:\\\/\\\/quehacerpolitico.mx\\\/?p=35391#primaryimage\"},\"image\":{\"@id\":\"https:\\\/\\\/quehacerpolitico.mx\\\/?p=35391#primaryimage\"},\"thumbnailUrl\":\"\",\"datePublished\":\"2019-08-17T02:04:57+00:00\",\"author\":{\"@id\":\"https:\\\/\\\/quehacerpolitico.mx\\\/#\\\/schema\\\/person\\\/496d8ad2d1d3f8036101dca7ee39e585\"},\"breadcrumb\":{\"@id\":\"https:\\\/\\\/quehacerpolitico.mx\\\/?p=35391#breadcrumb\"},\"inLanguage\":\"es\",\"potentialAction\":[{\"@type\":\"ReadAction\",\"target\":[\"https:\\\/\\\/quehacerpolitico.mx\\\/?p=35391\"]}]},{\"@type\":\"ImageObject\",\"inLanguage\":\"es\",\"@id\":\"https:\\\/\\\/quehacerpolitico.mx\\\/?p=35391#primaryimage\",\"url\":\"\",\"contentUrl\":\"\"},{\"@type\":\"BreadcrumbList\",\"@id\":\"https:\\\/\\\/quehacerpolitico.mx\\\/?p=35391#breadcrumb\",\"itemListElement\":[{\"@type\":\"ListItem\",\"position\":1,\"name\":\"Inicio\",\"item\":\"https:\\\/\\\/quehacerpolitico.mx\\\/\"},{\"@type\":\"ListItem\",\"position\":2,\"name\":\"Encapuchadas grafitean edificio de SSC y Metrob\u00fas de CDMX\"}]},{\"@type\":\"WebSite\",\"@id\":\"https:\\\/\\\/quehacerpolitico.mx\\\/#website\",\"url\":\"https:\\\/\\\/quehacerpolitico.mx\\\/\",\"name\":\"\",\"description\":\"\",\"potentialAction\":[{\"@type\":\"SearchAction\",\"target\":{\"@type\":\"EntryPoint\",\"urlTemplate\":\"https:\\\/\\\/quehacerpolitico.mx\\\/?s={search_term_string}\"},\"query-input\":{\"@type\":\"PropertyValueSpecification\",\"valueRequired\":true,\"valueName\":\"search_term_string\"}}],\"inLanguage\":\"es\"},{\"@type\":\"Person\",\"@id\":\"https:\\\/\\\/quehacerpolitico.mx\\\/#\\\/schema\\\/person\\\/496d8ad2d1d3f8036101dca7ee39e585\",\"name\":\"Redacci\u00f3n QP\",\"image\":{\"@type\":\"ImageObject\",\"inLanguage\":\"es\",\"@id\":\"https:\\\/\\\/secure.gravatar.com\\\/avatar\\\/c7164ed6fdec453195284ad24a5ae5b6e1eed2b848477fa2a4787ba9adf39a41?s=96&d=mm&r=g\",\"url\":\"https:\\\/\\\/secure.gravatar.com\\\/avatar\\\/c7164ed6fdec453195284ad24a5ae5b6e1eed2b848477fa2a4787ba9adf39a41?s=96&d=mm&r=g\",\"contentUrl\":\"https:\\\/\\\/secure.gravatar.com\\\/avatar\\\/c7164ed6fdec453195284ad24a5ae5b6e1eed2b848477fa2a4787ba9adf39a41?s=96&d=mm&r=g\",\"caption\":\"Redacci\u00f3n QP\"},\"url\":\"https:\\\/\\\/quehacerpolitico.mx\\\/?author=2\"}]}<\/script>\n<!-- \/ Yoast SEO plugin. -->","yoast_head_json":{"title":"Encapuchadas grafitean edificio de SSC y Metrob\u00fas de CDMX -","robots":{"index":"index","follow":"follow","max-snippet":"max-snippet:-1","max-image-preview":"max-image-preview:large","max-video-preview":"max-video-preview:-1"},"canonical":"https:\/\/quehacerpolitico.mx\/?p=35391","og_locale":"es_MX","og_type":"article","og_title":"Encapuchadas grafitean edificio de SSC y Metrob\u00fas de CDMX -","og_description":"Encapuchadas grafitean edificio de SSC y Metrob\u00fas de CDMX Por Redacci\u00f3n QP","og_url":"https:\/\/quehacerpolitico.mx\/?p=35391","article_published_time":"2019-08-17T02:04:57+00:00","author":"Redacci\u00f3n QP","twitter_card":"summary_large_image","twitter_misc":{"Escrito por":"Redacci\u00f3n QP","Tiempo de lectura":"1 minuto"},"schema":{"@context":"https:\/\/schema.org","@graph":[{"@type":"Article","@id":"https:\/\/quehacerpolitico.mx\/?p=35391#article","isPartOf":{"@id":"https:\/\/quehacerpolitico.mx\/?p=35391"},"author":{"name":"Redacci\u00f3n QP","@id":"https:\/\/quehacerpolitico.mx\/#\/schema\/person\/496d8ad2d1d3f8036101dca7ee39e585"},"headline":"Encapuchadas grafitean edificio de SSC y Metrob\u00fas de CDMX","datePublished":"2019-08-17T02:04:57+00:00","mainEntityOfPage":{"@id":"https:\/\/quehacerpolitico.mx\/?p=35391"},"wordCount":245,"commentCount":0,"image":{"@id":"https:\/\/quehacerpolitico.mx\/?p=35391#primaryimage"},"thumbnailUrl":"","articleSection":["CDMX"],"inLanguage":"es","potentialAction":[{"@type":"CommentAction","name":"Comment","target":["https:\/\/quehacerpolitico.mx\/?p=35391#respond"]}]},{"@type":"WebPage","@id":"https:\/\/quehacerpolitico.mx\/?p=35391","url":"https:\/\/quehacerpolitico.mx\/?p=35391","name":"Encapuchadas grafitean edificio de SSC y Metrob\u00fas de CDMX -","isPartOf":{"@id":"https:\/\/quehacerpolitico.mx\/#website"},"primaryImageOfPage":{"@id":"https:\/\/quehacerpolitico.mx\/?p=35391#primaryimage"},"image":{"@id":"https:\/\/quehacerpolitico.mx\/?p=35391#primaryimage"},"thumbnailUrl":"","datePublished":"2019-08-17T02:04:57+00:00","author":{"@id":"https:\/\/quehacerpolitico.mx\/#\/schema\/person\/496d8ad2d1d3f8036101dca7ee39e585"},"breadcrumb":{"@id":"https:\/\/quehacerpolitico.mx\/?p=35391#breadcrumb"},"inLanguage":"es","potentialAction":[{"@type":"ReadAction","target":["https:\/\/quehacerpolitico.mx\/?p=35391"]}]},{"@type":"ImageObject","inLanguage":"es","@id":"https:\/\/quehacerpolitico.mx\/?p=35391#primaryimage","url":"","contentUrl":""},{"@type":"BreadcrumbList","@id":"https:\/\/quehacerpolitico.mx\/?p=35391#breadcrumb","itemListElement":[{"@type":"ListItem","position":1,"name":"Inicio","item":"https:\/\/quehacerpolitico.mx\/"},{"@type":"ListItem","position":2,"name":"Encapuchadas grafitean edificio de SSC y Metrob\u00fas de CDMX"}]},{"@type":"WebSite","@id":"https:\/\/quehacerpolitico.mx\/#website","url":"https:\/\/quehacerpolitico.mx\/","name":"","description":"","potentialAction":[{"@type":"SearchAction","target":{"@type":"EntryPoint","urlTemplate":"https:\/\/quehacerpolitico.mx\/?s={search_term_string}"},"query-input":{"@type":"PropertyValueSpecification","valueRequired":true,"valueName":"search_term_string"}}],"inLanguage":"es"},{"@type":"Person","@id":"https:\/\/quehacerpolitico.mx\/#\/schema\/person\/496d8ad2d1d3f8036101dca7ee39e585","name":"Redacci\u00f3n QP","image":{"@type":"ImageObject","inLanguage":"es","@id":"https:\/\/secure.gravatar.com\/avatar\/c7164ed6fdec453195284ad24a5ae5b6e1eed2b848477fa2a4787ba9adf39a41?s=96&d=mm&r=g","url":"https:\/\/secure.gravatar.com\/avatar\/c7164ed6fdec453195284ad24a5ae5b6e1eed2b848477fa2a4787ba9adf39a41?s=96&d=mm&r=g","contentUrl":"https:\/\/secure.gravatar.com\/avatar\/c7164ed6fdec453195284ad24a5ae5b6e1eed2b848477fa2a4787ba9adf39a41?s=96&d=mm&r=g","caption":"Redacci\u00f3n QP"},"url":"https:\/\/quehacerpolitico.mx\/?author=2"}]}},"featured_image_urls":{"full":"","thumbnail":"","medium":"","medium_large":"","large":"","1536x1536":"","2048x2048":"","covernews-featured":"","covernews-medium":""},"author_info":{"display_name":"Redacci\u00f3n QP","author_link":"https:\/\/quehacerpolitico.mx\/?author=2"},"category_info":"<a href=\"https:\/\/quehacerpolitico.mx\/?cat=55\" rel=\"category\">CDMX<\/a>","tag_info":"CDMX","comment_count":"0","_links":{"self":[{"href":"https:\/\/quehacerpolitico.mx\/index.php?rest_route=\/wp\/v2\/posts\/35391","targetHints":{"allow":["GET"]}}],"collection":[{"href":"https:\/\/quehacerpolitico.mx\/index.php?rest_route=\/wp\/v2\/posts"}],"about":[{"href":"https:\/\/quehacerpolitico.mx\/index.php?rest_route=\/wp\/v2\/types\/post"}],"author":[{"embeddable":true,"href":"https:\/\/quehacerpolitico.mx\/index.php?rest_route=\/wp\/v2\/users\/2"}],"replies":[{"embeddable":true,"href":"https:\/\/quehacerpolitico.mx\/index.php?rest_route=%2Fwp%2Fv2%2Fcomments&post=35391"}],"version-history":[{"count":0,"href":"https:\/\/quehacerpolitico.mx\/index.php?rest_route=\/wp\/v2\/posts\/35391\/revisions"}],"wp:featuredmedia":[{"embeddable":true,"href":"https:\/\/quehacerpolitico.mx\/index.php?rest_route=\/"}],"wp:attachment":[{"href":"https:\/\/quehacerpolitico.mx\/index.php?rest_route=%2Fwp%2Fv2%2Fmedia&parent=35391"}],"wp:term":[{"taxonomy":"category","embeddable":true,"href":"https:\/\/quehacerpolitico.mx\/index.php?rest_route=%2Fwp%2Fv2%2Fcategories&post=35391"},{"taxonomy":"post_tag","embeddable":true,"href":"https:\/\/quehacerpolitico.mx\/index.php?rest_route=%2Fwp%2Fv2%2Ftags&post=35391"}],"curies":[{"name":"wp","href":"https:\/\/api.w.org\/{rel}","templated":true}]}}