{"id":35364,"date":"2019-08-16T22:10:23","date_gmt":"2019-08-16T22:10:23","guid":{"rendered":"http:\/\/quehacerpolitico.mx\/alcaldias-concluye-jornada-de-tequio-en-la-roma\/"},"modified":"2019-08-16T22:10:23","modified_gmt":"2019-08-16T22:10:23","slug":"alcaldias-concluye-jornada-de-tequio-en-la-roma","status":"publish","type":"post","link":"https:\/\/quehacerpolitico.mx\/?p=35364","title":{"rendered":"Alcald\u00edas\/\/\/Concluye jornada de tequio en la Roma"},"content":{"rendered":"<p><span class=\"s9\"><span class=\"bumpedFont15\">Concluye<\/span><\/span><span class=\"s9\"><span class=\"bumpedFont15\"> jornada de<\/span><\/span><span class=\"s9\"><span class=\"bumpedFont15\"> tequio <\/span><\/span><span class=\"s9\"><span class=\"bumpedFont15\">en la Roma<\/span><\/span><\/p>\n<p>Por Redacci\u00f3n QP<\/p>\n<div class=\"s14\"><span class=\"s12\">\u2022 <\/span><span class=\"s13\"><span class=\"bumpedFont15\">Forma parte <\/span><\/span><span class=\"s13\"><span class=\"bumpedFont15\">del<\/span><\/span> <span class=\"s13\"><span class=\"bumpedFont15\">tequio<\/span><\/span> <span class=\"s13\"><span class=\"bumpedFont15\">permane<\/span><\/span><a name=\"_GoBack\"><\/a><span class=\"s13\"><span class=\"bumpedFont15\">nte<\/span><\/span><span class=\"s13\"><span class=\"bumpedFont15\"> que se <\/span><\/span><span class=\"s13\"><span class=\"bumpedFont15\">lleva<\/span><\/span><span class=\"s13\"><span class=\"bumpedFont15\"> a <\/span><\/span><span class=\"s13\"><span class=\"bumpedFont15\">cabo<\/span><\/span> <span class=\"s13\"><span class=\"bumpedFont15\">en<\/span><\/span> <span class=\"s13\"><span class=\"bumpedFont15\">todas<\/span><\/span><span class=\"s13\"><span class=\"bumpedFont15\"> las <\/span><\/span><span class=\"s13\"><span class=\"bumpedFont15\">colonias<\/span><\/span><span class=\"s13\"><span class=\"bumpedFont15\"> de la Cuauht\u00e9moc.<\/span><\/span><\/div>\n<div class=\"s14\"><span class=\"s12\">\u2022 <\/span><span class=\"s13\"><span class=\"bumpedFont15\">Un<\/span><\/span><span class=\"s13\"><span class=\"bumpedFont15\"> total de<\/span><\/span> <span class=\"s13\"><span class=\"bumpedFont15\">52<\/span><\/span><span class=\"s13\"><span class=\"bumpedFont15\">,<\/span><\/span><span class=\"s13\"><span class=\"bumpedFont15\">944<\/span><\/span><span class=\"s13\"><span class=\"bumpedFont15\"> plantas<\/span><\/span><span class=\"s13\"><span class=\"bumpedFont15\"> y 74 \u00e1rboles<\/span><\/span> <span class=\"s13\"><span class=\"bumpedFont15\">fueron sembrados en lo <\/span><\/span><span class=\"s13\"><span class=\"bumpedFont15\">que corresponde<\/span><\/span><span class=\"s13\"><span class=\"bumpedFont15\"> al \u201cReto Verde\u201d.<\/span><\/span><\/div>\n<div class=\"s14\"><span class=\"s12\">\u2022 <\/span><span class=\"s13\"><span class=\"bumpedFont15\">Se<\/span><\/span> <span class=\"s13\"><span class=\"bumpedFont15\">taparon<\/span><\/span> <span class=\"s13\"><span class=\"bumpedFont15\">637<\/span><\/span><span class=\"s13\"><span class=\"bumpedFont15\"> baches y se poda<\/span><\/span><span class=\"s13\"><span class=\"bumpedFont15\">ron<\/span><\/span> <span class=\"s13\"><span class=\"bumpedFont15\">2,728<\/span><\/span><span class=\"s13\"><span class=\"bumpedFont15\"> \u00e1rboles.<\/span><\/span><\/div>\n<div class=\"s14\"><span class=\"s12\">\u2022 <\/span><span class=\"s13\"><span class=\"bumpedFont15\">Por parte de las \u00e1reas de seguridad se llev\u00f3 a cabo la remisi\u00f3n de 185 franeleros:<\/span><\/span><span class=\"s13\"><span class=\"bumpedFont15\"> 34 <\/span><\/span><span class=\"s13\"><span class=\"bumpedFont15\">sancionados<\/span><\/span><span class=\"s13\"><span class=\"bumpedFont15\">, 150 <\/span><\/span><span class=\"s13\"><span class=\"bumpedFont15\">arrestados<\/span><\/span><span class=\"s13\"><span class=\"bumpedFont15\"> y un <\/span><\/span><span class=\"s13\"><span class=\"bumpedFont15\">amonestado<\/span><\/span><span class=\"s13\"><span class=\"bumpedFont15\">.<\/span><\/span><\/div>\n<p class=\"s15\"><span class=\"s13\"><span class=\"bumpedFont15\">Con el fin de recuperar el espacio p\u00fablico y mejorar la imagen urbana, as\u00ed como prevenir delitos, del 29 de julio al <\/span><\/span><span class=\"s13\"><span class=\"bumpedFont15\">14<\/span><\/span><span class=\"s13\"><span class=\"bumpedFont15\"> de agosto se llev\u00f3 a cabo una jornada integral de servicios <\/span><\/span><span class=\"s13\"><span class=\"bumpedFont15\">como parte del<\/span><\/span><span class=\"s13\"><span class=\"bumpedFont15\"> \u201ctequio permanente\u201d en la colonia Roma. <\/span><\/span><\/p>\n<p class=\"s15\"><span class=\"s13\"><span class=\"bumpedFont15\">En esta actividad <\/span><\/span><span class=\"s13\"><span class=\"bumpedFont15\">particip<\/span><\/span><span class=\"s13\"><span class=\"bumpedFont15\">aro<\/span><\/span><span class=\"s13\"><span class=\"bumpedFont15\">n<\/span><\/span> <span class=\"s13\"><span class=\"bumpedFont15\">d<\/span><\/span><span class=\"s13\"><span class=\"bumpedFont15\">iferentes \u00e1reas de la Alcald\u00eda Cuauht\u00e9moc, dependencias del Gobierno de la Ciudad, el Gabinete de Seguridad Ciudadana de la Jefatura de Gobierno y la Secretar\u00eda de Movilidad, as\u00ed como la Comisi\u00f3n Federal de Electricidad (CFE).<\/span><\/span><\/p>\n<p class=\"s15\"><span class=\"s13\"><span class=\"bumpedFont15\">La<\/span><\/span><span class=\"s13\"><span class=\"bumpedFont15\"> jornada de servicios <\/span><\/span><span class=\"s13\"><span class=\"bumpedFont15\">const\u00f3<\/span><\/span><span class=\"s13\"><span class=\"bumpedFont15\"> de cinco etapas<\/span><\/span> <span class=\"s13\"><span class=\"bumpedFont15\">que<\/span><\/span><span class=\"s13\"><span class=\"bumpedFont15\">abarcaron<\/span><\/span><span class=\"s13\"><span class=\"bumpedFont15\"> de Insurgentes Sur a Cuauht\u00e9moc, entre Baja California y Viaducto Miguel Alem\u00e1n hasta Eje 2 Sur o calle Quer\u00e9taro en la colonia Roma Sur. <\/span><\/span><\/p>\n<p class=\"s15\"><span class=\"s13\"><span class=\"bumpedFont15\">En estos 1<\/span><\/span><span class=\"s13\"><span class=\"bumpedFont15\">7 <\/span><\/span><span class=\"s13\"><span class=\"bumpedFont15\">d\u00edas se realiz\u00f3 la poda de <\/span><\/span><span class=\"s13\"><span class=\"bumpedFont15\">2 mil 728<\/span><\/span><span class=\"s13\"><span class=\"bumpedFont15\">\u00e1rboles:<\/span><\/span><span class=\"s13\"><span class=\"bumpedFont15\"> mil 575<\/span><\/span><span class=\"s13\"><span class=\"bumpedFont15\"> por la Alcald\u00eda, <\/span><\/span><span class=\"s13\"><span class=\"bumpedFont15\">mil<\/span><\/span> <span class=\"s13\"><span class=\"bumpedFont15\">32<\/span><\/span><span class=\"s13\"><span class=\"bumpedFont15\"> por CFE y <\/span><\/span><span class=\"s13\"><span class=\"bumpedFont15\">121<\/span><\/span><span class=\"s13\"><span class=\"bumpedFont15\"> por parte de personal del Gobierno de la Ciudad, mismos que apoyaron con el derribo de <\/span><\/span><span class=\"s13\"><span class=\"bumpedFont15\">27<\/span><\/span><span class=\"s13\"><span class=\"bumpedFont15\">\u00e1rboles secos. Adem\u00e1s, a lo largo de esta jornada se hizo el balizamiento en <\/span><\/span><span class=\"s13\"><span class=\"bumpedFont15\">35 <\/span><\/span><span class=\"s13\"><span class=\"bumpedFont15\">cruces peatonales y 2<\/span><\/span><span class=\"s13\"><span class=\"bumpedFont15\">7<\/span><\/span><span class=\"s13\"><span class=\"bumpedFont15\">bocacalles, as\u00ed como el desazolve de <\/span><\/span><span class=\"s13\"><span class=\"bumpedFont15\">110<\/span><\/span><span class=\"s13\"><span class=\"bumpedFont15\"> poz<\/span><\/span><span class=\"s13\"><span class=\"bumpedFont15\">os, 8<\/span><\/span><span class=\"s13\"><span class=\"bumpedFont15\">8 <\/span><\/span><span class=\"s13\"><span class=\"bumpedFont15\">coladeras y <\/span><\/span><span class=\"s13\"><span class=\"bumpedFont15\">4<\/span><\/span><span class=\"s13\"><span class=\"bumpedFont15\"> rejillas. <\/span><\/span><\/p>\n<p class=\"s15\"><span class=\"s13\"><span class=\"bumpedFont15\">En coordinaci\u00f3n con la Secretar\u00eda de Obras y Servicios, a trav\u00e9s de la Direcci\u00f3n General de Desarrollo Urbano y Sustentabilidad, as\u00ed como la \u00a0Direcci\u00f3n General de Obras e Infraestructura Vial, se repararon<\/span><\/span><span class=\"s13\"><span class=\"bumpedFont15\"> 637<\/span><\/span><span class=\"s13\"><span class=\"bumpedFont15\"> bache<\/span><\/span><span class=\"s13\"><span class=\"bumpedFont15\">s<\/span><\/span><span class=\"s13\"><span class=\"bumpedFont15\">, y se r<\/span><\/span><span class=\"s13\"><span class=\"bumpedFont15\">ecolectaron <\/span><\/span><span class=\"s13\"><span class=\"bumpedFont15\">residuos dom\u00e9sticos: 90 toneladas de residuos org\u00e1nicos y 467 de residuos inorg\u00e1nicos,<\/span><\/span> <span class=\"s13\"><span class=\"bumpedFont15\">tambi\u00e9n<\/span><\/span><span class=\"s13\"><span class=\"bumpedFont15\"> se hizo el barrido manual de <\/span><\/span><span class=\"s13\"><span class=\"bumpedFont15\">1,095<\/span><\/span><span class=\"s13\"><span class=\"bumpedFont15\"> kil\u00f3metros.<\/span><\/span><\/p>\n<p class=\"s15\"><span class=\"s13\"><span class=\"bumpedFont15\">Asimismo,<\/span><\/span><span class=\"s13\"><span class=\"bumpedFont15\"> personal de la Alcald\u00eda limpi\u00f3 143 toneladas de residuos s\u00f3lidos encontrados en tiros a cielo abierto;<\/span><\/span><span class=\"s13\"><span class=\"bumpedFont15\"> se realiz\u00f3 la reparaci\u00f3n de <\/span><\/span><span class=\"s13\"><span class=\"bumpedFont15\">244<\/span><\/span><span class=\"s13\"><span class=\"bumpedFont15\">l\u00e1mparas y <\/span><\/span><span class=\"s13\"><span class=\"bumpedFont15\">el mantenimiento de <\/span><\/span><span class=\"s13\"><span class=\"bumpedFont15\">23<\/span><\/span><span class=\"s13\"><span class=\"bumpedFont15\"> circuitos<\/span><\/span> <span class=\"s13\"><span class=\"bumpedFont15\">en calles como Manzanillo, Tlaxcala, Aguascalientes, Minatitl\u00e1n, C\u00f3rdoba, Va<\/span><\/span><span class=\"s13\"><span class=\"bumpedFont15\">lladolid, Colima, Cozumel, Misantla, Jalapa y Medell\u00edn. <\/span><\/span><\/p>\n<p class=\"s15\"><span class=\"s13\"><span class=\"bumpedFont15\">Por su parte, CFE inform\u00f3 que una vez concluida la jornada de servicios<\/span><\/span><span class=\"s13\"><span class=\"bumpedFont15\"> en la colonia Roma, se colocar\u00e1n siete<\/span><\/span><span class=\"s13\"><span class=\"bumpedFont15\"> transformadores con la finalidad de mejorar las redes, garantizar mejor servicio y evitar ap<\/span><\/span><span class=\"s13\"><span class=\"bumpedFont15\">agones. <\/span><\/span><\/p>\n<p class=\"s15\"><span class=\"s13\"><span class=\"bumpedFont15\">La Direcci\u00f3n General de Seguridad Ciudadana y Protecci\u00f3n Civil de la Alcald\u00eda Cuauht\u00e9moc \u00a0en colaboraci\u00f3n con la Consejer\u00eda Jur\u00eddica y de Servicios Legales de la Ciudad de M\u00e9xico, a trav\u00e9s de la Direcci\u00f3n Ejecutiva de Justicia C\u00edvica, llev\u00f3<\/span><\/span> <span class=\"s13\"><span class=\"bumpedFont15\">a cabo<\/span><\/span><span class=\"s13\"><span class=\"bumpedFont15\"> la remisi\u00f3n de 185 franeleros:<\/span><\/span><span class=\"s13\"><span class=\"bumpedFont15\"> 34<\/span><\/span><span class=\"s13\"><span class=\"bumpedFont15\"> sancionados<\/span><\/span><span class=\"s13\"><span class=\"bumpedFont15\">, 150 <\/span><\/span><span class=\"s13\"><span class=\"bumpedFont15\">arrestados<\/span><\/span><span class=\"s13\"><span class=\"bumpedFont15\"> (24 horas)<\/span><\/span><span class=\"s13\"><span class=\"bumpedFont15\"> y un <\/span><\/span><span class=\"s13\"><span class=\"bumpedFont15\">amonestado<\/span><\/span><span class=\"s13\"><span class=\"bumpedFont15\">. <\/span><\/span><\/p>\n<p class=\"s15\"><span class=\"s13\"><span class=\"bumpedFont15\">En conjunto realizaron el <\/span><\/span><span class=\"s13\"><span class=\"bumpedFont15\">enfajillamiento<\/span><\/span><span class=\"s13\"><span class=\"bumpedFont15\"> de <\/span><\/span><span class=\"s13\"><span class=\"bumpedFont15\">129<\/span><\/span><span class=\"s13\"><span class=\"bumpedFont15\">veh\u00edculos de los cuales <\/span><\/span><span class=\"s13\"><span class=\"bumpedFont15\">98<\/span><\/span><span class=\"s13\"><span class=\"bumpedFont15\"> fueron retirados por la Secretar\u00eda de Seguridad Ciudadana (SSC) y 31 autos fueron retirados voluntariamente; se hizo el retiro <\/span><\/span><span class=\"s13\"><span class=\"bumpedFont15\">5 <\/span><\/span><span class=\"s13\"><span class=\"bumpedFont15\">mil <\/span><\/span><span class=\"s13\"><span class=\"bumpedFont15\">717<\/span><\/span><span class=\"s13\"><span class=\"bumpedFont15\"> anuncios pegados y <\/span><\/span><span class=\"s13\"><span class=\"bumpedFont15\">3<\/span><\/span><span class=\"s13\"><span class=\"bumpedFont15\"> mil <\/span><\/span><span class=\"s13\"><span class=\"bumpedFont15\">799<\/span><\/span><span class=\"s13\"><span class=\"bumpedFont15\">colgados, es decir un total de <\/span><\/span><span class=\"s13\"><span class=\"bumpedFont15\">9<\/span><\/span><span class=\"s13\"><span class=\"bumpedFont15\"> mil 5<\/span><\/span><span class=\"s13\"><span class=\"bumpedFont15\">16<\/span><\/span><span class=\"s13\"><span class=\"bumpedFont15\"> anuncios que corresponden a propaganda basura; t<\/span><\/span><span class=\"s13\"><span class=\"bumpedFont15\">ambi\u00e9n, se logr\u00f3 la notificaci\u00f3n a <\/span><\/span><span class=\"s13\"><span class=\"bumpedFont15\">160<\/span><\/span><span class=\"s13\"><span class=\"bumpedFont15\"> establecimientos mercantiles para ajuste de enseres<\/span><\/span><span class=\"s13\"><span class=\"bumpedFont15\">.<\/span><\/span><\/p>\n<p class=\"s15\"><span class=\"s13\"><span class=\"bumpedFont15\">Dando continuidad al programa \u201cReto Verde\u201d impulsado por la jefa de gobierno, Claudia <\/span><\/span><span class=\"s13\"><span class=\"bumpedFont15\">Sheinbaum<\/span><\/span><span class=\"s13\"><span class=\"bumpedFont15\">, con el cual se busca la vegetaci\u00f3n de la ciudad, durante las tres e<\/span><\/span><span class=\"s13\"><span class=\"bumpedFont15\">tapas del tequio permanente se han sembrado <\/span><\/span><span class=\"s13\"><span class=\"bumpedFont15\">52<\/span><\/span><span class=\"s13\"><span class=\"bumpedFont15\"> mil <\/span><\/span><span class=\"s13\"><span class=\"bumpedFont15\">944<\/span><\/span><span class=\"s13\"><span class=\"bumpedFont15\"> plantas<\/span><\/span><span class=\"s13\"><span class=\"bumpedFont15\"> y 74 \u00e1rboles<\/span><\/span><span class=\"s13\"><span class=\"bumpedFont15\"> en zonas como el Jard\u00edn <\/span><\/span><span class=\"s13\"><span class=\"bumpedFont15\">Pushk\u00edn<\/span><\/span><span class=\"s13\"><span class=\"bumpedFont15\">, Camell\u00f3n Alfonso Reyes, Camell\u00f3n \u00c1lvaro Obreg\u00f3n y calle Orizaba de Durango a Guanajuato.<\/span><\/span><\/p>\n","protected":false},"excerpt":{"rendered":"<p>Concluye jornada de tequio en la Roma<br \/>\nPor Redacci\u00f3n QP<\/p>\n","protected":false},"author":2,"featured_media":35363,"comment_status":"open","ping_status":"open","sticky":false,"template":"","format":"standard","meta":{"_monsterinsights_skip_tracking":false,"_monsterinsights_sitenote_active":false,"_monsterinsights_sitenote_note":"","_monsterinsights_sitenote_category":0,"footnotes":""},"categories":[55],"tags":[],"class_list":["post-35364","post","type-post","status-publish","format-standard","has-post-thumbnail","hentry","category-cdmx"],"yoast_head":"<!-- This site is optimized with the Yoast SEO plugin v27.3 - https:\/\/yoast.com\/product\/yoast-seo-wordpress\/ -->\n<title>Alcald\u00edas\/\/\/Concluye jornada de tequio en la Roma -<\/title>\n<meta name=\"robots\" content=\"index, follow, max-snippet:-1, max-image-preview:large, max-video-preview:-1\" \/>\n<link rel=\"canonical\" href=\"https:\/\/quehacerpolitico.mx\/?p=35364\" \/>\n<meta property=\"og:locale\" content=\"es_MX\" \/>\n<meta property=\"og:type\" content=\"article\" \/>\n<meta property=\"og:title\" content=\"Alcald\u00edas\/\/\/Concluye jornada de tequio en la Roma -\" \/>\n<meta property=\"og:description\" content=\"Concluye jornada de tequio en la Roma Por Redacci\u00f3n QP\" \/>\n<meta property=\"og:url\" content=\"https:\/\/quehacerpolitico.mx\/?p=35364\" \/>\n<meta property=\"article:published_time\" content=\"2019-08-16T22:10:23+00:00\" \/>\n<meta name=\"author\" content=\"Redacci\u00f3n QP\" \/>\n<meta name=\"twitter:card\" content=\"summary_large_image\" \/>\n<meta name=\"twitter:label1\" content=\"Escrito por\" \/>\n\t<meta name=\"twitter:data1\" content=\"Redacci\u00f3n QP\" \/>\n\t<meta name=\"twitter:label2\" content=\"Tiempo de lectura\" \/>\n\t<meta name=\"twitter:data2\" content=\"3 minutos\" \/>\n<script type=\"application\/ld+json\" class=\"yoast-schema-graph\">{\"@context\":\"https:\\\/\\\/schema.org\",\"@graph\":[{\"@type\":\"Article\",\"@id\":\"https:\\\/\\\/quehacerpolitico.mx\\\/?p=35364#article\",\"isPartOf\":{\"@id\":\"https:\\\/\\\/quehacerpolitico.mx\\\/?p=35364\"},\"author\":{\"name\":\"Redacci\u00f3n QP\",\"@id\":\"https:\\\/\\\/quehacerpolitico.mx\\\/#\\\/schema\\\/person\\\/496d8ad2d1d3f8036101dca7ee39e585\"},\"headline\":\"Alcald\u00edas\\\/\\\/\\\/Concluye jornada de tequio en la Roma\",\"datePublished\":\"2019-08-16T22:10:23+00:00\",\"mainEntityOfPage\":{\"@id\":\"https:\\\/\\\/quehacerpolitico.mx\\\/?p=35364\"},\"wordCount\":613,\"commentCount\":0,\"image\":{\"@id\":\"https:\\\/\\\/quehacerpolitico.mx\\\/?p=35364#primaryimage\"},\"thumbnailUrl\":\"\",\"articleSection\":[\"CDMX\"],\"inLanguage\":\"es\",\"potentialAction\":[{\"@type\":\"CommentAction\",\"name\":\"Comment\",\"target\":[\"https:\\\/\\\/quehacerpolitico.mx\\\/?p=35364#respond\"]}]},{\"@type\":\"WebPage\",\"@id\":\"https:\\\/\\\/quehacerpolitico.mx\\\/?p=35364\",\"url\":\"https:\\\/\\\/quehacerpolitico.mx\\\/?p=35364\",\"name\":\"Alcald\u00edas\\\/\\\/\\\/Concluye jornada de tequio en la Roma -\",\"isPartOf\":{\"@id\":\"https:\\\/\\\/quehacerpolitico.mx\\\/#website\"},\"primaryImageOfPage\":{\"@id\":\"https:\\\/\\\/quehacerpolitico.mx\\\/?p=35364#primaryimage\"},\"image\":{\"@id\":\"https:\\\/\\\/quehacerpolitico.mx\\\/?p=35364#primaryimage\"},\"thumbnailUrl\":\"\",\"datePublished\":\"2019-08-16T22:10:23+00:00\",\"author\":{\"@id\":\"https:\\\/\\\/quehacerpolitico.mx\\\/#\\\/schema\\\/person\\\/496d8ad2d1d3f8036101dca7ee39e585\"},\"breadcrumb\":{\"@id\":\"https:\\\/\\\/quehacerpolitico.mx\\\/?p=35364#breadcrumb\"},\"inLanguage\":\"es\",\"potentialAction\":[{\"@type\":\"ReadAction\",\"target\":[\"https:\\\/\\\/quehacerpolitico.mx\\\/?p=35364\"]}]},{\"@type\":\"ImageObject\",\"inLanguage\":\"es\",\"@id\":\"https:\\\/\\\/quehacerpolitico.mx\\\/?p=35364#primaryimage\",\"url\":\"\",\"contentUrl\":\"\"},{\"@type\":\"BreadcrumbList\",\"@id\":\"https:\\\/\\\/quehacerpolitico.mx\\\/?p=35364#breadcrumb\",\"itemListElement\":[{\"@type\":\"ListItem\",\"position\":1,\"name\":\"Inicio\",\"item\":\"https:\\\/\\\/quehacerpolitico.mx\\\/\"},{\"@type\":\"ListItem\",\"position\":2,\"name\":\"Alcald\u00edas\\\/\\\/\\\/Concluye jornada de tequio en la Roma\"}]},{\"@type\":\"WebSite\",\"@id\":\"https:\\\/\\\/quehacerpolitico.mx\\\/#website\",\"url\":\"https:\\\/\\\/quehacerpolitico.mx\\\/\",\"name\":\"\",\"description\":\"\",\"potentialAction\":[{\"@type\":\"SearchAction\",\"target\":{\"@type\":\"EntryPoint\",\"urlTemplate\":\"https:\\\/\\\/quehacerpolitico.mx\\\/?s={search_term_string}\"},\"query-input\":{\"@type\":\"PropertyValueSpecification\",\"valueRequired\":true,\"valueName\":\"search_term_string\"}}],\"inLanguage\":\"es\"},{\"@type\":\"Person\",\"@id\":\"https:\\\/\\\/quehacerpolitico.mx\\\/#\\\/schema\\\/person\\\/496d8ad2d1d3f8036101dca7ee39e585\",\"name\":\"Redacci\u00f3n QP\",\"image\":{\"@type\":\"ImageObject\",\"inLanguage\":\"es\",\"@id\":\"https:\\\/\\\/secure.gravatar.com\\\/avatar\\\/c7164ed6fdec453195284ad24a5ae5b6e1eed2b848477fa2a4787ba9adf39a41?s=96&d=mm&r=g\",\"url\":\"https:\\\/\\\/secure.gravatar.com\\\/avatar\\\/c7164ed6fdec453195284ad24a5ae5b6e1eed2b848477fa2a4787ba9adf39a41?s=96&d=mm&r=g\",\"contentUrl\":\"https:\\\/\\\/secure.gravatar.com\\\/avatar\\\/c7164ed6fdec453195284ad24a5ae5b6e1eed2b848477fa2a4787ba9adf39a41?s=96&d=mm&r=g\",\"caption\":\"Redacci\u00f3n QP\"},\"url\":\"https:\\\/\\\/quehacerpolitico.mx\\\/?author=2\"}]}<\/script>\n<!-- \/ Yoast SEO plugin. -->","yoast_head_json":{"title":"Alcald\u00edas\/\/\/Concluye jornada de tequio en la Roma -","robots":{"index":"index","follow":"follow","max-snippet":"max-snippet:-1","max-image-preview":"max-image-preview:large","max-video-preview":"max-video-preview:-1"},"canonical":"https:\/\/quehacerpolitico.mx\/?p=35364","og_locale":"es_MX","og_type":"article","og_title":"Alcald\u00edas\/\/\/Concluye jornada de tequio en la Roma -","og_description":"Concluye jornada de tequio en la Roma Por Redacci\u00f3n QP","og_url":"https:\/\/quehacerpolitico.mx\/?p=35364","article_published_time":"2019-08-16T22:10:23+00:00","author":"Redacci\u00f3n QP","twitter_card":"summary_large_image","twitter_misc":{"Escrito por":"Redacci\u00f3n QP","Tiempo de lectura":"3 minutos"},"schema":{"@context":"https:\/\/schema.org","@graph":[{"@type":"Article","@id":"https:\/\/quehacerpolitico.mx\/?p=35364#article","isPartOf":{"@id":"https:\/\/quehacerpolitico.mx\/?p=35364"},"author":{"name":"Redacci\u00f3n QP","@id":"https:\/\/quehacerpolitico.mx\/#\/schema\/person\/496d8ad2d1d3f8036101dca7ee39e585"},"headline":"Alcald\u00edas\/\/\/Concluye jornada de tequio en la Roma","datePublished":"2019-08-16T22:10:23+00:00","mainEntityOfPage":{"@id":"https:\/\/quehacerpolitico.mx\/?p=35364"},"wordCount":613,"commentCount":0,"image":{"@id":"https:\/\/quehacerpolitico.mx\/?p=35364#primaryimage"},"thumbnailUrl":"","articleSection":["CDMX"],"inLanguage":"es","potentialAction":[{"@type":"CommentAction","name":"Comment","target":["https:\/\/quehacerpolitico.mx\/?p=35364#respond"]}]},{"@type":"WebPage","@id":"https:\/\/quehacerpolitico.mx\/?p=35364","url":"https:\/\/quehacerpolitico.mx\/?p=35364","name":"Alcald\u00edas\/\/\/Concluye jornada de tequio en la Roma -","isPartOf":{"@id":"https:\/\/quehacerpolitico.mx\/#website"},"primaryImageOfPage":{"@id":"https:\/\/quehacerpolitico.mx\/?p=35364#primaryimage"},"image":{"@id":"https:\/\/quehacerpolitico.mx\/?p=35364#primaryimage"},"thumbnailUrl":"","datePublished":"2019-08-16T22:10:23+00:00","author":{"@id":"https:\/\/quehacerpolitico.mx\/#\/schema\/person\/496d8ad2d1d3f8036101dca7ee39e585"},"breadcrumb":{"@id":"https:\/\/quehacerpolitico.mx\/?p=35364#breadcrumb"},"inLanguage":"es","potentialAction":[{"@type":"ReadAction","target":["https:\/\/quehacerpolitico.mx\/?p=35364"]}]},{"@type":"ImageObject","inLanguage":"es","@id":"https:\/\/quehacerpolitico.mx\/?p=35364#primaryimage","url":"","contentUrl":""},{"@type":"BreadcrumbList","@id":"https:\/\/quehacerpolitico.mx\/?p=35364#breadcrumb","itemListElement":[{"@type":"ListItem","position":1,"name":"Inicio","item":"https:\/\/quehacerpolitico.mx\/"},{"@type":"ListItem","position":2,"name":"Alcald\u00edas\/\/\/Concluye jornada de tequio en la Roma"}]},{"@type":"WebSite","@id":"https:\/\/quehacerpolitico.mx\/#website","url":"https:\/\/quehacerpolitico.mx\/","name":"","description":"","potentialAction":[{"@type":"SearchAction","target":{"@type":"EntryPoint","urlTemplate":"https:\/\/quehacerpolitico.mx\/?s={search_term_string}"},"query-input":{"@type":"PropertyValueSpecification","valueRequired":true,"valueName":"search_term_string"}}],"inLanguage":"es"},{"@type":"Person","@id":"https:\/\/quehacerpolitico.mx\/#\/schema\/person\/496d8ad2d1d3f8036101dca7ee39e585","name":"Redacci\u00f3n QP","image":{"@type":"ImageObject","inLanguage":"es","@id":"https:\/\/secure.gravatar.com\/avatar\/c7164ed6fdec453195284ad24a5ae5b6e1eed2b848477fa2a4787ba9adf39a41?s=96&d=mm&r=g","url":"https:\/\/secure.gravatar.com\/avatar\/c7164ed6fdec453195284ad24a5ae5b6e1eed2b848477fa2a4787ba9adf39a41?s=96&d=mm&r=g","contentUrl":"https:\/\/secure.gravatar.com\/avatar\/c7164ed6fdec453195284ad24a5ae5b6e1eed2b848477fa2a4787ba9adf39a41?s=96&d=mm&r=g","caption":"Redacci\u00f3n QP"},"url":"https:\/\/quehacerpolitico.mx\/?author=2"}]}},"featured_image_urls":{"full":"","thumbnail":"","medium":"","medium_large":"","large":"","1536x1536":"","2048x2048":"","covernews-featured":"","covernews-medium":""},"author_info":{"display_name":"Redacci\u00f3n QP","author_link":"https:\/\/quehacerpolitico.mx\/?author=2"},"category_info":"<a href=\"https:\/\/quehacerpolitico.mx\/?cat=55\" rel=\"category\">CDMX<\/a>","tag_info":"CDMX","comment_count":"0","_links":{"self":[{"href":"https:\/\/quehacerpolitico.mx\/index.php?rest_route=\/wp\/v2\/posts\/35364","targetHints":{"allow":["GET"]}}],"collection":[{"href":"https:\/\/quehacerpolitico.mx\/index.php?rest_route=\/wp\/v2\/posts"}],"about":[{"href":"https:\/\/quehacerpolitico.mx\/index.php?rest_route=\/wp\/v2\/types\/post"}],"author":[{"embeddable":true,"href":"https:\/\/quehacerpolitico.mx\/index.php?rest_route=\/wp\/v2\/users\/2"}],"replies":[{"embeddable":true,"href":"https:\/\/quehacerpolitico.mx\/index.php?rest_route=%2Fwp%2Fv2%2Fcomments&post=35364"}],"version-history":[{"count":0,"href":"https:\/\/quehacerpolitico.mx\/index.php?rest_route=\/wp\/v2\/posts\/35364\/revisions"}],"wp:featuredmedia":[{"embeddable":true,"href":"https:\/\/quehacerpolitico.mx\/index.php?rest_route=\/"}],"wp:attachment":[{"href":"https:\/\/quehacerpolitico.mx\/index.php?rest_route=%2Fwp%2Fv2%2Fmedia&parent=35364"}],"wp:term":[{"taxonomy":"category","embeddable":true,"href":"https:\/\/quehacerpolitico.mx\/index.php?rest_route=%2Fwp%2Fv2%2Fcategories&post=35364"},{"taxonomy":"post_tag","embeddable":true,"href":"https:\/\/quehacerpolitico.mx\/index.php?rest_route=%2Fwp%2Fv2%2Ftags&post=35364"}],"curies":[{"name":"wp","href":"https:\/\/api.w.org\/{rel}","templated":true}]}}