{"id":35361,"date":"2019-08-16T19:39:03","date_gmt":"2019-08-16T19:39:03","guid":{"rendered":"http:\/\/quehacerpolitico.mx\/suman-tres-mil-500-casos-de-violencia-de-genero-en-ultimos-meses\/"},"modified":"2019-08-16T19:39:03","modified_gmt":"2019-08-16T19:39:03","slug":"suman-tres-mil-500-casos-de-violencia-de-genero-en-ultimos-meses","status":"publish","type":"post","link":"https:\/\/quehacerpolitico.mx\/?p=35361","title":{"rendered":"Suman tres mil 500 casos de violencia de g\u00e9nero en \u00faltimos meses"},"content":{"rendered":"<p>Suman tres mil 500 casos de violencia de g\u00e9nero en \u00faltimos meses<\/p>\n<p>Por Redacci\u00f3n QP<\/p>\n<p>De abril pasado a la fecha, se ha atendido a tres mil 500 mujeres en los Ministerios P\u00fablicos debido a violencia de g\u00e9nero, inform\u00f3 la Jefa de Gobierno de la Ciudad de M\u00e9xico, Claudia Sheinbaum Pardo.<\/p>\n<p>Esto, derivado de la pol\u00edtica de tener una abogada en cada Ministerio P\u00fablico que apoye a las mujeres a presentar su denuncia por violencia, acoso o cualquier tema por diferencia de g\u00e9nero, as\u00ed como acompa\u00f1arla en todo el proceso de la carpeta de investigaci\u00f3n.<\/p>\n<p>\u201cEn las 70 coordinaciones territoriales hay una abogada mujer en diferentes turnos; de tal manera que las mujeres no est\u00e1n solas, hay una mujer que defiende a las mujeres en la Ciudad de M\u00e9xico, las abogadas mujeres. Hoy se han atendido m\u00e1s de tres mil 500 casos desde abril a la fecha\u201d, dijo.<\/p>\n<p>La mandataria capitalina indic\u00f3 que este tema es fundamental \u201cporque es la posibilidad de que las mujeres no sean rechazadas en el ministerio p\u00fabico sino que realmente, no importa que se eleven los \u00edndices, lo que queremos es que se denuncie y al final se lleve a la justicia\u201d.<\/p>\n<p>Luego de destacar que en la Ciudad de M\u00e9xico hay avances en la materia, coment\u00f3 que erradicar la violencia de g\u00e9nero es uno de los objetivos de esta administraci\u00f3n, junto al embarazo adolescente.<\/p>\n<p>Por ello, adem\u00e1s de esta pol\u00edtica de las abogadas tambi\u00e9n se vincularon los Centros de Denuncia Familiar con los Centros de atenci\u00f3n a las mujeres, porque en donde inicia la violencia de g\u00e9nero es en la familia, as\u00ed como la Red de Mujeres, que ya tiene m\u00e1s de dos mil que se encargar de promover y difundir los derechos en barrios, colonias y pueblos.<\/p>\n<p>Durante la inauguraci\u00f3n de los Foros de Consulta Proigualdad 2019-2024: Mujeres juntas, trabajando por la transformaci\u00f3n de M\u00e9xico, la jefa de Gobierno destac\u00f3 que se busca disminuir las desigualdades y para ellos hay que dar acceso a los derechos a la educaci\u00f3n, salud, vivienda, agua y a vivir sin violencia.<\/p>\n<p>Sheinbaum Pardo hizo un llamado a \u201csalir de los paradigmas tradicionales que estamos acostumbrados a discutir las mujeres, el tema de la violencia de g\u00e9nero es un problema grave en nuestro pa\u00eds y tambi\u00e9n en nuestra ciudad en distintos sentidos\u201d.<\/p>\n<p>Asegur\u00f3 que la violencia de g\u00e9nero no s\u00f3lo es un tema de la pol\u00edtica sino de todos, por lo que, entre gobierno, sociedad y las mujeres se deben construir las pol\u00edticas, as\u00ed como acciones nuevas.<\/p>\n<p>Con Informaci\u00f3n de NTX\u00a0<\/p>\n","protected":false},"excerpt":{"rendered":"<p>Suman tres mil 500 casos de violencia de g\u00e9nero en \u00faltimos meses<br \/>\nPor Redacci\u00f3n QP<\/p>\n","protected":false},"author":2,"featured_media":35360,"comment_status":"open","ping_status":"open","sticky":false,"template":"","format":"standard","meta":{"_monsterinsights_skip_tracking":false,"_monsterinsights_sitenote_active":false,"_monsterinsights_sitenote_note":"","_monsterinsights_sitenote_category":0,"footnotes":""},"categories":[55],"tags":[],"class_list":["post-35361","post","type-post","status-publish","format-standard","has-post-thumbnail","hentry","category-cdmx"],"yoast_head":"<!-- This site is optimized with the Yoast SEO plugin v27.3 - https:\/\/yoast.com\/product\/yoast-seo-wordpress\/ -->\n<title>Suman tres mil 500 casos de violencia de g\u00e9nero en \u00faltimos meses -<\/title>\n<meta name=\"robots\" content=\"index, follow, max-snippet:-1, max-image-preview:large, max-video-preview:-1\" \/>\n<link rel=\"canonical\" href=\"https:\/\/quehacerpolitico.mx\/?p=35361\" \/>\n<meta property=\"og:locale\" content=\"es_MX\" \/>\n<meta property=\"og:type\" content=\"article\" \/>\n<meta property=\"og:title\" content=\"Suman tres mil 500 casos de violencia de g\u00e9nero en \u00faltimos meses -\" \/>\n<meta property=\"og:description\" content=\"Suman tres mil 500 casos de violencia de g\u00e9nero en \u00faltimos meses Por Redacci\u00f3n QP\" \/>\n<meta property=\"og:url\" content=\"https:\/\/quehacerpolitico.mx\/?p=35361\" \/>\n<meta property=\"article:published_time\" content=\"2019-08-16T19:39:03+00:00\" \/>\n<meta name=\"author\" content=\"Redacci\u00f3n QP\" \/>\n<meta name=\"twitter:card\" content=\"summary_large_image\" \/>\n<meta name=\"twitter:label1\" content=\"Escrito por\" \/>\n\t<meta name=\"twitter:data1\" content=\"Redacci\u00f3n QP\" \/>\n\t<meta name=\"twitter:label2\" content=\"Tiempo de lectura\" \/>\n\t<meta name=\"twitter:data2\" content=\"2 minutos\" \/>\n<script type=\"application\/ld+json\" class=\"yoast-schema-graph\">{\"@context\":\"https:\\\/\\\/schema.org\",\"@graph\":[{\"@type\":\"Article\",\"@id\":\"https:\\\/\\\/quehacerpolitico.mx\\\/?p=35361#article\",\"isPartOf\":{\"@id\":\"https:\\\/\\\/quehacerpolitico.mx\\\/?p=35361\"},\"author\":{\"name\":\"Redacci\u00f3n QP\",\"@id\":\"https:\\\/\\\/quehacerpolitico.mx\\\/#\\\/schema\\\/person\\\/496d8ad2d1d3f8036101dca7ee39e585\"},\"headline\":\"Suman tres mil 500 casos de violencia de g\u00e9nero en \u00faltimos meses\",\"datePublished\":\"2019-08-16T19:39:03+00:00\",\"mainEntityOfPage\":{\"@id\":\"https:\\\/\\\/quehacerpolitico.mx\\\/?p=35361\"},\"wordCount\":466,\"commentCount\":0,\"image\":{\"@id\":\"https:\\\/\\\/quehacerpolitico.mx\\\/?p=35361#primaryimage\"},\"thumbnailUrl\":\"\",\"articleSection\":[\"CDMX\"],\"inLanguage\":\"es\",\"potentialAction\":[{\"@type\":\"CommentAction\",\"name\":\"Comment\",\"target\":[\"https:\\\/\\\/quehacerpolitico.mx\\\/?p=35361#respond\"]}]},{\"@type\":\"WebPage\",\"@id\":\"https:\\\/\\\/quehacerpolitico.mx\\\/?p=35361\",\"url\":\"https:\\\/\\\/quehacerpolitico.mx\\\/?p=35361\",\"name\":\"Suman tres mil 500 casos de violencia de g\u00e9nero en \u00faltimos meses -\",\"isPartOf\":{\"@id\":\"https:\\\/\\\/quehacerpolitico.mx\\\/#website\"},\"primaryImageOfPage\":{\"@id\":\"https:\\\/\\\/quehacerpolitico.mx\\\/?p=35361#primaryimage\"},\"image\":{\"@id\":\"https:\\\/\\\/quehacerpolitico.mx\\\/?p=35361#primaryimage\"},\"thumbnailUrl\":\"\",\"datePublished\":\"2019-08-16T19:39:03+00:00\",\"author\":{\"@id\":\"https:\\\/\\\/quehacerpolitico.mx\\\/#\\\/schema\\\/person\\\/496d8ad2d1d3f8036101dca7ee39e585\"},\"breadcrumb\":{\"@id\":\"https:\\\/\\\/quehacerpolitico.mx\\\/?p=35361#breadcrumb\"},\"inLanguage\":\"es\",\"potentialAction\":[{\"@type\":\"ReadAction\",\"target\":[\"https:\\\/\\\/quehacerpolitico.mx\\\/?p=35361\"]}]},{\"@type\":\"ImageObject\",\"inLanguage\":\"es\",\"@id\":\"https:\\\/\\\/quehacerpolitico.mx\\\/?p=35361#primaryimage\",\"url\":\"\",\"contentUrl\":\"\"},{\"@type\":\"BreadcrumbList\",\"@id\":\"https:\\\/\\\/quehacerpolitico.mx\\\/?p=35361#breadcrumb\",\"itemListElement\":[{\"@type\":\"ListItem\",\"position\":1,\"name\":\"Inicio\",\"item\":\"https:\\\/\\\/quehacerpolitico.mx\\\/\"},{\"@type\":\"ListItem\",\"position\":2,\"name\":\"Suman tres mil 500 casos de violencia de g\u00e9nero en \u00faltimos meses\"}]},{\"@type\":\"WebSite\",\"@id\":\"https:\\\/\\\/quehacerpolitico.mx\\\/#website\",\"url\":\"https:\\\/\\\/quehacerpolitico.mx\\\/\",\"name\":\"\",\"description\":\"\",\"potentialAction\":[{\"@type\":\"SearchAction\",\"target\":{\"@type\":\"EntryPoint\",\"urlTemplate\":\"https:\\\/\\\/quehacerpolitico.mx\\\/?s={search_term_string}\"},\"query-input\":{\"@type\":\"PropertyValueSpecification\",\"valueRequired\":true,\"valueName\":\"search_term_string\"}}],\"inLanguage\":\"es\"},{\"@type\":\"Person\",\"@id\":\"https:\\\/\\\/quehacerpolitico.mx\\\/#\\\/schema\\\/person\\\/496d8ad2d1d3f8036101dca7ee39e585\",\"name\":\"Redacci\u00f3n QP\",\"image\":{\"@type\":\"ImageObject\",\"inLanguage\":\"es\",\"@id\":\"https:\\\/\\\/secure.gravatar.com\\\/avatar\\\/c7164ed6fdec453195284ad24a5ae5b6e1eed2b848477fa2a4787ba9adf39a41?s=96&d=mm&r=g\",\"url\":\"https:\\\/\\\/secure.gravatar.com\\\/avatar\\\/c7164ed6fdec453195284ad24a5ae5b6e1eed2b848477fa2a4787ba9adf39a41?s=96&d=mm&r=g\",\"contentUrl\":\"https:\\\/\\\/secure.gravatar.com\\\/avatar\\\/c7164ed6fdec453195284ad24a5ae5b6e1eed2b848477fa2a4787ba9adf39a41?s=96&d=mm&r=g\",\"caption\":\"Redacci\u00f3n QP\"},\"url\":\"https:\\\/\\\/quehacerpolitico.mx\\\/?author=2\"}]}<\/script>\n<!-- \/ Yoast SEO plugin. -->","yoast_head_json":{"title":"Suman tres mil 500 casos de violencia de g\u00e9nero en \u00faltimos meses -","robots":{"index":"index","follow":"follow","max-snippet":"max-snippet:-1","max-image-preview":"max-image-preview:large","max-video-preview":"max-video-preview:-1"},"canonical":"https:\/\/quehacerpolitico.mx\/?p=35361","og_locale":"es_MX","og_type":"article","og_title":"Suman tres mil 500 casos de violencia de g\u00e9nero en \u00faltimos meses -","og_description":"Suman tres mil 500 casos de violencia de g\u00e9nero en \u00faltimos meses Por Redacci\u00f3n QP","og_url":"https:\/\/quehacerpolitico.mx\/?p=35361","article_published_time":"2019-08-16T19:39:03+00:00","author":"Redacci\u00f3n QP","twitter_card":"summary_large_image","twitter_misc":{"Escrito por":"Redacci\u00f3n QP","Tiempo de lectura":"2 minutos"},"schema":{"@context":"https:\/\/schema.org","@graph":[{"@type":"Article","@id":"https:\/\/quehacerpolitico.mx\/?p=35361#article","isPartOf":{"@id":"https:\/\/quehacerpolitico.mx\/?p=35361"},"author":{"name":"Redacci\u00f3n QP","@id":"https:\/\/quehacerpolitico.mx\/#\/schema\/person\/496d8ad2d1d3f8036101dca7ee39e585"},"headline":"Suman tres mil 500 casos de violencia de g\u00e9nero en \u00faltimos meses","datePublished":"2019-08-16T19:39:03+00:00","mainEntityOfPage":{"@id":"https:\/\/quehacerpolitico.mx\/?p=35361"},"wordCount":466,"commentCount":0,"image":{"@id":"https:\/\/quehacerpolitico.mx\/?p=35361#primaryimage"},"thumbnailUrl":"","articleSection":["CDMX"],"inLanguage":"es","potentialAction":[{"@type":"CommentAction","name":"Comment","target":["https:\/\/quehacerpolitico.mx\/?p=35361#respond"]}]},{"@type":"WebPage","@id":"https:\/\/quehacerpolitico.mx\/?p=35361","url":"https:\/\/quehacerpolitico.mx\/?p=35361","name":"Suman tres mil 500 casos de violencia de g\u00e9nero en \u00faltimos meses -","isPartOf":{"@id":"https:\/\/quehacerpolitico.mx\/#website"},"primaryImageOfPage":{"@id":"https:\/\/quehacerpolitico.mx\/?p=35361#primaryimage"},"image":{"@id":"https:\/\/quehacerpolitico.mx\/?p=35361#primaryimage"},"thumbnailUrl":"","datePublished":"2019-08-16T19:39:03+00:00","author":{"@id":"https:\/\/quehacerpolitico.mx\/#\/schema\/person\/496d8ad2d1d3f8036101dca7ee39e585"},"breadcrumb":{"@id":"https:\/\/quehacerpolitico.mx\/?p=35361#breadcrumb"},"inLanguage":"es","potentialAction":[{"@type":"ReadAction","target":["https:\/\/quehacerpolitico.mx\/?p=35361"]}]},{"@type":"ImageObject","inLanguage":"es","@id":"https:\/\/quehacerpolitico.mx\/?p=35361#primaryimage","url":"","contentUrl":""},{"@type":"BreadcrumbList","@id":"https:\/\/quehacerpolitico.mx\/?p=35361#breadcrumb","itemListElement":[{"@type":"ListItem","position":1,"name":"Inicio","item":"https:\/\/quehacerpolitico.mx\/"},{"@type":"ListItem","position":2,"name":"Suman tres mil 500 casos de violencia de g\u00e9nero en \u00faltimos meses"}]},{"@type":"WebSite","@id":"https:\/\/quehacerpolitico.mx\/#website","url":"https:\/\/quehacerpolitico.mx\/","name":"","description":"","potentialAction":[{"@type":"SearchAction","target":{"@type":"EntryPoint","urlTemplate":"https:\/\/quehacerpolitico.mx\/?s={search_term_string}"},"query-input":{"@type":"PropertyValueSpecification","valueRequired":true,"valueName":"search_term_string"}}],"inLanguage":"es"},{"@type":"Person","@id":"https:\/\/quehacerpolitico.mx\/#\/schema\/person\/496d8ad2d1d3f8036101dca7ee39e585","name":"Redacci\u00f3n QP","image":{"@type":"ImageObject","inLanguage":"es","@id":"https:\/\/secure.gravatar.com\/avatar\/c7164ed6fdec453195284ad24a5ae5b6e1eed2b848477fa2a4787ba9adf39a41?s=96&d=mm&r=g","url":"https:\/\/secure.gravatar.com\/avatar\/c7164ed6fdec453195284ad24a5ae5b6e1eed2b848477fa2a4787ba9adf39a41?s=96&d=mm&r=g","contentUrl":"https:\/\/secure.gravatar.com\/avatar\/c7164ed6fdec453195284ad24a5ae5b6e1eed2b848477fa2a4787ba9adf39a41?s=96&d=mm&r=g","caption":"Redacci\u00f3n QP"},"url":"https:\/\/quehacerpolitico.mx\/?author=2"}]}},"featured_image_urls":{"full":"","thumbnail":"","medium":"","medium_large":"","large":"","1536x1536":"","2048x2048":"","covernews-featured":"","covernews-medium":""},"author_info":{"display_name":"Redacci\u00f3n QP","author_link":"https:\/\/quehacerpolitico.mx\/?author=2"},"category_info":"<a href=\"https:\/\/quehacerpolitico.mx\/?cat=55\" rel=\"category\">CDMX<\/a>","tag_info":"CDMX","comment_count":"0","_links":{"self":[{"href":"https:\/\/quehacerpolitico.mx\/index.php?rest_route=\/wp\/v2\/posts\/35361","targetHints":{"allow":["GET"]}}],"collection":[{"href":"https:\/\/quehacerpolitico.mx\/index.php?rest_route=\/wp\/v2\/posts"}],"about":[{"href":"https:\/\/quehacerpolitico.mx\/index.php?rest_route=\/wp\/v2\/types\/post"}],"author":[{"embeddable":true,"href":"https:\/\/quehacerpolitico.mx\/index.php?rest_route=\/wp\/v2\/users\/2"}],"replies":[{"embeddable":true,"href":"https:\/\/quehacerpolitico.mx\/index.php?rest_route=%2Fwp%2Fv2%2Fcomments&post=35361"}],"version-history":[{"count":0,"href":"https:\/\/quehacerpolitico.mx\/index.php?rest_route=\/wp\/v2\/posts\/35361\/revisions"}],"wp:featuredmedia":[{"embeddable":true,"href":"https:\/\/quehacerpolitico.mx\/index.php?rest_route=\/"}],"wp:attachment":[{"href":"https:\/\/quehacerpolitico.mx\/index.php?rest_route=%2Fwp%2Fv2%2Fmedia&parent=35361"}],"wp:term":[{"taxonomy":"category","embeddable":true,"href":"https:\/\/quehacerpolitico.mx\/index.php?rest_route=%2Fwp%2Fv2%2Fcategories&post=35361"},{"taxonomy":"post_tag","embeddable":true,"href":"https:\/\/quehacerpolitico.mx\/index.php?rest_route=%2Fwp%2Fv2%2Ftags&post=35361"}],"curies":[{"name":"wp","href":"https:\/\/api.w.org\/{rel}","templated":true}]}}